{"id":6156,"date":"2016-10-17T15:10:59","date_gmt":"2016-10-17T13:10:59","guid":{"rendered":"http:\/\/subaru.preproduccion.com\/blog\/?p=6156"},"modified":"2016-11-10T16:57:54","modified_gmt":"2016-11-10T14:57:54","slug":"ir-o-volver-del-trabajo-mas-peligroso-de-lo-que-pensamos","status":"publish","type":"post","link":"https:\/\/www.subaru.es\/blog\/nuestra-marca\/ir-o-volver-del-trabajo-mas-peligroso-de-lo-que-pensamos\/","title":{"rendered":"Ir o volver del trabajo: m\u00e1s peligroso de lo que pensamos"},"content":{"rendered":"<p><object width=\"560\" height=\"315\" classid=\"clsid:d27cdb6e-ae6d-11cf-96b8-444553540000\" codebase=\"http:\/\/download.macromedia.com\/pub\/shockwave\/cabs\/flash\/swflash.cab#version=6,0,40,0\"><param name=\"allowFullScreen\" value=\"true\" \/><param name=\"allowscriptaccess\" value=\"always\" \/><param name=\"src\" value=\"http:\/\/www.youtube.com\/v\/coIElWRCLmM?version=3&amp;hl=es_ES\" \/><param name=\"allowfullscreen\" value=\"true\" \/><embed type=\"application\/x-shockwave-flash\" width=\"560\" height=\"315\" src=\"http:\/\/www.youtube.com\/v\/coIElWRCLmM?version=3&amp;hl=es_ES\" allowscriptaccess=\"always\" allowfullscreen=\"allowfullscreen\" \/><\/object><\/p>\n<p>Si eres de los que coge el coche todos los d\u00edas para ir al trabajo seguro que rara vez piensas en el riesgo que entra\u00f1an estos desplazamientos rutinarios. Tendemos a pensar que los accidentes graves se producen en los viajes largos o en los desplazamientos por lugares que no conocemos, y sin embargo las cifras lo desmienten:<strong> el 70% de los accidentes laborales de tr\u00e1fico en 2011 se produjeron al ir o volver al trabajo.<!--more--><\/strong><\/p>\n<p>Las cifras son bastante alarmantes, por lo que desde la <a href=\"http:\/\/www.dgt.es\" target=\"_blank\">Direcci\u00f3n General de Tr\u00e1fico (DGT)<\/a> han lanzado una campa\u00f1a que intenta concienciar a los conductores acerca de la <strong>importancia de tomarse la seguridad en serio tambi\u00e9n en estos desplazamientos <\/strong>in itinere. Para ello, adem\u00e1s, proponen varias recomendaciones:<\/p>\n<p><strong>&#8211; Evitar los trayectos rutinarios.<\/strong> Esos trayectos que nos sabemos como la palma de la mano no son por ello m\u00e1s seguros, como tendemos a creer: nos inducen a bajar la guardia, algo que no debemos hacer. El trayecto es el mismo, pero<a href=\"http:\/\/www.enriquedans.com\/2004\/12\/cmo-est-el-trfico-cualquiera-que-me.html\" target=\"_blank\"> las condiciones del tr\u00e1fico<\/a> no lo son. \u00a1Atento siempre!<\/p>\n<p><strong>&#8211; Limitar el uso del m\u00f3vil.<\/strong> El \u00ab<a href=\"http:\/\/www.publico.es\/ciencias\/379688\/el-manos-libres-recomendado\" target=\"_blank\">manos libres<\/a>\u00bb no nos da carta blanca para pasarnos todo el trayecto de ch\u00e1chara. Deber\u00edamos utilizarlo solo para conversaciones cortas e imprescindibles: ten en cuenta que tras un minuto y medio hablando por el m\u00f3vil el conductor no percibe el 40% de las se\u00f1ales, entre otras cosas.<\/p>\n<p><strong>&#8211; Evitar las <a href=\"https:\/\/www.subaru.es\/blog\/viajes-2\/las-distracciones-al-volante-son-culpa-nuestra\/\" target=\"_blank\">distracciones<\/a> y concentrarse en la conducci\u00f3n.<\/strong> Poco m\u00e1s hay que a\u00f1adir, \u00bfverdad?<\/p>\n<p><strong>&#8211; Evitar las prisas. <\/strong>Si no quieres llegar tarde al trabajo intenta solucionarlo antes de salir de casa: lev\u00e1ntate antes o s\u00e9 m\u00e1s r\u00e1pido en tus tareas matutinas. Si aun as\u00ed sales ya tarde de casa, asume que vas a llegar tarde (puedes llamar y avisar para ir m\u00e1s tranquilo). El 70% de los accidentes laborales de tr\u00e1fico in itinere son al ir al trabajo y no al volver, todos sabemos por qu\u00e9\u2026<\/p>\n<p>Ya sabes, este a\u00f1o toca hacer los deberes y fijarse m\u00e1s en los trayectos habituales. \u00a1Que este tipo de campa\u00f1as no sean necesarias!<\/p>\n<p>V\u00eda | <a href=\"http:\/\/www.dgt.es\/was6\/portal\/contenidos\/documentos\/prensa_campanas\/notas_prensa\/NotasDePrensa0153.pdf\" target=\"_blank\">DGT<\/a><\/p>\n","protected":false},"excerpt":{"rendered":"<p>Si eres de los que coge el coche todos los d\u00edas para ir al trabajo seguro que rara vez piensas en el riesgo que entra\u00f1an estos desplazamientos rutinarios. Tendemos a pensar que los accidentes graves se producen en los viajes largos o en los desplazamientos por lugares que no conocemos, y sin embargo las cifras [&hellip;]<\/p>\n","protected":false},"author":21,"featured_media":16369,"comment_status":"open","ping_status":"open","sticky":false,"template":"","format":"standard","meta":{"_acf_changed":false,"_eb_attr":"","inline_featured_image":false,"footnotes":""},"categories":[4401],"tags":[3204,3785,3536,3452,3786,3159,3703,3787],"class_list":["post-6156","post","type-post","status-publish","format-standard","has-post-thumbnail","hentry","category-nuestra-marca","tag-accidentes","tag-accidentes-in-itinere","tag-campana-dgt","tag-campana-seguridad-vial","tag-desplazamiento-al-trabajo","tag-dgt","tag-direccion-general-de-trafico","tag-trabajo"],"acf":[],"yoast_head":"<!-- This site is optimized with the Yoast SEO plugin v27.3 - https:\/\/yoast.com\/product\/yoast-seo-wordpress\/ -->\n<title>Ir o volver del trabajo: m\u00e1s peligroso de lo que pensamos - Universo Subaru<\/title>\n<meta name=\"robots\" content=\"index, follow, max-snippet:-1, max-image-preview:large, max-video-preview:-1\" \/>\n<link rel=\"canonical\" href=\"https:\/\/www.subaru.es\/blog\/nuestra-marca\/ir-o-volver-del-trabajo-mas-peligroso-de-lo-que-pensamos\/\" \/>\n<meta property=\"og:locale\" content=\"es_ES\" \/>\n<meta property=\"og:type\" content=\"article\" \/>\n<meta property=\"og:title\" content=\"Ir o volver del trabajo: m\u00e1s peligroso de lo que pensamos - Universo Subaru\" \/>\n<meta property=\"og:description\" content=\"Si eres de los que coge el coche todos los d\u00edas para ir al trabajo seguro que rara vez piensas en el riesgo que entra\u00f1an estos desplazamientos rutinarios. Tendemos a pensar que los accidentes graves se producen en los viajes largos o en los desplazamientos por lugares que no conocemos, y sin embargo las cifras [&hellip;]\" \/>\n<meta property=\"og:url\" content=\"https:\/\/www.subaru.es\/blog\/nuestra-marca\/ir-o-volver-del-trabajo-mas-peligroso-de-lo-que-pensamos\/\" \/>\n<meta property=\"og:site_name\" content=\"Universo Subaru\" \/>\n<meta property=\"article:publisher\" content=\"https:\/\/www.facebook.com\/subaruespana\" \/>\n<meta property=\"article:published_time\" content=\"2016-10-17T13:10:59+00:00\" \/>\n<meta property=\"article:modified_time\" content=\"2016-11-10T14:57:54+00:00\" \/>\n<meta property=\"og:image\" content=\"https:\/\/www.subaru.es\/blog\/wp-content\/uploads\/2016\/10\/17XV_KA_0350BP-1440x961.jpg\" \/>\n\t<meta property=\"og:image:width\" content=\"1440\" \/>\n\t<meta property=\"og:image:height\" content=\"961\" \/>\n\t<meta property=\"og:image:type\" content=\"image\/jpeg\" \/>\n<meta name=\"author\" content=\"Subaru\" \/>\n<meta name=\"twitter:card\" content=\"summary_large_image\" \/>\n<meta name=\"twitter:label1\" content=\"Escrito por\" \/>\n\t<meta name=\"twitter:data1\" content=\"Subaru\" \/>\n\t<meta name=\"twitter:label2\" content=\"Tiempo de lectura\" \/>\n\t<meta name=\"twitter:data2\" content=\"2 minutos\" \/>\n<script type=\"application\/ld+json\" class=\"yoast-schema-graph\">{\"@context\":\"https:\\\/\\\/schema.org\",\"@graph\":[{\"@type\":\"Article\",\"@id\":\"https:\\\/\\\/www.subaru.es\\\/blog\\\/nuestra-marca\\\/ir-o-volver-del-trabajo-mas-peligroso-de-lo-que-pensamos\\\/#article\",\"isPartOf\":{\"@id\":\"https:\\\/\\\/www.subaru.es\\\/blog\\\/nuestra-marca\\\/ir-o-volver-del-trabajo-mas-peligroso-de-lo-que-pensamos\\\/\"},\"author\":{\"name\":\"Subaru\",\"@id\":\"https:\\\/\\\/www.subaru.es\\\/blog\\\/#\\\/schema\\\/person\\\/19a90b892230b8e0ec752704ddf4aa10\"},\"headline\":\"Ir o volver del trabajo: m\u00e1s peligroso de lo que pensamos\",\"datePublished\":\"2016-10-17T13:10:59+00:00\",\"dateModified\":\"2016-11-10T14:57:54+00:00\",\"mainEntityOfPage\":{\"@id\":\"https:\\\/\\\/www.subaru.es\\\/blog\\\/nuestra-marca\\\/ir-o-volver-del-trabajo-mas-peligroso-de-lo-que-pensamos\\\/\"},\"wordCount\":376,\"commentCount\":0,\"publisher\":{\"@id\":\"https:\\\/\\\/www.subaru.es\\\/blog\\\/#organization\"},\"image\":{\"@id\":\"https:\\\/\\\/www.subaru.es\\\/blog\\\/nuestra-marca\\\/ir-o-volver-del-trabajo-mas-peligroso-de-lo-que-pensamos\\\/#primaryimage\"},\"thumbnailUrl\":\"https:\\\/\\\/www.subaru.es\\\/blog\\\/wp-content\\\/uploads\\\/2016\\\/10\\\/17XV_KA_0350BP-scaled.jpg\",\"keywords\":[\"accidentes\",\"accidentes in itinere\",\"Campa\u00f1a DGT\",\"Campa\u00f1a Seguridad Vial\",\"desplazamiento al trabajo\",\"DGT\",\"Direcci\u00f3n general de Tr\u00e1fico\",\"trabajo\"],\"articleSection\":[\"Nuestra marca\"],\"inLanguage\":\"es\",\"potentialAction\":[{\"@type\":\"CommentAction\",\"name\":\"Comment\",\"target\":[\"https:\\\/\\\/www.subaru.es\\\/blog\\\/nuestra-marca\\\/ir-o-volver-del-trabajo-mas-peligroso-de-lo-que-pensamos\\\/#respond\"]}]},{\"@type\":\"WebPage\",\"@id\":\"https:\\\/\\\/www.subaru.es\\\/blog\\\/nuestra-marca\\\/ir-o-volver-del-trabajo-mas-peligroso-de-lo-que-pensamos\\\/\",\"url\":\"https:\\\/\\\/www.subaru.es\\\/blog\\\/nuestra-marca\\\/ir-o-volver-del-trabajo-mas-peligroso-de-lo-que-pensamos\\\/\",\"name\":\"Ir o volver del trabajo: m\u00e1s peligroso de lo que pensamos - Universo Subaru\",\"isPartOf\":{\"@id\":\"https:\\\/\\\/www.subaru.es\\\/blog\\\/#website\"},\"primaryImageOfPage\":{\"@id\":\"https:\\\/\\\/www.subaru.es\\\/blog\\\/nuestra-marca\\\/ir-o-volver-del-trabajo-mas-peligroso-de-lo-que-pensamos\\\/#primaryimage\"},\"image\":{\"@id\":\"https:\\\/\\\/www.subaru.es\\\/blog\\\/nuestra-marca\\\/ir-o-volver-del-trabajo-mas-peligroso-de-lo-que-pensamos\\\/#primaryimage\"},\"thumbnailUrl\":\"https:\\\/\\\/www.subaru.es\\\/blog\\\/wp-content\\\/uploads\\\/2016\\\/10\\\/17XV_KA_0350BP-scaled.jpg\",\"datePublished\":\"2016-10-17T13:10:59+00:00\",\"dateModified\":\"2016-11-10T14:57:54+00:00\",\"breadcrumb\":{\"@id\":\"https:\\\/\\\/www.subaru.es\\\/blog\\\/nuestra-marca\\\/ir-o-volver-del-trabajo-mas-peligroso-de-lo-que-pensamos\\\/#breadcrumb\"},\"inLanguage\":\"es\",\"potentialAction\":[{\"@type\":\"ReadAction\",\"target\":[\"https:\\\/\\\/www.subaru.es\\\/blog\\\/nuestra-marca\\\/ir-o-volver-del-trabajo-mas-peligroso-de-lo-que-pensamos\\\/\"]}]},{\"@type\":\"ImageObject\",\"inLanguage\":\"es\",\"@id\":\"https:\\\/\\\/www.subaru.es\\\/blog\\\/nuestra-marca\\\/ir-o-volver-del-trabajo-mas-peligroso-de-lo-que-pensamos\\\/#primaryimage\",\"url\":\"https:\\\/\\\/www.subaru.es\\\/blog\\\/wp-content\\\/uploads\\\/2016\\\/10\\\/17XV_KA_0350BP-scaled.jpg\",\"contentUrl\":\"https:\\\/\\\/www.subaru.es\\\/blog\\\/wp-content\\\/uploads\\\/2016\\\/10\\\/17XV_KA_0350BP-scaled.jpg\",\"width\":2560,\"height\":1709},{\"@type\":\"BreadcrumbList\",\"@id\":\"https:\\\/\\\/www.subaru.es\\\/blog\\\/nuestra-marca\\\/ir-o-volver-del-trabajo-mas-peligroso-de-lo-que-pensamos\\\/#breadcrumb\",\"itemListElement\":[{\"@type\":\"ListItem\",\"position\":1,\"name\":\"Portada\",\"item\":\"https:\\\/\\\/www.subaru.es\\\/blog\\\/\"},{\"@type\":\"ListItem\",\"position\":2,\"name\":\"Ir o volver del trabajo: m\u00e1s peligroso de lo que pensamos\"}]},{\"@type\":\"WebSite\",\"@id\":\"https:\\\/\\\/www.subaru.es\\\/blog\\\/#website\",\"url\":\"https:\\\/\\\/www.subaru.es\\\/blog\\\/\",\"name\":\"Universo Subaru\",\"description\":\"Descubre este apasionante espacio de Subaru donde vas a conocer todo sobre nuestros coches y las experiencias que vivimos con ellos. Si est\u00e1s preparado para dejarte seducir por la filosof\u00eda Subaru, qu\u00e9date con nosotros.\",\"publisher\":{\"@id\":\"https:\\\/\\\/www.subaru.es\\\/blog\\\/#organization\"},\"potentialAction\":[{\"@type\":\"SearchAction\",\"target\":{\"@type\":\"EntryPoint\",\"urlTemplate\":\"https:\\\/\\\/www.subaru.es\\\/blog\\\/?s={search_term_string}\"},\"query-input\":{\"@type\":\"PropertyValueSpecification\",\"valueRequired\":true,\"valueName\":\"search_term_string\"}}],\"inLanguage\":\"es\"},{\"@type\":\"Organization\",\"@id\":\"https:\\\/\\\/www.subaru.es\\\/blog\\\/#organization\",\"name\":\"Subaru Espa\u00f1a S.A.\",\"url\":\"https:\\\/\\\/www.subaru.es\\\/blog\\\/\",\"logo\":{\"@type\":\"ImageObject\",\"inLanguage\":\"es\",\"@id\":\"https:\\\/\\\/www.subaru.es\\\/blog\\\/#\\\/schema\\\/logo\\\/image\\\/\",\"url\":\"https:\\\/\\\/www.subaru.es\\\/blog\\\/wp-content\\\/uploads\\\/2016\\\/12\\\/Logo-Subaru-TypeV_C300-scaled.jpg\",\"contentUrl\":\"https:\\\/\\\/www.subaru.es\\\/blog\\\/wp-content\\\/uploads\\\/2016\\\/12\\\/Logo-Subaru-TypeV_C300-scaled.jpg\",\"width\":2560,\"height\":1864,\"caption\":\"Subaru Espa\u00f1a S.A.\"},\"image\":{\"@id\":\"https:\\\/\\\/www.subaru.es\\\/blog\\\/#\\\/schema\\\/logo\\\/image\\\/\"},\"sameAs\":[\"https:\\\/\\\/www.facebook.com\\\/subaruespana\",\"https:\\\/\\\/www.instagram.com\\\/subarues\\\/\",\"https:\\\/\\\/www.youtube.com\\\/user\\\/subaruespana\"]},{\"@type\":\"Person\",\"@id\":\"https:\\\/\\\/www.subaru.es\\\/blog\\\/#\\\/schema\\\/person\\\/19a90b892230b8e0ec752704ddf4aa10\",\"name\":\"Subaru\",\"url\":\"https:\\\/\\\/www.subaru.es\\\/blog\\\/author\\\/subaria\\\/\"}]}<\/script>\n<!-- \/ Yoast SEO plugin. -->","yoast_head_json":{"title":"Ir o volver del trabajo: m\u00e1s peligroso de lo que pensamos - Universo Subaru","robots":{"index":"index","follow":"follow","max-snippet":"max-snippet:-1","max-image-preview":"max-image-preview:large","max-video-preview":"max-video-preview:-1"},"canonical":"https:\/\/www.subaru.es\/blog\/nuestra-marca\/ir-o-volver-del-trabajo-mas-peligroso-de-lo-que-pensamos\/","og_locale":"es_ES","og_type":"article","og_title":"Ir o volver del trabajo: m\u00e1s peligroso de lo que pensamos - Universo Subaru","og_description":"Si eres de los que coge el coche todos los d\u00edas para ir al trabajo seguro que rara vez piensas en el riesgo que entra\u00f1an estos desplazamientos rutinarios. Tendemos a pensar que los accidentes graves se producen en los viajes largos o en los desplazamientos por lugares que no conocemos, y sin embargo las cifras [&hellip;]","og_url":"https:\/\/www.subaru.es\/blog\/nuestra-marca\/ir-o-volver-del-trabajo-mas-peligroso-de-lo-que-pensamos\/","og_site_name":"Universo Subaru","article_publisher":"https:\/\/www.facebook.com\/subaruespana","article_published_time":"2016-10-17T13:10:59+00:00","article_modified_time":"2016-11-10T14:57:54+00:00","og_image":[{"width":1440,"height":961,"url":"https:\/\/www.subaru.es\/blog\/wp-content\/uploads\/2016\/10\/17XV_KA_0350BP-1440x961.jpg","type":"image\/jpeg"}],"author":"Subaru","twitter_card":"summary_large_image","twitter_misc":{"Escrito por":"Subaru","Tiempo de lectura":"2 minutos"},"schema":{"@context":"https:\/\/schema.org","@graph":[{"@type":"Article","@id":"https:\/\/www.subaru.es\/blog\/nuestra-marca\/ir-o-volver-del-trabajo-mas-peligroso-de-lo-que-pensamos\/#article","isPartOf":{"@id":"https:\/\/www.subaru.es\/blog\/nuestra-marca\/ir-o-volver-del-trabajo-mas-peligroso-de-lo-que-pensamos\/"},"author":{"name":"Subaru","@id":"https:\/\/www.subaru.es\/blog\/#\/schema\/person\/19a90b892230b8e0ec752704ddf4aa10"},"headline":"Ir o volver del trabajo: m\u00e1s peligroso de lo que pensamos","datePublished":"2016-10-17T13:10:59+00:00","dateModified":"2016-11-10T14:57:54+00:00","mainEntityOfPage":{"@id":"https:\/\/www.subaru.es\/blog\/nuestra-marca\/ir-o-volver-del-trabajo-mas-peligroso-de-lo-que-pensamos\/"},"wordCount":376,"commentCount":0,"publisher":{"@id":"https:\/\/www.subaru.es\/blog\/#organization"},"image":{"@id":"https:\/\/www.subaru.es\/blog\/nuestra-marca\/ir-o-volver-del-trabajo-mas-peligroso-de-lo-que-pensamos\/#primaryimage"},"thumbnailUrl":"https:\/\/www.subaru.es\/blog\/wp-content\/uploads\/2016\/10\/17XV_KA_0350BP-scaled.jpg","keywords":["accidentes","accidentes in itinere","Campa\u00f1a DGT","Campa\u00f1a Seguridad Vial","desplazamiento al trabajo","DGT","Direcci\u00f3n general de Tr\u00e1fico","trabajo"],"articleSection":["Nuestra marca"],"inLanguage":"es","potentialAction":[{"@type":"CommentAction","name":"Comment","target":["https:\/\/www.subaru.es\/blog\/nuestra-marca\/ir-o-volver-del-trabajo-mas-peligroso-de-lo-que-pensamos\/#respond"]}]},{"@type":"WebPage","@id":"https:\/\/www.subaru.es\/blog\/nuestra-marca\/ir-o-volver-del-trabajo-mas-peligroso-de-lo-que-pensamos\/","url":"https:\/\/www.subaru.es\/blog\/nuestra-marca\/ir-o-volver-del-trabajo-mas-peligroso-de-lo-que-pensamos\/","name":"Ir o volver del trabajo: m\u00e1s peligroso de lo que pensamos - Universo Subaru","isPartOf":{"@id":"https:\/\/www.subaru.es\/blog\/#website"},"primaryImageOfPage":{"@id":"https:\/\/www.subaru.es\/blog\/nuestra-marca\/ir-o-volver-del-trabajo-mas-peligroso-de-lo-que-pensamos\/#primaryimage"},"image":{"@id":"https:\/\/www.subaru.es\/blog\/nuestra-marca\/ir-o-volver-del-trabajo-mas-peligroso-de-lo-que-pensamos\/#primaryimage"},"thumbnailUrl":"https:\/\/www.subaru.es\/blog\/wp-content\/uploads\/2016\/10\/17XV_KA_0350BP-scaled.jpg","datePublished":"2016-10-17T13:10:59+00:00","dateModified":"2016-11-10T14:57:54+00:00","breadcrumb":{"@id":"https:\/\/www.subaru.es\/blog\/nuestra-marca\/ir-o-volver-del-trabajo-mas-peligroso-de-lo-que-pensamos\/#breadcrumb"},"inLanguage":"es","potentialAction":[{"@type":"ReadAction","target":["https:\/\/www.subaru.es\/blog\/nuestra-marca\/ir-o-volver-del-trabajo-mas-peligroso-de-lo-que-pensamos\/"]}]},{"@type":"ImageObject","inLanguage":"es","@id":"https:\/\/www.subaru.es\/blog\/nuestra-marca\/ir-o-volver-del-trabajo-mas-peligroso-de-lo-que-pensamos\/#primaryimage","url":"https:\/\/www.subaru.es\/blog\/wp-content\/uploads\/2016\/10\/17XV_KA_0350BP-scaled.jpg","contentUrl":"https:\/\/www.subaru.es\/blog\/wp-content\/uploads\/2016\/10\/17XV_KA_0350BP-scaled.jpg","width":2560,"height":1709},{"@type":"BreadcrumbList","@id":"https:\/\/www.subaru.es\/blog\/nuestra-marca\/ir-o-volver-del-trabajo-mas-peligroso-de-lo-que-pensamos\/#breadcrumb","itemListElement":[{"@type":"ListItem","position":1,"name":"Portada","item":"https:\/\/www.subaru.es\/blog\/"},{"@type":"ListItem","position":2,"name":"Ir o volver del trabajo: m\u00e1s peligroso de lo que pensamos"}]},{"@type":"WebSite","@id":"https:\/\/www.subaru.es\/blog\/#website","url":"https:\/\/www.subaru.es\/blog\/","name":"Universo Subaru","description":"Descubre este apasionante espacio de Subaru donde vas a conocer todo sobre nuestros coches y las experiencias que vivimos con ellos. Si est\u00e1s preparado para dejarte seducir por la filosof\u00eda Subaru, qu\u00e9date con nosotros.","publisher":{"@id":"https:\/\/www.subaru.es\/blog\/#organization"},"potentialAction":[{"@type":"SearchAction","target":{"@type":"EntryPoint","urlTemplate":"https:\/\/www.subaru.es\/blog\/?s={search_term_string}"},"query-input":{"@type":"PropertyValueSpecification","valueRequired":true,"valueName":"search_term_string"}}],"inLanguage":"es"},{"@type":"Organization","@id":"https:\/\/www.subaru.es\/blog\/#organization","name":"Subaru Espa\u00f1a S.A.","url":"https:\/\/www.subaru.es\/blog\/","logo":{"@type":"ImageObject","inLanguage":"es","@id":"https:\/\/www.subaru.es\/blog\/#\/schema\/logo\/image\/","url":"https:\/\/www.subaru.es\/blog\/wp-content\/uploads\/2016\/12\/Logo-Subaru-TypeV_C300-scaled.jpg","contentUrl":"https:\/\/www.subaru.es\/blog\/wp-content\/uploads\/2016\/12\/Logo-Subaru-TypeV_C300-scaled.jpg","width":2560,"height":1864,"caption":"Subaru Espa\u00f1a S.A."},"image":{"@id":"https:\/\/www.subaru.es\/blog\/#\/schema\/logo\/image\/"},"sameAs":["https:\/\/www.facebook.com\/subaruespana","https:\/\/www.instagram.com\/subarues\/","https:\/\/www.youtube.com\/user\/subaruespana"]},{"@type":"Person","@id":"https:\/\/www.subaru.es\/blog\/#\/schema\/person\/19a90b892230b8e0ec752704ddf4aa10","name":"Subaru","url":"https:\/\/www.subaru.es\/blog\/author\/subaria\/"}]}},"_links":{"self":[{"href":"https:\/\/www.subaru.es\/blog\/wp-json\/wp\/v2\/posts\/6156","targetHints":{"allow":["GET"]}}],"collection":[{"href":"https:\/\/www.subaru.es\/blog\/wp-json\/wp\/v2\/posts"}],"about":[{"href":"https:\/\/www.subaru.es\/blog\/wp-json\/wp\/v2\/types\/post"}],"author":[{"embeddable":true,"href":"https:\/\/www.subaru.es\/blog\/wp-json\/wp\/v2\/users\/21"}],"replies":[{"embeddable":true,"href":"https:\/\/www.subaru.es\/blog\/wp-json\/wp\/v2\/comments?post=6156"}],"version-history":[{"count":2,"href":"https:\/\/www.subaru.es\/blog\/wp-json\/wp\/v2\/posts\/6156\/revisions"}],"predecessor-version":[{"id":16370,"href":"https:\/\/www.subaru.es\/blog\/wp-json\/wp\/v2\/posts\/6156\/revisions\/16370"}],"wp:featuredmedia":[{"embeddable":true,"href":"https:\/\/www.subaru.es\/blog\/wp-json\/wp\/v2\/media\/16369"}],"wp:attachment":[{"href":"https:\/\/www.subaru.es\/blog\/wp-json\/wp\/v2\/media?parent=6156"}],"wp:term":[{"taxonomy":"category","embeddable":true,"href":"https:\/\/www.subaru.es\/blog\/wp-json\/wp\/v2\/categories?post=6156"},{"taxonomy":"post_tag","embeddable":true,"href":"https:\/\/www.subaru.es\/blog\/wp-json\/wp\/v2\/tags?post=6156"}],"curies":[{"name":"wp","href":"https:\/\/api.w.org\/{rel}","templated":true}]}}