{"id":612,"date":"2008-02-18T12:44:22","date_gmt":"2008-02-18T10:44:22","guid":{"rendered":"http:\/\/subaru.preproduccion.com\/blog\/wp-content\/2008\/02\/18\/debate-subaru-diesel-tu-que-opinas\/"},"modified":"2016-10-17T15:11:36","modified_gmt":"2016-10-17T13:11:36","slug":"debate-subaru-diesel-tu-que-opinas","status":"publish","type":"post","link":"https:\/\/www.subaru.es\/blog\/nuestra-marca\/debate-subaru-diesel-tu-que-opinas\/","title":{"rendered":"Debate Subaru Di\u00e9sel: \u00bfy t\u00fa qu\u00e9 opinas?"},"content":{"rendered":"<p>El <a href=\"https:\/\/www.subaru.es\/blog\/2008\/02\/11\/boxer-diesel\/\">pr\u00f3ximo 4 de marzo<\/a>, durante el <strong>78\u00ba Sal\u00f3n Internacional del Motor de Ginebra<\/strong>, <strong>Subaru <\/strong>har\u00e1 oficial un cambio crucial en la estrategia de la compa\u00f1\u00eda: <a href=\"https:\/\/www.subaru.es\/blog\/2007\/09\/21\/subaru-boxer-turbo-diesel\/\"><strong>la aparici\u00f3n de los primeros Subaru di\u00e9sel<\/strong><\/a>.<\/p>\n<p><center><img data-src='https:\/\/www.subaru.es\/blog\/wp-content\/uploads\/2008\/02\/debate-subaru-boxer-diesel.jpg' alt='Debate Subaru Di\u00e9sel' src='data:image\/svg+xml;base64,PHN2ZyB3aWR0aD0iMSIgaGVpZ2h0PSIxIiB4bWxucz0iaHR0cDovL3d3dy53My5vcmcvMjAwMC9zdmciPjwvc3ZnPg==' class='lazyload' style='--smush-placeholder-width: 480px; --smush-placeholder-aspect-ratio: 480\/179;' \/><\/center><\/p>\n<p>Sobre este tema se han lanzado opiniones de todo tipo desde la prensa especializada:<\/p>\n<blockquote><p><a href=\"http:\/\/elmundomotor.elmundo.es\/elmundomotor\/2008\/01\/22\/empresas\/1200994673.html\">\u00abSubaru apuesta por los di\u00e9sel para despegar en Europa\u00bb<\/a>, <strong>El Mundo<\/strong><\/p>\n<p><a href=\"http:\/\/www.elpais.com\/articulo\/motor\/Subaru\/tiene\/motor\/diesel\/elpviamot\/20080209elpviamot_3\/Tes\">\u00abAumentar las ventas en Europa y reducir las emisiones de CO2\u00bb<\/a>, <strong>El Pa\u00eds<\/strong><\/p>\n<p><a href=\"http:\/\/www.abc.es\/20080210\/domingos-domingos\/subaru-legacy-diesel-parece_200802100243.html\">\u00abUn di\u00e9sel que no lo parece\u00bb<\/a>, <strong>ABC<\/strong><\/p>\n<p><a href=\"http:\/\/www.elmundodeportivo.es\/web\/gen\/20080209\/noticia_53435161441.html\">\u00abPor fin llega la versi\u00f3n di\u00e9sel\u00bb<\/a>, <strong>El Mundo Deportivo<\/strong><\/p>\n<p><a href=\"http:\/\/www.km77.com\/00\/subaru\/tecnica\/motordiesel4c\/t01.asp\">\u00abHay precedentes de motores Diesel b\u00f3xer en locomotoras\u00bb<\/a>, <strong>Km 77<\/strong><\/p><\/blockquote>\n<p>Y, c\u00f3mo no, tambi\u00e9n han opinado los blogs:<\/p>\n<blockquote><p><a href=\"http:\/\/es.autoblog.com\/2008\/01\/22\/subaru-espana-pretende-doblar-sus-ventas-en-2008\/\">\u00abSubaru pretende doblar sus ventas en 2008\u00bb<\/a>, <strong>Autoblog<\/strong><\/p>\n<p><a href=\"http:\/\/www.motorpasion.com\/2007\/09\/26-el-motor-boxer-turbodiesel-de-subaru-al-desnudo\">\u00abHabr\u00e1 que esperar a primavera para poder probarlo y conocer m\u00e1s sobre \u00e9l\u00bb<\/a>, <strong>Motorpasi\u00f3n<\/strong><\/p>\n<p><a href=\"http:\/\/es.motorfull.com\/2007\/03\/09\/subaru-muestra-su-peculiar-motor-diesel\/\">\u00abSubaru muestra su peculiar motor di\u00e9sel\u00bb<\/a>, <strong>Motorfull<\/strong><\/p>\n<p><a href=\"http:\/\/webdelautomovil.com\/2008\/02\/subaru-presentara-en-ginebra-el-legacy-20d-y-el-outback-20d\">\u00abNing\u00fan motor diesel sonar\u00e1 como uno a gasolina\u00bb<\/a>, <strong>Web del Autom\u00f3vil<\/strong><\/p>\n<p><a href=\"http:\/\/www.planetacoches.com\/2008\/02\/07\/subaru-boxer-diesel.html\">\u00abPor fin se ha decidido a desarrollar el primer motor di\u00e9sel de su historia, cierto es que obligado por un mercado en el que la demanda de estos propulsores es abrumadora y la concienciaci\u00f3n por el medioambiente es lo que prima\u00bb<\/a>, <strong>Planeta Coches<\/strong><\/p><\/blockquote>\n<p><strong>Queremos conocer vuestra opini\u00f3n:<\/p>\n<p>\u00bfSois de \u00e9sos que cre\u00e9is que las tradiciones est\u00e1n para romperlas? \u00bfO por el contrario cre\u00e9is que un b\u00f3xer di\u00e9sel va contra la esencia de Subaru?<\/p>\n<p>\u00bfTradici\u00f3n o evoluci\u00f3n?<\/strong><\/p>\n<p>Esperamos vuestros comentarios, gracias.<\/p>\n","protected":false},"excerpt":{"rendered":"<p>El pr\u00f3ximo 4 de marzo, durante el 78\u00ba Sal\u00f3n Internacional del Motor de Ginebra, Subaru har\u00e1 oficial un cambio crucial en la estrategia de la compa\u00f1\u00eda: la aparici\u00f3n de los primeros Subaru di\u00e9sel. Sobre este tema se han lanzado opiniones de todo tipo desde la prensa especializada: \u00abSubaru apuesta por los di\u00e9sel para despegar en [&hellip;]<\/p>\n","protected":false},"author":21,"featured_media":613,"comment_status":"open","ping_status":"open","sticky":false,"template":"","format":"standard","meta":{"_acf_changed":false,"_eb_attr":"","inline_featured_image":false,"footnotes":""},"categories":[4401],"tags":[233,47,230,232,229,231,4390,70],"class_list":["post-612","post","type-post","status-publish","format-standard","has-post-thumbnail","hentry","category-nuestra-marca","tag-debate","tag-diesel","tag-encuesta","tag-evolucion","tag-opinion","tag-opiniones","tag-subaru","tag-tradicion"],"acf":[],"yoast_head":"<!-- This site is optimized with the Yoast SEO plugin v27.3 - https:\/\/yoast.com\/product\/yoast-seo-wordpress\/ -->\n<title>Debate Subaru Di\u00e9sel: \u00bfy t\u00fa qu\u00e9 opinas? - Universo Subaru<\/title>\n<meta name=\"robots\" content=\"index, follow, max-snippet:-1, max-image-preview:large, max-video-preview:-1\" \/>\n<link rel=\"canonical\" href=\"https:\/\/www.subaru.es\/blog\/nuestra-marca\/debate-subaru-diesel-tu-que-opinas\/\" \/>\n<meta property=\"og:locale\" content=\"es_ES\" \/>\n<meta property=\"og:type\" content=\"article\" \/>\n<meta property=\"og:title\" content=\"Debate Subaru Di\u00e9sel: \u00bfy t\u00fa qu\u00e9 opinas? - Universo Subaru\" \/>\n<meta property=\"og:description\" content=\"El pr\u00f3ximo 4 de marzo, durante el 78\u00ba Sal\u00f3n Internacional del Motor de Ginebra, Subaru har\u00e1 oficial un cambio crucial en la estrategia de la compa\u00f1\u00eda: la aparici\u00f3n de los primeros Subaru di\u00e9sel. Sobre este tema se han lanzado opiniones de todo tipo desde la prensa especializada: \u00abSubaru apuesta por los di\u00e9sel para despegar en [&hellip;]\" \/>\n<meta property=\"og:url\" content=\"https:\/\/www.subaru.es\/blog\/nuestra-marca\/debate-subaru-diesel-tu-que-opinas\/\" \/>\n<meta property=\"og:site_name\" content=\"Universo Subaru\" \/>\n<meta property=\"article:publisher\" content=\"https:\/\/www.facebook.com\/subaruespana\" \/>\n<meta property=\"article:published_time\" content=\"2008-02-18T10:44:22+00:00\" \/>\n<meta property=\"article:modified_time\" content=\"2016-10-17T13:11:36+00:00\" \/>\n<meta property=\"og:image\" content=\"https:\/\/www.subaru.es\/blog\/wp-content\/uploads\/2008\/02\/debate-subaru-boxer-diesel.jpg\" \/>\n\t<meta property=\"og:image:width\" content=\"480\" \/>\n\t<meta property=\"og:image:height\" content=\"179\" \/>\n\t<meta property=\"og:image:type\" content=\"image\/jpeg\" \/>\n<meta name=\"author\" content=\"Subaru\" \/>\n<meta name=\"twitter:card\" content=\"summary_large_image\" \/>\n<meta name=\"twitter:label1\" content=\"Escrito por\" \/>\n\t<meta name=\"twitter:data1\" content=\"Subaru\" \/>\n\t<meta name=\"twitter:label2\" content=\"Tiempo de lectura\" \/>\n\t<meta name=\"twitter:data2\" content=\"1 minuto\" \/>\n<script type=\"application\/ld+json\" class=\"yoast-schema-graph\">{\"@context\":\"https:\\\/\\\/schema.org\",\"@graph\":[{\"@type\":\"Article\",\"@id\":\"https:\\\/\\\/www.subaru.es\\\/blog\\\/nuestra-marca\\\/debate-subaru-diesel-tu-que-opinas\\\/#article\",\"isPartOf\":{\"@id\":\"https:\\\/\\\/www.subaru.es\\\/blog\\\/nuestra-marca\\\/debate-subaru-diesel-tu-que-opinas\\\/\"},\"author\":{\"name\":\"Subaru\",\"@id\":\"https:\\\/\\\/www.subaru.es\\\/blog\\\/#\\\/schema\\\/person\\\/19a90b892230b8e0ec752704ddf4aa10\"},\"headline\":\"Debate Subaru Di\u00e9sel: \u00bfy t\u00fa qu\u00e9 opinas?\",\"datePublished\":\"2008-02-18T10:44:22+00:00\",\"dateModified\":\"2016-10-17T13:11:36+00:00\",\"mainEntityOfPage\":{\"@id\":\"https:\\\/\\\/www.subaru.es\\\/blog\\\/nuestra-marca\\\/debate-subaru-diesel-tu-que-opinas\\\/\"},\"wordCount\":257,\"commentCount\":29,\"publisher\":{\"@id\":\"https:\\\/\\\/www.subaru.es\\\/blog\\\/#organization\"},\"image\":{\"@id\":\"https:\\\/\\\/www.subaru.es\\\/blog\\\/nuestra-marca\\\/debate-subaru-diesel-tu-que-opinas\\\/#primaryimage\"},\"thumbnailUrl\":\"https:\\\/\\\/www.subaru.es\\\/blog\\\/wp-content\\\/uploads\\\/2008\\\/02\\\/debate-subaru-boxer-diesel.jpg\",\"keywords\":[\"debate\",\"di\u00e9sel\",\"encuesta\",\"evoluci\u00f3n\",\"opini\u00f3n\",\"opiniones\",\"Subaru\",\"tradicion\"],\"articleSection\":[\"Nuestra marca\"],\"inLanguage\":\"es\",\"potentialAction\":[{\"@type\":\"CommentAction\",\"name\":\"Comment\",\"target\":[\"https:\\\/\\\/www.subaru.es\\\/blog\\\/nuestra-marca\\\/debate-subaru-diesel-tu-que-opinas\\\/#respond\"]}]},{\"@type\":\"WebPage\",\"@id\":\"https:\\\/\\\/www.subaru.es\\\/blog\\\/nuestra-marca\\\/debate-subaru-diesel-tu-que-opinas\\\/\",\"url\":\"https:\\\/\\\/www.subaru.es\\\/blog\\\/nuestra-marca\\\/debate-subaru-diesel-tu-que-opinas\\\/\",\"name\":\"Debate Subaru Di\u00e9sel: \u00bfy t\u00fa qu\u00e9 opinas? - Universo Subaru\",\"isPartOf\":{\"@id\":\"https:\\\/\\\/www.subaru.es\\\/blog\\\/#website\"},\"primaryImageOfPage\":{\"@id\":\"https:\\\/\\\/www.subaru.es\\\/blog\\\/nuestra-marca\\\/debate-subaru-diesel-tu-que-opinas\\\/#primaryimage\"},\"image\":{\"@id\":\"https:\\\/\\\/www.subaru.es\\\/blog\\\/nuestra-marca\\\/debate-subaru-diesel-tu-que-opinas\\\/#primaryimage\"},\"thumbnailUrl\":\"https:\\\/\\\/www.subaru.es\\\/blog\\\/wp-content\\\/uploads\\\/2008\\\/02\\\/debate-subaru-boxer-diesel.jpg\",\"datePublished\":\"2008-02-18T10:44:22+00:00\",\"dateModified\":\"2016-10-17T13:11:36+00:00\",\"breadcrumb\":{\"@id\":\"https:\\\/\\\/www.subaru.es\\\/blog\\\/nuestra-marca\\\/debate-subaru-diesel-tu-que-opinas\\\/#breadcrumb\"},\"inLanguage\":\"es\",\"potentialAction\":[{\"@type\":\"ReadAction\",\"target\":[\"https:\\\/\\\/www.subaru.es\\\/blog\\\/nuestra-marca\\\/debate-subaru-diesel-tu-que-opinas\\\/\"]}]},{\"@type\":\"ImageObject\",\"inLanguage\":\"es\",\"@id\":\"https:\\\/\\\/www.subaru.es\\\/blog\\\/nuestra-marca\\\/debate-subaru-diesel-tu-que-opinas\\\/#primaryimage\",\"url\":\"https:\\\/\\\/www.subaru.es\\\/blog\\\/wp-content\\\/uploads\\\/2008\\\/02\\\/debate-subaru-boxer-diesel.jpg\",\"contentUrl\":\"https:\\\/\\\/www.subaru.es\\\/blog\\\/wp-content\\\/uploads\\\/2008\\\/02\\\/debate-subaru-boxer-diesel.jpg\",\"width\":480,\"height\":179},{\"@type\":\"BreadcrumbList\",\"@id\":\"https:\\\/\\\/www.subaru.es\\\/blog\\\/nuestra-marca\\\/debate-subaru-diesel-tu-que-opinas\\\/#breadcrumb\",\"itemListElement\":[{\"@type\":\"ListItem\",\"position\":1,\"name\":\"Portada\",\"item\":\"https:\\\/\\\/www.subaru.es\\\/blog\\\/\"},{\"@type\":\"ListItem\",\"position\":2,\"name\":\"Debate Subaru Di\u00e9sel: \u00bfy t\u00fa qu\u00e9 opinas?\"}]},{\"@type\":\"WebSite\",\"@id\":\"https:\\\/\\\/www.subaru.es\\\/blog\\\/#website\",\"url\":\"https:\\\/\\\/www.subaru.es\\\/blog\\\/\",\"name\":\"Universo Subaru\",\"description\":\"Descubre este apasionante espacio de Subaru donde vas a conocer todo sobre nuestros coches y las experiencias que vivimos con ellos. Si est\u00e1s preparado para dejarte seducir por la filosof\u00eda Subaru, qu\u00e9date con nosotros.\",\"publisher\":{\"@id\":\"https:\\\/\\\/www.subaru.es\\\/blog\\\/#organization\"},\"potentialAction\":[{\"@type\":\"SearchAction\",\"target\":{\"@type\":\"EntryPoint\",\"urlTemplate\":\"https:\\\/\\\/www.subaru.es\\\/blog\\\/?s={search_term_string}\"},\"query-input\":{\"@type\":\"PropertyValueSpecification\",\"valueRequired\":true,\"valueName\":\"search_term_string\"}}],\"inLanguage\":\"es\"},{\"@type\":\"Organization\",\"@id\":\"https:\\\/\\\/www.subaru.es\\\/blog\\\/#organization\",\"name\":\"Subaru Espa\u00f1a S.A.\",\"url\":\"https:\\\/\\\/www.subaru.es\\\/blog\\\/\",\"logo\":{\"@type\":\"ImageObject\",\"inLanguage\":\"es\",\"@id\":\"https:\\\/\\\/www.subaru.es\\\/blog\\\/#\\\/schema\\\/logo\\\/image\\\/\",\"url\":\"https:\\\/\\\/www.subaru.es\\\/blog\\\/wp-content\\\/uploads\\\/2016\\\/12\\\/Logo-Subaru-TypeV_C300-scaled.jpg\",\"contentUrl\":\"https:\\\/\\\/www.subaru.es\\\/blog\\\/wp-content\\\/uploads\\\/2016\\\/12\\\/Logo-Subaru-TypeV_C300-scaled.jpg\",\"width\":2560,\"height\":1864,\"caption\":\"Subaru Espa\u00f1a S.A.\"},\"image\":{\"@id\":\"https:\\\/\\\/www.subaru.es\\\/blog\\\/#\\\/schema\\\/logo\\\/image\\\/\"},\"sameAs\":[\"https:\\\/\\\/www.facebook.com\\\/subaruespana\",\"https:\\\/\\\/www.instagram.com\\\/subarues\\\/\",\"https:\\\/\\\/www.youtube.com\\\/user\\\/subaruespana\"]},{\"@type\":\"Person\",\"@id\":\"https:\\\/\\\/www.subaru.es\\\/blog\\\/#\\\/schema\\\/person\\\/19a90b892230b8e0ec752704ddf4aa10\",\"name\":\"Subaru\",\"url\":\"https:\\\/\\\/www.subaru.es\\\/blog\\\/author\\\/subaria\\\/\"}]}<\/script>\n<!-- \/ Yoast SEO plugin. -->","yoast_head_json":{"title":"Debate Subaru Di\u00e9sel: \u00bfy t\u00fa qu\u00e9 opinas? - Universo Subaru","robots":{"index":"index","follow":"follow","max-snippet":"max-snippet:-1","max-image-preview":"max-image-preview:large","max-video-preview":"max-video-preview:-1"},"canonical":"https:\/\/www.subaru.es\/blog\/nuestra-marca\/debate-subaru-diesel-tu-que-opinas\/","og_locale":"es_ES","og_type":"article","og_title":"Debate Subaru Di\u00e9sel: \u00bfy t\u00fa qu\u00e9 opinas? - Universo Subaru","og_description":"El pr\u00f3ximo 4 de marzo, durante el 78\u00ba Sal\u00f3n Internacional del Motor de Ginebra, Subaru har\u00e1 oficial un cambio crucial en la estrategia de la compa\u00f1\u00eda: la aparici\u00f3n de los primeros Subaru di\u00e9sel. Sobre este tema se han lanzado opiniones de todo tipo desde la prensa especializada: \u00abSubaru apuesta por los di\u00e9sel para despegar en [&hellip;]","og_url":"https:\/\/www.subaru.es\/blog\/nuestra-marca\/debate-subaru-diesel-tu-que-opinas\/","og_site_name":"Universo Subaru","article_publisher":"https:\/\/www.facebook.com\/subaruespana","article_published_time":"2008-02-18T10:44:22+00:00","article_modified_time":"2016-10-17T13:11:36+00:00","og_image":[{"width":480,"height":179,"url":"https:\/\/www.subaru.es\/blog\/wp-content\/uploads\/2008\/02\/debate-subaru-boxer-diesel.jpg","type":"image\/jpeg"}],"author":"Subaru","twitter_card":"summary_large_image","twitter_misc":{"Escrito por":"Subaru","Tiempo de lectura":"1 minuto"},"schema":{"@context":"https:\/\/schema.org","@graph":[{"@type":"Article","@id":"https:\/\/www.subaru.es\/blog\/nuestra-marca\/debate-subaru-diesel-tu-que-opinas\/#article","isPartOf":{"@id":"https:\/\/www.subaru.es\/blog\/nuestra-marca\/debate-subaru-diesel-tu-que-opinas\/"},"author":{"name":"Subaru","@id":"https:\/\/www.subaru.es\/blog\/#\/schema\/person\/19a90b892230b8e0ec752704ddf4aa10"},"headline":"Debate Subaru Di\u00e9sel: \u00bfy t\u00fa qu\u00e9 opinas?","datePublished":"2008-02-18T10:44:22+00:00","dateModified":"2016-10-17T13:11:36+00:00","mainEntityOfPage":{"@id":"https:\/\/www.subaru.es\/blog\/nuestra-marca\/debate-subaru-diesel-tu-que-opinas\/"},"wordCount":257,"commentCount":29,"publisher":{"@id":"https:\/\/www.subaru.es\/blog\/#organization"},"image":{"@id":"https:\/\/www.subaru.es\/blog\/nuestra-marca\/debate-subaru-diesel-tu-que-opinas\/#primaryimage"},"thumbnailUrl":"https:\/\/www.subaru.es\/blog\/wp-content\/uploads\/2008\/02\/debate-subaru-boxer-diesel.jpg","keywords":["debate","di\u00e9sel","encuesta","evoluci\u00f3n","opini\u00f3n","opiniones","Subaru","tradicion"],"articleSection":["Nuestra marca"],"inLanguage":"es","potentialAction":[{"@type":"CommentAction","name":"Comment","target":["https:\/\/www.subaru.es\/blog\/nuestra-marca\/debate-subaru-diesel-tu-que-opinas\/#respond"]}]},{"@type":"WebPage","@id":"https:\/\/www.subaru.es\/blog\/nuestra-marca\/debate-subaru-diesel-tu-que-opinas\/","url":"https:\/\/www.subaru.es\/blog\/nuestra-marca\/debate-subaru-diesel-tu-que-opinas\/","name":"Debate Subaru Di\u00e9sel: \u00bfy t\u00fa qu\u00e9 opinas? - Universo Subaru","isPartOf":{"@id":"https:\/\/www.subaru.es\/blog\/#website"},"primaryImageOfPage":{"@id":"https:\/\/www.subaru.es\/blog\/nuestra-marca\/debate-subaru-diesel-tu-que-opinas\/#primaryimage"},"image":{"@id":"https:\/\/www.subaru.es\/blog\/nuestra-marca\/debate-subaru-diesel-tu-que-opinas\/#primaryimage"},"thumbnailUrl":"https:\/\/www.subaru.es\/blog\/wp-content\/uploads\/2008\/02\/debate-subaru-boxer-diesel.jpg","datePublished":"2008-02-18T10:44:22+00:00","dateModified":"2016-10-17T13:11:36+00:00","breadcrumb":{"@id":"https:\/\/www.subaru.es\/blog\/nuestra-marca\/debate-subaru-diesel-tu-que-opinas\/#breadcrumb"},"inLanguage":"es","potentialAction":[{"@type":"ReadAction","target":["https:\/\/www.subaru.es\/blog\/nuestra-marca\/debate-subaru-diesel-tu-que-opinas\/"]}]},{"@type":"ImageObject","inLanguage":"es","@id":"https:\/\/www.subaru.es\/blog\/nuestra-marca\/debate-subaru-diesel-tu-que-opinas\/#primaryimage","url":"https:\/\/www.subaru.es\/blog\/wp-content\/uploads\/2008\/02\/debate-subaru-boxer-diesel.jpg","contentUrl":"https:\/\/www.subaru.es\/blog\/wp-content\/uploads\/2008\/02\/debate-subaru-boxer-diesel.jpg","width":480,"height":179},{"@type":"BreadcrumbList","@id":"https:\/\/www.subaru.es\/blog\/nuestra-marca\/debate-subaru-diesel-tu-que-opinas\/#breadcrumb","itemListElement":[{"@type":"ListItem","position":1,"name":"Portada","item":"https:\/\/www.subaru.es\/blog\/"},{"@type":"ListItem","position":2,"name":"Debate Subaru Di\u00e9sel: \u00bfy t\u00fa qu\u00e9 opinas?"}]},{"@type":"WebSite","@id":"https:\/\/www.subaru.es\/blog\/#website","url":"https:\/\/www.subaru.es\/blog\/","name":"Universo Subaru","description":"Descubre este apasionante espacio de Subaru donde vas a conocer todo sobre nuestros coches y las experiencias que vivimos con ellos. Si est\u00e1s preparado para dejarte seducir por la filosof\u00eda Subaru, qu\u00e9date con nosotros.","publisher":{"@id":"https:\/\/www.subaru.es\/blog\/#organization"},"potentialAction":[{"@type":"SearchAction","target":{"@type":"EntryPoint","urlTemplate":"https:\/\/www.subaru.es\/blog\/?s={search_term_string}"},"query-input":{"@type":"PropertyValueSpecification","valueRequired":true,"valueName":"search_term_string"}}],"inLanguage":"es"},{"@type":"Organization","@id":"https:\/\/www.subaru.es\/blog\/#organization","name":"Subaru Espa\u00f1a S.A.","url":"https:\/\/www.subaru.es\/blog\/","logo":{"@type":"ImageObject","inLanguage":"es","@id":"https:\/\/www.subaru.es\/blog\/#\/schema\/logo\/image\/","url":"https:\/\/www.subaru.es\/blog\/wp-content\/uploads\/2016\/12\/Logo-Subaru-TypeV_C300-scaled.jpg","contentUrl":"https:\/\/www.subaru.es\/blog\/wp-content\/uploads\/2016\/12\/Logo-Subaru-TypeV_C300-scaled.jpg","width":2560,"height":1864,"caption":"Subaru Espa\u00f1a S.A."},"image":{"@id":"https:\/\/www.subaru.es\/blog\/#\/schema\/logo\/image\/"},"sameAs":["https:\/\/www.facebook.com\/subaruespana","https:\/\/www.instagram.com\/subarues\/","https:\/\/www.youtube.com\/user\/subaruespana"]},{"@type":"Person","@id":"https:\/\/www.subaru.es\/blog\/#\/schema\/person\/19a90b892230b8e0ec752704ddf4aa10","name":"Subaru","url":"https:\/\/www.subaru.es\/blog\/author\/subaria\/"}]}},"_links":{"self":[{"href":"https:\/\/www.subaru.es\/blog\/wp-json\/wp\/v2\/posts\/612","targetHints":{"allow":["GET"]}}],"collection":[{"href":"https:\/\/www.subaru.es\/blog\/wp-json\/wp\/v2\/posts"}],"about":[{"href":"https:\/\/www.subaru.es\/blog\/wp-json\/wp\/v2\/types\/post"}],"author":[{"embeddable":true,"href":"https:\/\/www.subaru.es\/blog\/wp-json\/wp\/v2\/users\/21"}],"replies":[{"embeddable":true,"href":"https:\/\/www.subaru.es\/blog\/wp-json\/wp\/v2\/comments?post=612"}],"version-history":[{"count":1,"href":"https:\/\/www.subaru.es\/blog\/wp-json\/wp\/v2\/posts\/612\/revisions"}],"predecessor-version":[{"id":15687,"href":"https:\/\/www.subaru.es\/blog\/wp-json\/wp\/v2\/posts\/612\/revisions\/15687"}],"wp:featuredmedia":[{"embeddable":true,"href":"https:\/\/www.subaru.es\/blog\/wp-json\/wp\/v2\/media\/613"}],"wp:attachment":[{"href":"https:\/\/www.subaru.es\/blog\/wp-json\/wp\/v2\/media?parent=612"}],"wp:term":[{"taxonomy":"category","embeddable":true,"href":"https:\/\/www.subaru.es\/blog\/wp-json\/wp\/v2\/categories?post=612"},{"taxonomy":"post_tag","embeddable":true,"href":"https:\/\/www.subaru.es\/blog\/wp-json\/wp\/v2\/tags?post=612"}],"curies":[{"name":"wp","href":"https:\/\/api.w.org\/{rel}","templated":true}]}}