{"id":6100,"date":"2013-01-14T12:32:29","date_gmt":"2013-01-14T10:32:29","guid":{"rendered":"http:\/\/subaru.preproduccion.com\/blog\/?p=6100"},"modified":"2020-08-06T11:38:09","modified_gmt":"2020-08-06T09:38:09","slug":"la-radio-llevara-la-web-a-tu-subaru","status":"publish","type":"post","link":"https:\/\/www.subaru.es\/blog\/nuestra-marca\/la-radio-llevara-la-web-a-tu-subaru\/","title":{"rendered":"La radio llevar\u00e1 la web a tu Subaru"},"content":{"rendered":"<p><center><a href=\"https:\/\/www.subaru.es\/blog\/wp-content\/uploads\/2012\/01\/ahasubarubrzpressshotdantetktk.jpg\"><img decoding=\"async\" class=\"alignnone size-full wp-image-6101 lazyload\" title=\"Aha Subaru\" data-src=\"https:\/\/www.subaru.es\/blog\/wp-content\/uploads\/2012\/01\/ahasubarubrzpressshotdantetktk.jpg\" alt=\"Aha Subaru\" width=\"500\" height=\"288\" src=\"data:image\/svg+xml;base64,PHN2ZyB3aWR0aD0iMSIgaGVpZ2h0PSIxIiB4bWxucz0iaHR0cDovL3d3dy53My5vcmcvMjAwMC9zdmciPjwvc3ZnPg==\" style=\"--smush-placeholder-width: 500px; --smush-placeholder-aspect-ratio: 500\/288;\" \/><\/a><\/center><\/p>\n<p><a href=\"https:\/\/www.subaru.es\/blog\/wp-content\/uploads\/2012\/01\/ahasubarubrzpressshotdantetktk.jpg\"><\/a>A estas alturas ya todos sabemos que en un futuro nada lejano todos nuestros coches estar\u00e1n <a href=\"https:\/\/www.subaru.es\/blog\/car-gadgets\/internet-en-el-coche-una-necesidad-cada-vez-mas-demandada\/\" target=\"_blank\" rel=\"noopener noreferrer\">conectados a Internet<\/a>, aunque la v\u00eda de conexi\u00f3n todav\u00eda no est\u00e1 del todo clara. <strong>Una de las apuestas m\u00e1s fuertes es la de la radio <\/strong>y s\u00ed, Subaru ha decidido lanzarse por esta v\u00eda. Aprovechando la pasada edici\u00f3n de la <a href=\"http:\/\/www.eblog.com.ar\/17453\/lo-que-dejo-el-ces-2012\/\" target=\"_blank\" rel=\"noopener noreferrer\">Feria de Electr\u00f3nica de Consumo (CES)<\/a>, Subaru America anunci\u00f3 su acuerdo con Aha Radio para integrar la tecnolog\u00eda en veh\u00edculos nuevos.<!--more--><\/p>\n<p><strong>Aha es una plataforma interactiva que lleva el contenido web a los coches de forma segura<\/strong>, utilizando la llamada \u00abcuarta banda\u00bb de la radio (tras FM, AM y el sat\u00e9lite); y su integraci\u00f3n en el veh\u00edculo permitir\u00e1 a los conductores de Subaru (\u00a1a ti!) acceder a muchas estaciones de contenidos web como varias<strong> radios a la carta, noticias de \u00faltima hora, audiolibros y, lo mejor, \u00a1redes sociales!<\/strong><\/p>\n<p>Desde <a href=\"http:\/\/www.subaru.com\/\" target=\"_blank\" rel=\"noopener noreferrer\">Subaru America<\/a> han asegurado que han estado \u00abevaluando soluciones para coches conectados\u00bb ya durante un tiempo y que \u00abAha es el primer producto que cumple con nuestros requisitos de <strong>seguridad, gran dise\u00f1o y una amplia gama de opciones de contenidos que pueden ser personalizadas<\/strong> para cada conductor\u00bb.<\/p>\n<p>Parece un futuro fant\u00e1stico, \u00bfverdad? Poder acceder a todos los contenidos de nuestro smartphone sin tocarlo y sin tener que preocuparse por la cobertura. Todo integrado en nuestro coche y utilizando la radio como medio de transmisi\u00f3n. \u00bfCu\u00e1ndo lo tendremos? Todav\u00eda hay que esperar un poco: Subaru America ha dicho que <strong>se integrar\u00e1 en algunos modelos nuevos en 2013<\/strong> y suponemos que esa tecnolog\u00eda (o alguna similar) no tardar\u00e1 en llegar a Espa\u00f1a.<\/p>\n<p>\u00a1Qu\u00e9 ganas!<\/p>\n<p>V\u00eda | <a href=\"http:\/\/www.engadget.com\/2012\/01\/09\/aha-radio-partners-with-subaru-and-honda\/\" target=\"_blank\" rel=\"noopener noreferrer\">engadget<\/a><\/p>\n","protected":false},"excerpt":{"rendered":"<p>A estas alturas ya todos sabemos que en un futuro nada lejano todos nuestros coches estar\u00e1n conectados a Internet, aunque la v\u00eda de conexi\u00f3n todav\u00eda no est\u00e1 del todo clara. Una de las apuestas m\u00e1s fuertes es la de la radio y s\u00ed, Subaru ha decidido lanzarse por esta v\u00eda. Aprovechando la pasada edici\u00f3n de [&hellip;]<\/p>\n","protected":false},"author":21,"featured_media":6101,"comment_status":"open","ping_status":"open","sticky":false,"template":"","format":"standard","meta":{"_acf_changed":false,"_eb_attr":"","inline_featured_image":false,"footnotes":""},"categories":[4401],"tags":[3773,3771,3772,3184,3267],"class_list":["post-6100","post","type-post","status-publish","format-standard","has-post-thumbnail","hentry","category-nuestra-marca","tag-aha-radio","tag-ces","tag-ces-2012","tag-internet","tag-subaru-america"],"acf":[],"yoast_head":"<!-- This site is optimized with the Yoast SEO plugin v27.3 - https:\/\/yoast.com\/product\/yoast-seo-wordpress\/ -->\n<title>La radio llevar\u00e1 la web a tu Subaru - Universo Subaru<\/title>\n<meta name=\"robots\" content=\"index, follow, max-snippet:-1, max-image-preview:large, max-video-preview:-1\" \/>\n<link rel=\"canonical\" href=\"https:\/\/www.subaru.es\/blog\/nuestra-marca\/la-radio-llevara-la-web-a-tu-subaru\/\" \/>\n<meta property=\"og:locale\" content=\"es_ES\" \/>\n<meta property=\"og:type\" content=\"article\" \/>\n<meta property=\"og:title\" content=\"La radio llevar\u00e1 la web a tu Subaru - Universo Subaru\" \/>\n<meta property=\"og:description\" content=\"A estas alturas ya todos sabemos que en un futuro nada lejano todos nuestros coches estar\u00e1n conectados a Internet, aunque la v\u00eda de conexi\u00f3n todav\u00eda no est\u00e1 del todo clara. Una de las apuestas m\u00e1s fuertes es la de la radio y s\u00ed, Subaru ha decidido lanzarse por esta v\u00eda. Aprovechando la pasada edici\u00f3n de [&hellip;]\" \/>\n<meta property=\"og:url\" content=\"https:\/\/www.subaru.es\/blog\/nuestra-marca\/la-radio-llevara-la-web-a-tu-subaru\/\" \/>\n<meta property=\"og:site_name\" content=\"Universo Subaru\" \/>\n<meta property=\"article:publisher\" content=\"https:\/\/www.facebook.com\/subaruespana\" \/>\n<meta property=\"article:published_time\" content=\"2013-01-14T10:32:29+00:00\" \/>\n<meta property=\"article:modified_time\" content=\"2020-08-06T09:38:09+00:00\" \/>\n<meta property=\"og:image\" content=\"https:\/\/www.subaru.es\/blog\/wp-content\/uploads\/2012\/01\/ahasubarubrzpressshotdantetktk.jpg\" \/>\n\t<meta property=\"og:image:width\" content=\"500\" \/>\n\t<meta property=\"og:image:height\" content=\"288\" \/>\n\t<meta property=\"og:image:type\" content=\"image\/jpeg\" \/>\n<meta name=\"author\" content=\"Subaru\" \/>\n<meta name=\"twitter:card\" content=\"summary_large_image\" \/>\n<meta name=\"twitter:label1\" content=\"Escrito por\" \/>\n\t<meta name=\"twitter:data1\" content=\"Subaru\" \/>\n\t<meta name=\"twitter:label2\" content=\"Tiempo de lectura\" \/>\n\t<meta name=\"twitter:data2\" content=\"1 minuto\" \/>\n<script type=\"application\/ld+json\" class=\"yoast-schema-graph\">{\"@context\":\"https:\\\/\\\/schema.org\",\"@graph\":[{\"@type\":\"Article\",\"@id\":\"https:\\\/\\\/www.subaru.es\\\/blog\\\/nuestra-marca\\\/la-radio-llevara-la-web-a-tu-subaru\\\/#article\",\"isPartOf\":{\"@id\":\"https:\\\/\\\/www.subaru.es\\\/blog\\\/nuestra-marca\\\/la-radio-llevara-la-web-a-tu-subaru\\\/\"},\"author\":{\"name\":\"Subaru\",\"@id\":\"https:\\\/\\\/www.subaru.es\\\/blog\\\/#\\\/schema\\\/person\\\/19a90b892230b8e0ec752704ddf4aa10\"},\"headline\":\"La radio llevar\u00e1 la web a tu Subaru\",\"datePublished\":\"2013-01-14T10:32:29+00:00\",\"dateModified\":\"2020-08-06T09:38:09+00:00\",\"mainEntityOfPage\":{\"@id\":\"https:\\\/\\\/www.subaru.es\\\/blog\\\/nuestra-marca\\\/la-radio-llevara-la-web-a-tu-subaru\\\/\"},\"wordCount\":297,\"commentCount\":1,\"publisher\":{\"@id\":\"https:\\\/\\\/www.subaru.es\\\/blog\\\/#organization\"},\"image\":{\"@id\":\"https:\\\/\\\/www.subaru.es\\\/blog\\\/nuestra-marca\\\/la-radio-llevara-la-web-a-tu-subaru\\\/#primaryimage\"},\"thumbnailUrl\":\"https:\\\/\\\/www.subaru.es\\\/blog\\\/wp-content\\\/uploads\\\/2012\\\/01\\\/ahasubarubrzpressshotdantetktk.jpg\",\"keywords\":[\"Aha Radio\",\"CES\",\"CES 2012\",\"internet\",\"subaru america\"],\"articleSection\":[\"Nuestra marca\"],\"inLanguage\":\"es\",\"potentialAction\":[{\"@type\":\"CommentAction\",\"name\":\"Comment\",\"target\":[\"https:\\\/\\\/www.subaru.es\\\/blog\\\/nuestra-marca\\\/la-radio-llevara-la-web-a-tu-subaru\\\/#respond\"]}]},{\"@type\":\"WebPage\",\"@id\":\"https:\\\/\\\/www.subaru.es\\\/blog\\\/nuestra-marca\\\/la-radio-llevara-la-web-a-tu-subaru\\\/\",\"url\":\"https:\\\/\\\/www.subaru.es\\\/blog\\\/nuestra-marca\\\/la-radio-llevara-la-web-a-tu-subaru\\\/\",\"name\":\"La radio llevar\u00e1 la web a tu Subaru - Universo Subaru\",\"isPartOf\":{\"@id\":\"https:\\\/\\\/www.subaru.es\\\/blog\\\/#website\"},\"primaryImageOfPage\":{\"@id\":\"https:\\\/\\\/www.subaru.es\\\/blog\\\/nuestra-marca\\\/la-radio-llevara-la-web-a-tu-subaru\\\/#primaryimage\"},\"image\":{\"@id\":\"https:\\\/\\\/www.subaru.es\\\/blog\\\/nuestra-marca\\\/la-radio-llevara-la-web-a-tu-subaru\\\/#primaryimage\"},\"thumbnailUrl\":\"https:\\\/\\\/www.subaru.es\\\/blog\\\/wp-content\\\/uploads\\\/2012\\\/01\\\/ahasubarubrzpressshotdantetktk.jpg\",\"datePublished\":\"2013-01-14T10:32:29+00:00\",\"dateModified\":\"2020-08-06T09:38:09+00:00\",\"breadcrumb\":{\"@id\":\"https:\\\/\\\/www.subaru.es\\\/blog\\\/nuestra-marca\\\/la-radio-llevara-la-web-a-tu-subaru\\\/#breadcrumb\"},\"inLanguage\":\"es\",\"potentialAction\":[{\"@type\":\"ReadAction\",\"target\":[\"https:\\\/\\\/www.subaru.es\\\/blog\\\/nuestra-marca\\\/la-radio-llevara-la-web-a-tu-subaru\\\/\"]}]},{\"@type\":\"ImageObject\",\"inLanguage\":\"es\",\"@id\":\"https:\\\/\\\/www.subaru.es\\\/blog\\\/nuestra-marca\\\/la-radio-llevara-la-web-a-tu-subaru\\\/#primaryimage\",\"url\":\"https:\\\/\\\/www.subaru.es\\\/blog\\\/wp-content\\\/uploads\\\/2012\\\/01\\\/ahasubarubrzpressshotdantetktk.jpg\",\"contentUrl\":\"https:\\\/\\\/www.subaru.es\\\/blog\\\/wp-content\\\/uploads\\\/2012\\\/01\\\/ahasubarubrzpressshotdantetktk.jpg\",\"width\":500,\"height\":288,\"caption\":\"Aha Subaru\"},{\"@type\":\"BreadcrumbList\",\"@id\":\"https:\\\/\\\/www.subaru.es\\\/blog\\\/nuestra-marca\\\/la-radio-llevara-la-web-a-tu-subaru\\\/#breadcrumb\",\"itemListElement\":[{\"@type\":\"ListItem\",\"position\":1,\"name\":\"Portada\",\"item\":\"https:\\\/\\\/www.subaru.es\\\/blog\\\/\"},{\"@type\":\"ListItem\",\"position\":2,\"name\":\"La radio llevar\u00e1 la web a tu Subaru\"}]},{\"@type\":\"WebSite\",\"@id\":\"https:\\\/\\\/www.subaru.es\\\/blog\\\/#website\",\"url\":\"https:\\\/\\\/www.subaru.es\\\/blog\\\/\",\"name\":\"Universo Subaru\",\"description\":\"Descubre este apasionante espacio de Subaru donde vas a conocer todo sobre nuestros coches y las experiencias que vivimos con ellos. Si est\u00e1s preparado para dejarte seducir por la filosof\u00eda Subaru, qu\u00e9date con nosotros.\",\"publisher\":{\"@id\":\"https:\\\/\\\/www.subaru.es\\\/blog\\\/#organization\"},\"potentialAction\":[{\"@type\":\"SearchAction\",\"target\":{\"@type\":\"EntryPoint\",\"urlTemplate\":\"https:\\\/\\\/www.subaru.es\\\/blog\\\/?s={search_term_string}\"},\"query-input\":{\"@type\":\"PropertyValueSpecification\",\"valueRequired\":true,\"valueName\":\"search_term_string\"}}],\"inLanguage\":\"es\"},{\"@type\":\"Organization\",\"@id\":\"https:\\\/\\\/www.subaru.es\\\/blog\\\/#organization\",\"name\":\"Subaru Espa\u00f1a S.A.\",\"url\":\"https:\\\/\\\/www.subaru.es\\\/blog\\\/\",\"logo\":{\"@type\":\"ImageObject\",\"inLanguage\":\"es\",\"@id\":\"https:\\\/\\\/www.subaru.es\\\/blog\\\/#\\\/schema\\\/logo\\\/image\\\/\",\"url\":\"https:\\\/\\\/www.subaru.es\\\/blog\\\/wp-content\\\/uploads\\\/2016\\\/12\\\/Logo-Subaru-TypeV_C300-scaled.jpg\",\"contentUrl\":\"https:\\\/\\\/www.subaru.es\\\/blog\\\/wp-content\\\/uploads\\\/2016\\\/12\\\/Logo-Subaru-TypeV_C300-scaled.jpg\",\"width\":2560,\"height\":1864,\"caption\":\"Subaru Espa\u00f1a S.A.\"},\"image\":{\"@id\":\"https:\\\/\\\/www.subaru.es\\\/blog\\\/#\\\/schema\\\/logo\\\/image\\\/\"},\"sameAs\":[\"https:\\\/\\\/www.facebook.com\\\/subaruespana\",\"https:\\\/\\\/www.instagram.com\\\/subarues\\\/\",\"https:\\\/\\\/www.youtube.com\\\/user\\\/subaruespana\"]},{\"@type\":\"Person\",\"@id\":\"https:\\\/\\\/www.subaru.es\\\/blog\\\/#\\\/schema\\\/person\\\/19a90b892230b8e0ec752704ddf4aa10\",\"name\":\"Subaru\",\"url\":\"https:\\\/\\\/www.subaru.es\\\/blog\\\/author\\\/subaria\\\/\"}]}<\/script>\n<!-- \/ Yoast SEO plugin. -->","yoast_head_json":{"title":"La radio llevar\u00e1 la web a tu Subaru - Universo Subaru","robots":{"index":"index","follow":"follow","max-snippet":"max-snippet:-1","max-image-preview":"max-image-preview:large","max-video-preview":"max-video-preview:-1"},"canonical":"https:\/\/www.subaru.es\/blog\/nuestra-marca\/la-radio-llevara-la-web-a-tu-subaru\/","og_locale":"es_ES","og_type":"article","og_title":"La radio llevar\u00e1 la web a tu Subaru - Universo Subaru","og_description":"A estas alturas ya todos sabemos que en un futuro nada lejano todos nuestros coches estar\u00e1n conectados a Internet, aunque la v\u00eda de conexi\u00f3n todav\u00eda no est\u00e1 del todo clara. Una de las apuestas m\u00e1s fuertes es la de la radio y s\u00ed, Subaru ha decidido lanzarse por esta v\u00eda. Aprovechando la pasada edici\u00f3n de [&hellip;]","og_url":"https:\/\/www.subaru.es\/blog\/nuestra-marca\/la-radio-llevara-la-web-a-tu-subaru\/","og_site_name":"Universo Subaru","article_publisher":"https:\/\/www.facebook.com\/subaruespana","article_published_time":"2013-01-14T10:32:29+00:00","article_modified_time":"2020-08-06T09:38:09+00:00","og_image":[{"width":500,"height":288,"url":"https:\/\/www.subaru.es\/blog\/wp-content\/uploads\/2012\/01\/ahasubarubrzpressshotdantetktk.jpg","type":"image\/jpeg"}],"author":"Subaru","twitter_card":"summary_large_image","twitter_misc":{"Escrito por":"Subaru","Tiempo de lectura":"1 minuto"},"schema":{"@context":"https:\/\/schema.org","@graph":[{"@type":"Article","@id":"https:\/\/www.subaru.es\/blog\/nuestra-marca\/la-radio-llevara-la-web-a-tu-subaru\/#article","isPartOf":{"@id":"https:\/\/www.subaru.es\/blog\/nuestra-marca\/la-radio-llevara-la-web-a-tu-subaru\/"},"author":{"name":"Subaru","@id":"https:\/\/www.subaru.es\/blog\/#\/schema\/person\/19a90b892230b8e0ec752704ddf4aa10"},"headline":"La radio llevar\u00e1 la web a tu Subaru","datePublished":"2013-01-14T10:32:29+00:00","dateModified":"2020-08-06T09:38:09+00:00","mainEntityOfPage":{"@id":"https:\/\/www.subaru.es\/blog\/nuestra-marca\/la-radio-llevara-la-web-a-tu-subaru\/"},"wordCount":297,"commentCount":1,"publisher":{"@id":"https:\/\/www.subaru.es\/blog\/#organization"},"image":{"@id":"https:\/\/www.subaru.es\/blog\/nuestra-marca\/la-radio-llevara-la-web-a-tu-subaru\/#primaryimage"},"thumbnailUrl":"https:\/\/www.subaru.es\/blog\/wp-content\/uploads\/2012\/01\/ahasubarubrzpressshotdantetktk.jpg","keywords":["Aha Radio","CES","CES 2012","internet","subaru america"],"articleSection":["Nuestra marca"],"inLanguage":"es","potentialAction":[{"@type":"CommentAction","name":"Comment","target":["https:\/\/www.subaru.es\/blog\/nuestra-marca\/la-radio-llevara-la-web-a-tu-subaru\/#respond"]}]},{"@type":"WebPage","@id":"https:\/\/www.subaru.es\/blog\/nuestra-marca\/la-radio-llevara-la-web-a-tu-subaru\/","url":"https:\/\/www.subaru.es\/blog\/nuestra-marca\/la-radio-llevara-la-web-a-tu-subaru\/","name":"La radio llevar\u00e1 la web a tu Subaru - Universo Subaru","isPartOf":{"@id":"https:\/\/www.subaru.es\/blog\/#website"},"primaryImageOfPage":{"@id":"https:\/\/www.subaru.es\/blog\/nuestra-marca\/la-radio-llevara-la-web-a-tu-subaru\/#primaryimage"},"image":{"@id":"https:\/\/www.subaru.es\/blog\/nuestra-marca\/la-radio-llevara-la-web-a-tu-subaru\/#primaryimage"},"thumbnailUrl":"https:\/\/www.subaru.es\/blog\/wp-content\/uploads\/2012\/01\/ahasubarubrzpressshotdantetktk.jpg","datePublished":"2013-01-14T10:32:29+00:00","dateModified":"2020-08-06T09:38:09+00:00","breadcrumb":{"@id":"https:\/\/www.subaru.es\/blog\/nuestra-marca\/la-radio-llevara-la-web-a-tu-subaru\/#breadcrumb"},"inLanguage":"es","potentialAction":[{"@type":"ReadAction","target":["https:\/\/www.subaru.es\/blog\/nuestra-marca\/la-radio-llevara-la-web-a-tu-subaru\/"]}]},{"@type":"ImageObject","inLanguage":"es","@id":"https:\/\/www.subaru.es\/blog\/nuestra-marca\/la-radio-llevara-la-web-a-tu-subaru\/#primaryimage","url":"https:\/\/www.subaru.es\/blog\/wp-content\/uploads\/2012\/01\/ahasubarubrzpressshotdantetktk.jpg","contentUrl":"https:\/\/www.subaru.es\/blog\/wp-content\/uploads\/2012\/01\/ahasubarubrzpressshotdantetktk.jpg","width":500,"height":288,"caption":"Aha Subaru"},{"@type":"BreadcrumbList","@id":"https:\/\/www.subaru.es\/blog\/nuestra-marca\/la-radio-llevara-la-web-a-tu-subaru\/#breadcrumb","itemListElement":[{"@type":"ListItem","position":1,"name":"Portada","item":"https:\/\/www.subaru.es\/blog\/"},{"@type":"ListItem","position":2,"name":"La radio llevar\u00e1 la web a tu Subaru"}]},{"@type":"WebSite","@id":"https:\/\/www.subaru.es\/blog\/#website","url":"https:\/\/www.subaru.es\/blog\/","name":"Universo Subaru","description":"Descubre este apasionante espacio de Subaru donde vas a conocer todo sobre nuestros coches y las experiencias que vivimos con ellos. Si est\u00e1s preparado para dejarte seducir por la filosof\u00eda Subaru, qu\u00e9date con nosotros.","publisher":{"@id":"https:\/\/www.subaru.es\/blog\/#organization"},"potentialAction":[{"@type":"SearchAction","target":{"@type":"EntryPoint","urlTemplate":"https:\/\/www.subaru.es\/blog\/?s={search_term_string}"},"query-input":{"@type":"PropertyValueSpecification","valueRequired":true,"valueName":"search_term_string"}}],"inLanguage":"es"},{"@type":"Organization","@id":"https:\/\/www.subaru.es\/blog\/#organization","name":"Subaru Espa\u00f1a S.A.","url":"https:\/\/www.subaru.es\/blog\/","logo":{"@type":"ImageObject","inLanguage":"es","@id":"https:\/\/www.subaru.es\/blog\/#\/schema\/logo\/image\/","url":"https:\/\/www.subaru.es\/blog\/wp-content\/uploads\/2016\/12\/Logo-Subaru-TypeV_C300-scaled.jpg","contentUrl":"https:\/\/www.subaru.es\/blog\/wp-content\/uploads\/2016\/12\/Logo-Subaru-TypeV_C300-scaled.jpg","width":2560,"height":1864,"caption":"Subaru Espa\u00f1a S.A."},"image":{"@id":"https:\/\/www.subaru.es\/blog\/#\/schema\/logo\/image\/"},"sameAs":["https:\/\/www.facebook.com\/subaruespana","https:\/\/www.instagram.com\/subarues\/","https:\/\/www.youtube.com\/user\/subaruespana"]},{"@type":"Person","@id":"https:\/\/www.subaru.es\/blog\/#\/schema\/person\/19a90b892230b8e0ec752704ddf4aa10","name":"Subaru","url":"https:\/\/www.subaru.es\/blog\/author\/subaria\/"}]}},"_links":{"self":[{"href":"https:\/\/www.subaru.es\/blog\/wp-json\/wp\/v2\/posts\/6100","targetHints":{"allow":["GET"]}}],"collection":[{"href":"https:\/\/www.subaru.es\/blog\/wp-json\/wp\/v2\/posts"}],"about":[{"href":"https:\/\/www.subaru.es\/blog\/wp-json\/wp\/v2\/types\/post"}],"author":[{"embeddable":true,"href":"https:\/\/www.subaru.es\/blog\/wp-json\/wp\/v2\/users\/21"}],"replies":[{"embeddable":true,"href":"https:\/\/www.subaru.es\/blog\/wp-json\/wp\/v2\/comments?post=6100"}],"version-history":[{"count":2,"href":"https:\/\/www.subaru.es\/blog\/wp-json\/wp\/v2\/posts\/6100\/revisions"}],"predecessor-version":[{"id":22100,"href":"https:\/\/www.subaru.es\/blog\/wp-json\/wp\/v2\/posts\/6100\/revisions\/22100"}],"wp:featuredmedia":[{"embeddable":true,"href":"https:\/\/www.subaru.es\/blog\/wp-json\/wp\/v2\/media\/6101"}],"wp:attachment":[{"href":"https:\/\/www.subaru.es\/blog\/wp-json\/wp\/v2\/media?parent=6100"}],"wp:term":[{"taxonomy":"category","embeddable":true,"href":"https:\/\/www.subaru.es\/blog\/wp-json\/wp\/v2\/categories?post=6100"},{"taxonomy":"post_tag","embeddable":true,"href":"https:\/\/www.subaru.es\/blog\/wp-json\/wp\/v2\/tags?post=6100"}],"curies":[{"name":"wp","href":"https:\/\/api.w.org\/{rel}","templated":true}]}}