{"id":6035,"date":"2012-01-04T18:30:33","date_gmt":"2012-01-04T16:30:33","guid":{"rendered":"http:\/\/subaru.preproduccion.com\/blog\/?p=6035"},"modified":"2020-08-06T11:39:06","modified_gmt":"2020-08-06T09:39:06","slug":"un-ano-mas-subaru-en-el-dakar-2012","status":"publish","type":"post","link":"https:\/\/www.subaru.es\/blog\/nuestra-marca\/un-ano-mas-subaru-en-el-dakar-2012\/","title":{"rendered":"Un a\u00f1o m\u00e1s, Subaru en el Dakar 2012"},"content":{"rendered":"<p><center><a href=\"https:\/\/www.subaru.es\/blog\/wp-content\/uploads\/2012\/01\/dakar2012.jpg\"><img decoding=\"async\" class=\"alignnone size-full wp-image-6036 lazyload\" title=\"dakar2012\" data-src=\"https:\/\/www.subaru.es\/blog\/wp-content\/uploads\/2012\/01\/dakar2012.jpg\" alt=\"\" width=\"500\" height=\"333\" src=\"data:image\/svg+xml;base64,PHN2ZyB3aWR0aD0iMSIgaGVpZ2h0PSIxIiB4bWxucz0iaHR0cDovL3d3dy53My5vcmcvMjAwMC9zdmciPjwvc3ZnPg==\" style=\"--smush-placeholder-width: 500px; --smush-placeholder-aspect-ratio: 500\/333;\" \/><\/a><\/Center><\/p>\n<p><a href=\"https:\/\/www.subaru.es\/blog\/wp-content\/uploads\/2012\/01\/dakar2012.jpg\"><\/a>El <strong>Dakar 2012 <\/strong>lleva ya unos d\u00edas deleitando a todos los amantes de las carreras de coches, y la verdad es que Subaru no lo est\u00e1 haciendo nada mal. Partimos con dos pilotos, el boliviano <a href=\"http:\/\/www.dakar.com\/dakar\/2012\/es\/piloto\/442.html\" target=\"_blank\" rel=\"noopener noreferrer\">Gustavo de Rada<\/a> y el argentino <a href=\"http:\/\/www.dakar.com\/dakar\/2012\/es\/piloto\/369.html\" target=\"_blank\" rel=\"noopener noreferrer\">Francisco Jos\u00e9 Garc\u00eda<\/a>, ambos con un Forester. Y aunque De Rada no pas\u00f3 de la primera etapa,<strong> Francisco Jos\u00e9 Garc\u00eda est\u00e1 logrando unas posiciones muy buenas<\/strong>, subiendo poco a poco en la general.<\/p>\n<p>El piloto argentino tiene como referencia<a href=\"https:\/\/www.subaru.es\/blog\/subaru\/subaru-en-el-dakar-2011\/\" target=\"_blank\" rel=\"noopener noreferrer\"> la actuaci\u00f3n de Lucio \u00c1lvarez el a\u00f1o pasado<\/a>, que <strong>termin\u00f3 en el puesto 15 en la general<\/strong>. \u00bfLograr\u00e1 quedar igual o mejor? \u00a1Esperemos que s\u00ed!<\/p>\n<p>\u00bfPor d\u00f3nde est\u00e1 teniendo que conducir Francisco Jos\u00e9 Garc\u00eda su <a href=\"http:\/\/www.km77.com\/00\/subaru\/forester\/t01.asp\" target=\"_blank\" rel=\"noopener noreferrer\">Forester<\/a> en esta edici\u00f3n del <a href=\"http:\/\/www.tododakar.com\/\" target=\"_blank\" rel=\"noopener noreferrer\">rally de los rallies<\/a>? Le toca atravesar Am\u00e9rica del Sur, <strong>del Atl\u00e1ntico al Pac\u00edfico, cruzando Argentina, Chile y Per\u00fa<\/strong>. Es decir, mucha arena y muchas dunas, algunas de ellas (como las del desierto de Atacama) de unas dimensiones realmente impresionantes.<\/p>\n<p><strong>\u00a1Y todav\u00eda nos queda bastante Dakar 2012 por delante! <\/strong>\u00bfC\u00f3mo acabar\u00e1 la carrera nuestro piloto? Desde aqu\u00ed le deseamos toda la suerte del mundo.<\/p>\n","protected":false},"excerpt":{"rendered":"<p>El Dakar 2012 lleva ya unos d\u00edas deleitando a todos los amantes de las carreras de coches, y la verdad es que Subaru no lo est\u00e1 haciendo nada mal. Partimos con dos pilotos, el boliviano Gustavo de Rada y el argentino Francisco Jos\u00e9 Garc\u00eda, ambos con un Forester. Y aunque De Rada no pas\u00f3 de [&hellip;]<\/p>\n","protected":false},"author":21,"featured_media":6036,"comment_status":"open","ping_status":"open","sticky":false,"template":"","format":"standard","meta":{"_acf_changed":false,"_eb_attr":"","inline_featured_image":false,"footnotes":""},"categories":[4401],"tags":[2730,3756,3757,43,491],"class_list":["post-6035","post","type-post","status-publish","format-standard","has-post-thumbnail","hentry","category-nuestra-marca","tag-dakar","tag-dakar-2012","tag-francisco-jose-garcia","tag-rally","tag-subaru-forester"],"acf":[],"yoast_head":"<!-- This site is optimized with the Yoast SEO plugin v27.3 - https:\/\/yoast.com\/product\/yoast-seo-wordpress\/ -->\n<title>Un a\u00f1o m\u00e1s, Subaru en el Dakar 2012 - Universo Subaru<\/title>\n<meta name=\"robots\" content=\"index, follow, max-snippet:-1, max-image-preview:large, max-video-preview:-1\" \/>\n<link rel=\"canonical\" href=\"https:\/\/www.subaru.es\/blog\/nuestra-marca\/un-ano-mas-subaru-en-el-dakar-2012\/\" \/>\n<meta property=\"og:locale\" content=\"es_ES\" \/>\n<meta property=\"og:type\" content=\"article\" \/>\n<meta property=\"og:title\" content=\"Un a\u00f1o m\u00e1s, Subaru en el Dakar 2012 - Universo Subaru\" \/>\n<meta property=\"og:description\" content=\"El Dakar 2012 lleva ya unos d\u00edas deleitando a todos los amantes de las carreras de coches, y la verdad es que Subaru no lo est\u00e1 haciendo nada mal. Partimos con dos pilotos, el boliviano Gustavo de Rada y el argentino Francisco Jos\u00e9 Garc\u00eda, ambos con un Forester. Y aunque De Rada no pas\u00f3 de [&hellip;]\" \/>\n<meta property=\"og:url\" content=\"https:\/\/www.subaru.es\/blog\/nuestra-marca\/un-ano-mas-subaru-en-el-dakar-2012\/\" \/>\n<meta property=\"og:site_name\" content=\"Universo Subaru\" \/>\n<meta property=\"article:publisher\" content=\"https:\/\/www.facebook.com\/subaruespana\" \/>\n<meta property=\"article:published_time\" content=\"2012-01-04T16:30:33+00:00\" \/>\n<meta property=\"article:modified_time\" content=\"2020-08-06T09:39:06+00:00\" \/>\n<meta property=\"og:image\" content=\"https:\/\/www.subaru.es\/blog\/wp-content\/uploads\/2012\/01\/dakar2012.jpg\" \/>\n\t<meta property=\"og:image:width\" content=\"500\" \/>\n\t<meta property=\"og:image:height\" content=\"333\" \/>\n\t<meta property=\"og:image:type\" content=\"image\/jpeg\" \/>\n<meta name=\"author\" content=\"Subaru\" \/>\n<meta name=\"twitter:card\" content=\"summary_large_image\" \/>\n<meta name=\"twitter:label1\" content=\"Escrito por\" \/>\n\t<meta name=\"twitter:data1\" content=\"Subaru\" \/>\n\t<meta name=\"twitter:label2\" content=\"Tiempo de lectura\" \/>\n\t<meta name=\"twitter:data2\" content=\"1 minuto\" \/>\n<script type=\"application\/ld+json\" class=\"yoast-schema-graph\">{\"@context\":\"https:\\\/\\\/schema.org\",\"@graph\":[{\"@type\":\"Article\",\"@id\":\"https:\\\/\\\/www.subaru.es\\\/blog\\\/nuestra-marca\\\/un-ano-mas-subaru-en-el-dakar-2012\\\/#article\",\"isPartOf\":{\"@id\":\"https:\\\/\\\/www.subaru.es\\\/blog\\\/nuestra-marca\\\/un-ano-mas-subaru-en-el-dakar-2012\\\/\"},\"author\":{\"name\":\"Subaru\",\"@id\":\"https:\\\/\\\/www.subaru.es\\\/blog\\\/#\\\/schema\\\/person\\\/19a90b892230b8e0ec752704ddf4aa10\"},\"headline\":\"Un a\u00f1o m\u00e1s, Subaru en el Dakar 2012\",\"datePublished\":\"2012-01-04T16:30:33+00:00\",\"dateModified\":\"2020-08-06T09:39:06+00:00\",\"mainEntityOfPage\":{\"@id\":\"https:\\\/\\\/www.subaru.es\\\/blog\\\/nuestra-marca\\\/un-ano-mas-subaru-en-el-dakar-2012\\\/\"},\"wordCount\":203,\"commentCount\":0,\"publisher\":{\"@id\":\"https:\\\/\\\/www.subaru.es\\\/blog\\\/#organization\"},\"image\":{\"@id\":\"https:\\\/\\\/www.subaru.es\\\/blog\\\/nuestra-marca\\\/un-ano-mas-subaru-en-el-dakar-2012\\\/#primaryimage\"},\"thumbnailUrl\":\"https:\\\/\\\/www.subaru.es\\\/blog\\\/wp-content\\\/uploads\\\/2012\\\/01\\\/dakar2012.jpg\",\"keywords\":[\"Dakar\",\"Dakar 2012\",\"Francisco Jos\u00e9 Garc\u00eda\",\"rally\",\"subaru forester\"],\"articleSection\":[\"Nuestra marca\"],\"inLanguage\":\"es\",\"potentialAction\":[{\"@type\":\"CommentAction\",\"name\":\"Comment\",\"target\":[\"https:\\\/\\\/www.subaru.es\\\/blog\\\/nuestra-marca\\\/un-ano-mas-subaru-en-el-dakar-2012\\\/#respond\"]}]},{\"@type\":\"WebPage\",\"@id\":\"https:\\\/\\\/www.subaru.es\\\/blog\\\/nuestra-marca\\\/un-ano-mas-subaru-en-el-dakar-2012\\\/\",\"url\":\"https:\\\/\\\/www.subaru.es\\\/blog\\\/nuestra-marca\\\/un-ano-mas-subaru-en-el-dakar-2012\\\/\",\"name\":\"Un a\u00f1o m\u00e1s, Subaru en el Dakar 2012 - Universo Subaru\",\"isPartOf\":{\"@id\":\"https:\\\/\\\/www.subaru.es\\\/blog\\\/#website\"},\"primaryImageOfPage\":{\"@id\":\"https:\\\/\\\/www.subaru.es\\\/blog\\\/nuestra-marca\\\/un-ano-mas-subaru-en-el-dakar-2012\\\/#primaryimage\"},\"image\":{\"@id\":\"https:\\\/\\\/www.subaru.es\\\/blog\\\/nuestra-marca\\\/un-ano-mas-subaru-en-el-dakar-2012\\\/#primaryimage\"},\"thumbnailUrl\":\"https:\\\/\\\/www.subaru.es\\\/blog\\\/wp-content\\\/uploads\\\/2012\\\/01\\\/dakar2012.jpg\",\"datePublished\":\"2012-01-04T16:30:33+00:00\",\"dateModified\":\"2020-08-06T09:39:06+00:00\",\"breadcrumb\":{\"@id\":\"https:\\\/\\\/www.subaru.es\\\/blog\\\/nuestra-marca\\\/un-ano-mas-subaru-en-el-dakar-2012\\\/#breadcrumb\"},\"inLanguage\":\"es\",\"potentialAction\":[{\"@type\":\"ReadAction\",\"target\":[\"https:\\\/\\\/www.subaru.es\\\/blog\\\/nuestra-marca\\\/un-ano-mas-subaru-en-el-dakar-2012\\\/\"]}]},{\"@type\":\"ImageObject\",\"inLanguage\":\"es\",\"@id\":\"https:\\\/\\\/www.subaru.es\\\/blog\\\/nuestra-marca\\\/un-ano-mas-subaru-en-el-dakar-2012\\\/#primaryimage\",\"url\":\"https:\\\/\\\/www.subaru.es\\\/blog\\\/wp-content\\\/uploads\\\/2012\\\/01\\\/dakar2012.jpg\",\"contentUrl\":\"https:\\\/\\\/www.subaru.es\\\/blog\\\/wp-content\\\/uploads\\\/2012\\\/01\\\/dakar2012.jpg\",\"width\":500,\"height\":333},{\"@type\":\"BreadcrumbList\",\"@id\":\"https:\\\/\\\/www.subaru.es\\\/blog\\\/nuestra-marca\\\/un-ano-mas-subaru-en-el-dakar-2012\\\/#breadcrumb\",\"itemListElement\":[{\"@type\":\"ListItem\",\"position\":1,\"name\":\"Portada\",\"item\":\"https:\\\/\\\/www.subaru.es\\\/blog\\\/\"},{\"@type\":\"ListItem\",\"position\":2,\"name\":\"Un a\u00f1o m\u00e1s, Subaru en el Dakar 2012\"}]},{\"@type\":\"WebSite\",\"@id\":\"https:\\\/\\\/www.subaru.es\\\/blog\\\/#website\",\"url\":\"https:\\\/\\\/www.subaru.es\\\/blog\\\/\",\"name\":\"Universo Subaru\",\"description\":\"Descubre este apasionante espacio de Subaru donde vas a conocer todo sobre nuestros coches y las experiencias que vivimos con ellos. Si est\u00e1s preparado para dejarte seducir por la filosof\u00eda Subaru, qu\u00e9date con nosotros.\",\"publisher\":{\"@id\":\"https:\\\/\\\/www.subaru.es\\\/blog\\\/#organization\"},\"potentialAction\":[{\"@type\":\"SearchAction\",\"target\":{\"@type\":\"EntryPoint\",\"urlTemplate\":\"https:\\\/\\\/www.subaru.es\\\/blog\\\/?s={search_term_string}\"},\"query-input\":{\"@type\":\"PropertyValueSpecification\",\"valueRequired\":true,\"valueName\":\"search_term_string\"}}],\"inLanguage\":\"es\"},{\"@type\":\"Organization\",\"@id\":\"https:\\\/\\\/www.subaru.es\\\/blog\\\/#organization\",\"name\":\"Subaru Espa\u00f1a S.A.\",\"url\":\"https:\\\/\\\/www.subaru.es\\\/blog\\\/\",\"logo\":{\"@type\":\"ImageObject\",\"inLanguage\":\"es\",\"@id\":\"https:\\\/\\\/www.subaru.es\\\/blog\\\/#\\\/schema\\\/logo\\\/image\\\/\",\"url\":\"https:\\\/\\\/www.subaru.es\\\/blog\\\/wp-content\\\/uploads\\\/2016\\\/12\\\/Logo-Subaru-TypeV_C300-scaled.jpg\",\"contentUrl\":\"https:\\\/\\\/www.subaru.es\\\/blog\\\/wp-content\\\/uploads\\\/2016\\\/12\\\/Logo-Subaru-TypeV_C300-scaled.jpg\",\"width\":2560,\"height\":1864,\"caption\":\"Subaru Espa\u00f1a S.A.\"},\"image\":{\"@id\":\"https:\\\/\\\/www.subaru.es\\\/blog\\\/#\\\/schema\\\/logo\\\/image\\\/\"},\"sameAs\":[\"https:\\\/\\\/www.facebook.com\\\/subaruespana\",\"https:\\\/\\\/www.instagram.com\\\/subarues\\\/\",\"https:\\\/\\\/www.youtube.com\\\/user\\\/subaruespana\"]},{\"@type\":\"Person\",\"@id\":\"https:\\\/\\\/www.subaru.es\\\/blog\\\/#\\\/schema\\\/person\\\/19a90b892230b8e0ec752704ddf4aa10\",\"name\":\"Subaru\",\"url\":\"https:\\\/\\\/www.subaru.es\\\/blog\\\/author\\\/subaria\\\/\"}]}<\/script>\n<!-- \/ Yoast SEO plugin. -->","yoast_head_json":{"title":"Un a\u00f1o m\u00e1s, Subaru en el Dakar 2012 - Universo Subaru","robots":{"index":"index","follow":"follow","max-snippet":"max-snippet:-1","max-image-preview":"max-image-preview:large","max-video-preview":"max-video-preview:-1"},"canonical":"https:\/\/www.subaru.es\/blog\/nuestra-marca\/un-ano-mas-subaru-en-el-dakar-2012\/","og_locale":"es_ES","og_type":"article","og_title":"Un a\u00f1o m\u00e1s, Subaru en el Dakar 2012 - Universo Subaru","og_description":"El Dakar 2012 lleva ya unos d\u00edas deleitando a todos los amantes de las carreras de coches, y la verdad es que Subaru no lo est\u00e1 haciendo nada mal. Partimos con dos pilotos, el boliviano Gustavo de Rada y el argentino Francisco Jos\u00e9 Garc\u00eda, ambos con un Forester. Y aunque De Rada no pas\u00f3 de [&hellip;]","og_url":"https:\/\/www.subaru.es\/blog\/nuestra-marca\/un-ano-mas-subaru-en-el-dakar-2012\/","og_site_name":"Universo Subaru","article_publisher":"https:\/\/www.facebook.com\/subaruespana","article_published_time":"2012-01-04T16:30:33+00:00","article_modified_time":"2020-08-06T09:39:06+00:00","og_image":[{"width":500,"height":333,"url":"https:\/\/www.subaru.es\/blog\/wp-content\/uploads\/2012\/01\/dakar2012.jpg","type":"image\/jpeg"}],"author":"Subaru","twitter_card":"summary_large_image","twitter_misc":{"Escrito por":"Subaru","Tiempo de lectura":"1 minuto"},"schema":{"@context":"https:\/\/schema.org","@graph":[{"@type":"Article","@id":"https:\/\/www.subaru.es\/blog\/nuestra-marca\/un-ano-mas-subaru-en-el-dakar-2012\/#article","isPartOf":{"@id":"https:\/\/www.subaru.es\/blog\/nuestra-marca\/un-ano-mas-subaru-en-el-dakar-2012\/"},"author":{"name":"Subaru","@id":"https:\/\/www.subaru.es\/blog\/#\/schema\/person\/19a90b892230b8e0ec752704ddf4aa10"},"headline":"Un a\u00f1o m\u00e1s, Subaru en el Dakar 2012","datePublished":"2012-01-04T16:30:33+00:00","dateModified":"2020-08-06T09:39:06+00:00","mainEntityOfPage":{"@id":"https:\/\/www.subaru.es\/blog\/nuestra-marca\/un-ano-mas-subaru-en-el-dakar-2012\/"},"wordCount":203,"commentCount":0,"publisher":{"@id":"https:\/\/www.subaru.es\/blog\/#organization"},"image":{"@id":"https:\/\/www.subaru.es\/blog\/nuestra-marca\/un-ano-mas-subaru-en-el-dakar-2012\/#primaryimage"},"thumbnailUrl":"https:\/\/www.subaru.es\/blog\/wp-content\/uploads\/2012\/01\/dakar2012.jpg","keywords":["Dakar","Dakar 2012","Francisco Jos\u00e9 Garc\u00eda","rally","subaru forester"],"articleSection":["Nuestra marca"],"inLanguage":"es","potentialAction":[{"@type":"CommentAction","name":"Comment","target":["https:\/\/www.subaru.es\/blog\/nuestra-marca\/un-ano-mas-subaru-en-el-dakar-2012\/#respond"]}]},{"@type":"WebPage","@id":"https:\/\/www.subaru.es\/blog\/nuestra-marca\/un-ano-mas-subaru-en-el-dakar-2012\/","url":"https:\/\/www.subaru.es\/blog\/nuestra-marca\/un-ano-mas-subaru-en-el-dakar-2012\/","name":"Un a\u00f1o m\u00e1s, Subaru en el Dakar 2012 - Universo Subaru","isPartOf":{"@id":"https:\/\/www.subaru.es\/blog\/#website"},"primaryImageOfPage":{"@id":"https:\/\/www.subaru.es\/blog\/nuestra-marca\/un-ano-mas-subaru-en-el-dakar-2012\/#primaryimage"},"image":{"@id":"https:\/\/www.subaru.es\/blog\/nuestra-marca\/un-ano-mas-subaru-en-el-dakar-2012\/#primaryimage"},"thumbnailUrl":"https:\/\/www.subaru.es\/blog\/wp-content\/uploads\/2012\/01\/dakar2012.jpg","datePublished":"2012-01-04T16:30:33+00:00","dateModified":"2020-08-06T09:39:06+00:00","breadcrumb":{"@id":"https:\/\/www.subaru.es\/blog\/nuestra-marca\/un-ano-mas-subaru-en-el-dakar-2012\/#breadcrumb"},"inLanguage":"es","potentialAction":[{"@type":"ReadAction","target":["https:\/\/www.subaru.es\/blog\/nuestra-marca\/un-ano-mas-subaru-en-el-dakar-2012\/"]}]},{"@type":"ImageObject","inLanguage":"es","@id":"https:\/\/www.subaru.es\/blog\/nuestra-marca\/un-ano-mas-subaru-en-el-dakar-2012\/#primaryimage","url":"https:\/\/www.subaru.es\/blog\/wp-content\/uploads\/2012\/01\/dakar2012.jpg","contentUrl":"https:\/\/www.subaru.es\/blog\/wp-content\/uploads\/2012\/01\/dakar2012.jpg","width":500,"height":333},{"@type":"BreadcrumbList","@id":"https:\/\/www.subaru.es\/blog\/nuestra-marca\/un-ano-mas-subaru-en-el-dakar-2012\/#breadcrumb","itemListElement":[{"@type":"ListItem","position":1,"name":"Portada","item":"https:\/\/www.subaru.es\/blog\/"},{"@type":"ListItem","position":2,"name":"Un a\u00f1o m\u00e1s, Subaru en el Dakar 2012"}]},{"@type":"WebSite","@id":"https:\/\/www.subaru.es\/blog\/#website","url":"https:\/\/www.subaru.es\/blog\/","name":"Universo Subaru","description":"Descubre este apasionante espacio de Subaru donde vas a conocer todo sobre nuestros coches y las experiencias que vivimos con ellos. Si est\u00e1s preparado para dejarte seducir por la filosof\u00eda Subaru, qu\u00e9date con nosotros.","publisher":{"@id":"https:\/\/www.subaru.es\/blog\/#organization"},"potentialAction":[{"@type":"SearchAction","target":{"@type":"EntryPoint","urlTemplate":"https:\/\/www.subaru.es\/blog\/?s={search_term_string}"},"query-input":{"@type":"PropertyValueSpecification","valueRequired":true,"valueName":"search_term_string"}}],"inLanguage":"es"},{"@type":"Organization","@id":"https:\/\/www.subaru.es\/blog\/#organization","name":"Subaru Espa\u00f1a S.A.","url":"https:\/\/www.subaru.es\/blog\/","logo":{"@type":"ImageObject","inLanguage":"es","@id":"https:\/\/www.subaru.es\/blog\/#\/schema\/logo\/image\/","url":"https:\/\/www.subaru.es\/blog\/wp-content\/uploads\/2016\/12\/Logo-Subaru-TypeV_C300-scaled.jpg","contentUrl":"https:\/\/www.subaru.es\/blog\/wp-content\/uploads\/2016\/12\/Logo-Subaru-TypeV_C300-scaled.jpg","width":2560,"height":1864,"caption":"Subaru Espa\u00f1a S.A."},"image":{"@id":"https:\/\/www.subaru.es\/blog\/#\/schema\/logo\/image\/"},"sameAs":["https:\/\/www.facebook.com\/subaruespana","https:\/\/www.instagram.com\/subarues\/","https:\/\/www.youtube.com\/user\/subaruespana"]},{"@type":"Person","@id":"https:\/\/www.subaru.es\/blog\/#\/schema\/person\/19a90b892230b8e0ec752704ddf4aa10","name":"Subaru","url":"https:\/\/www.subaru.es\/blog\/author\/subaria\/"}]}},"_links":{"self":[{"href":"https:\/\/www.subaru.es\/blog\/wp-json\/wp\/v2\/posts\/6035","targetHints":{"allow":["GET"]}}],"collection":[{"href":"https:\/\/www.subaru.es\/blog\/wp-json\/wp\/v2\/posts"}],"about":[{"href":"https:\/\/www.subaru.es\/blog\/wp-json\/wp\/v2\/types\/post"}],"author":[{"embeddable":true,"href":"https:\/\/www.subaru.es\/blog\/wp-json\/wp\/v2\/users\/21"}],"replies":[{"embeddable":true,"href":"https:\/\/www.subaru.es\/blog\/wp-json\/wp\/v2\/comments?post=6035"}],"version-history":[{"count":2,"href":"https:\/\/www.subaru.es\/blog\/wp-json\/wp\/v2\/posts\/6035\/revisions"}],"predecessor-version":[{"id":22117,"href":"https:\/\/www.subaru.es\/blog\/wp-json\/wp\/v2\/posts\/6035\/revisions\/22117"}],"wp:featuredmedia":[{"embeddable":true,"href":"https:\/\/www.subaru.es\/blog\/wp-json\/wp\/v2\/media\/6036"}],"wp:attachment":[{"href":"https:\/\/www.subaru.es\/blog\/wp-json\/wp\/v2\/media?parent=6035"}],"wp:term":[{"taxonomy":"category","embeddable":true,"href":"https:\/\/www.subaru.es\/blog\/wp-json\/wp\/v2\/categories?post=6035"},{"taxonomy":"post_tag","embeddable":true,"href":"https:\/\/www.subaru.es\/blog\/wp-json\/wp\/v2\/tags?post=6035"}],"curies":[{"name":"wp","href":"https:\/\/api.w.org\/{rel}","templated":true}]}}