{"id":5972,"date":"2013-03-15T14:45:13","date_gmt":"2013-03-15T12:45:13","guid":{"rendered":"http:\/\/subaru.preproduccion.com\/blog\/?p=5972"},"modified":"2020-08-06T11:02:49","modified_gmt":"2020-08-06T09:02:49","slug":"las-15-carreteras-mas-chulas-del-mundo","status":"publish","type":"post","link":"https:\/\/www.subaru.es\/blog\/subaru-lifestyle\/las-15-carreteras-mas-chulas-del-mundo\/","title":{"rendered":"Las 15 carreteras m\u00e1s chulas del mundo"},"content":{"rendered":"<p><img decoding=\"async\" data-src=\"https:\/\/www.subaru.es\/blog\/wp-content\/uploads\/2011\/12\/trollstigen02.jpg\" alt=\"\" title=\"trollstigen02\" width=\"600\" height=\"400\" class=\"aligncenter size-full wp-image-5996 lazyload\" data-srcset=\"https:\/\/www.subaru.es\/blog\/wp-content\/uploads\/2011\/12\/trollstigen02.jpg 600w, https:\/\/www.subaru.es\/blog\/wp-content\/uploads\/2011\/12\/trollstigen02-560x373.jpg 560w\" data-sizes=\"(max-width: 600px) 100vw, 600px\" src=\"data:image\/svg+xml;base64,PHN2ZyB3aWR0aD0iMSIgaGVpZ2h0PSIxIiB4bWxucz0iaHR0cDovL3d3dy53My5vcmcvMjAwMC9zdmciPjwvc3ZnPg==\" style=\"--smush-placeholder-width: 600px; --smush-placeholder-aspect-ratio: 600\/400;\" \/><br \/>\n\u00bfQu\u00e9 ser\u00eda del mundo sin carreteras, y <strong>qu\u00e9 ser\u00eda de las carreteras sin curvas<\/strong>? Nada, ser\u00eda de lo m\u00e1s aburrido, y nosotros en nuestros coches lo que buscamos son curvas. Suelo decir (aunque queda muy pedante) que la conducci\u00f3n es m\u00e1s placentera cuantas m\u00e1s curvas nos encontremos por el camino. No lo es si solo tenemos largas autov\u00edas sobre las que circulamos a velocidades de crucero. <strong>Si hay curvas hay alegr\u00eda<\/strong>, y a pesar de que es una frase que sirve para muchos otros \u00e1mbitos, en las carreteras sirve para disfrutar al m\u00e1ximo de la conducci\u00f3n.<\/p>\n<p>Para que disfrutemos tan solo con mirar, hoy os traigo algunas de <strong>las carreteras m\u00e1s interesantes, chulas, emocionantes y deseables del mundo<\/strong>. Es un compendio de lo mejor de todos los pa\u00edses, y ver\u00e9is como conoc\u00e9is algunas de ellas, y las otras las desear\u00e9is. Os mostramos <strong>las que m\u00e1s nos gustan de las 15 carreteras mas espectaculares del mundo<\/strong>.<br \/>\n<!--more--><\/p>\n<h2>Col de Turini, en Francia<\/h2>\n<p><img decoding=\"async\" data-src=\"https:\/\/www.subaru.es\/blog\/wp-content\/uploads\/2011\/12\/coldeturini.jpg\" alt=\"\" title=\"coldeturini\" width=\"600\" height=\"450\" class=\"aligncenter size-full wp-image-5995 lazyload\" data-srcset=\"https:\/\/www.subaru.es\/blog\/wp-content\/uploads\/2011\/12\/coldeturini.jpg 600w, https:\/\/www.subaru.es\/blog\/wp-content\/uploads\/2011\/12\/coldeturini-560x420.jpg 560w\" data-sizes=\"(max-width: 600px) 100vw, 600px\" src=\"data:image\/svg+xml;base64,PHN2ZyB3aWR0aD0iMSIgaGVpZ2h0PSIxIiB4bWxucz0iaHR0cDovL3d3dy53My5vcmcvMjAwMC9zdmciPjwvc3ZnPg==\" style=\"--smush-placeholder-width: 600px; --smush-placeholder-aspect-ratio: 600\/450;\" \/><br \/>\nSi sois aficionados a los rallyes, la sola menci\u00f3n de <strong>Col de Turini<\/strong> os podr\u00e1 la piel de gallina. El m\u00edtico tramo del Rally de Montecarlo es, obviamente, una carretera abierta al tr\u00e1fico que cuenta con<strong> hasta 34 horquillas<\/strong>, y un recorrido flanqueado por un muro y la monta\u00f1a. Es sin duda <strong>una de las carreteras m\u00e1s excitantes de Europa<\/strong> y del mundo, con el aliciente de que aunque la recorras a 50 km\/h te sentir\u00e1s un piloto de rallyes por un momento.<\/p>\n<p>Fotos | <a href=\"http:\/\/www.flickr.com\/photos\/brainmay\/3380573952\/sizes\/z\/in\/photostream\/\">BrianMaY<\/a><\/p>\n<h2>Oberalp Pass, en Suiza<\/h2>\n<p><img decoding=\"async\" data-src=\"https:\/\/www.subaru.es\/blog\/wp-content\/uploads\/2011\/12\/oberalp-pass.jpg\" alt=\"\" title=\"oberalp-pass\" width=\"600\" height=\"348\" class=\"aligncenter size-full wp-image-5992 lazyload\" data-srcset=\"https:\/\/www.subaru.es\/blog\/wp-content\/uploads\/2011\/12\/oberalp-pass.jpg 600w, https:\/\/www.subaru.es\/blog\/wp-content\/uploads\/2011\/12\/oberalp-pass-560x325.jpg 560w\" data-sizes=\"(max-width: 600px) 100vw, 600px\" src=\"data:image\/svg+xml;base64,PHN2ZyB3aWR0aD0iMSIgaGVpZ2h0PSIxIiB4bWxucz0iaHR0cDovL3d3dy53My5vcmcvMjAwMC9zdmciPjwvc3ZnPg==\" style=\"--smush-placeholder-width: 600px; --smush-placeholder-aspect-ratio: 600\/348;\" \/><br \/>\nLos Alpes, como gran cordillera, ofrecen al \u00abdise\u00f1ador de carreteras\u00bb los terrenos m\u00e1s desafiantes, y por tanto lo m\u00e1s natural en esos parajes es que las carreteras est\u00e9n plagadas de curvas. Como veis en la fotograf\u00eda se trata de un escenario precioso con una gran cantidad de curvas de todos las formas y para todos los gustos. Imprescindible.<\/p>\n<h2>Trollstigen, la escalera de los trolls en Noruega<\/h2>\n<p><img decoding=\"async\" data-src=\"https:\/\/www.subaru.es\/blog\/wp-content\/uploads\/2011\/12\/trollstigen.jpeg\" alt=\"\" title=\"trollstigen\" width=\"600\" height=\"401\" class=\"aligncenter size-full wp-image-5993 lazyload\" data-srcset=\"https:\/\/www.subaru.es\/blog\/wp-content\/uploads\/2011\/12\/trollstigen.jpeg 600w, https:\/\/www.subaru.es\/blog\/wp-content\/uploads\/2011\/12\/trollstigen-560x374.jpeg 560w\" data-sizes=\"(max-width: 600px) 100vw, 600px\" src=\"data:image\/svg+xml;base64,PHN2ZyB3aWR0aD0iMSIgaGVpZ2h0PSIxIiB4bWxucz0iaHR0cDovL3d3dy53My5vcmcvMjAwMC9zdmciPjwvc3ZnPg==\" style=\"--smush-placeholder-width: 600px; --smush-placeholder-aspect-ratio: 600\/401;\" \/><br \/>\nOtro enclave incre\u00edble para abordar curva tras curva, casi sin fin. <strong>En Noruega existe la escalera de los trolls<\/strong>, que no es m\u00e1s que una carretera construida en los a\u00f1os 1930 y que tiene un desnivel medio del 9%, y un buen pu\u00f1ado de horquillas de 180\u00ba por las que circular es un reto. Adem\u00e1s al coronar la cumbre existe un mirador en el que uno puede disfrutar del maravilloso paisaje antes de seguir.<\/p>\n<p>Si quieres ver m\u00e1s, en el enlace del final puedes disfrutar de las 15 carreteras m\u00e1s espectaculares del mundo. <\/p>\n<p>V\u00eda | <a href=\"http:\/\/carsroute.com\/top-15-most-beautiful-roads-in-the-world\/\">Cars Route<\/a><br \/>\nFotos | <a href=\"http:\/\/www.flickr.com\/photos\/23633172@N07\/3007945125\/sizes\/z\/in\/photostream\/\">awiemuc<\/a>, <a href=\"http:\/\/www.flickr.com\/photos\/johanseland\/3727033057\/sizes\/z\/in\/set-72157621442114095\/\">johan.seland<\/a>, <a href=\"http:\/\/www.flickr.com\/photos\/mpk\/3516787986\/sizes\/z\/in\/photostream\/\">Mike Knell<\/a>, <a href=\"http:\/\/www.flickr.com\/photos\/vasile23\/3821884232\/sizes\/z\/in\/photostream\/\">vasile23<\/a><\/p>\n","protected":false},"excerpt":{"rendered":"<p>\u00bfQu\u00e9 ser\u00eda del mundo sin carreteras, y qu\u00e9 ser\u00eda de las carreteras sin curvas? Nada, ser\u00eda de lo m\u00e1s aburrido, y nosotros en nuestros coches lo que buscamos son curvas. Suelo decir (aunque queda muy pedante) que la conducci\u00f3n es m\u00e1s placentera cuantas m\u00e1s curvas nos encontremos por el camino. No lo es si solo [&hellip;]<\/p>\n","protected":false},"author":21,"featured_media":5992,"comment_status":"closed","ping_status":"closed","sticky":false,"template":"","format":"standard","meta":{"_acf_changed":false,"_eb_attr":"","inline_featured_image":false,"footnotes":""},"categories":[4520],"tags":[3747,3748,3751,3749,3750],"class_list":["post-5972","post","type-post","status-publish","format-standard","has-post-thumbnail","hentry","category-subaru-lifestyle","tag-carreteras-espectaculares","tag-col-de-turini","tag-los-alpes","tag-oberalp-pass","tag-trollstigen"],"acf":[],"yoast_head":"<!-- This site is optimized with the Yoast SEO plugin v27.3 - https:\/\/yoast.com\/product\/yoast-seo-wordpress\/ -->\n<title>Las 15 carreteras m\u00e1s chulas del mundo - Universo Subaru<\/title>\n<meta name=\"robots\" content=\"index, follow, max-snippet:-1, max-image-preview:large, max-video-preview:-1\" \/>\n<link rel=\"canonical\" href=\"https:\/\/www.subaru.es\/blog\/subaru-lifestyle\/las-15-carreteras-mas-chulas-del-mundo\/\" \/>\n<meta property=\"og:locale\" content=\"es_ES\" \/>\n<meta property=\"og:type\" content=\"article\" \/>\n<meta property=\"og:title\" content=\"Las 15 carreteras m\u00e1s chulas del mundo - Universo Subaru\" \/>\n<meta property=\"og:description\" content=\"\u00bfQu\u00e9 ser\u00eda del mundo sin carreteras, y qu\u00e9 ser\u00eda de las carreteras sin curvas? Nada, ser\u00eda de lo m\u00e1s aburrido, y nosotros en nuestros coches lo que buscamos son curvas. Suelo decir (aunque queda muy pedante) que la conducci\u00f3n es m\u00e1s placentera cuantas m\u00e1s curvas nos encontremos por el camino. No lo es si solo [&hellip;]\" \/>\n<meta property=\"og:url\" content=\"https:\/\/www.subaru.es\/blog\/subaru-lifestyle\/las-15-carreteras-mas-chulas-del-mundo\/\" \/>\n<meta property=\"og:site_name\" content=\"Universo Subaru\" \/>\n<meta property=\"article:publisher\" content=\"https:\/\/www.facebook.com\/subaruespana\" \/>\n<meta property=\"article:published_time\" content=\"2013-03-15T12:45:13+00:00\" \/>\n<meta property=\"article:modified_time\" content=\"2020-08-06T09:02:49+00:00\" \/>\n<meta property=\"og:image\" content=\"https:\/\/www.subaru.es\/blog\/wp-content\/uploads\/2011\/12\/oberalp-pass.jpg\" \/>\n\t<meta property=\"og:image:width\" content=\"600\" \/>\n\t<meta property=\"og:image:height\" content=\"348\" \/>\n\t<meta property=\"og:image:type\" content=\"image\/jpeg\" \/>\n<meta name=\"author\" content=\"Subaru\" \/>\n<meta name=\"twitter:card\" content=\"summary_large_image\" \/>\n<meta name=\"twitter:label1\" content=\"Escrito por\" \/>\n\t<meta name=\"twitter:data1\" content=\"Subaru\" \/>\n\t<meta name=\"twitter:label2\" content=\"Tiempo de lectura\" \/>\n\t<meta name=\"twitter:data2\" content=\"2 minutos\" \/>\n<script type=\"application\/ld+json\" class=\"yoast-schema-graph\">{\"@context\":\"https:\\\/\\\/schema.org\",\"@graph\":[{\"@type\":\"Article\",\"@id\":\"https:\\\/\\\/www.subaru.es\\\/blog\\\/subaru-lifestyle\\\/las-15-carreteras-mas-chulas-del-mundo\\\/#article\",\"isPartOf\":{\"@id\":\"https:\\\/\\\/www.subaru.es\\\/blog\\\/subaru-lifestyle\\\/las-15-carreteras-mas-chulas-del-mundo\\\/\"},\"author\":{\"name\":\"Subaru\",\"@id\":\"https:\\\/\\\/www.subaru.es\\\/blog\\\/#\\\/schema\\\/person\\\/19a90b892230b8e0ec752704ddf4aa10\"},\"headline\":\"Las 15 carreteras m\u00e1s chulas del mundo\",\"datePublished\":\"2013-03-15T12:45:13+00:00\",\"dateModified\":\"2020-08-06T09:02:49+00:00\",\"mainEntityOfPage\":{\"@id\":\"https:\\\/\\\/www.subaru.es\\\/blog\\\/subaru-lifestyle\\\/las-15-carreteras-mas-chulas-del-mundo\\\/\"},\"wordCount\":455,\"publisher\":{\"@id\":\"https:\\\/\\\/www.subaru.es\\\/blog\\\/#organization\"},\"image\":{\"@id\":\"https:\\\/\\\/www.subaru.es\\\/blog\\\/subaru-lifestyle\\\/las-15-carreteras-mas-chulas-del-mundo\\\/#primaryimage\"},\"thumbnailUrl\":\"https:\\\/\\\/www.subaru.es\\\/blog\\\/wp-content\\\/uploads\\\/2011\\\/12\\\/oberalp-pass.jpg\",\"keywords\":[\"Carreteras espectaculares\",\"Col de Turini\",\"Los Alpes\",\"Oberalp Pass\",\"Trollstigen\"],\"articleSection\":[\"Subaru LifeStyle\"],\"inLanguage\":\"es\"},{\"@type\":\"WebPage\",\"@id\":\"https:\\\/\\\/www.subaru.es\\\/blog\\\/subaru-lifestyle\\\/las-15-carreteras-mas-chulas-del-mundo\\\/\",\"url\":\"https:\\\/\\\/www.subaru.es\\\/blog\\\/subaru-lifestyle\\\/las-15-carreteras-mas-chulas-del-mundo\\\/\",\"name\":\"Las 15 carreteras m\u00e1s chulas del mundo - Universo Subaru\",\"isPartOf\":{\"@id\":\"https:\\\/\\\/www.subaru.es\\\/blog\\\/#website\"},\"primaryImageOfPage\":{\"@id\":\"https:\\\/\\\/www.subaru.es\\\/blog\\\/subaru-lifestyle\\\/las-15-carreteras-mas-chulas-del-mundo\\\/#primaryimage\"},\"image\":{\"@id\":\"https:\\\/\\\/www.subaru.es\\\/blog\\\/subaru-lifestyle\\\/las-15-carreteras-mas-chulas-del-mundo\\\/#primaryimage\"},\"thumbnailUrl\":\"https:\\\/\\\/www.subaru.es\\\/blog\\\/wp-content\\\/uploads\\\/2011\\\/12\\\/oberalp-pass.jpg\",\"datePublished\":\"2013-03-15T12:45:13+00:00\",\"dateModified\":\"2020-08-06T09:02:49+00:00\",\"breadcrumb\":{\"@id\":\"https:\\\/\\\/www.subaru.es\\\/blog\\\/subaru-lifestyle\\\/las-15-carreteras-mas-chulas-del-mundo\\\/#breadcrumb\"},\"inLanguage\":\"es\",\"potentialAction\":[{\"@type\":\"ReadAction\",\"target\":[\"https:\\\/\\\/www.subaru.es\\\/blog\\\/subaru-lifestyle\\\/las-15-carreteras-mas-chulas-del-mundo\\\/\"]}]},{\"@type\":\"ImageObject\",\"inLanguage\":\"es\",\"@id\":\"https:\\\/\\\/www.subaru.es\\\/blog\\\/subaru-lifestyle\\\/las-15-carreteras-mas-chulas-del-mundo\\\/#primaryimage\",\"url\":\"https:\\\/\\\/www.subaru.es\\\/blog\\\/wp-content\\\/uploads\\\/2011\\\/12\\\/oberalp-pass.jpg\",\"contentUrl\":\"https:\\\/\\\/www.subaru.es\\\/blog\\\/wp-content\\\/uploads\\\/2011\\\/12\\\/oberalp-pass.jpg\",\"width\":600,\"height\":348},{\"@type\":\"BreadcrumbList\",\"@id\":\"https:\\\/\\\/www.subaru.es\\\/blog\\\/subaru-lifestyle\\\/las-15-carreteras-mas-chulas-del-mundo\\\/#breadcrumb\",\"itemListElement\":[{\"@type\":\"ListItem\",\"position\":1,\"name\":\"Portada\",\"item\":\"https:\\\/\\\/www.subaru.es\\\/blog\\\/\"},{\"@type\":\"ListItem\",\"position\":2,\"name\":\"Las 15 carreteras m\u00e1s chulas del mundo\"}]},{\"@type\":\"WebSite\",\"@id\":\"https:\\\/\\\/www.subaru.es\\\/blog\\\/#website\",\"url\":\"https:\\\/\\\/www.subaru.es\\\/blog\\\/\",\"name\":\"Universo Subaru\",\"description\":\"Descubre este apasionante espacio de Subaru donde vas a conocer todo sobre nuestros coches y las experiencias que vivimos con ellos. Si est\u00e1s preparado para dejarte seducir por la filosof\u00eda Subaru, qu\u00e9date con nosotros.\",\"publisher\":{\"@id\":\"https:\\\/\\\/www.subaru.es\\\/blog\\\/#organization\"},\"potentialAction\":[{\"@type\":\"SearchAction\",\"target\":{\"@type\":\"EntryPoint\",\"urlTemplate\":\"https:\\\/\\\/www.subaru.es\\\/blog\\\/?s={search_term_string}\"},\"query-input\":{\"@type\":\"PropertyValueSpecification\",\"valueRequired\":true,\"valueName\":\"search_term_string\"}}],\"inLanguage\":\"es\"},{\"@type\":\"Organization\",\"@id\":\"https:\\\/\\\/www.subaru.es\\\/blog\\\/#organization\",\"name\":\"Subaru Espa\u00f1a S.A.\",\"url\":\"https:\\\/\\\/www.subaru.es\\\/blog\\\/\",\"logo\":{\"@type\":\"ImageObject\",\"inLanguage\":\"es\",\"@id\":\"https:\\\/\\\/www.subaru.es\\\/blog\\\/#\\\/schema\\\/logo\\\/image\\\/\",\"url\":\"https:\\\/\\\/www.subaru.es\\\/blog\\\/wp-content\\\/uploads\\\/2016\\\/12\\\/Logo-Subaru-TypeV_C300-scaled.jpg\",\"contentUrl\":\"https:\\\/\\\/www.subaru.es\\\/blog\\\/wp-content\\\/uploads\\\/2016\\\/12\\\/Logo-Subaru-TypeV_C300-scaled.jpg\",\"width\":2560,\"height\":1864,\"caption\":\"Subaru Espa\u00f1a S.A.\"},\"image\":{\"@id\":\"https:\\\/\\\/www.subaru.es\\\/blog\\\/#\\\/schema\\\/logo\\\/image\\\/\"},\"sameAs\":[\"https:\\\/\\\/www.facebook.com\\\/subaruespana\",\"https:\\\/\\\/www.instagram.com\\\/subarues\\\/\",\"https:\\\/\\\/www.youtube.com\\\/user\\\/subaruespana\"]},{\"@type\":\"Person\",\"@id\":\"https:\\\/\\\/www.subaru.es\\\/blog\\\/#\\\/schema\\\/person\\\/19a90b892230b8e0ec752704ddf4aa10\",\"name\":\"Subaru\",\"url\":\"https:\\\/\\\/www.subaru.es\\\/blog\\\/author\\\/subaria\\\/\"}]}<\/script>\n<!-- \/ Yoast SEO plugin. -->","yoast_head_json":{"title":"Las 15 carreteras m\u00e1s chulas del mundo - Universo Subaru","robots":{"index":"index","follow":"follow","max-snippet":"max-snippet:-1","max-image-preview":"max-image-preview:large","max-video-preview":"max-video-preview:-1"},"canonical":"https:\/\/www.subaru.es\/blog\/subaru-lifestyle\/las-15-carreteras-mas-chulas-del-mundo\/","og_locale":"es_ES","og_type":"article","og_title":"Las 15 carreteras m\u00e1s chulas del mundo - Universo Subaru","og_description":"\u00bfQu\u00e9 ser\u00eda del mundo sin carreteras, y qu\u00e9 ser\u00eda de las carreteras sin curvas? Nada, ser\u00eda de lo m\u00e1s aburrido, y nosotros en nuestros coches lo que buscamos son curvas. Suelo decir (aunque queda muy pedante) que la conducci\u00f3n es m\u00e1s placentera cuantas m\u00e1s curvas nos encontremos por el camino. No lo es si solo [&hellip;]","og_url":"https:\/\/www.subaru.es\/blog\/subaru-lifestyle\/las-15-carreteras-mas-chulas-del-mundo\/","og_site_name":"Universo Subaru","article_publisher":"https:\/\/www.facebook.com\/subaruespana","article_published_time":"2013-03-15T12:45:13+00:00","article_modified_time":"2020-08-06T09:02:49+00:00","og_image":[{"width":600,"height":348,"url":"https:\/\/www.subaru.es\/blog\/wp-content\/uploads\/2011\/12\/oberalp-pass.jpg","type":"image\/jpeg"}],"author":"Subaru","twitter_card":"summary_large_image","twitter_misc":{"Escrito por":"Subaru","Tiempo de lectura":"2 minutos"},"schema":{"@context":"https:\/\/schema.org","@graph":[{"@type":"Article","@id":"https:\/\/www.subaru.es\/blog\/subaru-lifestyle\/las-15-carreteras-mas-chulas-del-mundo\/#article","isPartOf":{"@id":"https:\/\/www.subaru.es\/blog\/subaru-lifestyle\/las-15-carreteras-mas-chulas-del-mundo\/"},"author":{"name":"Subaru","@id":"https:\/\/www.subaru.es\/blog\/#\/schema\/person\/19a90b892230b8e0ec752704ddf4aa10"},"headline":"Las 15 carreteras m\u00e1s chulas del mundo","datePublished":"2013-03-15T12:45:13+00:00","dateModified":"2020-08-06T09:02:49+00:00","mainEntityOfPage":{"@id":"https:\/\/www.subaru.es\/blog\/subaru-lifestyle\/las-15-carreteras-mas-chulas-del-mundo\/"},"wordCount":455,"publisher":{"@id":"https:\/\/www.subaru.es\/blog\/#organization"},"image":{"@id":"https:\/\/www.subaru.es\/blog\/subaru-lifestyle\/las-15-carreteras-mas-chulas-del-mundo\/#primaryimage"},"thumbnailUrl":"https:\/\/www.subaru.es\/blog\/wp-content\/uploads\/2011\/12\/oberalp-pass.jpg","keywords":["Carreteras espectaculares","Col de Turini","Los Alpes","Oberalp Pass","Trollstigen"],"articleSection":["Subaru LifeStyle"],"inLanguage":"es"},{"@type":"WebPage","@id":"https:\/\/www.subaru.es\/blog\/subaru-lifestyle\/las-15-carreteras-mas-chulas-del-mundo\/","url":"https:\/\/www.subaru.es\/blog\/subaru-lifestyle\/las-15-carreteras-mas-chulas-del-mundo\/","name":"Las 15 carreteras m\u00e1s chulas del mundo - Universo Subaru","isPartOf":{"@id":"https:\/\/www.subaru.es\/blog\/#website"},"primaryImageOfPage":{"@id":"https:\/\/www.subaru.es\/blog\/subaru-lifestyle\/las-15-carreteras-mas-chulas-del-mundo\/#primaryimage"},"image":{"@id":"https:\/\/www.subaru.es\/blog\/subaru-lifestyle\/las-15-carreteras-mas-chulas-del-mundo\/#primaryimage"},"thumbnailUrl":"https:\/\/www.subaru.es\/blog\/wp-content\/uploads\/2011\/12\/oberalp-pass.jpg","datePublished":"2013-03-15T12:45:13+00:00","dateModified":"2020-08-06T09:02:49+00:00","breadcrumb":{"@id":"https:\/\/www.subaru.es\/blog\/subaru-lifestyle\/las-15-carreteras-mas-chulas-del-mundo\/#breadcrumb"},"inLanguage":"es","potentialAction":[{"@type":"ReadAction","target":["https:\/\/www.subaru.es\/blog\/subaru-lifestyle\/las-15-carreteras-mas-chulas-del-mundo\/"]}]},{"@type":"ImageObject","inLanguage":"es","@id":"https:\/\/www.subaru.es\/blog\/subaru-lifestyle\/las-15-carreteras-mas-chulas-del-mundo\/#primaryimage","url":"https:\/\/www.subaru.es\/blog\/wp-content\/uploads\/2011\/12\/oberalp-pass.jpg","contentUrl":"https:\/\/www.subaru.es\/blog\/wp-content\/uploads\/2011\/12\/oberalp-pass.jpg","width":600,"height":348},{"@type":"BreadcrumbList","@id":"https:\/\/www.subaru.es\/blog\/subaru-lifestyle\/las-15-carreteras-mas-chulas-del-mundo\/#breadcrumb","itemListElement":[{"@type":"ListItem","position":1,"name":"Portada","item":"https:\/\/www.subaru.es\/blog\/"},{"@type":"ListItem","position":2,"name":"Las 15 carreteras m\u00e1s chulas del mundo"}]},{"@type":"WebSite","@id":"https:\/\/www.subaru.es\/blog\/#website","url":"https:\/\/www.subaru.es\/blog\/","name":"Universo Subaru","description":"Descubre este apasionante espacio de Subaru donde vas a conocer todo sobre nuestros coches y las experiencias que vivimos con ellos. Si est\u00e1s preparado para dejarte seducir por la filosof\u00eda Subaru, qu\u00e9date con nosotros.","publisher":{"@id":"https:\/\/www.subaru.es\/blog\/#organization"},"potentialAction":[{"@type":"SearchAction","target":{"@type":"EntryPoint","urlTemplate":"https:\/\/www.subaru.es\/blog\/?s={search_term_string}"},"query-input":{"@type":"PropertyValueSpecification","valueRequired":true,"valueName":"search_term_string"}}],"inLanguage":"es"},{"@type":"Organization","@id":"https:\/\/www.subaru.es\/blog\/#organization","name":"Subaru Espa\u00f1a S.A.","url":"https:\/\/www.subaru.es\/blog\/","logo":{"@type":"ImageObject","inLanguage":"es","@id":"https:\/\/www.subaru.es\/blog\/#\/schema\/logo\/image\/","url":"https:\/\/www.subaru.es\/blog\/wp-content\/uploads\/2016\/12\/Logo-Subaru-TypeV_C300-scaled.jpg","contentUrl":"https:\/\/www.subaru.es\/blog\/wp-content\/uploads\/2016\/12\/Logo-Subaru-TypeV_C300-scaled.jpg","width":2560,"height":1864,"caption":"Subaru Espa\u00f1a S.A."},"image":{"@id":"https:\/\/www.subaru.es\/blog\/#\/schema\/logo\/image\/"},"sameAs":["https:\/\/www.facebook.com\/subaruespana","https:\/\/www.instagram.com\/subarues\/","https:\/\/www.youtube.com\/user\/subaruespana"]},{"@type":"Person","@id":"https:\/\/www.subaru.es\/blog\/#\/schema\/person\/19a90b892230b8e0ec752704ddf4aa10","name":"Subaru","url":"https:\/\/www.subaru.es\/blog\/author\/subaria\/"}]}},"_links":{"self":[{"href":"https:\/\/www.subaru.es\/blog\/wp-json\/wp\/v2\/posts\/5972","targetHints":{"allow":["GET"]}}],"collection":[{"href":"https:\/\/www.subaru.es\/blog\/wp-json\/wp\/v2\/posts"}],"about":[{"href":"https:\/\/www.subaru.es\/blog\/wp-json\/wp\/v2\/types\/post"}],"author":[{"embeddable":true,"href":"https:\/\/www.subaru.es\/blog\/wp-json\/wp\/v2\/users\/21"}],"replies":[{"embeddable":true,"href":"https:\/\/www.subaru.es\/blog\/wp-json\/wp\/v2\/comments?post=5972"}],"version-history":[{"count":1,"href":"https:\/\/www.subaru.es\/blog\/wp-json\/wp\/v2\/posts\/5972\/revisions"}],"predecessor-version":[{"id":16059,"href":"https:\/\/www.subaru.es\/blog\/wp-json\/wp\/v2\/posts\/5972\/revisions\/16059"}],"wp:featuredmedia":[{"embeddable":true,"href":"https:\/\/www.subaru.es\/blog\/wp-json\/wp\/v2\/media\/5992"}],"wp:attachment":[{"href":"https:\/\/www.subaru.es\/blog\/wp-json\/wp\/v2\/media?parent=5972"}],"wp:term":[{"taxonomy":"category","embeddable":true,"href":"https:\/\/www.subaru.es\/blog\/wp-json\/wp\/v2\/categories?post=5972"},{"taxonomy":"post_tag","embeddable":true,"href":"https:\/\/www.subaru.es\/blog\/wp-json\/wp\/v2\/tags?post=5972"}],"curies":[{"name":"wp","href":"https:\/\/api.w.org\/{rel}","templated":true}]}}