{"id":588,"date":"2008-02-13T16:39:46","date_gmt":"2008-02-13T14:39:46","guid":{"rendered":"http:\/\/subaru.preproduccion.com\/blog\/wp-content\/2008\/02\/13\/solberg-comenzo-lider-pero-al-final-no-pudo-ser\/"},"modified":"2020-08-06T11:53:36","modified_gmt":"2020-08-06T09:53:36","slug":"solberg-comenzo-lider-pero-al-final-no-pudo-ser","status":"publish","type":"post","link":"https:\/\/www.subaru.es\/blog\/nuestra-marca\/solberg-comenzo-lider-pero-al-final-no-pudo-ser\/","title":{"rendered":"Solberg comenz\u00f3 l\u00edder, pero al final no pudo ser"},"content":{"rendered":"<p>El <a href=\"https:\/\/www.subaru.es\/blog\/2008\/02\/06\/swrt-rumbo-a-suecia\/\">Rally de Suecia<\/a> comenz\u00f3 dando el mando a <strong>Subaru<\/strong>, gracias al trabajo excepcional de <a href=\"https:\/\/www.subaru.es\/blog\/2008\/02\/07\/tramo-integro-a-bordo-del-impreza-de-solberg\/\">Petter Solberg<\/a>, que hac\u00eda mucho tiempo que no disfrutaba de esta posici\u00f3n de privilegio.<\/p>\n<p><center><img data-src='https:\/\/www.subaru.es\/blog\/wp-content\/uploads\/2008\/02\/solberg-suecia.jpg' alt='Petter Solberg, Subaru Impreza' src='data:image\/svg+xml;base64,PHN2ZyB3aWR0aD0iMSIgaGVpZ2h0PSIxIiB4bWxucz0iaHR0cDovL3d3dy53My5vcmcvMjAwMC9zdmciPjwvc3ZnPg==' class='lazyload' style='--smush-placeholder-width: 452px; --smush-placeholder-aspect-ratio: 452\/141;' \/><\/center><\/p>\n<p>El <strong>Impreza de Solberg<\/strong> lider\u00f3 la segunda prueba de la temporada tras ser el m\u00e1s veloz en la <strong>superespecial inicial<\/strong>, disputada en el hip\u00f3dromo de <a href=\"http:\/\/www.karlstad.se\/eng\/index.shtml\">Karlstad<\/a>, al oeste de <strong>Estocolmo<\/strong>. Sin embargo, un dur\u00edsimo fin de semana termin\u00f3 favoreciendo a sus rivales y Petter termin\u00f3 cuarto.<\/p>\n<blockquote><p>1. Latvala (Ford) 2h46:41.2<br \/>\n 2.  Hirvonen (Ford) +58.3<br \/>\n 3.  Galli (Ford) +2:23.2<br \/>\n<strong> 4.  P Solberg (Subaru) +2:59.4<\/strong><br \/>\n 5.  Mikkelsen (Ford) +5:46.0<br \/>\n 6.  Sordo (Citroen) +7:13.1<br \/>\n 7.  Gardemeister (Suzuki) +10:35.3<br \/>\n 8.  Hanninen (Mitsubishi) +12:27.5<br \/>\n 9.  Ostberg (Subaru) +13:28.5<br \/>\n10.  Ketomaa (Subaru) +13:50.7<\/p><\/blockquote>\n<p>La mala suerte se ceb\u00f3 con el australiano <strong>Chris Atkinson<\/strong>, <a href=\"https:\/\/www.subaru.es\/blog\/2008\/02\/02\/gran-resultado-del-swrt-en-montecarlo\/\">tercer clasificado en Montecarlo<\/a>, que perdi\u00f3 unos segundos valios\u00edsimos cuando se le cal\u00f3 el motor a la salida. Aun as\u00ed, Chris protagoniz\u00f3 una remontada espectacular quedando finalmente en el <strong>21\u00ba puesto<\/strong> y sumando un punto m\u00e1s para Subaru.<\/p>\n","protected":false},"excerpt":{"rendered":"<p>El Rally de Suecia comenz\u00f3 dando el mando a Subaru, gracias al trabajo excepcional de Petter Solberg, que hac\u00eda mucho tiempo que no disfrutaba de esta posici\u00f3n de privilegio. El Impreza de Solberg lider\u00f3 la segunda prueba de la temporada tras ser el m\u00e1s veloz en la superespecial inicial, disputada en el hip\u00f3dromo de Karlstad, [&hellip;]<\/p>\n","protected":false},"author":21,"featured_media":589,"comment_status":"open","ping_status":"open","sticky":false,"template":"","format":"standard","meta":{"_acf_changed":false,"_eb_attr":"","inline_featured_image":false,"footnotes":""},"categories":[4401],"tags":[184,183,43,349,112,151,185],"class_list":["post-588","post","type-post","status-publish","format-standard","has-post-thumbnail","hentry","category-nuestra-marca","tag-lider","tag-petter","tag-rally","tag-rallyes","tag-solberg","tag-suecia","tag-superespecial"],"acf":[],"yoast_head":"<!-- This site is optimized with the Yoast SEO plugin v27.3 - https:\/\/yoast.com\/product\/yoast-seo-wordpress\/ -->\n<title>Solberg comenz\u00f3 l\u00edder, pero al final no pudo ser - Universo Subaru<\/title>\n<meta name=\"robots\" content=\"index, follow, max-snippet:-1, max-image-preview:large, max-video-preview:-1\" \/>\n<link rel=\"canonical\" href=\"https:\/\/www.subaru.es\/blog\/nuestra-marca\/solberg-comenzo-lider-pero-al-final-no-pudo-ser\/\" \/>\n<meta property=\"og:locale\" content=\"es_ES\" \/>\n<meta property=\"og:type\" content=\"article\" \/>\n<meta property=\"og:title\" content=\"Solberg comenz\u00f3 l\u00edder, pero al final no pudo ser - Universo Subaru\" \/>\n<meta property=\"og:description\" content=\"El Rally de Suecia comenz\u00f3 dando el mando a Subaru, gracias al trabajo excepcional de Petter Solberg, que hac\u00eda mucho tiempo que no disfrutaba de esta posici\u00f3n de privilegio. El Impreza de Solberg lider\u00f3 la segunda prueba de la temporada tras ser el m\u00e1s veloz en la superespecial inicial, disputada en el hip\u00f3dromo de Karlstad, [&hellip;]\" \/>\n<meta property=\"og:url\" content=\"https:\/\/www.subaru.es\/blog\/nuestra-marca\/solberg-comenzo-lider-pero-al-final-no-pudo-ser\/\" \/>\n<meta property=\"og:site_name\" content=\"Universo Subaru\" \/>\n<meta property=\"article:publisher\" content=\"https:\/\/www.facebook.com\/subaruespana\" \/>\n<meta property=\"article:published_time\" content=\"2008-02-13T14:39:46+00:00\" \/>\n<meta property=\"article:modified_time\" content=\"2020-08-06T09:53:36+00:00\" \/>\n<meta property=\"og:image\" content=\"https:\/\/www.subaru.es\/blog\/wp-content\/uploads\/2008\/02\/solberg-suecia.jpg\" \/>\n\t<meta property=\"og:image:width\" content=\"452\" \/>\n\t<meta property=\"og:image:height\" content=\"141\" \/>\n\t<meta property=\"og:image:type\" content=\"image\/jpeg\" \/>\n<meta name=\"author\" content=\"Subaru\" \/>\n<meta name=\"twitter:card\" content=\"summary_large_image\" \/>\n<meta name=\"twitter:label1\" content=\"Escrito por\" \/>\n\t<meta name=\"twitter:data1\" content=\"Subaru\" \/>\n\t<meta name=\"twitter:label2\" content=\"Tiempo de lectura\" \/>\n\t<meta name=\"twitter:data2\" content=\"1 minuto\" \/>\n<script type=\"application\/ld+json\" class=\"yoast-schema-graph\">{\"@context\":\"https:\\\/\\\/schema.org\",\"@graph\":[{\"@type\":\"Article\",\"@id\":\"https:\\\/\\\/www.subaru.es\\\/blog\\\/nuestra-marca\\\/solberg-comenzo-lider-pero-al-final-no-pudo-ser\\\/#article\",\"isPartOf\":{\"@id\":\"https:\\\/\\\/www.subaru.es\\\/blog\\\/nuestra-marca\\\/solberg-comenzo-lider-pero-al-final-no-pudo-ser\\\/\"},\"author\":{\"name\":\"Subaru\",\"@id\":\"https:\\\/\\\/www.subaru.es\\\/blog\\\/#\\\/schema\\\/person\\\/19a90b892230b8e0ec752704ddf4aa10\"},\"headline\":\"Solberg comenz\u00f3 l\u00edder, pero al final no pudo ser\",\"datePublished\":\"2008-02-13T14:39:46+00:00\",\"dateModified\":\"2020-08-06T09:53:36+00:00\",\"mainEntityOfPage\":{\"@id\":\"https:\\\/\\\/www.subaru.es\\\/blog\\\/nuestra-marca\\\/solberg-comenzo-lider-pero-al-final-no-pudo-ser\\\/\"},\"wordCount\":161,\"commentCount\":0,\"publisher\":{\"@id\":\"https:\\\/\\\/www.subaru.es\\\/blog\\\/#organization\"},\"image\":{\"@id\":\"https:\\\/\\\/www.subaru.es\\\/blog\\\/nuestra-marca\\\/solberg-comenzo-lider-pero-al-final-no-pudo-ser\\\/#primaryimage\"},\"thumbnailUrl\":\"https:\\\/\\\/www.subaru.es\\\/blog\\\/wp-content\\\/uploads\\\/2008\\\/02\\\/solberg-suecia.jpg\",\"keywords\":[\"l\u00edder\",\"petter\",\"rally\",\"rallyes\",\"solberg\",\"suecia\",\"superespecial\"],\"articleSection\":[\"Nuestra marca\"],\"inLanguage\":\"es\",\"potentialAction\":[{\"@type\":\"CommentAction\",\"name\":\"Comment\",\"target\":[\"https:\\\/\\\/www.subaru.es\\\/blog\\\/nuestra-marca\\\/solberg-comenzo-lider-pero-al-final-no-pudo-ser\\\/#respond\"]}]},{\"@type\":\"WebPage\",\"@id\":\"https:\\\/\\\/www.subaru.es\\\/blog\\\/nuestra-marca\\\/solberg-comenzo-lider-pero-al-final-no-pudo-ser\\\/\",\"url\":\"https:\\\/\\\/www.subaru.es\\\/blog\\\/nuestra-marca\\\/solberg-comenzo-lider-pero-al-final-no-pudo-ser\\\/\",\"name\":\"Solberg comenz\u00f3 l\u00edder, pero al final no pudo ser - Universo Subaru\",\"isPartOf\":{\"@id\":\"https:\\\/\\\/www.subaru.es\\\/blog\\\/#website\"},\"primaryImageOfPage\":{\"@id\":\"https:\\\/\\\/www.subaru.es\\\/blog\\\/nuestra-marca\\\/solberg-comenzo-lider-pero-al-final-no-pudo-ser\\\/#primaryimage\"},\"image\":{\"@id\":\"https:\\\/\\\/www.subaru.es\\\/blog\\\/nuestra-marca\\\/solberg-comenzo-lider-pero-al-final-no-pudo-ser\\\/#primaryimage\"},\"thumbnailUrl\":\"https:\\\/\\\/www.subaru.es\\\/blog\\\/wp-content\\\/uploads\\\/2008\\\/02\\\/solberg-suecia.jpg\",\"datePublished\":\"2008-02-13T14:39:46+00:00\",\"dateModified\":\"2020-08-06T09:53:36+00:00\",\"breadcrumb\":{\"@id\":\"https:\\\/\\\/www.subaru.es\\\/blog\\\/nuestra-marca\\\/solberg-comenzo-lider-pero-al-final-no-pudo-ser\\\/#breadcrumb\"},\"inLanguage\":\"es\",\"potentialAction\":[{\"@type\":\"ReadAction\",\"target\":[\"https:\\\/\\\/www.subaru.es\\\/blog\\\/nuestra-marca\\\/solberg-comenzo-lider-pero-al-final-no-pudo-ser\\\/\"]}]},{\"@type\":\"ImageObject\",\"inLanguage\":\"es\",\"@id\":\"https:\\\/\\\/www.subaru.es\\\/blog\\\/nuestra-marca\\\/solberg-comenzo-lider-pero-al-final-no-pudo-ser\\\/#primaryimage\",\"url\":\"https:\\\/\\\/www.subaru.es\\\/blog\\\/wp-content\\\/uploads\\\/2008\\\/02\\\/solberg-suecia.jpg\",\"contentUrl\":\"https:\\\/\\\/www.subaru.es\\\/blog\\\/wp-content\\\/uploads\\\/2008\\\/02\\\/solberg-suecia.jpg\",\"width\":452,\"height\":141},{\"@type\":\"BreadcrumbList\",\"@id\":\"https:\\\/\\\/www.subaru.es\\\/blog\\\/nuestra-marca\\\/solberg-comenzo-lider-pero-al-final-no-pudo-ser\\\/#breadcrumb\",\"itemListElement\":[{\"@type\":\"ListItem\",\"position\":1,\"name\":\"Portada\",\"item\":\"https:\\\/\\\/www.subaru.es\\\/blog\\\/\"},{\"@type\":\"ListItem\",\"position\":2,\"name\":\"Solberg comenz\u00f3 l\u00edder, pero al final no pudo ser\"}]},{\"@type\":\"WebSite\",\"@id\":\"https:\\\/\\\/www.subaru.es\\\/blog\\\/#website\",\"url\":\"https:\\\/\\\/www.subaru.es\\\/blog\\\/\",\"name\":\"Universo Subaru\",\"description\":\"Descubre este apasionante espacio de Subaru donde vas a conocer todo sobre nuestros coches y las experiencias que vivimos con ellos. Si est\u00e1s preparado para dejarte seducir por la filosof\u00eda Subaru, qu\u00e9date con nosotros.\",\"publisher\":{\"@id\":\"https:\\\/\\\/www.subaru.es\\\/blog\\\/#organization\"},\"potentialAction\":[{\"@type\":\"SearchAction\",\"target\":{\"@type\":\"EntryPoint\",\"urlTemplate\":\"https:\\\/\\\/www.subaru.es\\\/blog\\\/?s={search_term_string}\"},\"query-input\":{\"@type\":\"PropertyValueSpecification\",\"valueRequired\":true,\"valueName\":\"search_term_string\"}}],\"inLanguage\":\"es\"},{\"@type\":\"Organization\",\"@id\":\"https:\\\/\\\/www.subaru.es\\\/blog\\\/#organization\",\"name\":\"Subaru Espa\u00f1a S.A.\",\"url\":\"https:\\\/\\\/www.subaru.es\\\/blog\\\/\",\"logo\":{\"@type\":\"ImageObject\",\"inLanguage\":\"es\",\"@id\":\"https:\\\/\\\/www.subaru.es\\\/blog\\\/#\\\/schema\\\/logo\\\/image\\\/\",\"url\":\"https:\\\/\\\/www.subaru.es\\\/blog\\\/wp-content\\\/uploads\\\/2016\\\/12\\\/Logo-Subaru-TypeV_C300-scaled.jpg\",\"contentUrl\":\"https:\\\/\\\/www.subaru.es\\\/blog\\\/wp-content\\\/uploads\\\/2016\\\/12\\\/Logo-Subaru-TypeV_C300-scaled.jpg\",\"width\":2560,\"height\":1864,\"caption\":\"Subaru Espa\u00f1a S.A.\"},\"image\":{\"@id\":\"https:\\\/\\\/www.subaru.es\\\/blog\\\/#\\\/schema\\\/logo\\\/image\\\/\"},\"sameAs\":[\"https:\\\/\\\/www.facebook.com\\\/subaruespana\",\"https:\\\/\\\/www.instagram.com\\\/subarues\\\/\",\"https:\\\/\\\/www.youtube.com\\\/user\\\/subaruespana\"]},{\"@type\":\"Person\",\"@id\":\"https:\\\/\\\/www.subaru.es\\\/blog\\\/#\\\/schema\\\/person\\\/19a90b892230b8e0ec752704ddf4aa10\",\"name\":\"Subaru\",\"url\":\"https:\\\/\\\/www.subaru.es\\\/blog\\\/author\\\/subaria\\\/\"}]}<\/script>\n<!-- \/ Yoast SEO plugin. -->","yoast_head_json":{"title":"Solberg comenz\u00f3 l\u00edder, pero al final no pudo ser - Universo Subaru","robots":{"index":"index","follow":"follow","max-snippet":"max-snippet:-1","max-image-preview":"max-image-preview:large","max-video-preview":"max-video-preview:-1"},"canonical":"https:\/\/www.subaru.es\/blog\/nuestra-marca\/solberg-comenzo-lider-pero-al-final-no-pudo-ser\/","og_locale":"es_ES","og_type":"article","og_title":"Solberg comenz\u00f3 l\u00edder, pero al final no pudo ser - Universo Subaru","og_description":"El Rally de Suecia comenz\u00f3 dando el mando a Subaru, gracias al trabajo excepcional de Petter Solberg, que hac\u00eda mucho tiempo que no disfrutaba de esta posici\u00f3n de privilegio. El Impreza de Solberg lider\u00f3 la segunda prueba de la temporada tras ser el m\u00e1s veloz en la superespecial inicial, disputada en el hip\u00f3dromo de Karlstad, [&hellip;]","og_url":"https:\/\/www.subaru.es\/blog\/nuestra-marca\/solberg-comenzo-lider-pero-al-final-no-pudo-ser\/","og_site_name":"Universo Subaru","article_publisher":"https:\/\/www.facebook.com\/subaruespana","article_published_time":"2008-02-13T14:39:46+00:00","article_modified_time":"2020-08-06T09:53:36+00:00","og_image":[{"width":452,"height":141,"url":"https:\/\/www.subaru.es\/blog\/wp-content\/uploads\/2008\/02\/solberg-suecia.jpg","type":"image\/jpeg"}],"author":"Subaru","twitter_card":"summary_large_image","twitter_misc":{"Escrito por":"Subaru","Tiempo de lectura":"1 minuto"},"schema":{"@context":"https:\/\/schema.org","@graph":[{"@type":"Article","@id":"https:\/\/www.subaru.es\/blog\/nuestra-marca\/solberg-comenzo-lider-pero-al-final-no-pudo-ser\/#article","isPartOf":{"@id":"https:\/\/www.subaru.es\/blog\/nuestra-marca\/solberg-comenzo-lider-pero-al-final-no-pudo-ser\/"},"author":{"name":"Subaru","@id":"https:\/\/www.subaru.es\/blog\/#\/schema\/person\/19a90b892230b8e0ec752704ddf4aa10"},"headline":"Solberg comenz\u00f3 l\u00edder, pero al final no pudo ser","datePublished":"2008-02-13T14:39:46+00:00","dateModified":"2020-08-06T09:53:36+00:00","mainEntityOfPage":{"@id":"https:\/\/www.subaru.es\/blog\/nuestra-marca\/solberg-comenzo-lider-pero-al-final-no-pudo-ser\/"},"wordCount":161,"commentCount":0,"publisher":{"@id":"https:\/\/www.subaru.es\/blog\/#organization"},"image":{"@id":"https:\/\/www.subaru.es\/blog\/nuestra-marca\/solberg-comenzo-lider-pero-al-final-no-pudo-ser\/#primaryimage"},"thumbnailUrl":"https:\/\/www.subaru.es\/blog\/wp-content\/uploads\/2008\/02\/solberg-suecia.jpg","keywords":["l\u00edder","petter","rally","rallyes","solberg","suecia","superespecial"],"articleSection":["Nuestra marca"],"inLanguage":"es","potentialAction":[{"@type":"CommentAction","name":"Comment","target":["https:\/\/www.subaru.es\/blog\/nuestra-marca\/solberg-comenzo-lider-pero-al-final-no-pudo-ser\/#respond"]}]},{"@type":"WebPage","@id":"https:\/\/www.subaru.es\/blog\/nuestra-marca\/solberg-comenzo-lider-pero-al-final-no-pudo-ser\/","url":"https:\/\/www.subaru.es\/blog\/nuestra-marca\/solberg-comenzo-lider-pero-al-final-no-pudo-ser\/","name":"Solberg comenz\u00f3 l\u00edder, pero al final no pudo ser - Universo Subaru","isPartOf":{"@id":"https:\/\/www.subaru.es\/blog\/#website"},"primaryImageOfPage":{"@id":"https:\/\/www.subaru.es\/blog\/nuestra-marca\/solberg-comenzo-lider-pero-al-final-no-pudo-ser\/#primaryimage"},"image":{"@id":"https:\/\/www.subaru.es\/blog\/nuestra-marca\/solberg-comenzo-lider-pero-al-final-no-pudo-ser\/#primaryimage"},"thumbnailUrl":"https:\/\/www.subaru.es\/blog\/wp-content\/uploads\/2008\/02\/solberg-suecia.jpg","datePublished":"2008-02-13T14:39:46+00:00","dateModified":"2020-08-06T09:53:36+00:00","breadcrumb":{"@id":"https:\/\/www.subaru.es\/blog\/nuestra-marca\/solberg-comenzo-lider-pero-al-final-no-pudo-ser\/#breadcrumb"},"inLanguage":"es","potentialAction":[{"@type":"ReadAction","target":["https:\/\/www.subaru.es\/blog\/nuestra-marca\/solberg-comenzo-lider-pero-al-final-no-pudo-ser\/"]}]},{"@type":"ImageObject","inLanguage":"es","@id":"https:\/\/www.subaru.es\/blog\/nuestra-marca\/solberg-comenzo-lider-pero-al-final-no-pudo-ser\/#primaryimage","url":"https:\/\/www.subaru.es\/blog\/wp-content\/uploads\/2008\/02\/solberg-suecia.jpg","contentUrl":"https:\/\/www.subaru.es\/blog\/wp-content\/uploads\/2008\/02\/solberg-suecia.jpg","width":452,"height":141},{"@type":"BreadcrumbList","@id":"https:\/\/www.subaru.es\/blog\/nuestra-marca\/solberg-comenzo-lider-pero-al-final-no-pudo-ser\/#breadcrumb","itemListElement":[{"@type":"ListItem","position":1,"name":"Portada","item":"https:\/\/www.subaru.es\/blog\/"},{"@type":"ListItem","position":2,"name":"Solberg comenz\u00f3 l\u00edder, pero al final no pudo ser"}]},{"@type":"WebSite","@id":"https:\/\/www.subaru.es\/blog\/#website","url":"https:\/\/www.subaru.es\/blog\/","name":"Universo Subaru","description":"Descubre este apasionante espacio de Subaru donde vas a conocer todo sobre nuestros coches y las experiencias que vivimos con ellos. Si est\u00e1s preparado para dejarte seducir por la filosof\u00eda Subaru, qu\u00e9date con nosotros.","publisher":{"@id":"https:\/\/www.subaru.es\/blog\/#organization"},"potentialAction":[{"@type":"SearchAction","target":{"@type":"EntryPoint","urlTemplate":"https:\/\/www.subaru.es\/blog\/?s={search_term_string}"},"query-input":{"@type":"PropertyValueSpecification","valueRequired":true,"valueName":"search_term_string"}}],"inLanguage":"es"},{"@type":"Organization","@id":"https:\/\/www.subaru.es\/blog\/#organization","name":"Subaru Espa\u00f1a S.A.","url":"https:\/\/www.subaru.es\/blog\/","logo":{"@type":"ImageObject","inLanguage":"es","@id":"https:\/\/www.subaru.es\/blog\/#\/schema\/logo\/image\/","url":"https:\/\/www.subaru.es\/blog\/wp-content\/uploads\/2016\/12\/Logo-Subaru-TypeV_C300-scaled.jpg","contentUrl":"https:\/\/www.subaru.es\/blog\/wp-content\/uploads\/2016\/12\/Logo-Subaru-TypeV_C300-scaled.jpg","width":2560,"height":1864,"caption":"Subaru Espa\u00f1a S.A."},"image":{"@id":"https:\/\/www.subaru.es\/blog\/#\/schema\/logo\/image\/"},"sameAs":["https:\/\/www.facebook.com\/subaruespana","https:\/\/www.instagram.com\/subarues\/","https:\/\/www.youtube.com\/user\/subaruespana"]},{"@type":"Person","@id":"https:\/\/www.subaru.es\/blog\/#\/schema\/person\/19a90b892230b8e0ec752704ddf4aa10","name":"Subaru","url":"https:\/\/www.subaru.es\/blog\/author\/subaria\/"}]}},"_links":{"self":[{"href":"https:\/\/www.subaru.es\/blog\/wp-json\/wp\/v2\/posts\/588","targetHints":{"allow":["GET"]}}],"collection":[{"href":"https:\/\/www.subaru.es\/blog\/wp-json\/wp\/v2\/posts"}],"about":[{"href":"https:\/\/www.subaru.es\/blog\/wp-json\/wp\/v2\/types\/post"}],"author":[{"embeddable":true,"href":"https:\/\/www.subaru.es\/blog\/wp-json\/wp\/v2\/users\/21"}],"replies":[{"embeddable":true,"href":"https:\/\/www.subaru.es\/blog\/wp-json\/wp\/v2\/comments?post=588"}],"version-history":[{"count":1,"href":"https:\/\/www.subaru.es\/blog\/wp-json\/wp\/v2\/posts\/588\/revisions"}],"predecessor-version":[{"id":15696,"href":"https:\/\/www.subaru.es\/blog\/wp-json\/wp\/v2\/posts\/588\/revisions\/15696"}],"wp:featuredmedia":[{"embeddable":true,"href":"https:\/\/www.subaru.es\/blog\/wp-json\/wp\/v2\/media\/589"}],"wp:attachment":[{"href":"https:\/\/www.subaru.es\/blog\/wp-json\/wp\/v2\/media?parent=588"}],"wp:term":[{"taxonomy":"category","embeddable":true,"href":"https:\/\/www.subaru.es\/blog\/wp-json\/wp\/v2\/categories?post=588"},{"taxonomy":"post_tag","embeddable":true,"href":"https:\/\/www.subaru.es\/blog\/wp-json\/wp\/v2\/tags?post=588"}],"curies":[{"name":"wp","href":"https:\/\/api.w.org\/{rel}","templated":true}]}}