{"id":5840,"date":"2011-11-30T12:36:49","date_gmt":"2011-11-30T10:36:49","guid":{"rendered":"http:\/\/subaru.preproduccion.com\/blog\/?p=5840"},"modified":"2016-10-17T15:11:05","modified_gmt":"2016-10-17T13:11:05","slug":"ya-lo-sabemos-todo-del-nuevo-subaru-brz","status":"publish","type":"post","link":"https:\/\/www.subaru.es\/blog\/nuestra-marca\/ya-lo-sabemos-todo-del-nuevo-subaru-brz\/","title":{"rendered":"Ya lo sabemos todo del nuevo Subaru BRZ"},"content":{"rendered":"<p><center><a href=\"https:\/\/www.subaru.es\/blog\/wp-content\/uploads\/2011\/11\/subarubrz.jpg\"><img decoding=\"async\" class=\"alignnone size-full wp-image-5841 lazyload\" title=\"subarubrz\" data-src=\"https:\/\/www.subaru.es\/blog\/wp-content\/uploads\/2011\/11\/subarubrz.jpg\" alt=\"\" width=\"500\" height=\"333\" src=\"data:image\/svg+xml;base64,PHN2ZyB3aWR0aD0iMSIgaGVpZ2h0PSIxIiB4bWxucz0iaHR0cDovL3d3dy53My5vcmcvMjAwMC9zdmciPjwvc3ZnPg==\" style=\"--smush-placeholder-width: 500px; --smush-placeholder-aspect-ratio: 500\/333;\" \/><\/a><\/Center><\/p>\n<p><a href=\"https:\/\/www.subaru.es\/blog\/wp-content\/uploads\/2011\/11\/subarubrz.jpg\"><\/a>Esper\u00e1bamos estas fechas con nervios desde hace ya bastante tiempo. Tras la presentaci\u00f3n mundial de su adelanto Concept STI en Los \u00c1ngeles, por fin ha llegado el segundo paso, el de la <strong>presentaci\u00f3n del Subaru BRZ en el Sal\u00f3n del Autom\u00f3vil de Tokio<\/strong>. Y la mejor noticia: se espera que llegue a nuestro pa\u00eds en la pr\u00f3xima primavera.<!--more--><\/p>\n<p>\u00bfCu\u00e1les son las caracter\u00edsticas principales del Subaru BRZ? Para empezar y como no pod\u00eda ser de otra forma, su <a href=\"http:\/\/www.youtube.com\/watch?v=tMDfhgkLifY\" target=\"_blank\">motor Boxer<\/a> de configuraci\u00f3n horizontalmente opuesta. Adem\u00e1s, esto se combina con una plataforma de tracci\u00f3n trasera, lo que convierte al BRZ en<strong> uno de los coches con <a href=\"http:\/\/www.circulaseguro.com\/conduccion-eficiente\/un-poco-de-fisica-basica-para-comprender-algo-mejor-las-reacciones-del-automovil\" target=\"_blank\">centro de gravedad m\u00e1s bajo<\/a> del mercado<\/strong>. Esto se traduce en que sea un deportivo que puede ser conducido por todo el mundo, adem\u00e1s de tener suficiente espacio: asientos 2+2 y un gran maletero.<\/p>\n<p>Podemos ponernos tambi\u00e9n un poco m\u00e1s t\u00e9cnicos: el motor boxer 2.0 que incluye el BRZ ha sido <strong>dise\u00f1ado espec\u00edficamente para ofrecer los rendimientos que requiere un deportivo<\/strong>, con la carrera y el di\u00e1metro configurados en formato cuadrado de 86 x 86 mm combinados con la <a href=\"http:\/\/wiki.answers.com\/Q\/What_is_Toyota_D-4S\" target=\"_blank\">tecnolog\u00eda de inyecci\u00f3n directa de Toyota (D-4S<\/a>).<\/p>\n<p>El nuevo Subaru BRZ, que se fabricar\u00e1 en la planta de Gunma en Jap\u00f3n y que es fruto de la colaboraci\u00f3n entre Subaru y Toyota, tiene unas dimensiones de<strong> 4,24 x 1,77 x 1,3 metros<\/strong>, una distancia entre ejes de 2,57 metros y pesa 1.220 kg.<\/p>\n<p>Todas estas caracter\u00edsticas combinadas hacen que la experiencia de <strong>conducir un Subaru BRZ sea un aut\u00e9ntico placer<\/strong>. Podr\u00e1s comprobarlo personalmente dentro de unos pocos meses. Mientras tanto, ya sabes, toca esperar (y so\u00f1ar).<\/p>\n","protected":false},"excerpt":{"rendered":"<p>Esper\u00e1bamos estas fechas con nervios desde hace ya bastante tiempo. Tras la presentaci\u00f3n mundial de su adelanto Concept STI en Los \u00c1ngeles, por fin ha llegado el segundo paso, el de la presentaci\u00f3n del Subaru BRZ en el Sal\u00f3n del Autom\u00f3vil de Tokio. Y la mejor noticia: se espera que llegue a nuestro pa\u00eds en [&hellip;]<\/p>\n","protected":false},"author":21,"featured_media":5841,"comment_status":"open","ping_status":"open","sticky":false,"template":"","format":"standard","meta":{"_acf_changed":false,"_eb_attr":"","inline_featured_image":false,"footnotes":""},"categories":[4401],"tags":[3713,754,3714,241,3712],"class_list":["post-5840","post","type-post","status-publish","format-standard","has-post-thumbnail","hentry","category-nuestra-marca","tag-concept-sti","tag-deportivo","tag-motor-boxer-2-0","tag-presentacion","tag-subaru-brz-salon-de-tokio"],"acf":[],"yoast_head":"<!-- This site is optimized with the Yoast SEO plugin v27.3 - https:\/\/yoast.com\/product\/yoast-seo-wordpress\/ -->\n<title>Ya lo sabemos todo del nuevo Subaru BRZ - Universo Subaru<\/title>\n<meta name=\"robots\" content=\"index, follow, max-snippet:-1, max-image-preview:large, max-video-preview:-1\" \/>\n<link rel=\"canonical\" href=\"https:\/\/www.subaru.es\/blog\/nuestra-marca\/ya-lo-sabemos-todo-del-nuevo-subaru-brz\/\" \/>\n<meta property=\"og:locale\" content=\"es_ES\" \/>\n<meta property=\"og:type\" content=\"article\" \/>\n<meta property=\"og:title\" content=\"Ya lo sabemos todo del nuevo Subaru BRZ - Universo Subaru\" \/>\n<meta property=\"og:description\" content=\"Esper\u00e1bamos estas fechas con nervios desde hace ya bastante tiempo. Tras la presentaci\u00f3n mundial de su adelanto Concept STI en Los \u00c1ngeles, por fin ha llegado el segundo paso, el de la presentaci\u00f3n del Subaru BRZ en el Sal\u00f3n del Autom\u00f3vil de Tokio. Y la mejor noticia: se espera que llegue a nuestro pa\u00eds en [&hellip;]\" \/>\n<meta property=\"og:url\" content=\"https:\/\/www.subaru.es\/blog\/nuestra-marca\/ya-lo-sabemos-todo-del-nuevo-subaru-brz\/\" \/>\n<meta property=\"og:site_name\" content=\"Universo Subaru\" \/>\n<meta property=\"article:publisher\" content=\"https:\/\/www.facebook.com\/subaruespana\" \/>\n<meta property=\"article:published_time\" content=\"2011-11-30T10:36:49+00:00\" \/>\n<meta property=\"article:modified_time\" content=\"2016-10-17T13:11:05+00:00\" \/>\n<meta property=\"og:image\" content=\"https:\/\/www.subaru.es\/blog\/wp-content\/uploads\/2011\/11\/subarubrz.jpg\" \/>\n\t<meta property=\"og:image:width\" content=\"500\" \/>\n\t<meta property=\"og:image:height\" content=\"333\" \/>\n\t<meta property=\"og:image:type\" content=\"image\/jpeg\" \/>\n<meta name=\"author\" content=\"Subaru\" \/>\n<meta name=\"twitter:card\" content=\"summary_large_image\" \/>\n<meta name=\"twitter:label1\" content=\"Escrito por\" \/>\n\t<meta name=\"twitter:data1\" content=\"Subaru\" \/>\n\t<meta name=\"twitter:label2\" content=\"Tiempo de lectura\" \/>\n\t<meta name=\"twitter:data2\" content=\"1 minuto\" \/>\n<script type=\"application\/ld+json\" class=\"yoast-schema-graph\">{\"@context\":\"https:\\\/\\\/schema.org\",\"@graph\":[{\"@type\":\"Article\",\"@id\":\"https:\\\/\\\/www.subaru.es\\\/blog\\\/nuestra-marca\\\/ya-lo-sabemos-todo-del-nuevo-subaru-brz\\\/#article\",\"isPartOf\":{\"@id\":\"https:\\\/\\\/www.subaru.es\\\/blog\\\/nuestra-marca\\\/ya-lo-sabemos-todo-del-nuevo-subaru-brz\\\/\"},\"author\":{\"name\":\"Subaru\",\"@id\":\"https:\\\/\\\/www.subaru.es\\\/blog\\\/#\\\/schema\\\/person\\\/19a90b892230b8e0ec752704ddf4aa10\"},\"headline\":\"Ya lo sabemos todo del nuevo Subaru BRZ\",\"datePublished\":\"2011-11-30T10:36:49+00:00\",\"dateModified\":\"2016-10-17T13:11:05+00:00\",\"mainEntityOfPage\":{\"@id\":\"https:\\\/\\\/www.subaru.es\\\/blog\\\/nuestra-marca\\\/ya-lo-sabemos-todo-del-nuevo-subaru-brz\\\/\"},\"wordCount\":298,\"commentCount\":0,\"publisher\":{\"@id\":\"https:\\\/\\\/www.subaru.es\\\/blog\\\/#organization\"},\"image\":{\"@id\":\"https:\\\/\\\/www.subaru.es\\\/blog\\\/nuestra-marca\\\/ya-lo-sabemos-todo-del-nuevo-subaru-brz\\\/#primaryimage\"},\"thumbnailUrl\":\"https:\\\/\\\/www.subaru.es\\\/blog\\\/wp-content\\\/uploads\\\/2011\\\/11\\\/subarubrz.jpg\",\"keywords\":[\"Concept STI\",\"deportivo\",\"Motor boxer 2.0\",\"presentaci\u00f3n\",\"Subaru BRZ. Sal\u00f3n de Tokio\"],\"articleSection\":[\"Nuestra marca\"],\"inLanguage\":\"es\",\"potentialAction\":[{\"@type\":\"CommentAction\",\"name\":\"Comment\",\"target\":[\"https:\\\/\\\/www.subaru.es\\\/blog\\\/nuestra-marca\\\/ya-lo-sabemos-todo-del-nuevo-subaru-brz\\\/#respond\"]}]},{\"@type\":\"WebPage\",\"@id\":\"https:\\\/\\\/www.subaru.es\\\/blog\\\/nuestra-marca\\\/ya-lo-sabemos-todo-del-nuevo-subaru-brz\\\/\",\"url\":\"https:\\\/\\\/www.subaru.es\\\/blog\\\/nuestra-marca\\\/ya-lo-sabemos-todo-del-nuevo-subaru-brz\\\/\",\"name\":\"Ya lo sabemos todo del nuevo Subaru BRZ - Universo Subaru\",\"isPartOf\":{\"@id\":\"https:\\\/\\\/www.subaru.es\\\/blog\\\/#website\"},\"primaryImageOfPage\":{\"@id\":\"https:\\\/\\\/www.subaru.es\\\/blog\\\/nuestra-marca\\\/ya-lo-sabemos-todo-del-nuevo-subaru-brz\\\/#primaryimage\"},\"image\":{\"@id\":\"https:\\\/\\\/www.subaru.es\\\/blog\\\/nuestra-marca\\\/ya-lo-sabemos-todo-del-nuevo-subaru-brz\\\/#primaryimage\"},\"thumbnailUrl\":\"https:\\\/\\\/www.subaru.es\\\/blog\\\/wp-content\\\/uploads\\\/2011\\\/11\\\/subarubrz.jpg\",\"datePublished\":\"2011-11-30T10:36:49+00:00\",\"dateModified\":\"2016-10-17T13:11:05+00:00\",\"breadcrumb\":{\"@id\":\"https:\\\/\\\/www.subaru.es\\\/blog\\\/nuestra-marca\\\/ya-lo-sabemos-todo-del-nuevo-subaru-brz\\\/#breadcrumb\"},\"inLanguage\":\"es\",\"potentialAction\":[{\"@type\":\"ReadAction\",\"target\":[\"https:\\\/\\\/www.subaru.es\\\/blog\\\/nuestra-marca\\\/ya-lo-sabemos-todo-del-nuevo-subaru-brz\\\/\"]}]},{\"@type\":\"ImageObject\",\"inLanguage\":\"es\",\"@id\":\"https:\\\/\\\/www.subaru.es\\\/blog\\\/nuestra-marca\\\/ya-lo-sabemos-todo-del-nuevo-subaru-brz\\\/#primaryimage\",\"url\":\"https:\\\/\\\/www.subaru.es\\\/blog\\\/wp-content\\\/uploads\\\/2011\\\/11\\\/subarubrz.jpg\",\"contentUrl\":\"https:\\\/\\\/www.subaru.es\\\/blog\\\/wp-content\\\/uploads\\\/2011\\\/11\\\/subarubrz.jpg\",\"width\":500,\"height\":333},{\"@type\":\"BreadcrumbList\",\"@id\":\"https:\\\/\\\/www.subaru.es\\\/blog\\\/nuestra-marca\\\/ya-lo-sabemos-todo-del-nuevo-subaru-brz\\\/#breadcrumb\",\"itemListElement\":[{\"@type\":\"ListItem\",\"position\":1,\"name\":\"Portada\",\"item\":\"https:\\\/\\\/www.subaru.es\\\/blog\\\/\"},{\"@type\":\"ListItem\",\"position\":2,\"name\":\"Ya lo sabemos todo del nuevo Subaru BRZ\"}]},{\"@type\":\"WebSite\",\"@id\":\"https:\\\/\\\/www.subaru.es\\\/blog\\\/#website\",\"url\":\"https:\\\/\\\/www.subaru.es\\\/blog\\\/\",\"name\":\"Universo Subaru\",\"description\":\"Descubre este apasionante espacio de Subaru donde vas a conocer todo sobre nuestros coches y las experiencias que vivimos con ellos. Si est\u00e1s preparado para dejarte seducir por la filosof\u00eda Subaru, qu\u00e9date con nosotros.\",\"publisher\":{\"@id\":\"https:\\\/\\\/www.subaru.es\\\/blog\\\/#organization\"},\"potentialAction\":[{\"@type\":\"SearchAction\",\"target\":{\"@type\":\"EntryPoint\",\"urlTemplate\":\"https:\\\/\\\/www.subaru.es\\\/blog\\\/?s={search_term_string}\"},\"query-input\":{\"@type\":\"PropertyValueSpecification\",\"valueRequired\":true,\"valueName\":\"search_term_string\"}}],\"inLanguage\":\"es\"},{\"@type\":\"Organization\",\"@id\":\"https:\\\/\\\/www.subaru.es\\\/blog\\\/#organization\",\"name\":\"Subaru Espa\u00f1a S.A.\",\"url\":\"https:\\\/\\\/www.subaru.es\\\/blog\\\/\",\"logo\":{\"@type\":\"ImageObject\",\"inLanguage\":\"es\",\"@id\":\"https:\\\/\\\/www.subaru.es\\\/blog\\\/#\\\/schema\\\/logo\\\/image\\\/\",\"url\":\"https:\\\/\\\/www.subaru.es\\\/blog\\\/wp-content\\\/uploads\\\/2016\\\/12\\\/Logo-Subaru-TypeV_C300-scaled.jpg\",\"contentUrl\":\"https:\\\/\\\/www.subaru.es\\\/blog\\\/wp-content\\\/uploads\\\/2016\\\/12\\\/Logo-Subaru-TypeV_C300-scaled.jpg\",\"width\":2560,\"height\":1864,\"caption\":\"Subaru Espa\u00f1a S.A.\"},\"image\":{\"@id\":\"https:\\\/\\\/www.subaru.es\\\/blog\\\/#\\\/schema\\\/logo\\\/image\\\/\"},\"sameAs\":[\"https:\\\/\\\/www.facebook.com\\\/subaruespana\",\"https:\\\/\\\/www.instagram.com\\\/subarues\\\/\",\"https:\\\/\\\/www.youtube.com\\\/user\\\/subaruespana\"]},{\"@type\":\"Person\",\"@id\":\"https:\\\/\\\/www.subaru.es\\\/blog\\\/#\\\/schema\\\/person\\\/19a90b892230b8e0ec752704ddf4aa10\",\"name\":\"Subaru\",\"url\":\"https:\\\/\\\/www.subaru.es\\\/blog\\\/author\\\/subaria\\\/\"}]}<\/script>\n<!-- \/ Yoast SEO plugin. -->","yoast_head_json":{"title":"Ya lo sabemos todo del nuevo Subaru BRZ - Universo Subaru","robots":{"index":"index","follow":"follow","max-snippet":"max-snippet:-1","max-image-preview":"max-image-preview:large","max-video-preview":"max-video-preview:-1"},"canonical":"https:\/\/www.subaru.es\/blog\/nuestra-marca\/ya-lo-sabemos-todo-del-nuevo-subaru-brz\/","og_locale":"es_ES","og_type":"article","og_title":"Ya lo sabemos todo del nuevo Subaru BRZ - Universo Subaru","og_description":"Esper\u00e1bamos estas fechas con nervios desde hace ya bastante tiempo. Tras la presentaci\u00f3n mundial de su adelanto Concept STI en Los \u00c1ngeles, por fin ha llegado el segundo paso, el de la presentaci\u00f3n del Subaru BRZ en el Sal\u00f3n del Autom\u00f3vil de Tokio. Y la mejor noticia: se espera que llegue a nuestro pa\u00eds en [&hellip;]","og_url":"https:\/\/www.subaru.es\/blog\/nuestra-marca\/ya-lo-sabemos-todo-del-nuevo-subaru-brz\/","og_site_name":"Universo Subaru","article_publisher":"https:\/\/www.facebook.com\/subaruespana","article_published_time":"2011-11-30T10:36:49+00:00","article_modified_time":"2016-10-17T13:11:05+00:00","og_image":[{"width":500,"height":333,"url":"https:\/\/www.subaru.es\/blog\/wp-content\/uploads\/2011\/11\/subarubrz.jpg","type":"image\/jpeg"}],"author":"Subaru","twitter_card":"summary_large_image","twitter_misc":{"Escrito por":"Subaru","Tiempo de lectura":"1 minuto"},"schema":{"@context":"https:\/\/schema.org","@graph":[{"@type":"Article","@id":"https:\/\/www.subaru.es\/blog\/nuestra-marca\/ya-lo-sabemos-todo-del-nuevo-subaru-brz\/#article","isPartOf":{"@id":"https:\/\/www.subaru.es\/blog\/nuestra-marca\/ya-lo-sabemos-todo-del-nuevo-subaru-brz\/"},"author":{"name":"Subaru","@id":"https:\/\/www.subaru.es\/blog\/#\/schema\/person\/19a90b892230b8e0ec752704ddf4aa10"},"headline":"Ya lo sabemos todo del nuevo Subaru BRZ","datePublished":"2011-11-30T10:36:49+00:00","dateModified":"2016-10-17T13:11:05+00:00","mainEntityOfPage":{"@id":"https:\/\/www.subaru.es\/blog\/nuestra-marca\/ya-lo-sabemos-todo-del-nuevo-subaru-brz\/"},"wordCount":298,"commentCount":0,"publisher":{"@id":"https:\/\/www.subaru.es\/blog\/#organization"},"image":{"@id":"https:\/\/www.subaru.es\/blog\/nuestra-marca\/ya-lo-sabemos-todo-del-nuevo-subaru-brz\/#primaryimage"},"thumbnailUrl":"https:\/\/www.subaru.es\/blog\/wp-content\/uploads\/2011\/11\/subarubrz.jpg","keywords":["Concept STI","deportivo","Motor boxer 2.0","presentaci\u00f3n","Subaru BRZ. Sal\u00f3n de Tokio"],"articleSection":["Nuestra marca"],"inLanguage":"es","potentialAction":[{"@type":"CommentAction","name":"Comment","target":["https:\/\/www.subaru.es\/blog\/nuestra-marca\/ya-lo-sabemos-todo-del-nuevo-subaru-brz\/#respond"]}]},{"@type":"WebPage","@id":"https:\/\/www.subaru.es\/blog\/nuestra-marca\/ya-lo-sabemos-todo-del-nuevo-subaru-brz\/","url":"https:\/\/www.subaru.es\/blog\/nuestra-marca\/ya-lo-sabemos-todo-del-nuevo-subaru-brz\/","name":"Ya lo sabemos todo del nuevo Subaru BRZ - Universo Subaru","isPartOf":{"@id":"https:\/\/www.subaru.es\/blog\/#website"},"primaryImageOfPage":{"@id":"https:\/\/www.subaru.es\/blog\/nuestra-marca\/ya-lo-sabemos-todo-del-nuevo-subaru-brz\/#primaryimage"},"image":{"@id":"https:\/\/www.subaru.es\/blog\/nuestra-marca\/ya-lo-sabemos-todo-del-nuevo-subaru-brz\/#primaryimage"},"thumbnailUrl":"https:\/\/www.subaru.es\/blog\/wp-content\/uploads\/2011\/11\/subarubrz.jpg","datePublished":"2011-11-30T10:36:49+00:00","dateModified":"2016-10-17T13:11:05+00:00","breadcrumb":{"@id":"https:\/\/www.subaru.es\/blog\/nuestra-marca\/ya-lo-sabemos-todo-del-nuevo-subaru-brz\/#breadcrumb"},"inLanguage":"es","potentialAction":[{"@type":"ReadAction","target":["https:\/\/www.subaru.es\/blog\/nuestra-marca\/ya-lo-sabemos-todo-del-nuevo-subaru-brz\/"]}]},{"@type":"ImageObject","inLanguage":"es","@id":"https:\/\/www.subaru.es\/blog\/nuestra-marca\/ya-lo-sabemos-todo-del-nuevo-subaru-brz\/#primaryimage","url":"https:\/\/www.subaru.es\/blog\/wp-content\/uploads\/2011\/11\/subarubrz.jpg","contentUrl":"https:\/\/www.subaru.es\/blog\/wp-content\/uploads\/2011\/11\/subarubrz.jpg","width":500,"height":333},{"@type":"BreadcrumbList","@id":"https:\/\/www.subaru.es\/blog\/nuestra-marca\/ya-lo-sabemos-todo-del-nuevo-subaru-brz\/#breadcrumb","itemListElement":[{"@type":"ListItem","position":1,"name":"Portada","item":"https:\/\/www.subaru.es\/blog\/"},{"@type":"ListItem","position":2,"name":"Ya lo sabemos todo del nuevo Subaru BRZ"}]},{"@type":"WebSite","@id":"https:\/\/www.subaru.es\/blog\/#website","url":"https:\/\/www.subaru.es\/blog\/","name":"Universo Subaru","description":"Descubre este apasionante espacio de Subaru donde vas a conocer todo sobre nuestros coches y las experiencias que vivimos con ellos. Si est\u00e1s preparado para dejarte seducir por la filosof\u00eda Subaru, qu\u00e9date con nosotros.","publisher":{"@id":"https:\/\/www.subaru.es\/blog\/#organization"},"potentialAction":[{"@type":"SearchAction","target":{"@type":"EntryPoint","urlTemplate":"https:\/\/www.subaru.es\/blog\/?s={search_term_string}"},"query-input":{"@type":"PropertyValueSpecification","valueRequired":true,"valueName":"search_term_string"}}],"inLanguage":"es"},{"@type":"Organization","@id":"https:\/\/www.subaru.es\/blog\/#organization","name":"Subaru Espa\u00f1a S.A.","url":"https:\/\/www.subaru.es\/blog\/","logo":{"@type":"ImageObject","inLanguage":"es","@id":"https:\/\/www.subaru.es\/blog\/#\/schema\/logo\/image\/","url":"https:\/\/www.subaru.es\/blog\/wp-content\/uploads\/2016\/12\/Logo-Subaru-TypeV_C300-scaled.jpg","contentUrl":"https:\/\/www.subaru.es\/blog\/wp-content\/uploads\/2016\/12\/Logo-Subaru-TypeV_C300-scaled.jpg","width":2560,"height":1864,"caption":"Subaru Espa\u00f1a S.A."},"image":{"@id":"https:\/\/www.subaru.es\/blog\/#\/schema\/logo\/image\/"},"sameAs":["https:\/\/www.facebook.com\/subaruespana","https:\/\/www.instagram.com\/subarues\/","https:\/\/www.youtube.com\/user\/subaruespana"]},{"@type":"Person","@id":"https:\/\/www.subaru.es\/blog\/#\/schema\/person\/19a90b892230b8e0ec752704ddf4aa10","name":"Subaru","url":"https:\/\/www.subaru.es\/blog\/author\/subaria\/"}]}},"_links":{"self":[{"href":"https:\/\/www.subaru.es\/blog\/wp-json\/wp\/v2\/posts\/5840","targetHints":{"allow":["GET"]}}],"collection":[{"href":"https:\/\/www.subaru.es\/blog\/wp-json\/wp\/v2\/posts"}],"about":[{"href":"https:\/\/www.subaru.es\/blog\/wp-json\/wp\/v2\/types\/post"}],"author":[{"embeddable":true,"href":"https:\/\/www.subaru.es\/blog\/wp-json\/wp\/v2\/users\/21"}],"replies":[{"embeddable":true,"href":"https:\/\/www.subaru.es\/blog\/wp-json\/wp\/v2\/comments?post=5840"}],"version-history":[{"count":1,"href":"https:\/\/www.subaru.es\/blog\/wp-json\/wp\/v2\/posts\/5840\/revisions"}],"predecessor-version":[{"id":14905,"href":"https:\/\/www.subaru.es\/blog\/wp-json\/wp\/v2\/posts\/5840\/revisions\/14905"}],"wp:featuredmedia":[{"embeddable":true,"href":"https:\/\/www.subaru.es\/blog\/wp-json\/wp\/v2\/media\/5841"}],"wp:attachment":[{"href":"https:\/\/www.subaru.es\/blog\/wp-json\/wp\/v2\/media?parent=5840"}],"wp:term":[{"taxonomy":"category","embeddable":true,"href":"https:\/\/www.subaru.es\/blog\/wp-json\/wp\/v2\/categories?post=5840"},{"taxonomy":"post_tag","embeddable":true,"href":"https:\/\/www.subaru.es\/blog\/wp-json\/wp\/v2\/tags?post=5840"}],"curies":[{"name":"wp","href":"https:\/\/api.w.org\/{rel}","templated":true}]}}