{"id":5832,"date":"2012-09-11T13:31:08","date_gmt":"2012-09-11T11:31:08","guid":{"rendered":"http:\/\/subaru.preproduccion.com\/blog\/?p=5832"},"modified":"2016-10-17T15:07:27","modified_gmt":"2016-10-17T13:07:27","slug":"subaru-extremo-el-sti-preparado-para-el-time-attack","status":"publish","type":"post","link":"https:\/\/www.subaru.es\/blog\/nuestra-marca\/subaru-extremo-el-sti-preparado-para-el-time-attack\/","title":{"rendered":"Subaru extremo: el STI preparado para el Time Attack"},"content":{"rendered":"<p><img decoding=\"async\" data-src=\"https:\/\/www.subaru.es\/blog\/wp-content\/uploads\/2011\/11\/imp8.jpg\" alt=\"\" title=\"imp8\" width=\"600\" height=\"400\" class=\"aligncenter size-full wp-image-5835 lazyload\" data-srcset=\"https:\/\/www.subaru.es\/blog\/wp-content\/uploads\/2011\/11\/imp8.jpg 600w, https:\/\/www.subaru.es\/blog\/wp-content\/uploads\/2011\/11\/imp8-560x373.jpg 560w\" data-sizes=\"(max-width: 600px) 100vw, 600px\" src=\"data:image\/svg+xml;base64,PHN2ZyB3aWR0aD0iMSIgaGVpZ2h0PSIxIiB4bWxucz0iaHR0cDovL3d3dy53My5vcmcvMjAwMC9zdmciPjwvc3ZnPg==\" style=\"--smush-placeholder-width: 600px; --smush-placeholder-aspect-ratio: 600\/400;\" \/><br \/>\nYa hablamos alguna vez de <strong>la modalidad del Time Attack<\/strong>, una especialidad en la que los pilotos exprimen los coches al m\u00e1ximo para lograr dar la vuelta m\u00e1s r\u00e1pida a un circuito determinado. <strong>Es una competici\u00f3n espectacular y muy divertida<\/strong> donde se pueden ver coches a toda velocidad en circuitos cortos (o no tan cortos).<\/p>\n<p>Pues bien, <strong>Subaru es una de las marcas con m\u00e1s tradici\u00f3n en este tipo de competiciones<\/strong>, sobre todo en Jap\u00f3n, tanto en la disciplina de Time Attack como en la gymkhana, donde el famos\u00edsimo Ken Block condujo un Subaru durante mucho tiempo, con muchos \u00e9xitos. Hoy <strong>os presentamos un Subaru Impreza STI preparado para el Time Attack<\/strong>, sin duda es una maravilla de la preparaci\u00f3n pero nadie le quita el \u00abm\u00fasculo\u00bb de nacimiento.<br \/>\n<!--more--><\/p>\n<p><img decoding=\"async\" data-src=\"https:\/\/www.subaru.es\/blog\/wp-content\/uploads\/2011\/11\/imp16.jpg\" alt=\"\" title=\"imp16\" width=\"600\" height=\"400\" class=\"aligncenter size-full wp-image-5836 lazyload\" data-srcset=\"https:\/\/www.subaru.es\/blog\/wp-content\/uploads\/2011\/11\/imp16.jpg 600w, https:\/\/www.subaru.es\/blog\/wp-content\/uploads\/2011\/11\/imp16-560x373.jpg 560w\" data-sizes=\"(max-width: 600px) 100vw, 600px\" src=\"data:image\/svg+xml;base64,PHN2ZyB3aWR0aD0iMSIgaGVpZ2h0PSIxIiB4bWxucz0iaHR0cDovL3d3dy53My5vcmcvMjAwMC9zdmciPjwvc3ZnPg==\" style=\"--smush-placeholder-width: 600px; --smush-placeholder-aspect-ratio: 600\/400;\" \/><br \/>\nEn 2009 <strong>Subaru introdujo el nuevo modelo de Impreza<\/strong> en el mercado y hab\u00eda quien dec\u00eda (equivocadamente como hoy sabemos) que <strong>no parec\u00eda tener el gancho y la fuerza de las versiones anteriores<\/strong>. As\u00ed que ni cortos ni perezosos, desde Subaru USA enviaron una unidad del Impreza STI al conocido preparador Crawford Performance <strong>para que lo preparase para triunfar en el Time Attack<\/strong>. En esta competici\u00f3n el coche es la base, l\u00f3gicamente, y se permiten ciertas modificaciones dependiendo de la categor\u00eda.<\/p>\n<p><strong>En cuatro semanas el Impreza STI del 2008 pisaba la pista por primera vez en Long Beach<\/strong>, y desde entonces fue uno de los m\u00e1s exitosos de la disciplina, siempre en la parte alta de la clasificaci\u00f3n y con muchas victorias en diversos campeonatos. La preparaci\u00f3n es muy interesante, porque lejos de basarse solo en <em>spoilers<\/em> y ancheamientos in\u00fatiles, en realidad <strong>todo funciona en conjunto para ser los m\u00e1s r\u00e1pidos<\/strong> en pista.<\/p>\n<p>Partiendo de una base de motor convencional <strong>se trabaja para conseguir que rinda al m\u00e1ximo sin recurrir a sustituciones<\/strong>, y para ara\u00f1ar segundos a las vueltas r\u00e1pidas <strong>se aligera en lo posible toda la estructura<\/strong>. En realidad, y como dicen en Speed Hunters, el coche corr\u00eda m\u00e1s de lo que nadie esperaba que corriese con tantas piezas de serie. Impresionante, \u00bfno?<\/p>\n<p>V\u00eda | <a href=\"http:\/\/speedhunters.com\/archive\/2009\/07\/20\/car-feature-gt-gt-crawford-s-sti-time-attacker.aspx\">Speed Hunters<\/a><\/p>\n","protected":false},"excerpt":{"rendered":"<p>Ya hablamos alguna vez de la modalidad del Time Attack, una especialidad en la que los pilotos exprimen los coches al m\u00e1ximo para lograr dar la vuelta m\u00e1s r\u00e1pida a un circuito determinado. Es una competici\u00f3n espectacular y muy divertida donde se pueden ver coches a toda velocidad en circuitos cortos (o no tan cortos). [&hellip;]<\/p>\n","protected":false},"author":21,"featured_media":5835,"comment_status":"open","ping_status":"open","sticky":false,"template":"","format":"standard","meta":{"_acf_changed":false,"_eb_attr":"","inline_featured_image":false,"footnotes":""},"categories":[4401],"tags":[3711,11,152,3710],"class_list":["post-5832","post","type-post","status-publish","format-standard","has-post-thumbnail","hentry","category-nuestra-marca","tag-preparadores","tag-sti","tag-subaru-impreza-sti","tag-time-attack"],"acf":[],"yoast_head":"<!-- This site is optimized with the Yoast SEO plugin v27.3 - https:\/\/yoast.com\/product\/yoast-seo-wordpress\/ -->\n<title>Subaru extremo: el STI preparado para el Time Attack - Universo Subaru<\/title>\n<meta name=\"robots\" content=\"index, follow, max-snippet:-1, max-image-preview:large, max-video-preview:-1\" \/>\n<link rel=\"canonical\" href=\"https:\/\/www.subaru.es\/blog\/nuestra-marca\/subaru-extremo-el-sti-preparado-para-el-time-attack\/\" \/>\n<meta property=\"og:locale\" content=\"es_ES\" \/>\n<meta property=\"og:type\" content=\"article\" \/>\n<meta property=\"og:title\" content=\"Subaru extremo: el STI preparado para el Time Attack - Universo Subaru\" \/>\n<meta property=\"og:description\" content=\"Ya hablamos alguna vez de la modalidad del Time Attack, una especialidad en la que los pilotos exprimen los coches al m\u00e1ximo para lograr dar la vuelta m\u00e1s r\u00e1pida a un circuito determinado. Es una competici\u00f3n espectacular y muy divertida donde se pueden ver coches a toda velocidad en circuitos cortos (o no tan cortos). [&hellip;]\" \/>\n<meta property=\"og:url\" content=\"https:\/\/www.subaru.es\/blog\/nuestra-marca\/subaru-extremo-el-sti-preparado-para-el-time-attack\/\" \/>\n<meta property=\"og:site_name\" content=\"Universo Subaru\" \/>\n<meta property=\"article:publisher\" content=\"https:\/\/www.facebook.com\/subaruespana\" \/>\n<meta property=\"article:published_time\" content=\"2012-09-11T11:31:08+00:00\" \/>\n<meta property=\"article:modified_time\" content=\"2016-10-17T13:07:27+00:00\" \/>\n<meta property=\"og:image\" content=\"https:\/\/www.subaru.es\/blog\/wp-content\/uploads\/2011\/11\/imp8.jpg\" \/>\n\t<meta property=\"og:image:width\" content=\"600\" \/>\n\t<meta property=\"og:image:height\" content=\"400\" \/>\n\t<meta property=\"og:image:type\" content=\"image\/jpeg\" \/>\n<meta name=\"author\" content=\"Subaru\" \/>\n<meta name=\"twitter:card\" content=\"summary_large_image\" \/>\n<meta name=\"twitter:label1\" content=\"Escrito por\" \/>\n\t<meta name=\"twitter:data1\" content=\"Subaru\" \/>\n\t<meta name=\"twitter:label2\" content=\"Tiempo de lectura\" \/>\n\t<meta name=\"twitter:data2\" content=\"2 minutos\" \/>\n<script type=\"application\/ld+json\" class=\"yoast-schema-graph\">{\"@context\":\"https:\\\/\\\/schema.org\",\"@graph\":[{\"@type\":\"Article\",\"@id\":\"https:\\\/\\\/www.subaru.es\\\/blog\\\/nuestra-marca\\\/subaru-extremo-el-sti-preparado-para-el-time-attack\\\/#article\",\"isPartOf\":{\"@id\":\"https:\\\/\\\/www.subaru.es\\\/blog\\\/nuestra-marca\\\/subaru-extremo-el-sti-preparado-para-el-time-attack\\\/\"},\"author\":{\"name\":\"Subaru\",\"@id\":\"https:\\\/\\\/www.subaru.es\\\/blog\\\/#\\\/schema\\\/person\\\/19a90b892230b8e0ec752704ddf4aa10\"},\"headline\":\"Subaru extremo: el STI preparado para el Time Attack\",\"datePublished\":\"2012-09-11T11:31:08+00:00\",\"dateModified\":\"2016-10-17T13:07:27+00:00\",\"mainEntityOfPage\":{\"@id\":\"https:\\\/\\\/www.subaru.es\\\/blog\\\/nuestra-marca\\\/subaru-extremo-el-sti-preparado-para-el-time-attack\\\/\"},\"wordCount\":380,\"commentCount\":0,\"publisher\":{\"@id\":\"https:\\\/\\\/www.subaru.es\\\/blog\\\/#organization\"},\"image\":{\"@id\":\"https:\\\/\\\/www.subaru.es\\\/blog\\\/nuestra-marca\\\/subaru-extremo-el-sti-preparado-para-el-time-attack\\\/#primaryimage\"},\"thumbnailUrl\":\"https:\\\/\\\/www.subaru.es\\\/blog\\\/wp-content\\\/uploads\\\/2011\\\/11\\\/imp8.jpg\",\"keywords\":[\"Preparadores\",\"sti\",\"subaru impreza sti\",\"Time Attack\"],\"articleSection\":[\"Nuestra marca\"],\"inLanguage\":\"es\",\"potentialAction\":[{\"@type\":\"CommentAction\",\"name\":\"Comment\",\"target\":[\"https:\\\/\\\/www.subaru.es\\\/blog\\\/nuestra-marca\\\/subaru-extremo-el-sti-preparado-para-el-time-attack\\\/#respond\"]}]},{\"@type\":\"WebPage\",\"@id\":\"https:\\\/\\\/www.subaru.es\\\/blog\\\/nuestra-marca\\\/subaru-extremo-el-sti-preparado-para-el-time-attack\\\/\",\"url\":\"https:\\\/\\\/www.subaru.es\\\/blog\\\/nuestra-marca\\\/subaru-extremo-el-sti-preparado-para-el-time-attack\\\/\",\"name\":\"Subaru extremo: el STI preparado para el Time Attack - Universo Subaru\",\"isPartOf\":{\"@id\":\"https:\\\/\\\/www.subaru.es\\\/blog\\\/#website\"},\"primaryImageOfPage\":{\"@id\":\"https:\\\/\\\/www.subaru.es\\\/blog\\\/nuestra-marca\\\/subaru-extremo-el-sti-preparado-para-el-time-attack\\\/#primaryimage\"},\"image\":{\"@id\":\"https:\\\/\\\/www.subaru.es\\\/blog\\\/nuestra-marca\\\/subaru-extremo-el-sti-preparado-para-el-time-attack\\\/#primaryimage\"},\"thumbnailUrl\":\"https:\\\/\\\/www.subaru.es\\\/blog\\\/wp-content\\\/uploads\\\/2011\\\/11\\\/imp8.jpg\",\"datePublished\":\"2012-09-11T11:31:08+00:00\",\"dateModified\":\"2016-10-17T13:07:27+00:00\",\"breadcrumb\":{\"@id\":\"https:\\\/\\\/www.subaru.es\\\/blog\\\/nuestra-marca\\\/subaru-extremo-el-sti-preparado-para-el-time-attack\\\/#breadcrumb\"},\"inLanguage\":\"es\",\"potentialAction\":[{\"@type\":\"ReadAction\",\"target\":[\"https:\\\/\\\/www.subaru.es\\\/blog\\\/nuestra-marca\\\/subaru-extremo-el-sti-preparado-para-el-time-attack\\\/\"]}]},{\"@type\":\"ImageObject\",\"inLanguage\":\"es\",\"@id\":\"https:\\\/\\\/www.subaru.es\\\/blog\\\/nuestra-marca\\\/subaru-extremo-el-sti-preparado-para-el-time-attack\\\/#primaryimage\",\"url\":\"https:\\\/\\\/www.subaru.es\\\/blog\\\/wp-content\\\/uploads\\\/2011\\\/11\\\/imp8.jpg\",\"contentUrl\":\"https:\\\/\\\/www.subaru.es\\\/blog\\\/wp-content\\\/uploads\\\/2011\\\/11\\\/imp8.jpg\",\"width\":600,\"height\":400},{\"@type\":\"BreadcrumbList\",\"@id\":\"https:\\\/\\\/www.subaru.es\\\/blog\\\/nuestra-marca\\\/subaru-extremo-el-sti-preparado-para-el-time-attack\\\/#breadcrumb\",\"itemListElement\":[{\"@type\":\"ListItem\",\"position\":1,\"name\":\"Portada\",\"item\":\"https:\\\/\\\/www.subaru.es\\\/blog\\\/\"},{\"@type\":\"ListItem\",\"position\":2,\"name\":\"Subaru extremo: el STI preparado para el Time Attack\"}]},{\"@type\":\"WebSite\",\"@id\":\"https:\\\/\\\/www.subaru.es\\\/blog\\\/#website\",\"url\":\"https:\\\/\\\/www.subaru.es\\\/blog\\\/\",\"name\":\"Universo Subaru\",\"description\":\"Descubre este apasionante espacio de Subaru donde vas a conocer todo sobre nuestros coches y las experiencias que vivimos con ellos. Si est\u00e1s preparado para dejarte seducir por la filosof\u00eda Subaru, qu\u00e9date con nosotros.\",\"publisher\":{\"@id\":\"https:\\\/\\\/www.subaru.es\\\/blog\\\/#organization\"},\"potentialAction\":[{\"@type\":\"SearchAction\",\"target\":{\"@type\":\"EntryPoint\",\"urlTemplate\":\"https:\\\/\\\/www.subaru.es\\\/blog\\\/?s={search_term_string}\"},\"query-input\":{\"@type\":\"PropertyValueSpecification\",\"valueRequired\":true,\"valueName\":\"search_term_string\"}}],\"inLanguage\":\"es\"},{\"@type\":\"Organization\",\"@id\":\"https:\\\/\\\/www.subaru.es\\\/blog\\\/#organization\",\"name\":\"Subaru Espa\u00f1a S.A.\",\"url\":\"https:\\\/\\\/www.subaru.es\\\/blog\\\/\",\"logo\":{\"@type\":\"ImageObject\",\"inLanguage\":\"es\",\"@id\":\"https:\\\/\\\/www.subaru.es\\\/blog\\\/#\\\/schema\\\/logo\\\/image\\\/\",\"url\":\"https:\\\/\\\/www.subaru.es\\\/blog\\\/wp-content\\\/uploads\\\/2016\\\/12\\\/Logo-Subaru-TypeV_C300-scaled.jpg\",\"contentUrl\":\"https:\\\/\\\/www.subaru.es\\\/blog\\\/wp-content\\\/uploads\\\/2016\\\/12\\\/Logo-Subaru-TypeV_C300-scaled.jpg\",\"width\":2560,\"height\":1864,\"caption\":\"Subaru Espa\u00f1a S.A.\"},\"image\":{\"@id\":\"https:\\\/\\\/www.subaru.es\\\/blog\\\/#\\\/schema\\\/logo\\\/image\\\/\"},\"sameAs\":[\"https:\\\/\\\/www.facebook.com\\\/subaruespana\",\"https:\\\/\\\/www.instagram.com\\\/subarues\\\/\",\"https:\\\/\\\/www.youtube.com\\\/user\\\/subaruespana\"]},{\"@type\":\"Person\",\"@id\":\"https:\\\/\\\/www.subaru.es\\\/blog\\\/#\\\/schema\\\/person\\\/19a90b892230b8e0ec752704ddf4aa10\",\"name\":\"Subaru\",\"url\":\"https:\\\/\\\/www.subaru.es\\\/blog\\\/author\\\/subaria\\\/\"}]}<\/script>\n<!-- \/ Yoast SEO plugin. -->","yoast_head_json":{"title":"Subaru extremo: el STI preparado para el Time Attack - Universo Subaru","robots":{"index":"index","follow":"follow","max-snippet":"max-snippet:-1","max-image-preview":"max-image-preview:large","max-video-preview":"max-video-preview:-1"},"canonical":"https:\/\/www.subaru.es\/blog\/nuestra-marca\/subaru-extremo-el-sti-preparado-para-el-time-attack\/","og_locale":"es_ES","og_type":"article","og_title":"Subaru extremo: el STI preparado para el Time Attack - Universo Subaru","og_description":"Ya hablamos alguna vez de la modalidad del Time Attack, una especialidad en la que los pilotos exprimen los coches al m\u00e1ximo para lograr dar la vuelta m\u00e1s r\u00e1pida a un circuito determinado. Es una competici\u00f3n espectacular y muy divertida donde se pueden ver coches a toda velocidad en circuitos cortos (o no tan cortos). [&hellip;]","og_url":"https:\/\/www.subaru.es\/blog\/nuestra-marca\/subaru-extremo-el-sti-preparado-para-el-time-attack\/","og_site_name":"Universo Subaru","article_publisher":"https:\/\/www.facebook.com\/subaruespana","article_published_time":"2012-09-11T11:31:08+00:00","article_modified_time":"2016-10-17T13:07:27+00:00","og_image":[{"width":600,"height":400,"url":"https:\/\/www.subaru.es\/blog\/wp-content\/uploads\/2011\/11\/imp8.jpg","type":"image\/jpeg"}],"author":"Subaru","twitter_card":"summary_large_image","twitter_misc":{"Escrito por":"Subaru","Tiempo de lectura":"2 minutos"},"schema":{"@context":"https:\/\/schema.org","@graph":[{"@type":"Article","@id":"https:\/\/www.subaru.es\/blog\/nuestra-marca\/subaru-extremo-el-sti-preparado-para-el-time-attack\/#article","isPartOf":{"@id":"https:\/\/www.subaru.es\/blog\/nuestra-marca\/subaru-extremo-el-sti-preparado-para-el-time-attack\/"},"author":{"name":"Subaru","@id":"https:\/\/www.subaru.es\/blog\/#\/schema\/person\/19a90b892230b8e0ec752704ddf4aa10"},"headline":"Subaru extremo: el STI preparado para el Time Attack","datePublished":"2012-09-11T11:31:08+00:00","dateModified":"2016-10-17T13:07:27+00:00","mainEntityOfPage":{"@id":"https:\/\/www.subaru.es\/blog\/nuestra-marca\/subaru-extremo-el-sti-preparado-para-el-time-attack\/"},"wordCount":380,"commentCount":0,"publisher":{"@id":"https:\/\/www.subaru.es\/blog\/#organization"},"image":{"@id":"https:\/\/www.subaru.es\/blog\/nuestra-marca\/subaru-extremo-el-sti-preparado-para-el-time-attack\/#primaryimage"},"thumbnailUrl":"https:\/\/www.subaru.es\/blog\/wp-content\/uploads\/2011\/11\/imp8.jpg","keywords":["Preparadores","sti","subaru impreza sti","Time Attack"],"articleSection":["Nuestra marca"],"inLanguage":"es","potentialAction":[{"@type":"CommentAction","name":"Comment","target":["https:\/\/www.subaru.es\/blog\/nuestra-marca\/subaru-extremo-el-sti-preparado-para-el-time-attack\/#respond"]}]},{"@type":"WebPage","@id":"https:\/\/www.subaru.es\/blog\/nuestra-marca\/subaru-extremo-el-sti-preparado-para-el-time-attack\/","url":"https:\/\/www.subaru.es\/blog\/nuestra-marca\/subaru-extremo-el-sti-preparado-para-el-time-attack\/","name":"Subaru extremo: el STI preparado para el Time Attack - Universo Subaru","isPartOf":{"@id":"https:\/\/www.subaru.es\/blog\/#website"},"primaryImageOfPage":{"@id":"https:\/\/www.subaru.es\/blog\/nuestra-marca\/subaru-extremo-el-sti-preparado-para-el-time-attack\/#primaryimage"},"image":{"@id":"https:\/\/www.subaru.es\/blog\/nuestra-marca\/subaru-extremo-el-sti-preparado-para-el-time-attack\/#primaryimage"},"thumbnailUrl":"https:\/\/www.subaru.es\/blog\/wp-content\/uploads\/2011\/11\/imp8.jpg","datePublished":"2012-09-11T11:31:08+00:00","dateModified":"2016-10-17T13:07:27+00:00","breadcrumb":{"@id":"https:\/\/www.subaru.es\/blog\/nuestra-marca\/subaru-extremo-el-sti-preparado-para-el-time-attack\/#breadcrumb"},"inLanguage":"es","potentialAction":[{"@type":"ReadAction","target":["https:\/\/www.subaru.es\/blog\/nuestra-marca\/subaru-extremo-el-sti-preparado-para-el-time-attack\/"]}]},{"@type":"ImageObject","inLanguage":"es","@id":"https:\/\/www.subaru.es\/blog\/nuestra-marca\/subaru-extremo-el-sti-preparado-para-el-time-attack\/#primaryimage","url":"https:\/\/www.subaru.es\/blog\/wp-content\/uploads\/2011\/11\/imp8.jpg","contentUrl":"https:\/\/www.subaru.es\/blog\/wp-content\/uploads\/2011\/11\/imp8.jpg","width":600,"height":400},{"@type":"BreadcrumbList","@id":"https:\/\/www.subaru.es\/blog\/nuestra-marca\/subaru-extremo-el-sti-preparado-para-el-time-attack\/#breadcrumb","itemListElement":[{"@type":"ListItem","position":1,"name":"Portada","item":"https:\/\/www.subaru.es\/blog\/"},{"@type":"ListItem","position":2,"name":"Subaru extremo: el STI preparado para el Time Attack"}]},{"@type":"WebSite","@id":"https:\/\/www.subaru.es\/blog\/#website","url":"https:\/\/www.subaru.es\/blog\/","name":"Universo Subaru","description":"Descubre este apasionante espacio de Subaru donde vas a conocer todo sobre nuestros coches y las experiencias que vivimos con ellos. Si est\u00e1s preparado para dejarte seducir por la filosof\u00eda Subaru, qu\u00e9date con nosotros.","publisher":{"@id":"https:\/\/www.subaru.es\/blog\/#organization"},"potentialAction":[{"@type":"SearchAction","target":{"@type":"EntryPoint","urlTemplate":"https:\/\/www.subaru.es\/blog\/?s={search_term_string}"},"query-input":{"@type":"PropertyValueSpecification","valueRequired":true,"valueName":"search_term_string"}}],"inLanguage":"es"},{"@type":"Organization","@id":"https:\/\/www.subaru.es\/blog\/#organization","name":"Subaru Espa\u00f1a S.A.","url":"https:\/\/www.subaru.es\/blog\/","logo":{"@type":"ImageObject","inLanguage":"es","@id":"https:\/\/www.subaru.es\/blog\/#\/schema\/logo\/image\/","url":"https:\/\/www.subaru.es\/blog\/wp-content\/uploads\/2016\/12\/Logo-Subaru-TypeV_C300-scaled.jpg","contentUrl":"https:\/\/www.subaru.es\/blog\/wp-content\/uploads\/2016\/12\/Logo-Subaru-TypeV_C300-scaled.jpg","width":2560,"height":1864,"caption":"Subaru Espa\u00f1a S.A."},"image":{"@id":"https:\/\/www.subaru.es\/blog\/#\/schema\/logo\/image\/"},"sameAs":["https:\/\/www.facebook.com\/subaruespana","https:\/\/www.instagram.com\/subarues\/","https:\/\/www.youtube.com\/user\/subaruespana"]},{"@type":"Person","@id":"https:\/\/www.subaru.es\/blog\/#\/schema\/person\/19a90b892230b8e0ec752704ddf4aa10","name":"Subaru","url":"https:\/\/www.subaru.es\/blog\/author\/subaria\/"}]}},"_links":{"self":[{"href":"https:\/\/www.subaru.es\/blog\/wp-json\/wp\/v2\/posts\/5832","targetHints":{"allow":["GET"]}}],"collection":[{"href":"https:\/\/www.subaru.es\/blog\/wp-json\/wp\/v2\/posts"}],"about":[{"href":"https:\/\/www.subaru.es\/blog\/wp-json\/wp\/v2\/types\/post"}],"author":[{"embeddable":true,"href":"https:\/\/www.subaru.es\/blog\/wp-json\/wp\/v2\/users\/21"}],"replies":[{"embeddable":true,"href":"https:\/\/www.subaru.es\/blog\/wp-json\/wp\/v2\/comments?post=5832"}],"version-history":[{"count":1,"href":"https:\/\/www.subaru.es\/blog\/wp-json\/wp\/v2\/posts\/5832\/revisions"}],"predecessor-version":[{"id":14836,"href":"https:\/\/www.subaru.es\/blog\/wp-json\/wp\/v2\/posts\/5832\/revisions\/14836"}],"wp:featuredmedia":[{"embeddable":true,"href":"https:\/\/www.subaru.es\/blog\/wp-json\/wp\/v2\/media\/5835"}],"wp:attachment":[{"href":"https:\/\/www.subaru.es\/blog\/wp-json\/wp\/v2\/media?parent=5832"}],"wp:term":[{"taxonomy":"category","embeddable":true,"href":"https:\/\/www.subaru.es\/blog\/wp-json\/wp\/v2\/categories?post=5832"},{"taxonomy":"post_tag","embeddable":true,"href":"https:\/\/www.subaru.es\/blog\/wp-json\/wp\/v2\/tags?post=5832"}],"curies":[{"name":"wp","href":"https:\/\/api.w.org\/{rel}","templated":true}]}}