{"id":5817,"date":"2012-02-28T17:26:09","date_gmt":"2012-02-28T15:26:09","guid":{"rendered":"http:\/\/subaru.preproduccion.com\/blog\/?p=5817"},"modified":"2016-10-17T15:11:05","modified_gmt":"2016-10-17T13:11:05","slug":"baterias-de-silicio-quiza-el-empujon-definitivo-para-los-electricos","status":"publish","type":"post","link":"https:\/\/www.subaru.es\/blog\/nuestra-marca\/baterias-de-silicio-quiza-el-empujon-definitivo-para-los-electricos\/","title":{"rendered":"Bater\u00edas de silicio: (quiz\u00e1) el empuj\u00f3n definitivo para los el\u00e9ctricos"},"content":{"rendered":"<p><a href=\"https:\/\/www.subaru.es\/blog\/wp-content\/uploads\/2011\/11\/kung-battery-628.jpg\"><img decoding=\"async\" class=\"alignnone size-full wp-image-5818 lazyload\" title=\"Bater\u00eda\" data-src=\"https:\/\/www.subaru.es\/blog\/wp-content\/uploads\/2011\/11\/kung-battery-628.jpg\" alt=\"Bater\u00eda\" width=\"500\" height=\"239\" src=\"data:image\/svg+xml;base64,PHN2ZyB3aWR0aD0iMSIgaGVpZ2h0PSIxIiB4bWxucz0iaHR0cDovL3d3dy53My5vcmcvMjAwMC9zdmciPjwvc3ZnPg==\" style=\"--smush-placeholder-width: 500px; --smush-placeholder-aspect-ratio: 500\/239;\" \/><\/a><\/p>\n<p><a href=\"https:\/\/www.subaru.es\/blog\/wp-content\/uploads\/2011\/11\/kung-battery-628.jpg\"><\/a>Todos sabemos perfectamente cu\u00e1l es el problema principal por el que el mercado de los veh\u00edculos el\u00e9ctricos no acaba de arrancar: las bater\u00edas tienen una autonom\u00eda muy breve, y en cambio despu\u00e9s necesitan mucho tiempo para su carga. Pero \u00bfy si esto no fuese as\u00ed? <strong>\u00bfy si pudi\u00e9semos cargar el coche en 10 minutos y conducirlo una semana?<\/strong> Todo ser\u00eda diferente. Pues bien, unos investigadores de la Universidad de Northwestern podr\u00edan haber dado con la soluci\u00f3n.<!--more--><\/p>\n<p>Se trata de una bater\u00eda de silicio que, seg\u00fan aseguran los investigadores, tendr\u00eda una <strong>capacidad diez veces mayor a las actuales y se cargar\u00eda diez veces m\u00e1s r\u00e1pido<\/strong>. Y lo mejor de todo es que los investigadores son optimistas en cuanto a su salida al mercado, y aseguran que podr\u00eda empezar a venderse dentro de entre tres y cinco a\u00f1os.<\/p>\n<p>El proceso por el que han llegado a esta s\u00faper-bater\u00eda consisti\u00f3 en colocar silicio entre l\u00e1minas de grafeno a las que luego se fueron haciendo peque\u00f1os agujeros (por supuesto, la explicaci\u00f3n t\u00e9cnica es mucho m\u00e1s complicada, <a href=\"http:\/\/www.mccormick.northwestern.edu\/news\/articles\/article_1000.html\" target=\"_blank\">puedes leerla en la web<\/a> de la universidad si de verdad quieres).<\/p>\n<p>Quiz\u00e1 la soluci\u00f3n final que logre que los veh\u00edculos el\u00e9ctricos den el paso a un mercado m\u00e1s mayoritario no sea esta, pero lo cierto es que hay razones para ser optimistas: <strong>hay <a href=\"https:\/\/www.subaru.es\/blog\/eco-innovacion\/baterias-de-combustible-liquido-el-futuro-de-los-electricos\/\" target=\"_blank\">muchas investigaciones<\/a> de este tipo en marcha y muchas est\u00e1n <a href=\"https:\/\/www.subaru.es\/blog\/subaru\/los-vehiculos-electricos-se-recargaran-en-15-minutos\/\" target=\"_blank\">obteniendo buenos resultados<\/a><\/strong>, por lo que no es exagerado decir que estamos a las puertas del mundo de los veh\u00edculos el\u00e9ctricos. Y posiblemente no tardemos mucho en cruzarlas.<\/p>\n<p>V\u00eda | <a href=\"http:\/\/green.autoblog.com\/2011\/11\/18\/plug-in-batteries-could-offer-10-times-more-range-10-times-fast\/\" target=\"_blank\">Autoblog Green<\/a><\/p>\n","protected":false},"excerpt":{"rendered":"<p>Todos sabemos perfectamente cu\u00e1l es el problema principal por el que el mercado de los veh\u00edculos el\u00e9ctricos no acaba de arrancar: las bater\u00edas tienen una autonom\u00eda muy breve, y en cambio despu\u00e9s necesitan mucho tiempo para su carga. Pero \u00bfy si esto no fuese as\u00ed? \u00bfy si pudi\u00e9semos cargar el coche en 10 minutos y [&hellip;]<\/p>\n","protected":false},"author":21,"featured_media":5818,"comment_status":"open","ping_status":"open","sticky":false,"template":"","format":"standard","meta":{"_acf_changed":false,"_eb_attr":"","inline_featured_image":false,"footnotes":""},"categories":[4401],"tags":[1843,3706,3464,3708,3707,1620],"class_list":["post-5817","post","type-post","status-publish","format-standard","has-post-thumbnail","hentry","category-nuestra-marca","tag-bateria","tag-baterias-de-silicio","tag-investigacion","tag-northwestern-university","tag-super-bateria","tag-vehiculos-electricos"],"acf":[],"yoast_head":"<!-- This site is optimized with the Yoast SEO plugin v27.3 - https:\/\/yoast.com\/product\/yoast-seo-wordpress\/ -->\n<title>Bater\u00edas de silicio: (quiz\u00e1) el empuj\u00f3n definitivo para los el\u00e9ctricos - Universo Subaru<\/title>\n<meta name=\"robots\" content=\"index, follow, max-snippet:-1, max-image-preview:large, max-video-preview:-1\" \/>\n<link rel=\"canonical\" href=\"https:\/\/www.subaru.es\/blog\/nuestra-marca\/baterias-de-silicio-quiza-el-empujon-definitivo-para-los-electricos\/\" \/>\n<meta property=\"og:locale\" content=\"es_ES\" \/>\n<meta property=\"og:type\" content=\"article\" \/>\n<meta property=\"og:title\" content=\"Bater\u00edas de silicio: (quiz\u00e1) el empuj\u00f3n definitivo para los el\u00e9ctricos - Universo Subaru\" \/>\n<meta property=\"og:description\" content=\"Todos sabemos perfectamente cu\u00e1l es el problema principal por el que el mercado de los veh\u00edculos el\u00e9ctricos no acaba de arrancar: las bater\u00edas tienen una autonom\u00eda muy breve, y en cambio despu\u00e9s necesitan mucho tiempo para su carga. Pero \u00bfy si esto no fuese as\u00ed? \u00bfy si pudi\u00e9semos cargar el coche en 10 minutos y [&hellip;]\" \/>\n<meta property=\"og:url\" content=\"https:\/\/www.subaru.es\/blog\/nuestra-marca\/baterias-de-silicio-quiza-el-empujon-definitivo-para-los-electricos\/\" \/>\n<meta property=\"og:site_name\" content=\"Universo Subaru\" \/>\n<meta property=\"article:publisher\" content=\"https:\/\/www.facebook.com\/subaruespana\" \/>\n<meta property=\"article:published_time\" content=\"2012-02-28T15:26:09+00:00\" \/>\n<meta property=\"article:modified_time\" content=\"2016-10-17T13:11:05+00:00\" \/>\n<meta property=\"og:image\" content=\"https:\/\/www.subaru.es\/blog\/wp-content\/uploads\/2011\/11\/kung-battery-628.jpg\" \/>\n\t<meta property=\"og:image:width\" content=\"500\" \/>\n\t<meta property=\"og:image:height\" content=\"239\" \/>\n\t<meta property=\"og:image:type\" content=\"image\/jpeg\" \/>\n<meta name=\"author\" content=\"Subaru\" \/>\n<meta name=\"twitter:card\" content=\"summary_large_image\" \/>\n<meta name=\"twitter:label1\" content=\"Escrito por\" \/>\n\t<meta name=\"twitter:data1\" content=\"Subaru\" \/>\n\t<meta name=\"twitter:label2\" content=\"Tiempo de lectura\" \/>\n\t<meta name=\"twitter:data2\" content=\"1 minuto\" \/>\n<script type=\"application\/ld+json\" class=\"yoast-schema-graph\">{\"@context\":\"https:\\\/\\\/schema.org\",\"@graph\":[{\"@type\":\"Article\",\"@id\":\"https:\\\/\\\/www.subaru.es\\\/blog\\\/nuestra-marca\\\/baterias-de-silicio-quiza-el-empujon-definitivo-para-los-electricos\\\/#article\",\"isPartOf\":{\"@id\":\"https:\\\/\\\/www.subaru.es\\\/blog\\\/nuestra-marca\\\/baterias-de-silicio-quiza-el-empujon-definitivo-para-los-electricos\\\/\"},\"author\":{\"name\":\"Subaru\",\"@id\":\"https:\\\/\\\/www.subaru.es\\\/blog\\\/#\\\/schema\\\/person\\\/19a90b892230b8e0ec752704ddf4aa10\"},\"headline\":\"Bater\u00edas de silicio: (quiz\u00e1) el empuj\u00f3n definitivo para los el\u00e9ctricos\",\"datePublished\":\"2012-02-28T15:26:09+00:00\",\"dateModified\":\"2016-10-17T13:11:05+00:00\",\"mainEntityOfPage\":{\"@id\":\"https:\\\/\\\/www.subaru.es\\\/blog\\\/nuestra-marca\\\/baterias-de-silicio-quiza-el-empujon-definitivo-para-los-electricos\\\/\"},\"wordCount\":302,\"commentCount\":0,\"publisher\":{\"@id\":\"https:\\\/\\\/www.subaru.es\\\/blog\\\/#organization\"},\"image\":{\"@id\":\"https:\\\/\\\/www.subaru.es\\\/blog\\\/nuestra-marca\\\/baterias-de-silicio-quiza-el-empujon-definitivo-para-los-electricos\\\/#primaryimage\"},\"thumbnailUrl\":\"https:\\\/\\\/www.subaru.es\\\/blog\\\/wp-content\\\/uploads\\\/2011\\\/11\\\/kung-battery-628.jpg\",\"keywords\":[\"bater\u00eda\",\"bater\u00edas de silicio\",\"investigaci\u00f3n\",\"northwestern university\",\"super bater\u00eda\",\"Veh\u00edculos El\u00e9ctricos\"],\"articleSection\":[\"Nuestra marca\"],\"inLanguage\":\"es\",\"potentialAction\":[{\"@type\":\"CommentAction\",\"name\":\"Comment\",\"target\":[\"https:\\\/\\\/www.subaru.es\\\/blog\\\/nuestra-marca\\\/baterias-de-silicio-quiza-el-empujon-definitivo-para-los-electricos\\\/#respond\"]}]},{\"@type\":\"WebPage\",\"@id\":\"https:\\\/\\\/www.subaru.es\\\/blog\\\/nuestra-marca\\\/baterias-de-silicio-quiza-el-empujon-definitivo-para-los-electricos\\\/\",\"url\":\"https:\\\/\\\/www.subaru.es\\\/blog\\\/nuestra-marca\\\/baterias-de-silicio-quiza-el-empujon-definitivo-para-los-electricos\\\/\",\"name\":\"Bater\u00edas de silicio: (quiz\u00e1) el empuj\u00f3n definitivo para los el\u00e9ctricos - Universo Subaru\",\"isPartOf\":{\"@id\":\"https:\\\/\\\/www.subaru.es\\\/blog\\\/#website\"},\"primaryImageOfPage\":{\"@id\":\"https:\\\/\\\/www.subaru.es\\\/blog\\\/nuestra-marca\\\/baterias-de-silicio-quiza-el-empujon-definitivo-para-los-electricos\\\/#primaryimage\"},\"image\":{\"@id\":\"https:\\\/\\\/www.subaru.es\\\/blog\\\/nuestra-marca\\\/baterias-de-silicio-quiza-el-empujon-definitivo-para-los-electricos\\\/#primaryimage\"},\"thumbnailUrl\":\"https:\\\/\\\/www.subaru.es\\\/blog\\\/wp-content\\\/uploads\\\/2011\\\/11\\\/kung-battery-628.jpg\",\"datePublished\":\"2012-02-28T15:26:09+00:00\",\"dateModified\":\"2016-10-17T13:11:05+00:00\",\"breadcrumb\":{\"@id\":\"https:\\\/\\\/www.subaru.es\\\/blog\\\/nuestra-marca\\\/baterias-de-silicio-quiza-el-empujon-definitivo-para-los-electricos\\\/#breadcrumb\"},\"inLanguage\":\"es\",\"potentialAction\":[{\"@type\":\"ReadAction\",\"target\":[\"https:\\\/\\\/www.subaru.es\\\/blog\\\/nuestra-marca\\\/baterias-de-silicio-quiza-el-empujon-definitivo-para-los-electricos\\\/\"]}]},{\"@type\":\"ImageObject\",\"inLanguage\":\"es\",\"@id\":\"https:\\\/\\\/www.subaru.es\\\/blog\\\/nuestra-marca\\\/baterias-de-silicio-quiza-el-empujon-definitivo-para-los-electricos\\\/#primaryimage\",\"url\":\"https:\\\/\\\/www.subaru.es\\\/blog\\\/wp-content\\\/uploads\\\/2011\\\/11\\\/kung-battery-628.jpg\",\"contentUrl\":\"https:\\\/\\\/www.subaru.es\\\/blog\\\/wp-content\\\/uploads\\\/2011\\\/11\\\/kung-battery-628.jpg\",\"width\":500,\"height\":239,\"caption\":\"Bater\u00eda\"},{\"@type\":\"BreadcrumbList\",\"@id\":\"https:\\\/\\\/www.subaru.es\\\/blog\\\/nuestra-marca\\\/baterias-de-silicio-quiza-el-empujon-definitivo-para-los-electricos\\\/#breadcrumb\",\"itemListElement\":[{\"@type\":\"ListItem\",\"position\":1,\"name\":\"Portada\",\"item\":\"https:\\\/\\\/www.subaru.es\\\/blog\\\/\"},{\"@type\":\"ListItem\",\"position\":2,\"name\":\"Bater\u00edas de silicio: (quiz\u00e1) el empuj\u00f3n definitivo para los el\u00e9ctricos\"}]},{\"@type\":\"WebSite\",\"@id\":\"https:\\\/\\\/www.subaru.es\\\/blog\\\/#website\",\"url\":\"https:\\\/\\\/www.subaru.es\\\/blog\\\/\",\"name\":\"Universo Subaru\",\"description\":\"Descubre este apasionante espacio de Subaru donde vas a conocer todo sobre nuestros coches y las experiencias que vivimos con ellos. Si est\u00e1s preparado para dejarte seducir por la filosof\u00eda Subaru, qu\u00e9date con nosotros.\",\"publisher\":{\"@id\":\"https:\\\/\\\/www.subaru.es\\\/blog\\\/#organization\"},\"potentialAction\":[{\"@type\":\"SearchAction\",\"target\":{\"@type\":\"EntryPoint\",\"urlTemplate\":\"https:\\\/\\\/www.subaru.es\\\/blog\\\/?s={search_term_string}\"},\"query-input\":{\"@type\":\"PropertyValueSpecification\",\"valueRequired\":true,\"valueName\":\"search_term_string\"}}],\"inLanguage\":\"es\"},{\"@type\":\"Organization\",\"@id\":\"https:\\\/\\\/www.subaru.es\\\/blog\\\/#organization\",\"name\":\"Subaru Espa\u00f1a S.A.\",\"url\":\"https:\\\/\\\/www.subaru.es\\\/blog\\\/\",\"logo\":{\"@type\":\"ImageObject\",\"inLanguage\":\"es\",\"@id\":\"https:\\\/\\\/www.subaru.es\\\/blog\\\/#\\\/schema\\\/logo\\\/image\\\/\",\"url\":\"https:\\\/\\\/www.subaru.es\\\/blog\\\/wp-content\\\/uploads\\\/2016\\\/12\\\/Logo-Subaru-TypeV_C300-scaled.jpg\",\"contentUrl\":\"https:\\\/\\\/www.subaru.es\\\/blog\\\/wp-content\\\/uploads\\\/2016\\\/12\\\/Logo-Subaru-TypeV_C300-scaled.jpg\",\"width\":2560,\"height\":1864,\"caption\":\"Subaru Espa\u00f1a S.A.\"},\"image\":{\"@id\":\"https:\\\/\\\/www.subaru.es\\\/blog\\\/#\\\/schema\\\/logo\\\/image\\\/\"},\"sameAs\":[\"https:\\\/\\\/www.facebook.com\\\/subaruespana\",\"https:\\\/\\\/www.instagram.com\\\/subarues\\\/\",\"https:\\\/\\\/www.youtube.com\\\/user\\\/subaruespana\"]},{\"@type\":\"Person\",\"@id\":\"https:\\\/\\\/www.subaru.es\\\/blog\\\/#\\\/schema\\\/person\\\/19a90b892230b8e0ec752704ddf4aa10\",\"name\":\"Subaru\",\"url\":\"https:\\\/\\\/www.subaru.es\\\/blog\\\/author\\\/subaria\\\/\"}]}<\/script>\n<!-- \/ Yoast SEO plugin. -->","yoast_head_json":{"title":"Bater\u00edas de silicio: (quiz\u00e1) el empuj\u00f3n definitivo para los el\u00e9ctricos - Universo Subaru","robots":{"index":"index","follow":"follow","max-snippet":"max-snippet:-1","max-image-preview":"max-image-preview:large","max-video-preview":"max-video-preview:-1"},"canonical":"https:\/\/www.subaru.es\/blog\/nuestra-marca\/baterias-de-silicio-quiza-el-empujon-definitivo-para-los-electricos\/","og_locale":"es_ES","og_type":"article","og_title":"Bater\u00edas de silicio: (quiz\u00e1) el empuj\u00f3n definitivo para los el\u00e9ctricos - Universo Subaru","og_description":"Todos sabemos perfectamente cu\u00e1l es el problema principal por el que el mercado de los veh\u00edculos el\u00e9ctricos no acaba de arrancar: las bater\u00edas tienen una autonom\u00eda muy breve, y en cambio despu\u00e9s necesitan mucho tiempo para su carga. Pero \u00bfy si esto no fuese as\u00ed? \u00bfy si pudi\u00e9semos cargar el coche en 10 minutos y [&hellip;]","og_url":"https:\/\/www.subaru.es\/blog\/nuestra-marca\/baterias-de-silicio-quiza-el-empujon-definitivo-para-los-electricos\/","og_site_name":"Universo Subaru","article_publisher":"https:\/\/www.facebook.com\/subaruespana","article_published_time":"2012-02-28T15:26:09+00:00","article_modified_time":"2016-10-17T13:11:05+00:00","og_image":[{"width":500,"height":239,"url":"https:\/\/www.subaru.es\/blog\/wp-content\/uploads\/2011\/11\/kung-battery-628.jpg","type":"image\/jpeg"}],"author":"Subaru","twitter_card":"summary_large_image","twitter_misc":{"Escrito por":"Subaru","Tiempo de lectura":"1 minuto"},"schema":{"@context":"https:\/\/schema.org","@graph":[{"@type":"Article","@id":"https:\/\/www.subaru.es\/blog\/nuestra-marca\/baterias-de-silicio-quiza-el-empujon-definitivo-para-los-electricos\/#article","isPartOf":{"@id":"https:\/\/www.subaru.es\/blog\/nuestra-marca\/baterias-de-silicio-quiza-el-empujon-definitivo-para-los-electricos\/"},"author":{"name":"Subaru","@id":"https:\/\/www.subaru.es\/blog\/#\/schema\/person\/19a90b892230b8e0ec752704ddf4aa10"},"headline":"Bater\u00edas de silicio: (quiz\u00e1) el empuj\u00f3n definitivo para los el\u00e9ctricos","datePublished":"2012-02-28T15:26:09+00:00","dateModified":"2016-10-17T13:11:05+00:00","mainEntityOfPage":{"@id":"https:\/\/www.subaru.es\/blog\/nuestra-marca\/baterias-de-silicio-quiza-el-empujon-definitivo-para-los-electricos\/"},"wordCount":302,"commentCount":0,"publisher":{"@id":"https:\/\/www.subaru.es\/blog\/#organization"},"image":{"@id":"https:\/\/www.subaru.es\/blog\/nuestra-marca\/baterias-de-silicio-quiza-el-empujon-definitivo-para-los-electricos\/#primaryimage"},"thumbnailUrl":"https:\/\/www.subaru.es\/blog\/wp-content\/uploads\/2011\/11\/kung-battery-628.jpg","keywords":["bater\u00eda","bater\u00edas de silicio","investigaci\u00f3n","northwestern university","super bater\u00eda","Veh\u00edculos El\u00e9ctricos"],"articleSection":["Nuestra marca"],"inLanguage":"es","potentialAction":[{"@type":"CommentAction","name":"Comment","target":["https:\/\/www.subaru.es\/blog\/nuestra-marca\/baterias-de-silicio-quiza-el-empujon-definitivo-para-los-electricos\/#respond"]}]},{"@type":"WebPage","@id":"https:\/\/www.subaru.es\/blog\/nuestra-marca\/baterias-de-silicio-quiza-el-empujon-definitivo-para-los-electricos\/","url":"https:\/\/www.subaru.es\/blog\/nuestra-marca\/baterias-de-silicio-quiza-el-empujon-definitivo-para-los-electricos\/","name":"Bater\u00edas de silicio: (quiz\u00e1) el empuj\u00f3n definitivo para los el\u00e9ctricos - Universo Subaru","isPartOf":{"@id":"https:\/\/www.subaru.es\/blog\/#website"},"primaryImageOfPage":{"@id":"https:\/\/www.subaru.es\/blog\/nuestra-marca\/baterias-de-silicio-quiza-el-empujon-definitivo-para-los-electricos\/#primaryimage"},"image":{"@id":"https:\/\/www.subaru.es\/blog\/nuestra-marca\/baterias-de-silicio-quiza-el-empujon-definitivo-para-los-electricos\/#primaryimage"},"thumbnailUrl":"https:\/\/www.subaru.es\/blog\/wp-content\/uploads\/2011\/11\/kung-battery-628.jpg","datePublished":"2012-02-28T15:26:09+00:00","dateModified":"2016-10-17T13:11:05+00:00","breadcrumb":{"@id":"https:\/\/www.subaru.es\/blog\/nuestra-marca\/baterias-de-silicio-quiza-el-empujon-definitivo-para-los-electricos\/#breadcrumb"},"inLanguage":"es","potentialAction":[{"@type":"ReadAction","target":["https:\/\/www.subaru.es\/blog\/nuestra-marca\/baterias-de-silicio-quiza-el-empujon-definitivo-para-los-electricos\/"]}]},{"@type":"ImageObject","inLanguage":"es","@id":"https:\/\/www.subaru.es\/blog\/nuestra-marca\/baterias-de-silicio-quiza-el-empujon-definitivo-para-los-electricos\/#primaryimage","url":"https:\/\/www.subaru.es\/blog\/wp-content\/uploads\/2011\/11\/kung-battery-628.jpg","contentUrl":"https:\/\/www.subaru.es\/blog\/wp-content\/uploads\/2011\/11\/kung-battery-628.jpg","width":500,"height":239,"caption":"Bater\u00eda"},{"@type":"BreadcrumbList","@id":"https:\/\/www.subaru.es\/blog\/nuestra-marca\/baterias-de-silicio-quiza-el-empujon-definitivo-para-los-electricos\/#breadcrumb","itemListElement":[{"@type":"ListItem","position":1,"name":"Portada","item":"https:\/\/www.subaru.es\/blog\/"},{"@type":"ListItem","position":2,"name":"Bater\u00edas de silicio: (quiz\u00e1) el empuj\u00f3n definitivo para los el\u00e9ctricos"}]},{"@type":"WebSite","@id":"https:\/\/www.subaru.es\/blog\/#website","url":"https:\/\/www.subaru.es\/blog\/","name":"Universo Subaru","description":"Descubre este apasionante espacio de Subaru donde vas a conocer todo sobre nuestros coches y las experiencias que vivimos con ellos. Si est\u00e1s preparado para dejarte seducir por la filosof\u00eda Subaru, qu\u00e9date con nosotros.","publisher":{"@id":"https:\/\/www.subaru.es\/blog\/#organization"},"potentialAction":[{"@type":"SearchAction","target":{"@type":"EntryPoint","urlTemplate":"https:\/\/www.subaru.es\/blog\/?s={search_term_string}"},"query-input":{"@type":"PropertyValueSpecification","valueRequired":true,"valueName":"search_term_string"}}],"inLanguage":"es"},{"@type":"Organization","@id":"https:\/\/www.subaru.es\/blog\/#organization","name":"Subaru Espa\u00f1a S.A.","url":"https:\/\/www.subaru.es\/blog\/","logo":{"@type":"ImageObject","inLanguage":"es","@id":"https:\/\/www.subaru.es\/blog\/#\/schema\/logo\/image\/","url":"https:\/\/www.subaru.es\/blog\/wp-content\/uploads\/2016\/12\/Logo-Subaru-TypeV_C300-scaled.jpg","contentUrl":"https:\/\/www.subaru.es\/blog\/wp-content\/uploads\/2016\/12\/Logo-Subaru-TypeV_C300-scaled.jpg","width":2560,"height":1864,"caption":"Subaru Espa\u00f1a S.A."},"image":{"@id":"https:\/\/www.subaru.es\/blog\/#\/schema\/logo\/image\/"},"sameAs":["https:\/\/www.facebook.com\/subaruespana","https:\/\/www.instagram.com\/subarues\/","https:\/\/www.youtube.com\/user\/subaruespana"]},{"@type":"Person","@id":"https:\/\/www.subaru.es\/blog\/#\/schema\/person\/19a90b892230b8e0ec752704ddf4aa10","name":"Subaru","url":"https:\/\/www.subaru.es\/blog\/author\/subaria\/"}]}},"_links":{"self":[{"href":"https:\/\/www.subaru.es\/blog\/wp-json\/wp\/v2\/posts\/5817","targetHints":{"allow":["GET"]}}],"collection":[{"href":"https:\/\/www.subaru.es\/blog\/wp-json\/wp\/v2\/posts"}],"about":[{"href":"https:\/\/www.subaru.es\/blog\/wp-json\/wp\/v2\/types\/post"}],"author":[{"embeddable":true,"href":"https:\/\/www.subaru.es\/blog\/wp-json\/wp\/v2\/users\/21"}],"replies":[{"embeddable":true,"href":"https:\/\/www.subaru.es\/blog\/wp-json\/wp\/v2\/comments?post=5817"}],"version-history":[{"count":1,"href":"https:\/\/www.subaru.es\/blog\/wp-json\/wp\/v2\/posts\/5817\/revisions"}],"predecessor-version":[{"id":15888,"href":"https:\/\/www.subaru.es\/blog\/wp-json\/wp\/v2\/posts\/5817\/revisions\/15888"}],"wp:featuredmedia":[{"embeddable":true,"href":"https:\/\/www.subaru.es\/blog\/wp-json\/wp\/v2\/media\/5818"}],"wp:attachment":[{"href":"https:\/\/www.subaru.es\/blog\/wp-json\/wp\/v2\/media?parent=5817"}],"wp:term":[{"taxonomy":"category","embeddable":true,"href":"https:\/\/www.subaru.es\/blog\/wp-json\/wp\/v2\/categories?post=5817"},{"taxonomy":"post_tag","embeddable":true,"href":"https:\/\/www.subaru.es\/blog\/wp-json\/wp\/v2\/tags?post=5817"}],"curies":[{"name":"wp","href":"https:\/\/api.w.org\/{rel}","templated":true}]}}