{"id":5813,"date":"2016-10-17T15:10:59","date_gmt":"2016-10-17T13:10:59","guid":{"rendered":"http:\/\/subaru.preproduccion.com\/blog\/?p=5813"},"modified":"2016-11-07T13:47:05","modified_gmt":"2016-11-07T11:47:05","slug":"teletrabajar-cuando-nieve","status":"publish","type":"post","link":"https:\/\/www.subaru.es\/blog\/nuestra-marca\/teletrabajar-cuando-nieve\/","title":{"rendered":"\u00bfTeletrabajar cuando nieve?"},"content":{"rendered":"<p><a href=\"https:\/\/www.subaru.es\/blog\/wp-content\/uploads\/2011\/11\/nievecoches.jpg\"><img decoding=\"async\" class=\"alignnone size-full wp-image-5814 lazyload\" title=\"Tr\u00e1fico nieve\" data-src=\"https:\/\/www.subaru.es\/blog\/wp-content\/uploads\/2011\/11\/nievecoches.jpg\" alt=\"Tr\u00e1fico nieve\" width=\"500\" height=\"342\" src=\"data:image\/svg+xml;base64,PHN2ZyB3aWR0aD0iMSIgaGVpZ2h0PSIxIiB4bWxucz0iaHR0cDovL3d3dy53My5vcmcvMjAwMC9zdmciPjwvc3ZnPg==\" style=\"--smush-placeholder-width: 500px; --smush-placeholder-aspect-ratio: 500\/342;\" \/><\/a><\/p>\n<p><a href=\"https:\/\/www.subaru.es\/blog\/wp-content\/uploads\/2011\/11\/nievecoches.jpg\"><\/a>Todos conocemos el mensaje: <strong>si hace muy mal tiempo, evita coger el coche si no es imprescindible<\/strong>. Ya sea por fuertes lluvias, temporales o por nevadas de esas que lo dejan todo impracticable, hay momentos en los que nuestro Subaru est\u00e1 mejor guardadito en el garaje (y nosotros calentitos en casa). Si eres una de esas miles de personas que todos los d\u00edas cogen el coche para ir a trabajar, seguro que no te parece tan f\u00e1cil llamar a tu jefe y decirle que no vas porque llueve mucho, pero \u00bfy si esa fuese la soluci\u00f3n? Pere Navarro, director general de la <a href=\"http:\/\/www.dgt.es\/portal\/\" target=\"_blank\">DGT<\/a>, es lo que propone.<!--more--><\/p>\n<p>No se trata de quedarse en casa con el d\u00eda libre si nieva demasiado, sino de, <strong>siempre que sea posible, teletrabajar<\/strong>. Porque hoy en d\u00eda hay cada vez m\u00e1s trabajos en los que se puede cumplir con la jornada laboral perfectamente desde casa si tenemos un ordenador y conexi\u00f3n a Internet, aunque no se trate de una pr\u00e1ctica muy extendida ni popular en Espa\u00f1a.<\/p>\n<p>La propuesta de Pere Navarro tiene sentido no solo desde el punto de vista de la seguridad personal (en d\u00edas de grandes nevadas <a href=\"http:\/\/www.autofacil.es\/seguridad\/recomendaciones-para-conducir-en-nieve\" target=\"_blank\">conducir puede ser peligroso<\/a>), sino tambi\u00e9n para<strong> dar m\u00e1s fluidez al tr\u00e1fico en esos d\u00edas <\/strong>al reducir el n\u00famero de desplazamientos.<\/p>\n<p>Por supuesto, de momento se trata tan solo de una recomendaci\u00f3n realizada por el director general de Tr\u00e1fico que no va m\u00e1s all\u00e1. Falta ahora saber si este es el primer paso y si poco a poco nos iremos concienciando (empleados y jefes) de la utilidad de esta medida o si todo seguir\u00e1 igual. Si al final tienes que coger el coche cuando hay una gran nevada, ya sabes,<strong> \u00a1<a href=\"https:\/\/www.subaru.es\/blog\/subaru\/10-consejos-para-conducir-seguro-en-invierno\/\" target=\"_blank\">extrema las precauciones<\/a>!<\/strong><\/p>\n<p>V\u00eda | <a href=\"http:\/\/www.autofacil.es\/conductor\/pere-navarro-propone-el-teletrabajo-los-dias-de-nevadas\" target=\"_blank\">Autofacil<\/a><br \/>\nFoto | <a href=\"http:\/\/www.flickr.com\/photos\/osde-info\/5268199353\/\" target=\"_blank\">Clive Darr<\/a><\/p>\n","protected":false},"excerpt":{"rendered":"<p>Todos conocemos el mensaje: si hace muy mal tiempo, evita coger el coche si no es imprescindible. Ya sea por fuertes lluvias, temporales o por nevadas de esas que lo dejan todo impracticable, hay momentos en los que nuestro Subaru est\u00e1 mejor guardadito en el garaje (y nosotros calentitos en casa). Si eres una de [&hellip;]<\/p>\n","protected":false},"author":21,"featured_media":5814,"comment_status":"open","ping_status":"open","sticky":false,"template":"","format":"standard","meta":{"_acf_changed":false,"_eb_attr":"","inline_featured_image":false,"footnotes":""},"categories":[4401],"tags":[3704,3159,3703,3705,1728,104,3702,3701],"class_list":["post-5813","post","type-post","status-publish","format-standard","has-post-thumbnail","hentry","category-nuestra-marca","tag-conducir-con-nieve","tag-dgt","tag-direccion-general-de-trafico","tag-mal-tiempo","tag-nevadas","tag-nieve","tag-pere-navarro","tag-teletrabajo"],"acf":[],"yoast_head":"<!-- This site is optimized with the Yoast SEO plugin v27.3 - https:\/\/yoast.com\/product\/yoast-seo-wordpress\/ -->\n<title>\u00bfTeletrabajar cuando nieve? - Universo Subaru<\/title>\n<meta name=\"robots\" content=\"index, follow, max-snippet:-1, max-image-preview:large, max-video-preview:-1\" \/>\n<link rel=\"canonical\" href=\"https:\/\/www.subaru.es\/blog\/nuestra-marca\/teletrabajar-cuando-nieve\/\" \/>\n<meta property=\"og:locale\" content=\"es_ES\" \/>\n<meta property=\"og:type\" content=\"article\" \/>\n<meta property=\"og:title\" content=\"\u00bfTeletrabajar cuando nieve? - Universo Subaru\" \/>\n<meta property=\"og:description\" content=\"Todos conocemos el mensaje: si hace muy mal tiempo, evita coger el coche si no es imprescindible. Ya sea por fuertes lluvias, temporales o por nevadas de esas que lo dejan todo impracticable, hay momentos en los que nuestro Subaru est\u00e1 mejor guardadito en el garaje (y nosotros calentitos en casa). Si eres una de [&hellip;]\" \/>\n<meta property=\"og:url\" content=\"https:\/\/www.subaru.es\/blog\/nuestra-marca\/teletrabajar-cuando-nieve\/\" \/>\n<meta property=\"og:site_name\" content=\"Universo Subaru\" \/>\n<meta property=\"article:publisher\" content=\"https:\/\/www.facebook.com\/subaruespana\" \/>\n<meta property=\"article:published_time\" content=\"2016-10-17T13:10:59+00:00\" \/>\n<meta property=\"article:modified_time\" content=\"2016-11-07T11:47:05+00:00\" \/>\n<meta property=\"og:image\" content=\"https:\/\/www.subaru.es\/blog\/wp-content\/uploads\/2011\/11\/nievecoches.jpg\" \/>\n\t<meta property=\"og:image:width\" content=\"500\" \/>\n\t<meta property=\"og:image:height\" content=\"342\" \/>\n\t<meta property=\"og:image:type\" content=\"image\/jpeg\" \/>\n<meta name=\"author\" content=\"Subaru\" \/>\n<meta name=\"twitter:card\" content=\"summary_large_image\" \/>\n<meta name=\"twitter:label1\" content=\"Escrito por\" \/>\n\t<meta name=\"twitter:data1\" content=\"Subaru\" \/>\n\t<meta name=\"twitter:label2\" content=\"Tiempo de lectura\" \/>\n\t<meta name=\"twitter:data2\" content=\"2 minutos\" \/>\n<script type=\"application\/ld+json\" class=\"yoast-schema-graph\">{\"@context\":\"https:\\\/\\\/schema.org\",\"@graph\":[{\"@type\":\"Article\",\"@id\":\"https:\\\/\\\/www.subaru.es\\\/blog\\\/nuestra-marca\\\/teletrabajar-cuando-nieve\\\/#article\",\"isPartOf\":{\"@id\":\"https:\\\/\\\/www.subaru.es\\\/blog\\\/nuestra-marca\\\/teletrabajar-cuando-nieve\\\/\"},\"author\":{\"name\":\"Subaru\",\"@id\":\"https:\\\/\\\/www.subaru.es\\\/blog\\\/#\\\/schema\\\/person\\\/19a90b892230b8e0ec752704ddf4aa10\"},\"headline\":\"\u00bfTeletrabajar cuando nieve?\",\"datePublished\":\"2016-10-17T13:10:59+00:00\",\"dateModified\":\"2016-11-07T11:47:05+00:00\",\"mainEntityOfPage\":{\"@id\":\"https:\\\/\\\/www.subaru.es\\\/blog\\\/nuestra-marca\\\/teletrabajar-cuando-nieve\\\/\"},\"wordCount\":314,\"commentCount\":0,\"publisher\":{\"@id\":\"https:\\\/\\\/www.subaru.es\\\/blog\\\/#organization\"},\"image\":{\"@id\":\"https:\\\/\\\/www.subaru.es\\\/blog\\\/nuestra-marca\\\/teletrabajar-cuando-nieve\\\/#primaryimage\"},\"thumbnailUrl\":\"https:\\\/\\\/www.subaru.es\\\/blog\\\/wp-content\\\/uploads\\\/2011\\\/11\\\/nievecoches.jpg\",\"keywords\":[\"conducir con nieve\",\"DGT\",\"Direcci\u00f3n general de Tr\u00e1fico\",\"mal tiempo\",\"nevadas\",\"nieve\",\"Pere Navarro\",\"teletrabajo\"],\"articleSection\":[\"Nuestra marca\"],\"inLanguage\":\"es\",\"potentialAction\":[{\"@type\":\"CommentAction\",\"name\":\"Comment\",\"target\":[\"https:\\\/\\\/www.subaru.es\\\/blog\\\/nuestra-marca\\\/teletrabajar-cuando-nieve\\\/#respond\"]}]},{\"@type\":\"WebPage\",\"@id\":\"https:\\\/\\\/www.subaru.es\\\/blog\\\/nuestra-marca\\\/teletrabajar-cuando-nieve\\\/\",\"url\":\"https:\\\/\\\/www.subaru.es\\\/blog\\\/nuestra-marca\\\/teletrabajar-cuando-nieve\\\/\",\"name\":\"\u00bfTeletrabajar cuando nieve? - Universo Subaru\",\"isPartOf\":{\"@id\":\"https:\\\/\\\/www.subaru.es\\\/blog\\\/#website\"},\"primaryImageOfPage\":{\"@id\":\"https:\\\/\\\/www.subaru.es\\\/blog\\\/nuestra-marca\\\/teletrabajar-cuando-nieve\\\/#primaryimage\"},\"image\":{\"@id\":\"https:\\\/\\\/www.subaru.es\\\/blog\\\/nuestra-marca\\\/teletrabajar-cuando-nieve\\\/#primaryimage\"},\"thumbnailUrl\":\"https:\\\/\\\/www.subaru.es\\\/blog\\\/wp-content\\\/uploads\\\/2011\\\/11\\\/nievecoches.jpg\",\"datePublished\":\"2016-10-17T13:10:59+00:00\",\"dateModified\":\"2016-11-07T11:47:05+00:00\",\"breadcrumb\":{\"@id\":\"https:\\\/\\\/www.subaru.es\\\/blog\\\/nuestra-marca\\\/teletrabajar-cuando-nieve\\\/#breadcrumb\"},\"inLanguage\":\"es\",\"potentialAction\":[{\"@type\":\"ReadAction\",\"target\":[\"https:\\\/\\\/www.subaru.es\\\/blog\\\/nuestra-marca\\\/teletrabajar-cuando-nieve\\\/\"]}]},{\"@type\":\"ImageObject\",\"inLanguage\":\"es\",\"@id\":\"https:\\\/\\\/www.subaru.es\\\/blog\\\/nuestra-marca\\\/teletrabajar-cuando-nieve\\\/#primaryimage\",\"url\":\"https:\\\/\\\/www.subaru.es\\\/blog\\\/wp-content\\\/uploads\\\/2011\\\/11\\\/nievecoches.jpg\",\"contentUrl\":\"https:\\\/\\\/www.subaru.es\\\/blog\\\/wp-content\\\/uploads\\\/2011\\\/11\\\/nievecoches.jpg\",\"width\":500,\"height\":342,\"caption\":\"Tr\u00e1fico nieve\"},{\"@type\":\"BreadcrumbList\",\"@id\":\"https:\\\/\\\/www.subaru.es\\\/blog\\\/nuestra-marca\\\/teletrabajar-cuando-nieve\\\/#breadcrumb\",\"itemListElement\":[{\"@type\":\"ListItem\",\"position\":1,\"name\":\"Portada\",\"item\":\"https:\\\/\\\/www.subaru.es\\\/blog\\\/\"},{\"@type\":\"ListItem\",\"position\":2,\"name\":\"\u00bfTeletrabajar cuando nieve?\"}]},{\"@type\":\"WebSite\",\"@id\":\"https:\\\/\\\/www.subaru.es\\\/blog\\\/#website\",\"url\":\"https:\\\/\\\/www.subaru.es\\\/blog\\\/\",\"name\":\"Universo Subaru\",\"description\":\"Descubre este apasionante espacio de Subaru donde vas a conocer todo sobre nuestros coches y las experiencias que vivimos con ellos. Si est\u00e1s preparado para dejarte seducir por la filosof\u00eda Subaru, qu\u00e9date con nosotros.\",\"publisher\":{\"@id\":\"https:\\\/\\\/www.subaru.es\\\/blog\\\/#organization\"},\"potentialAction\":[{\"@type\":\"SearchAction\",\"target\":{\"@type\":\"EntryPoint\",\"urlTemplate\":\"https:\\\/\\\/www.subaru.es\\\/blog\\\/?s={search_term_string}\"},\"query-input\":{\"@type\":\"PropertyValueSpecification\",\"valueRequired\":true,\"valueName\":\"search_term_string\"}}],\"inLanguage\":\"es\"},{\"@type\":\"Organization\",\"@id\":\"https:\\\/\\\/www.subaru.es\\\/blog\\\/#organization\",\"name\":\"Subaru Espa\u00f1a S.A.\",\"url\":\"https:\\\/\\\/www.subaru.es\\\/blog\\\/\",\"logo\":{\"@type\":\"ImageObject\",\"inLanguage\":\"es\",\"@id\":\"https:\\\/\\\/www.subaru.es\\\/blog\\\/#\\\/schema\\\/logo\\\/image\\\/\",\"url\":\"https:\\\/\\\/www.subaru.es\\\/blog\\\/wp-content\\\/uploads\\\/2016\\\/12\\\/Logo-Subaru-TypeV_C300-scaled.jpg\",\"contentUrl\":\"https:\\\/\\\/www.subaru.es\\\/blog\\\/wp-content\\\/uploads\\\/2016\\\/12\\\/Logo-Subaru-TypeV_C300-scaled.jpg\",\"width\":2560,\"height\":1864,\"caption\":\"Subaru Espa\u00f1a S.A.\"},\"image\":{\"@id\":\"https:\\\/\\\/www.subaru.es\\\/blog\\\/#\\\/schema\\\/logo\\\/image\\\/\"},\"sameAs\":[\"https:\\\/\\\/www.facebook.com\\\/subaruespana\",\"https:\\\/\\\/www.instagram.com\\\/subarues\\\/\",\"https:\\\/\\\/www.youtube.com\\\/user\\\/subaruespana\"]},{\"@type\":\"Person\",\"@id\":\"https:\\\/\\\/www.subaru.es\\\/blog\\\/#\\\/schema\\\/person\\\/19a90b892230b8e0ec752704ddf4aa10\",\"name\":\"Subaru\",\"url\":\"https:\\\/\\\/www.subaru.es\\\/blog\\\/author\\\/subaria\\\/\"}]}<\/script>\n<!-- \/ Yoast SEO plugin. -->","yoast_head_json":{"title":"\u00bfTeletrabajar cuando nieve? - Universo Subaru","robots":{"index":"index","follow":"follow","max-snippet":"max-snippet:-1","max-image-preview":"max-image-preview:large","max-video-preview":"max-video-preview:-1"},"canonical":"https:\/\/www.subaru.es\/blog\/nuestra-marca\/teletrabajar-cuando-nieve\/","og_locale":"es_ES","og_type":"article","og_title":"\u00bfTeletrabajar cuando nieve? - Universo Subaru","og_description":"Todos conocemos el mensaje: si hace muy mal tiempo, evita coger el coche si no es imprescindible. Ya sea por fuertes lluvias, temporales o por nevadas de esas que lo dejan todo impracticable, hay momentos en los que nuestro Subaru est\u00e1 mejor guardadito en el garaje (y nosotros calentitos en casa). Si eres una de [&hellip;]","og_url":"https:\/\/www.subaru.es\/blog\/nuestra-marca\/teletrabajar-cuando-nieve\/","og_site_name":"Universo Subaru","article_publisher":"https:\/\/www.facebook.com\/subaruespana","article_published_time":"2016-10-17T13:10:59+00:00","article_modified_time":"2016-11-07T11:47:05+00:00","og_image":[{"width":500,"height":342,"url":"https:\/\/www.subaru.es\/blog\/wp-content\/uploads\/2011\/11\/nievecoches.jpg","type":"image\/jpeg"}],"author":"Subaru","twitter_card":"summary_large_image","twitter_misc":{"Escrito por":"Subaru","Tiempo de lectura":"2 minutos"},"schema":{"@context":"https:\/\/schema.org","@graph":[{"@type":"Article","@id":"https:\/\/www.subaru.es\/blog\/nuestra-marca\/teletrabajar-cuando-nieve\/#article","isPartOf":{"@id":"https:\/\/www.subaru.es\/blog\/nuestra-marca\/teletrabajar-cuando-nieve\/"},"author":{"name":"Subaru","@id":"https:\/\/www.subaru.es\/blog\/#\/schema\/person\/19a90b892230b8e0ec752704ddf4aa10"},"headline":"\u00bfTeletrabajar cuando nieve?","datePublished":"2016-10-17T13:10:59+00:00","dateModified":"2016-11-07T11:47:05+00:00","mainEntityOfPage":{"@id":"https:\/\/www.subaru.es\/blog\/nuestra-marca\/teletrabajar-cuando-nieve\/"},"wordCount":314,"commentCount":0,"publisher":{"@id":"https:\/\/www.subaru.es\/blog\/#organization"},"image":{"@id":"https:\/\/www.subaru.es\/blog\/nuestra-marca\/teletrabajar-cuando-nieve\/#primaryimage"},"thumbnailUrl":"https:\/\/www.subaru.es\/blog\/wp-content\/uploads\/2011\/11\/nievecoches.jpg","keywords":["conducir con nieve","DGT","Direcci\u00f3n general de Tr\u00e1fico","mal tiempo","nevadas","nieve","Pere Navarro","teletrabajo"],"articleSection":["Nuestra marca"],"inLanguage":"es","potentialAction":[{"@type":"CommentAction","name":"Comment","target":["https:\/\/www.subaru.es\/blog\/nuestra-marca\/teletrabajar-cuando-nieve\/#respond"]}]},{"@type":"WebPage","@id":"https:\/\/www.subaru.es\/blog\/nuestra-marca\/teletrabajar-cuando-nieve\/","url":"https:\/\/www.subaru.es\/blog\/nuestra-marca\/teletrabajar-cuando-nieve\/","name":"\u00bfTeletrabajar cuando nieve? - Universo Subaru","isPartOf":{"@id":"https:\/\/www.subaru.es\/blog\/#website"},"primaryImageOfPage":{"@id":"https:\/\/www.subaru.es\/blog\/nuestra-marca\/teletrabajar-cuando-nieve\/#primaryimage"},"image":{"@id":"https:\/\/www.subaru.es\/blog\/nuestra-marca\/teletrabajar-cuando-nieve\/#primaryimage"},"thumbnailUrl":"https:\/\/www.subaru.es\/blog\/wp-content\/uploads\/2011\/11\/nievecoches.jpg","datePublished":"2016-10-17T13:10:59+00:00","dateModified":"2016-11-07T11:47:05+00:00","breadcrumb":{"@id":"https:\/\/www.subaru.es\/blog\/nuestra-marca\/teletrabajar-cuando-nieve\/#breadcrumb"},"inLanguage":"es","potentialAction":[{"@type":"ReadAction","target":["https:\/\/www.subaru.es\/blog\/nuestra-marca\/teletrabajar-cuando-nieve\/"]}]},{"@type":"ImageObject","inLanguage":"es","@id":"https:\/\/www.subaru.es\/blog\/nuestra-marca\/teletrabajar-cuando-nieve\/#primaryimage","url":"https:\/\/www.subaru.es\/blog\/wp-content\/uploads\/2011\/11\/nievecoches.jpg","contentUrl":"https:\/\/www.subaru.es\/blog\/wp-content\/uploads\/2011\/11\/nievecoches.jpg","width":500,"height":342,"caption":"Tr\u00e1fico nieve"},{"@type":"BreadcrumbList","@id":"https:\/\/www.subaru.es\/blog\/nuestra-marca\/teletrabajar-cuando-nieve\/#breadcrumb","itemListElement":[{"@type":"ListItem","position":1,"name":"Portada","item":"https:\/\/www.subaru.es\/blog\/"},{"@type":"ListItem","position":2,"name":"\u00bfTeletrabajar cuando nieve?"}]},{"@type":"WebSite","@id":"https:\/\/www.subaru.es\/blog\/#website","url":"https:\/\/www.subaru.es\/blog\/","name":"Universo Subaru","description":"Descubre este apasionante espacio de Subaru donde vas a conocer todo sobre nuestros coches y las experiencias que vivimos con ellos. Si est\u00e1s preparado para dejarte seducir por la filosof\u00eda Subaru, qu\u00e9date con nosotros.","publisher":{"@id":"https:\/\/www.subaru.es\/blog\/#organization"},"potentialAction":[{"@type":"SearchAction","target":{"@type":"EntryPoint","urlTemplate":"https:\/\/www.subaru.es\/blog\/?s={search_term_string}"},"query-input":{"@type":"PropertyValueSpecification","valueRequired":true,"valueName":"search_term_string"}}],"inLanguage":"es"},{"@type":"Organization","@id":"https:\/\/www.subaru.es\/blog\/#organization","name":"Subaru Espa\u00f1a S.A.","url":"https:\/\/www.subaru.es\/blog\/","logo":{"@type":"ImageObject","inLanguage":"es","@id":"https:\/\/www.subaru.es\/blog\/#\/schema\/logo\/image\/","url":"https:\/\/www.subaru.es\/blog\/wp-content\/uploads\/2016\/12\/Logo-Subaru-TypeV_C300-scaled.jpg","contentUrl":"https:\/\/www.subaru.es\/blog\/wp-content\/uploads\/2016\/12\/Logo-Subaru-TypeV_C300-scaled.jpg","width":2560,"height":1864,"caption":"Subaru Espa\u00f1a S.A."},"image":{"@id":"https:\/\/www.subaru.es\/blog\/#\/schema\/logo\/image\/"},"sameAs":["https:\/\/www.facebook.com\/subaruespana","https:\/\/www.instagram.com\/subarues\/","https:\/\/www.youtube.com\/user\/subaruespana"]},{"@type":"Person","@id":"https:\/\/www.subaru.es\/blog\/#\/schema\/person\/19a90b892230b8e0ec752704ddf4aa10","name":"Subaru","url":"https:\/\/www.subaru.es\/blog\/author\/subaria\/"}]}},"_links":{"self":[{"href":"https:\/\/www.subaru.es\/blog\/wp-json\/wp\/v2\/posts\/5813","targetHints":{"allow":["GET"]}}],"collection":[{"href":"https:\/\/www.subaru.es\/blog\/wp-json\/wp\/v2\/posts"}],"about":[{"href":"https:\/\/www.subaru.es\/blog\/wp-json\/wp\/v2\/types\/post"}],"author":[{"embeddable":true,"href":"https:\/\/www.subaru.es\/blog\/wp-json\/wp\/v2\/users\/21"}],"replies":[{"embeddable":true,"href":"https:\/\/www.subaru.es\/blog\/wp-json\/wp\/v2\/comments?post=5813"}],"version-history":[{"count":1,"href":"https:\/\/www.subaru.es\/blog\/wp-json\/wp\/v2\/posts\/5813\/revisions"}],"predecessor-version":[{"id":15832,"href":"https:\/\/www.subaru.es\/blog\/wp-json\/wp\/v2\/posts\/5813\/revisions\/15832"}],"wp:featuredmedia":[{"embeddable":true,"href":"https:\/\/www.subaru.es\/blog\/wp-json\/wp\/v2\/media\/5814"}],"wp:attachment":[{"href":"https:\/\/www.subaru.es\/blog\/wp-json\/wp\/v2\/media?parent=5813"}],"wp:term":[{"taxonomy":"category","embeddable":true,"href":"https:\/\/www.subaru.es\/blog\/wp-json\/wp\/v2\/categories?post=5813"},{"taxonomy":"post_tag","embeddable":true,"href":"https:\/\/www.subaru.es\/blog\/wp-json\/wp\/v2\/tags?post=5813"}],"curies":[{"name":"wp","href":"https:\/\/api.w.org\/{rel}","templated":true}]}}