{"id":5797,"date":"2012-03-02T11:07:52","date_gmt":"2012-03-02T09:07:52","guid":{"rendered":"http:\/\/subaru.preproduccion.com\/blog\/?p=5797"},"modified":"2016-10-17T15:11:05","modified_gmt":"2016-10-17T13:11:05","slug":"se-amplia-el-plazo-para-solicitar-ayudas-para-vehiculos-electricos","status":"publish","type":"post","link":"https:\/\/www.subaru.es\/blog\/nuestra-marca\/se-amplia-el-plazo-para-solicitar-ayudas-para-vehiculos-electricos\/","title":{"rendered":"Se ampl\u00eda el plazo para solicitar ayudas para veh\u00edculos el\u00e9ctricos"},"content":{"rendered":"<p><center><a href=\"https:\/\/www.subaru.es\/blog\/wp-content\/uploads\/2011\/11\/electrico.jpg\"><img decoding=\"async\" class=\"alignnone size-full wp-image-5798 lazyload\" title=\"Coche electrico\" data-src=\"https:\/\/www.subaru.es\/blog\/wp-content\/uploads\/2011\/11\/electrico.jpg\" alt=\"Coche electrico\" width=\"500\" height=\"375\" src=\"data:image\/svg+xml;base64,PHN2ZyB3aWR0aD0iMSIgaGVpZ2h0PSIxIiB4bWxucz0iaHR0cDovL3d3dy53My5vcmcvMjAwMC9zdmciPjwvc3ZnPg==\" style=\"--smush-placeholder-width: 500px; --smush-placeholder-aspect-ratio: 500\/375;\" \/><\/a><\/center><\/p>\n<p><a href=\"https:\/\/www.subaru.es\/blog\/wp-content\/uploads\/2011\/11\/electrico.jpg\"><\/a>Buenas noticias para todos los que tuvieseis pensado comprar un veh\u00edculo el\u00e9ctrico y cre\u00edais que se os hab\u00eda pasado el plazo para pedir las ayudas directas que ofrece el Ministerio de Industria: ese plazo, que inicialmente terminaba el 30 de noviembre de 2011, extendi\u00f3 dos semanas hasta el 15 de diciembre. Y lo que es mejor, se ha aprobado una<strong> pr\u00f3rroga de la iniciativa hasta noviembre de 2012.<\/strong> Es decir, entre el 1 de enero y el 30 de noviembre de este a\u00f1o tambi\u00e9n se podr\u00e1n pedir ayudas.<\/p>\n<p><!--more--> El objetivo es sencillo: evitar que se estanque la demanda en el sector y ofrecer \u00abuna <strong>se\u00f1al clara a los fabricantes de la apuesta de Espa\u00f1a por el <a href=\"http:\/\/www.cnnexpansion.com\/autos\/2009\/01\/06\/subaru-apuesta-por-vehiculos-electricos\" target=\"_blank\">veh\u00edculo el\u00e9ctrico<\/a><\/strong>\u00ab. Y la raz\u00f3n de la pr\u00f3rroga es tambi\u00e9n l\u00f3gica: dado que la mayor parte de los fabricantes han retrasado el lanzamiento de su modelo el\u00e9ctrico.<\/p>\n<p>\u00bfEn qu\u00e9 consisten <a href=\"https:\/\/www.subaru.es\/blog\/subaru\/se-suprimiran-las-ayudas-a-la-compra-de-vehiculos-nuevos\/\" target=\"_blank\">las ayudas<\/a> que se pueden solicitar? Se trata de <strong>subvenciones individuales del 25% del precio de venta antes de impuestos del veh\u00edculo completo <\/strong>(incluidas bater\u00edas propulsoras, si no tiene pasa a ser del 35%), y son v\u00e1lidas para veh\u00edculos el\u00e9ctricos nuevos matriculados por primera vez en Espa\u00f1a. En cuanto al tipo de veh\u00edculo,<a href=\"http:\/\/www.lamoncloa.gob.es\/ConsejodeMinistros\/Enlaces\/181111VehiculosElectricos.htm\" target=\"_blank\"> la ayuda<\/a> cubre turismos, furgonetas, furgones, autobuses, motocicletas o cuadriciclos (ligeros y pesados).<\/p>\n<p>La pr\u00f3rroga fue anunciada por Jos\u00e9 Blanco (entonces ministro de Fomento y portavoz del Gobierno), que asegur\u00f3 que est\u00e1 prevista una partida de un m\u00e1ximo de <strong>49 millones de euros<\/strong> en el presupuesto para 2012 para las solicitudes presentadas en la tanda del a\u00f1o que viene.<\/p>\n<p>Se trata de un <strong>impulso a los veh\u00edculos el\u00e9ctricos<\/strong> que seguro que nos beneficia a todos (incluido el medio ambiente, que agradece este tipo de medidas de forma muy especial).<\/p>\n<p>V\u00eda | <a href=\"http:\/\/es.autoblog.com\/2011\/11\/18\/espana-las-ayudas-a-los-vehiculos-electricos-seguiran-vigentes\/\" target=\"_blank\">Autoblog<\/a><br \/>\nFoto | <a href=\"http:\/\/www.flickr.com\/photos\/david_megginson\/503561466\/\" target=\"_blank\">David Megginson<\/a><\/p>\n","protected":false},"excerpt":{"rendered":"<p>Buenas noticias para todos los que tuvieseis pensado comprar un veh\u00edculo el\u00e9ctrico y cre\u00edais que se os hab\u00eda pasado el plazo para pedir las ayudas directas que ofrece el Ministerio de Industria: ese plazo, que inicialmente terminaba el 30 de noviembre de 2011, extendi\u00f3 dos semanas hasta el 15 de diciembre. Y lo que es [&hellip;]<\/p>\n","protected":false},"author":21,"featured_media":5798,"comment_status":"open","ping_status":"open","sticky":false,"template":"","format":"standard","meta":{"_acf_changed":false,"_eb_attr":"","inline_featured_image":false,"footnotes":""},"categories":[4401],"tags":[2501,3382,3697,2503,1620],"class_list":["post-5797","post","type-post","status-publish","format-standard","has-post-thumbnail","hentry","category-nuestra-marca","tag-ayudas","tag-ayudas-a-la-compra","tag-prorroga","tag-subvencion-directa","tag-vehiculos-electricos"],"acf":[],"yoast_head":"<!-- This site is optimized with the Yoast SEO plugin v27.3 - https:\/\/yoast.com\/product\/yoast-seo-wordpress\/ -->\n<title>Se ampl\u00eda el plazo para solicitar ayudas para veh\u00edculos el\u00e9ctricos - Universo Subaru<\/title>\n<meta name=\"robots\" content=\"index, follow, max-snippet:-1, max-image-preview:large, max-video-preview:-1\" \/>\n<link rel=\"canonical\" href=\"https:\/\/www.subaru.es\/blog\/nuestra-marca\/se-amplia-el-plazo-para-solicitar-ayudas-para-vehiculos-electricos\/\" \/>\n<meta property=\"og:locale\" content=\"es_ES\" \/>\n<meta property=\"og:type\" content=\"article\" \/>\n<meta property=\"og:title\" content=\"Se ampl\u00eda el plazo para solicitar ayudas para veh\u00edculos el\u00e9ctricos - Universo Subaru\" \/>\n<meta property=\"og:description\" content=\"Buenas noticias para todos los que tuvieseis pensado comprar un veh\u00edculo el\u00e9ctrico y cre\u00edais que se os hab\u00eda pasado el plazo para pedir las ayudas directas que ofrece el Ministerio de Industria: ese plazo, que inicialmente terminaba el 30 de noviembre de 2011, extendi\u00f3 dos semanas hasta el 15 de diciembre. Y lo que es [&hellip;]\" \/>\n<meta property=\"og:url\" content=\"https:\/\/www.subaru.es\/blog\/nuestra-marca\/se-amplia-el-plazo-para-solicitar-ayudas-para-vehiculos-electricos\/\" \/>\n<meta property=\"og:site_name\" content=\"Universo Subaru\" \/>\n<meta property=\"article:publisher\" content=\"https:\/\/www.facebook.com\/subaruespana\" \/>\n<meta property=\"article:published_time\" content=\"2012-03-02T09:07:52+00:00\" \/>\n<meta property=\"article:modified_time\" content=\"2016-10-17T13:11:05+00:00\" \/>\n<meta property=\"og:image\" content=\"https:\/\/www.subaru.es\/blog\/wp-content\/uploads\/2011\/11\/electrico.jpg\" \/>\n\t<meta property=\"og:image:width\" content=\"500\" \/>\n\t<meta property=\"og:image:height\" content=\"375\" \/>\n\t<meta property=\"og:image:type\" content=\"image\/jpeg\" \/>\n<meta name=\"author\" content=\"Subaru\" \/>\n<meta name=\"twitter:card\" content=\"summary_large_image\" \/>\n<meta name=\"twitter:label1\" content=\"Escrito por\" \/>\n\t<meta name=\"twitter:data1\" content=\"Subaru\" \/>\n\t<meta name=\"twitter:label2\" content=\"Tiempo de lectura\" \/>\n\t<meta name=\"twitter:data2\" content=\"2 minutos\" \/>\n<script type=\"application\/ld+json\" class=\"yoast-schema-graph\">{\"@context\":\"https:\\\/\\\/schema.org\",\"@graph\":[{\"@type\":\"Article\",\"@id\":\"https:\\\/\\\/www.subaru.es\\\/blog\\\/nuestra-marca\\\/se-amplia-el-plazo-para-solicitar-ayudas-para-vehiculos-electricos\\\/#article\",\"isPartOf\":{\"@id\":\"https:\\\/\\\/www.subaru.es\\\/blog\\\/nuestra-marca\\\/se-amplia-el-plazo-para-solicitar-ayudas-para-vehiculos-electricos\\\/\"},\"author\":{\"name\":\"Subaru\",\"@id\":\"https:\\\/\\\/www.subaru.es\\\/blog\\\/#\\\/schema\\\/person\\\/19a90b892230b8e0ec752704ddf4aa10\"},\"headline\":\"Se ampl\u00eda el plazo para solicitar ayudas para veh\u00edculos el\u00e9ctricos\",\"datePublished\":\"2012-03-02T09:07:52+00:00\",\"dateModified\":\"2016-10-17T13:11:05+00:00\",\"mainEntityOfPage\":{\"@id\":\"https:\\\/\\\/www.subaru.es\\\/blog\\\/nuestra-marca\\\/se-amplia-el-plazo-para-solicitar-ayudas-para-vehiculos-electricos\\\/\"},\"wordCount\":326,\"commentCount\":0,\"publisher\":{\"@id\":\"https:\\\/\\\/www.subaru.es\\\/blog\\\/#organization\"},\"image\":{\"@id\":\"https:\\\/\\\/www.subaru.es\\\/blog\\\/nuestra-marca\\\/se-amplia-el-plazo-para-solicitar-ayudas-para-vehiculos-electricos\\\/#primaryimage\"},\"thumbnailUrl\":\"https:\\\/\\\/www.subaru.es\\\/blog\\\/wp-content\\\/uploads\\\/2011\\\/11\\\/electrico.jpg\",\"keywords\":[\"ayudas\",\"Ayudas a la compra\",\"pr\u00f3rroga\",\"subvenci\u00f3n directa\",\"Veh\u00edculos El\u00e9ctricos\"],\"articleSection\":[\"Nuestra marca\"],\"inLanguage\":\"es\",\"potentialAction\":[{\"@type\":\"CommentAction\",\"name\":\"Comment\",\"target\":[\"https:\\\/\\\/www.subaru.es\\\/blog\\\/nuestra-marca\\\/se-amplia-el-plazo-para-solicitar-ayudas-para-vehiculos-electricos\\\/#respond\"]}]},{\"@type\":\"WebPage\",\"@id\":\"https:\\\/\\\/www.subaru.es\\\/blog\\\/nuestra-marca\\\/se-amplia-el-plazo-para-solicitar-ayudas-para-vehiculos-electricos\\\/\",\"url\":\"https:\\\/\\\/www.subaru.es\\\/blog\\\/nuestra-marca\\\/se-amplia-el-plazo-para-solicitar-ayudas-para-vehiculos-electricos\\\/\",\"name\":\"Se ampl\u00eda el plazo para solicitar ayudas para veh\u00edculos el\u00e9ctricos - Universo Subaru\",\"isPartOf\":{\"@id\":\"https:\\\/\\\/www.subaru.es\\\/blog\\\/#website\"},\"primaryImageOfPage\":{\"@id\":\"https:\\\/\\\/www.subaru.es\\\/blog\\\/nuestra-marca\\\/se-amplia-el-plazo-para-solicitar-ayudas-para-vehiculos-electricos\\\/#primaryimage\"},\"image\":{\"@id\":\"https:\\\/\\\/www.subaru.es\\\/blog\\\/nuestra-marca\\\/se-amplia-el-plazo-para-solicitar-ayudas-para-vehiculos-electricos\\\/#primaryimage\"},\"thumbnailUrl\":\"https:\\\/\\\/www.subaru.es\\\/blog\\\/wp-content\\\/uploads\\\/2011\\\/11\\\/electrico.jpg\",\"datePublished\":\"2012-03-02T09:07:52+00:00\",\"dateModified\":\"2016-10-17T13:11:05+00:00\",\"breadcrumb\":{\"@id\":\"https:\\\/\\\/www.subaru.es\\\/blog\\\/nuestra-marca\\\/se-amplia-el-plazo-para-solicitar-ayudas-para-vehiculos-electricos\\\/#breadcrumb\"},\"inLanguage\":\"es\",\"potentialAction\":[{\"@type\":\"ReadAction\",\"target\":[\"https:\\\/\\\/www.subaru.es\\\/blog\\\/nuestra-marca\\\/se-amplia-el-plazo-para-solicitar-ayudas-para-vehiculos-electricos\\\/\"]}]},{\"@type\":\"ImageObject\",\"inLanguage\":\"es\",\"@id\":\"https:\\\/\\\/www.subaru.es\\\/blog\\\/nuestra-marca\\\/se-amplia-el-plazo-para-solicitar-ayudas-para-vehiculos-electricos\\\/#primaryimage\",\"url\":\"https:\\\/\\\/www.subaru.es\\\/blog\\\/wp-content\\\/uploads\\\/2011\\\/11\\\/electrico.jpg\",\"contentUrl\":\"https:\\\/\\\/www.subaru.es\\\/blog\\\/wp-content\\\/uploads\\\/2011\\\/11\\\/electrico.jpg\",\"width\":500,\"height\":375,\"caption\":\"Coche electrico\"},{\"@type\":\"BreadcrumbList\",\"@id\":\"https:\\\/\\\/www.subaru.es\\\/blog\\\/nuestra-marca\\\/se-amplia-el-plazo-para-solicitar-ayudas-para-vehiculos-electricos\\\/#breadcrumb\",\"itemListElement\":[{\"@type\":\"ListItem\",\"position\":1,\"name\":\"Portada\",\"item\":\"https:\\\/\\\/www.subaru.es\\\/blog\\\/\"},{\"@type\":\"ListItem\",\"position\":2,\"name\":\"Se ampl\u00eda el plazo para solicitar ayudas para veh\u00edculos el\u00e9ctricos\"}]},{\"@type\":\"WebSite\",\"@id\":\"https:\\\/\\\/www.subaru.es\\\/blog\\\/#website\",\"url\":\"https:\\\/\\\/www.subaru.es\\\/blog\\\/\",\"name\":\"Universo Subaru\",\"description\":\"Descubre este apasionante espacio de Subaru donde vas a conocer todo sobre nuestros coches y las experiencias que vivimos con ellos. Si est\u00e1s preparado para dejarte seducir por la filosof\u00eda Subaru, qu\u00e9date con nosotros.\",\"publisher\":{\"@id\":\"https:\\\/\\\/www.subaru.es\\\/blog\\\/#organization\"},\"potentialAction\":[{\"@type\":\"SearchAction\",\"target\":{\"@type\":\"EntryPoint\",\"urlTemplate\":\"https:\\\/\\\/www.subaru.es\\\/blog\\\/?s={search_term_string}\"},\"query-input\":{\"@type\":\"PropertyValueSpecification\",\"valueRequired\":true,\"valueName\":\"search_term_string\"}}],\"inLanguage\":\"es\"},{\"@type\":\"Organization\",\"@id\":\"https:\\\/\\\/www.subaru.es\\\/blog\\\/#organization\",\"name\":\"Subaru Espa\u00f1a S.A.\",\"url\":\"https:\\\/\\\/www.subaru.es\\\/blog\\\/\",\"logo\":{\"@type\":\"ImageObject\",\"inLanguage\":\"es\",\"@id\":\"https:\\\/\\\/www.subaru.es\\\/blog\\\/#\\\/schema\\\/logo\\\/image\\\/\",\"url\":\"https:\\\/\\\/www.subaru.es\\\/blog\\\/wp-content\\\/uploads\\\/2016\\\/12\\\/Logo-Subaru-TypeV_C300-scaled.jpg\",\"contentUrl\":\"https:\\\/\\\/www.subaru.es\\\/blog\\\/wp-content\\\/uploads\\\/2016\\\/12\\\/Logo-Subaru-TypeV_C300-scaled.jpg\",\"width\":2560,\"height\":1864,\"caption\":\"Subaru Espa\u00f1a S.A.\"},\"image\":{\"@id\":\"https:\\\/\\\/www.subaru.es\\\/blog\\\/#\\\/schema\\\/logo\\\/image\\\/\"},\"sameAs\":[\"https:\\\/\\\/www.facebook.com\\\/subaruespana\",\"https:\\\/\\\/www.instagram.com\\\/subarues\\\/\",\"https:\\\/\\\/www.youtube.com\\\/user\\\/subaruespana\"]},{\"@type\":\"Person\",\"@id\":\"https:\\\/\\\/www.subaru.es\\\/blog\\\/#\\\/schema\\\/person\\\/19a90b892230b8e0ec752704ddf4aa10\",\"name\":\"Subaru\",\"url\":\"https:\\\/\\\/www.subaru.es\\\/blog\\\/author\\\/subaria\\\/\"}]}<\/script>\n<!-- \/ Yoast SEO plugin. -->","yoast_head_json":{"title":"Se ampl\u00eda el plazo para solicitar ayudas para veh\u00edculos el\u00e9ctricos - Universo Subaru","robots":{"index":"index","follow":"follow","max-snippet":"max-snippet:-1","max-image-preview":"max-image-preview:large","max-video-preview":"max-video-preview:-1"},"canonical":"https:\/\/www.subaru.es\/blog\/nuestra-marca\/se-amplia-el-plazo-para-solicitar-ayudas-para-vehiculos-electricos\/","og_locale":"es_ES","og_type":"article","og_title":"Se ampl\u00eda el plazo para solicitar ayudas para veh\u00edculos el\u00e9ctricos - Universo Subaru","og_description":"Buenas noticias para todos los que tuvieseis pensado comprar un veh\u00edculo el\u00e9ctrico y cre\u00edais que se os hab\u00eda pasado el plazo para pedir las ayudas directas que ofrece el Ministerio de Industria: ese plazo, que inicialmente terminaba el 30 de noviembre de 2011, extendi\u00f3 dos semanas hasta el 15 de diciembre. Y lo que es [&hellip;]","og_url":"https:\/\/www.subaru.es\/blog\/nuestra-marca\/se-amplia-el-plazo-para-solicitar-ayudas-para-vehiculos-electricos\/","og_site_name":"Universo Subaru","article_publisher":"https:\/\/www.facebook.com\/subaruespana","article_published_time":"2012-03-02T09:07:52+00:00","article_modified_time":"2016-10-17T13:11:05+00:00","og_image":[{"width":500,"height":375,"url":"https:\/\/www.subaru.es\/blog\/wp-content\/uploads\/2011\/11\/electrico.jpg","type":"image\/jpeg"}],"author":"Subaru","twitter_card":"summary_large_image","twitter_misc":{"Escrito por":"Subaru","Tiempo de lectura":"2 minutos"},"schema":{"@context":"https:\/\/schema.org","@graph":[{"@type":"Article","@id":"https:\/\/www.subaru.es\/blog\/nuestra-marca\/se-amplia-el-plazo-para-solicitar-ayudas-para-vehiculos-electricos\/#article","isPartOf":{"@id":"https:\/\/www.subaru.es\/blog\/nuestra-marca\/se-amplia-el-plazo-para-solicitar-ayudas-para-vehiculos-electricos\/"},"author":{"name":"Subaru","@id":"https:\/\/www.subaru.es\/blog\/#\/schema\/person\/19a90b892230b8e0ec752704ddf4aa10"},"headline":"Se ampl\u00eda el plazo para solicitar ayudas para veh\u00edculos el\u00e9ctricos","datePublished":"2012-03-02T09:07:52+00:00","dateModified":"2016-10-17T13:11:05+00:00","mainEntityOfPage":{"@id":"https:\/\/www.subaru.es\/blog\/nuestra-marca\/se-amplia-el-plazo-para-solicitar-ayudas-para-vehiculos-electricos\/"},"wordCount":326,"commentCount":0,"publisher":{"@id":"https:\/\/www.subaru.es\/blog\/#organization"},"image":{"@id":"https:\/\/www.subaru.es\/blog\/nuestra-marca\/se-amplia-el-plazo-para-solicitar-ayudas-para-vehiculos-electricos\/#primaryimage"},"thumbnailUrl":"https:\/\/www.subaru.es\/blog\/wp-content\/uploads\/2011\/11\/electrico.jpg","keywords":["ayudas","Ayudas a la compra","pr\u00f3rroga","subvenci\u00f3n directa","Veh\u00edculos El\u00e9ctricos"],"articleSection":["Nuestra marca"],"inLanguage":"es","potentialAction":[{"@type":"CommentAction","name":"Comment","target":["https:\/\/www.subaru.es\/blog\/nuestra-marca\/se-amplia-el-plazo-para-solicitar-ayudas-para-vehiculos-electricos\/#respond"]}]},{"@type":"WebPage","@id":"https:\/\/www.subaru.es\/blog\/nuestra-marca\/se-amplia-el-plazo-para-solicitar-ayudas-para-vehiculos-electricos\/","url":"https:\/\/www.subaru.es\/blog\/nuestra-marca\/se-amplia-el-plazo-para-solicitar-ayudas-para-vehiculos-electricos\/","name":"Se ampl\u00eda el plazo para solicitar ayudas para veh\u00edculos el\u00e9ctricos - Universo Subaru","isPartOf":{"@id":"https:\/\/www.subaru.es\/blog\/#website"},"primaryImageOfPage":{"@id":"https:\/\/www.subaru.es\/blog\/nuestra-marca\/se-amplia-el-plazo-para-solicitar-ayudas-para-vehiculos-electricos\/#primaryimage"},"image":{"@id":"https:\/\/www.subaru.es\/blog\/nuestra-marca\/se-amplia-el-plazo-para-solicitar-ayudas-para-vehiculos-electricos\/#primaryimage"},"thumbnailUrl":"https:\/\/www.subaru.es\/blog\/wp-content\/uploads\/2011\/11\/electrico.jpg","datePublished":"2012-03-02T09:07:52+00:00","dateModified":"2016-10-17T13:11:05+00:00","breadcrumb":{"@id":"https:\/\/www.subaru.es\/blog\/nuestra-marca\/se-amplia-el-plazo-para-solicitar-ayudas-para-vehiculos-electricos\/#breadcrumb"},"inLanguage":"es","potentialAction":[{"@type":"ReadAction","target":["https:\/\/www.subaru.es\/blog\/nuestra-marca\/se-amplia-el-plazo-para-solicitar-ayudas-para-vehiculos-electricos\/"]}]},{"@type":"ImageObject","inLanguage":"es","@id":"https:\/\/www.subaru.es\/blog\/nuestra-marca\/se-amplia-el-plazo-para-solicitar-ayudas-para-vehiculos-electricos\/#primaryimage","url":"https:\/\/www.subaru.es\/blog\/wp-content\/uploads\/2011\/11\/electrico.jpg","contentUrl":"https:\/\/www.subaru.es\/blog\/wp-content\/uploads\/2011\/11\/electrico.jpg","width":500,"height":375,"caption":"Coche electrico"},{"@type":"BreadcrumbList","@id":"https:\/\/www.subaru.es\/blog\/nuestra-marca\/se-amplia-el-plazo-para-solicitar-ayudas-para-vehiculos-electricos\/#breadcrumb","itemListElement":[{"@type":"ListItem","position":1,"name":"Portada","item":"https:\/\/www.subaru.es\/blog\/"},{"@type":"ListItem","position":2,"name":"Se ampl\u00eda el plazo para solicitar ayudas para veh\u00edculos el\u00e9ctricos"}]},{"@type":"WebSite","@id":"https:\/\/www.subaru.es\/blog\/#website","url":"https:\/\/www.subaru.es\/blog\/","name":"Universo Subaru","description":"Descubre este apasionante espacio de Subaru donde vas a conocer todo sobre nuestros coches y las experiencias que vivimos con ellos. Si est\u00e1s preparado para dejarte seducir por la filosof\u00eda Subaru, qu\u00e9date con nosotros.","publisher":{"@id":"https:\/\/www.subaru.es\/blog\/#organization"},"potentialAction":[{"@type":"SearchAction","target":{"@type":"EntryPoint","urlTemplate":"https:\/\/www.subaru.es\/blog\/?s={search_term_string}"},"query-input":{"@type":"PropertyValueSpecification","valueRequired":true,"valueName":"search_term_string"}}],"inLanguage":"es"},{"@type":"Organization","@id":"https:\/\/www.subaru.es\/blog\/#organization","name":"Subaru Espa\u00f1a S.A.","url":"https:\/\/www.subaru.es\/blog\/","logo":{"@type":"ImageObject","inLanguage":"es","@id":"https:\/\/www.subaru.es\/blog\/#\/schema\/logo\/image\/","url":"https:\/\/www.subaru.es\/blog\/wp-content\/uploads\/2016\/12\/Logo-Subaru-TypeV_C300-scaled.jpg","contentUrl":"https:\/\/www.subaru.es\/blog\/wp-content\/uploads\/2016\/12\/Logo-Subaru-TypeV_C300-scaled.jpg","width":2560,"height":1864,"caption":"Subaru Espa\u00f1a S.A."},"image":{"@id":"https:\/\/www.subaru.es\/blog\/#\/schema\/logo\/image\/"},"sameAs":["https:\/\/www.facebook.com\/subaruespana","https:\/\/www.instagram.com\/subarues\/","https:\/\/www.youtube.com\/user\/subaruespana"]},{"@type":"Person","@id":"https:\/\/www.subaru.es\/blog\/#\/schema\/person\/19a90b892230b8e0ec752704ddf4aa10","name":"Subaru","url":"https:\/\/www.subaru.es\/blog\/author\/subaria\/"}]}},"_links":{"self":[{"href":"https:\/\/www.subaru.es\/blog\/wp-json\/wp\/v2\/posts\/5797","targetHints":{"allow":["GET"]}}],"collection":[{"href":"https:\/\/www.subaru.es\/blog\/wp-json\/wp\/v2\/posts"}],"about":[{"href":"https:\/\/www.subaru.es\/blog\/wp-json\/wp\/v2\/types\/post"}],"author":[{"embeddable":true,"href":"https:\/\/www.subaru.es\/blog\/wp-json\/wp\/v2\/users\/21"}],"replies":[{"embeddable":true,"href":"https:\/\/www.subaru.es\/blog\/wp-json\/wp\/v2\/comments?post=5797"}],"version-history":[{"count":1,"href":"https:\/\/www.subaru.es\/blog\/wp-json\/wp\/v2\/posts\/5797\/revisions"}],"predecessor-version":[{"id":15886,"href":"https:\/\/www.subaru.es\/blog\/wp-json\/wp\/v2\/posts\/5797\/revisions\/15886"}],"wp:featuredmedia":[{"embeddable":true,"href":"https:\/\/www.subaru.es\/blog\/wp-json\/wp\/v2\/media\/5798"}],"wp:attachment":[{"href":"https:\/\/www.subaru.es\/blog\/wp-json\/wp\/v2\/media?parent=5797"}],"wp:term":[{"taxonomy":"category","embeddable":true,"href":"https:\/\/www.subaru.es\/blog\/wp-json\/wp\/v2\/categories?post=5797"},{"taxonomy":"post_tag","embeddable":true,"href":"https:\/\/www.subaru.es\/blog\/wp-json\/wp\/v2\/tags?post=5797"}],"curies":[{"name":"wp","href":"https:\/\/api.w.org\/{rel}","templated":true}]}}