{"id":5664,"date":"2012-06-04T16:16:33","date_gmt":"2012-06-04T14:16:33","guid":{"rendered":"http:\/\/subaru.preproduccion.com\/blog\/?p=5664"},"modified":"2020-08-06T11:38:38","modified_gmt":"2020-08-06T09:38:38","slug":"que-supondra-la-llegada-de-coches-autonomos","status":"publish","type":"post","link":"https:\/\/www.subaru.es\/blog\/nuestra-marca\/que-supondra-la-llegada-de-coches-autonomos\/","title":{"rendered":"\u00bfQu\u00e9 supondr\u00e1 la llegada de coches aut\u00f3nomos?"},"content":{"rendered":"<p><img decoding=\"async\" data-src=\"https:\/\/www.subaru.es\/blog\/wp-content\/uploads\/2011\/10\/scalextric.jpg\" alt=\"\" title=\"scalextric\" width=\"610\" height=\"339\" class=\"aligncenter size-full wp-image-5665 lazyload\" data-srcset=\"https:\/\/www.subaru.es\/blog\/wp-content\/uploads\/2011\/10\/scalextric.jpg 610w, https:\/\/www.subaru.es\/blog\/wp-content\/uploads\/2011\/10\/scalextric-560x311.jpg 560w\" data-sizes=\"(max-width: 610px) 100vw, 610px\" src=\"data:image\/svg+xml;base64,PHN2ZyB3aWR0aD0iMSIgaGVpZ2h0PSIxIiB4bWxucz0iaHR0cDovL3d3dy53My5vcmcvMjAwMC9zdmciPjwvc3ZnPg==\" style=\"--smush-placeholder-width: 610px; --smush-placeholder-aspect-ratio: 610\/339;\" \/><br \/>\n<strong>Los avances tecnol\u00f3gicos son legi\u00f3n en este siglo XXI<\/strong>, y entre otras maravillas estamos presenciando avances tremendos en asistencia a la conducci\u00f3n: sistemas de comunicaci\u00f3n entre coches, navegadores GPS, sistemas multimedia integrados en el coche, activaci\u00f3n de comandos por voz&#8230; Parece que no hay l\u00edmites.<\/p>\n<p>La <strong>conducci\u00f3n aut\u00f3noma<\/strong> nos traer\u00e1 muchas ventajas. Por ejemplo, en caso de colisi\u00f3n inminente los coches podr\u00e1n reaccionar much\u00edsimo antes de lo que har\u00eda un humano. O <strong>quiz\u00e1s circular\u00edan de forma que no se diese nunca la probabilidad de un accidente<\/strong>. Al fin y al cabo podr\u00edan ser m\u00e1quinas que establezcan rutas seguras en una malla aleatoria de coches&#8230; que no ser\u00eda tan aleatoria. Es una visi\u00f3n de un mundo ut\u00f3pico, ciertamente, pero factible como m\u00ednimo.  \u00bfCu\u00e1l ser\u00eda la parte \u00abmala\u00bb?<br \/>\n<!--more--><\/p>\n<p><strong>La conducci\u00f3n aut\u00f3noma eliminar\u00eda la conducci\u00f3n no aut\u00f3noma<\/strong>. Qu\u00e9 obviedad. Pero eso es terrible, \u00bfd\u00f3nde quedar\u00eda, pues, el placer de conducir? \u00bfQu\u00e9 diferenciar\u00eda a los modelos? \u00bfSe basar\u00eda nuestra compra en comodidad interior y opciones, como si habl\u00e1semos de un apartamento? Par\u00e9monos a pensar.<\/p>\n<p>Si la conducci\u00f3n aut\u00f3noma se impone, tendremos <strong>multitud de nuevas posibilidades<\/strong>. A mi me gusta dedicar un d\u00eda \u00ablibre\u00bb a la imaginaci\u00f3n, espero que no os importe que comparta con vosotros tres posibilidades muy interesantes:<\/p>\n<ol>\n<li>Trenes de carretera: un solo veh\u00edculo podr\u00eda guiar a toda una fila de coches que lo siguen de manera aut\u00f3noma. Ser\u00eda por un carril especial y cualquiera podr\u00eda sumarse o salir mediante un protocolo sencillo. Esto no es ciencia ficci\u00f3n.<\/li>\n<li>Ser\u00eda posible minimizar el n\u00famero de sem\u00e1foros y \u00abordenar\u00bb el tr\u00e1fico de tal forma que se erradicasen los embotellamientos. Cada carril tiene una capacidad determinada, y un embotellamiento se produce cuando esa capacidad se desborda, normalmente por una variaci\u00f3n en el n\u00famero de coches en la v\u00eda, una variaci\u00f3n en la velocidad&#8230; Con conducci\u00f3n aut\u00f3noma eso se puede prevenir.<\/li>\n<li>Con la conducci\u00f3n aut\u00f3noma, los desplazamientos entre ciudades son diferentes, ya que no existir\u00eda un l\u00edmite de velocidad estricto. El \u00abpiloto autom\u00e1tico\u00bb conocer\u00e1 el recorrido y adecuar\u00eda la velocidad a la carretera y condiciones tomando miles de decisiones por segundo.<\/li>\n<\/ol>\n<p>\u00bfQu\u00e9 os parece? Ser\u00eda extremadamente interesante, pero <strong>perder\u00edamos el factor humano en la conducci\u00f3n<\/strong>. Eso, \u00bfnos importar\u00eda realmente? \u00bfSer\u00eda asumible por nosotros como consumidores y como conductores? En realidad, ahora mismo en caliente yo dir\u00eda que no, pero como la evoluci\u00f3n siempre es gradual, quiz\u00e1s en un par de generaciones no se vean las cosas de la misma manera. \u00a1Espero vuestras opiniones!<\/p>\n<p>Foto | <a href=\"http:\/\/www.flickr.com\/photos\/mhillier\/4703182929\/sizes\/z\/in\/photostream\/\">M Hillier<\/a><\/p>\n","protected":false},"excerpt":{"rendered":"<p>Los avances tecnol\u00f3gicos son legi\u00f3n en este siglo XXI, y entre otras maravillas estamos presenciando avances tremendos en asistencia a la conducci\u00f3n: sistemas de comunicaci\u00f3n entre coches, navegadores GPS, sistemas multimedia integrados en el coche, activaci\u00f3n de comandos por voz&#8230; Parece que no hay l\u00edmites. La conducci\u00f3n aut\u00f3noma nos traer\u00e1 muchas ventajas. Por ejemplo, en [&hellip;]<\/p>\n","protected":false},"author":21,"featured_media":5665,"comment_status":"open","ping_status":"open","sticky":false,"template":"","format":"standard","meta":{"_acf_changed":false,"_eb_attr":"","inline_featured_image":false,"footnotes":""},"categories":[4401],"tags":[910,3933,951],"class_list":["post-5664","post","type-post","status-publish","format-standard","has-post-thumbnail","hentry","category-nuestra-marca","tag-avances-tecnologicos","tag-coche-autonomo","tag-futuro"],"acf":[],"yoast_head":"<!-- This site is optimized with the Yoast SEO plugin v27.3 - https:\/\/yoast.com\/product\/yoast-seo-wordpress\/ -->\n<title>\u00bfQu\u00e9 supondr\u00e1 la llegada de coches aut\u00f3nomos? - Universo Subaru<\/title>\n<meta name=\"robots\" content=\"index, follow, max-snippet:-1, max-image-preview:large, max-video-preview:-1\" \/>\n<link rel=\"canonical\" href=\"https:\/\/www.subaru.es\/blog\/nuestra-marca\/que-supondra-la-llegada-de-coches-autonomos\/\" \/>\n<meta property=\"og:locale\" content=\"es_ES\" \/>\n<meta property=\"og:type\" content=\"article\" \/>\n<meta property=\"og:title\" content=\"\u00bfQu\u00e9 supondr\u00e1 la llegada de coches aut\u00f3nomos? - Universo Subaru\" \/>\n<meta property=\"og:description\" content=\"Los avances tecnol\u00f3gicos son legi\u00f3n en este siglo XXI, y entre otras maravillas estamos presenciando avances tremendos en asistencia a la conducci\u00f3n: sistemas de comunicaci\u00f3n entre coches, navegadores GPS, sistemas multimedia integrados en el coche, activaci\u00f3n de comandos por voz&#8230; Parece que no hay l\u00edmites. La conducci\u00f3n aut\u00f3noma nos traer\u00e1 muchas ventajas. Por ejemplo, en [&hellip;]\" \/>\n<meta property=\"og:url\" content=\"https:\/\/www.subaru.es\/blog\/nuestra-marca\/que-supondra-la-llegada-de-coches-autonomos\/\" \/>\n<meta property=\"og:site_name\" content=\"Universo Subaru\" \/>\n<meta property=\"article:publisher\" content=\"https:\/\/www.facebook.com\/subaruespana\" \/>\n<meta property=\"article:published_time\" content=\"2012-06-04T14:16:33+00:00\" \/>\n<meta property=\"article:modified_time\" content=\"2020-08-06T09:38:38+00:00\" \/>\n<meta property=\"og:image\" content=\"https:\/\/www.subaru.es\/blog\/wp-content\/uploads\/2011\/10\/scalextric.jpg\" \/>\n\t<meta property=\"og:image:width\" content=\"610\" \/>\n\t<meta property=\"og:image:height\" content=\"339\" \/>\n\t<meta property=\"og:image:type\" content=\"image\/jpeg\" \/>\n<meta name=\"author\" content=\"Subaru\" \/>\n<meta name=\"twitter:card\" content=\"summary_large_image\" \/>\n<meta name=\"twitter:label1\" content=\"Escrito por\" \/>\n\t<meta name=\"twitter:data1\" content=\"Subaru\" \/>\n\t<meta name=\"twitter:label2\" content=\"Tiempo de lectura\" \/>\n\t<meta name=\"twitter:data2\" content=\"2 minutos\" \/>\n<script type=\"application\/ld+json\" class=\"yoast-schema-graph\">{\"@context\":\"https:\\\/\\\/schema.org\",\"@graph\":[{\"@type\":\"Article\",\"@id\":\"https:\\\/\\\/www.subaru.es\\\/blog\\\/nuestra-marca\\\/que-supondra-la-llegada-de-coches-autonomos\\\/#article\",\"isPartOf\":{\"@id\":\"https:\\\/\\\/www.subaru.es\\\/blog\\\/nuestra-marca\\\/que-supondra-la-llegada-de-coches-autonomos\\\/\"},\"author\":{\"name\":\"Subaru\",\"@id\":\"https:\\\/\\\/www.subaru.es\\\/blog\\\/#\\\/schema\\\/person\\\/19a90b892230b8e0ec752704ddf4aa10\"},\"headline\":\"\u00bfQu\u00e9 supondr\u00e1 la llegada de coches aut\u00f3nomos?\",\"datePublished\":\"2012-06-04T14:16:33+00:00\",\"dateModified\":\"2020-08-06T09:38:38+00:00\",\"mainEntityOfPage\":{\"@id\":\"https:\\\/\\\/www.subaru.es\\\/blog\\\/nuestra-marca\\\/que-supondra-la-llegada-de-coches-autonomos\\\/\"},\"wordCount\":484,\"commentCount\":0,\"publisher\":{\"@id\":\"https:\\\/\\\/www.subaru.es\\\/blog\\\/#organization\"},\"image\":{\"@id\":\"https:\\\/\\\/www.subaru.es\\\/blog\\\/nuestra-marca\\\/que-supondra-la-llegada-de-coches-autonomos\\\/#primaryimage\"},\"thumbnailUrl\":\"https:\\\/\\\/www.subaru.es\\\/blog\\\/wp-content\\\/uploads\\\/2011\\\/10\\\/scalextric.jpg\",\"keywords\":[\"avances tecnol\u00f3gicos\",\"Coche aut\u00f3nomo\",\"futuro\"],\"articleSection\":[\"Nuestra marca\"],\"inLanguage\":\"es\",\"potentialAction\":[{\"@type\":\"CommentAction\",\"name\":\"Comment\",\"target\":[\"https:\\\/\\\/www.subaru.es\\\/blog\\\/nuestra-marca\\\/que-supondra-la-llegada-de-coches-autonomos\\\/#respond\"]}]},{\"@type\":\"WebPage\",\"@id\":\"https:\\\/\\\/www.subaru.es\\\/blog\\\/nuestra-marca\\\/que-supondra-la-llegada-de-coches-autonomos\\\/\",\"url\":\"https:\\\/\\\/www.subaru.es\\\/blog\\\/nuestra-marca\\\/que-supondra-la-llegada-de-coches-autonomos\\\/\",\"name\":\"\u00bfQu\u00e9 supondr\u00e1 la llegada de coches aut\u00f3nomos? - Universo Subaru\",\"isPartOf\":{\"@id\":\"https:\\\/\\\/www.subaru.es\\\/blog\\\/#website\"},\"primaryImageOfPage\":{\"@id\":\"https:\\\/\\\/www.subaru.es\\\/blog\\\/nuestra-marca\\\/que-supondra-la-llegada-de-coches-autonomos\\\/#primaryimage\"},\"image\":{\"@id\":\"https:\\\/\\\/www.subaru.es\\\/blog\\\/nuestra-marca\\\/que-supondra-la-llegada-de-coches-autonomos\\\/#primaryimage\"},\"thumbnailUrl\":\"https:\\\/\\\/www.subaru.es\\\/blog\\\/wp-content\\\/uploads\\\/2011\\\/10\\\/scalextric.jpg\",\"datePublished\":\"2012-06-04T14:16:33+00:00\",\"dateModified\":\"2020-08-06T09:38:38+00:00\",\"breadcrumb\":{\"@id\":\"https:\\\/\\\/www.subaru.es\\\/blog\\\/nuestra-marca\\\/que-supondra-la-llegada-de-coches-autonomos\\\/#breadcrumb\"},\"inLanguage\":\"es\",\"potentialAction\":[{\"@type\":\"ReadAction\",\"target\":[\"https:\\\/\\\/www.subaru.es\\\/blog\\\/nuestra-marca\\\/que-supondra-la-llegada-de-coches-autonomos\\\/\"]}]},{\"@type\":\"ImageObject\",\"inLanguage\":\"es\",\"@id\":\"https:\\\/\\\/www.subaru.es\\\/blog\\\/nuestra-marca\\\/que-supondra-la-llegada-de-coches-autonomos\\\/#primaryimage\",\"url\":\"https:\\\/\\\/www.subaru.es\\\/blog\\\/wp-content\\\/uploads\\\/2011\\\/10\\\/scalextric.jpg\",\"contentUrl\":\"https:\\\/\\\/www.subaru.es\\\/blog\\\/wp-content\\\/uploads\\\/2011\\\/10\\\/scalextric.jpg\",\"width\":610,\"height\":339},{\"@type\":\"BreadcrumbList\",\"@id\":\"https:\\\/\\\/www.subaru.es\\\/blog\\\/nuestra-marca\\\/que-supondra-la-llegada-de-coches-autonomos\\\/#breadcrumb\",\"itemListElement\":[{\"@type\":\"ListItem\",\"position\":1,\"name\":\"Portada\",\"item\":\"https:\\\/\\\/www.subaru.es\\\/blog\\\/\"},{\"@type\":\"ListItem\",\"position\":2,\"name\":\"\u00bfQu\u00e9 supondr\u00e1 la llegada de coches aut\u00f3nomos?\"}]},{\"@type\":\"WebSite\",\"@id\":\"https:\\\/\\\/www.subaru.es\\\/blog\\\/#website\",\"url\":\"https:\\\/\\\/www.subaru.es\\\/blog\\\/\",\"name\":\"Universo Subaru\",\"description\":\"Descubre este apasionante espacio de Subaru donde vas a conocer todo sobre nuestros coches y las experiencias que vivimos con ellos. Si est\u00e1s preparado para dejarte seducir por la filosof\u00eda Subaru, qu\u00e9date con nosotros.\",\"publisher\":{\"@id\":\"https:\\\/\\\/www.subaru.es\\\/blog\\\/#organization\"},\"potentialAction\":[{\"@type\":\"SearchAction\",\"target\":{\"@type\":\"EntryPoint\",\"urlTemplate\":\"https:\\\/\\\/www.subaru.es\\\/blog\\\/?s={search_term_string}\"},\"query-input\":{\"@type\":\"PropertyValueSpecification\",\"valueRequired\":true,\"valueName\":\"search_term_string\"}}],\"inLanguage\":\"es\"},{\"@type\":\"Organization\",\"@id\":\"https:\\\/\\\/www.subaru.es\\\/blog\\\/#organization\",\"name\":\"Subaru Espa\u00f1a S.A.\",\"url\":\"https:\\\/\\\/www.subaru.es\\\/blog\\\/\",\"logo\":{\"@type\":\"ImageObject\",\"inLanguage\":\"es\",\"@id\":\"https:\\\/\\\/www.subaru.es\\\/blog\\\/#\\\/schema\\\/logo\\\/image\\\/\",\"url\":\"https:\\\/\\\/www.subaru.es\\\/blog\\\/wp-content\\\/uploads\\\/2016\\\/12\\\/Logo-Subaru-TypeV_C300-scaled.jpg\",\"contentUrl\":\"https:\\\/\\\/www.subaru.es\\\/blog\\\/wp-content\\\/uploads\\\/2016\\\/12\\\/Logo-Subaru-TypeV_C300-scaled.jpg\",\"width\":2560,\"height\":1864,\"caption\":\"Subaru Espa\u00f1a S.A.\"},\"image\":{\"@id\":\"https:\\\/\\\/www.subaru.es\\\/blog\\\/#\\\/schema\\\/logo\\\/image\\\/\"},\"sameAs\":[\"https:\\\/\\\/www.facebook.com\\\/subaruespana\",\"https:\\\/\\\/www.instagram.com\\\/subarues\\\/\",\"https:\\\/\\\/www.youtube.com\\\/user\\\/subaruespana\"]},{\"@type\":\"Person\",\"@id\":\"https:\\\/\\\/www.subaru.es\\\/blog\\\/#\\\/schema\\\/person\\\/19a90b892230b8e0ec752704ddf4aa10\",\"name\":\"Subaru\",\"url\":\"https:\\\/\\\/www.subaru.es\\\/blog\\\/author\\\/subaria\\\/\"}]}<\/script>\n<!-- \/ Yoast SEO plugin. -->","yoast_head_json":{"title":"\u00bfQu\u00e9 supondr\u00e1 la llegada de coches aut\u00f3nomos? - Universo Subaru","robots":{"index":"index","follow":"follow","max-snippet":"max-snippet:-1","max-image-preview":"max-image-preview:large","max-video-preview":"max-video-preview:-1"},"canonical":"https:\/\/www.subaru.es\/blog\/nuestra-marca\/que-supondra-la-llegada-de-coches-autonomos\/","og_locale":"es_ES","og_type":"article","og_title":"\u00bfQu\u00e9 supondr\u00e1 la llegada de coches aut\u00f3nomos? - Universo Subaru","og_description":"Los avances tecnol\u00f3gicos son legi\u00f3n en este siglo XXI, y entre otras maravillas estamos presenciando avances tremendos en asistencia a la conducci\u00f3n: sistemas de comunicaci\u00f3n entre coches, navegadores GPS, sistemas multimedia integrados en el coche, activaci\u00f3n de comandos por voz&#8230; Parece que no hay l\u00edmites. La conducci\u00f3n aut\u00f3noma nos traer\u00e1 muchas ventajas. Por ejemplo, en [&hellip;]","og_url":"https:\/\/www.subaru.es\/blog\/nuestra-marca\/que-supondra-la-llegada-de-coches-autonomos\/","og_site_name":"Universo Subaru","article_publisher":"https:\/\/www.facebook.com\/subaruespana","article_published_time":"2012-06-04T14:16:33+00:00","article_modified_time":"2020-08-06T09:38:38+00:00","og_image":[{"width":610,"height":339,"url":"https:\/\/www.subaru.es\/blog\/wp-content\/uploads\/2011\/10\/scalextric.jpg","type":"image\/jpeg"}],"author":"Subaru","twitter_card":"summary_large_image","twitter_misc":{"Escrito por":"Subaru","Tiempo de lectura":"2 minutos"},"schema":{"@context":"https:\/\/schema.org","@graph":[{"@type":"Article","@id":"https:\/\/www.subaru.es\/blog\/nuestra-marca\/que-supondra-la-llegada-de-coches-autonomos\/#article","isPartOf":{"@id":"https:\/\/www.subaru.es\/blog\/nuestra-marca\/que-supondra-la-llegada-de-coches-autonomos\/"},"author":{"name":"Subaru","@id":"https:\/\/www.subaru.es\/blog\/#\/schema\/person\/19a90b892230b8e0ec752704ddf4aa10"},"headline":"\u00bfQu\u00e9 supondr\u00e1 la llegada de coches aut\u00f3nomos?","datePublished":"2012-06-04T14:16:33+00:00","dateModified":"2020-08-06T09:38:38+00:00","mainEntityOfPage":{"@id":"https:\/\/www.subaru.es\/blog\/nuestra-marca\/que-supondra-la-llegada-de-coches-autonomos\/"},"wordCount":484,"commentCount":0,"publisher":{"@id":"https:\/\/www.subaru.es\/blog\/#organization"},"image":{"@id":"https:\/\/www.subaru.es\/blog\/nuestra-marca\/que-supondra-la-llegada-de-coches-autonomos\/#primaryimage"},"thumbnailUrl":"https:\/\/www.subaru.es\/blog\/wp-content\/uploads\/2011\/10\/scalextric.jpg","keywords":["avances tecnol\u00f3gicos","Coche aut\u00f3nomo","futuro"],"articleSection":["Nuestra marca"],"inLanguage":"es","potentialAction":[{"@type":"CommentAction","name":"Comment","target":["https:\/\/www.subaru.es\/blog\/nuestra-marca\/que-supondra-la-llegada-de-coches-autonomos\/#respond"]}]},{"@type":"WebPage","@id":"https:\/\/www.subaru.es\/blog\/nuestra-marca\/que-supondra-la-llegada-de-coches-autonomos\/","url":"https:\/\/www.subaru.es\/blog\/nuestra-marca\/que-supondra-la-llegada-de-coches-autonomos\/","name":"\u00bfQu\u00e9 supondr\u00e1 la llegada de coches aut\u00f3nomos? - Universo Subaru","isPartOf":{"@id":"https:\/\/www.subaru.es\/blog\/#website"},"primaryImageOfPage":{"@id":"https:\/\/www.subaru.es\/blog\/nuestra-marca\/que-supondra-la-llegada-de-coches-autonomos\/#primaryimage"},"image":{"@id":"https:\/\/www.subaru.es\/blog\/nuestra-marca\/que-supondra-la-llegada-de-coches-autonomos\/#primaryimage"},"thumbnailUrl":"https:\/\/www.subaru.es\/blog\/wp-content\/uploads\/2011\/10\/scalextric.jpg","datePublished":"2012-06-04T14:16:33+00:00","dateModified":"2020-08-06T09:38:38+00:00","breadcrumb":{"@id":"https:\/\/www.subaru.es\/blog\/nuestra-marca\/que-supondra-la-llegada-de-coches-autonomos\/#breadcrumb"},"inLanguage":"es","potentialAction":[{"@type":"ReadAction","target":["https:\/\/www.subaru.es\/blog\/nuestra-marca\/que-supondra-la-llegada-de-coches-autonomos\/"]}]},{"@type":"ImageObject","inLanguage":"es","@id":"https:\/\/www.subaru.es\/blog\/nuestra-marca\/que-supondra-la-llegada-de-coches-autonomos\/#primaryimage","url":"https:\/\/www.subaru.es\/blog\/wp-content\/uploads\/2011\/10\/scalextric.jpg","contentUrl":"https:\/\/www.subaru.es\/blog\/wp-content\/uploads\/2011\/10\/scalextric.jpg","width":610,"height":339},{"@type":"BreadcrumbList","@id":"https:\/\/www.subaru.es\/blog\/nuestra-marca\/que-supondra-la-llegada-de-coches-autonomos\/#breadcrumb","itemListElement":[{"@type":"ListItem","position":1,"name":"Portada","item":"https:\/\/www.subaru.es\/blog\/"},{"@type":"ListItem","position":2,"name":"\u00bfQu\u00e9 supondr\u00e1 la llegada de coches aut\u00f3nomos?"}]},{"@type":"WebSite","@id":"https:\/\/www.subaru.es\/blog\/#website","url":"https:\/\/www.subaru.es\/blog\/","name":"Universo Subaru","description":"Descubre este apasionante espacio de Subaru donde vas a conocer todo sobre nuestros coches y las experiencias que vivimos con ellos. Si est\u00e1s preparado para dejarte seducir por la filosof\u00eda Subaru, qu\u00e9date con nosotros.","publisher":{"@id":"https:\/\/www.subaru.es\/blog\/#organization"},"potentialAction":[{"@type":"SearchAction","target":{"@type":"EntryPoint","urlTemplate":"https:\/\/www.subaru.es\/blog\/?s={search_term_string}"},"query-input":{"@type":"PropertyValueSpecification","valueRequired":true,"valueName":"search_term_string"}}],"inLanguage":"es"},{"@type":"Organization","@id":"https:\/\/www.subaru.es\/blog\/#organization","name":"Subaru Espa\u00f1a S.A.","url":"https:\/\/www.subaru.es\/blog\/","logo":{"@type":"ImageObject","inLanguage":"es","@id":"https:\/\/www.subaru.es\/blog\/#\/schema\/logo\/image\/","url":"https:\/\/www.subaru.es\/blog\/wp-content\/uploads\/2016\/12\/Logo-Subaru-TypeV_C300-scaled.jpg","contentUrl":"https:\/\/www.subaru.es\/blog\/wp-content\/uploads\/2016\/12\/Logo-Subaru-TypeV_C300-scaled.jpg","width":2560,"height":1864,"caption":"Subaru Espa\u00f1a S.A."},"image":{"@id":"https:\/\/www.subaru.es\/blog\/#\/schema\/logo\/image\/"},"sameAs":["https:\/\/www.facebook.com\/subaruespana","https:\/\/www.instagram.com\/subarues\/","https:\/\/www.youtube.com\/user\/subaruespana"]},{"@type":"Person","@id":"https:\/\/www.subaru.es\/blog\/#\/schema\/person\/19a90b892230b8e0ec752704ddf4aa10","name":"Subaru","url":"https:\/\/www.subaru.es\/blog\/author\/subaria\/"}]}},"_links":{"self":[{"href":"https:\/\/www.subaru.es\/blog\/wp-json\/wp\/v2\/posts\/5664","targetHints":{"allow":["GET"]}}],"collection":[{"href":"https:\/\/www.subaru.es\/blog\/wp-json\/wp\/v2\/posts"}],"about":[{"href":"https:\/\/www.subaru.es\/blog\/wp-json\/wp\/v2\/types\/post"}],"author":[{"embeddable":true,"href":"https:\/\/www.subaru.es\/blog\/wp-json\/wp\/v2\/users\/21"}],"replies":[{"embeddable":true,"href":"https:\/\/www.subaru.es\/blog\/wp-json\/wp\/v2\/comments?post=5664"}],"version-history":[{"count":1,"href":"https:\/\/www.subaru.es\/blog\/wp-json\/wp\/v2\/posts\/5664\/revisions"}],"predecessor-version":[{"id":16095,"href":"https:\/\/www.subaru.es\/blog\/wp-json\/wp\/v2\/posts\/5664\/revisions\/16095"}],"wp:featuredmedia":[{"embeddable":true,"href":"https:\/\/www.subaru.es\/blog\/wp-json\/wp\/v2\/media\/5665"}],"wp:attachment":[{"href":"https:\/\/www.subaru.es\/blog\/wp-json\/wp\/v2\/media?parent=5664"}],"wp:term":[{"taxonomy":"category","embeddable":true,"href":"https:\/\/www.subaru.es\/blog\/wp-json\/wp\/v2\/categories?post=5664"},{"taxonomy":"post_tag","embeddable":true,"href":"https:\/\/www.subaru.es\/blog\/wp-json\/wp\/v2\/tags?post=5664"}],"curies":[{"name":"wp","href":"https:\/\/api.w.org\/{rel}","templated":true}]}}