{"id":563,"date":"2008-02-06T09:10:33","date_gmt":"2008-02-06T07:10:33","guid":{"rendered":"http:\/\/subaru.preproduccion.com\/blog\/wp-content\/2008\/02\/06\/swrt-rumbo-a-suecia\/"},"modified":"2016-10-17T15:11:37","modified_gmt":"2016-10-17T13:11:37","slug":"swrt-rumbo-a-suecia","status":"publish","type":"post","link":"https:\/\/www.subaru.es\/blog\/nuestra-marca\/swrt-rumbo-a-suecia\/","title":{"rendered":"SWRT rumbo a Suecia"},"content":{"rendered":"<p><center><img data-src='https:\/\/www.subaru.es\/blog\/wp-content\/uploads\/2008\/02\/subaru-swrt-rally-suecia-wr.jpg' alt='Rally de Suecia, SWRT' src='data:image\/svg+xml;base64,PHN2ZyB3aWR0aD0iMSIgaGVpZ2h0PSIxIiB4bWxucz0iaHR0cDovL3d3dy53My5vcmcvMjAwMC9zdmciPjwvc3ZnPg==' class='lazyload' style='--smush-placeholder-width: 475px; --smush-placeholder-aspect-ratio: 475\/349;' \/><\/center><\/p>\n<p>El <a href=\"http:\/\/swrt.com\/\">Subaru World Rally Team<\/a> ya tiene el GPS rumbo a Suecia, con destino a <a href=\"http:\/\/www.swerally.se\/se,index.html\">la prueba m\u00e1s fr\u00eda del Mundial de Rallyes<\/a>. Son c\u00e9lebres los largos trazados forestales, con los autom\u00f3viles patinando sobre el hielo.<\/p>\n<p>Este a\u00f1o SWRT ha inscrito los <strong>Impreza WRC 2007 n\u00famero 5 y n\u00famero 6<\/strong>, que pilotan respectivamente <strong>Petter Solberg<\/strong> y <strong>Chris Atkinson<\/strong>.<\/p>\n<p>Como ya hicimos <a href=\"https:\/\/www.subaru.es\/blog\/2008\/01\/24\/swrt-impresiones-previas-a-montecarlo\/\">antes de Rally de Montecarlo<\/a>, vamos a recoger lo m\u00e1s destacado de las impresiones previas a la segunda prueba del Mundial, el Rally de Suecia.<\/p>\n<p><center><img decoding=\"async\" data-src=\"https:\/\/www.subaru.es\/blog\/wp-content\/uploads\/2008\/01\/swrt.jpg\" alt=\"SWRT\" src=\"data:image\/svg+xml;base64,PHN2ZyB3aWR0aD0iMSIgaGVpZ2h0PSIxIiB4bWxucz0iaHR0cDovL3d3dy53My5vcmcvMjAwMC9zdmciPjwvc3ZnPg==\" class=\"lazyload\" style=\"--smush-placeholder-width: 495px; --smush-placeholder-aspect-ratio: 495\/144;\" \/><\/center><\/p>\n<blockquote><p>\u00abYa hemos ganado aqu\u00ed antes, pero es tan complicado que nunca se sabe qu\u00e9 puede pasar. Haremos nuestro propio rally, presionaremos al m\u00e1ximo y veremos c\u00f3mo va. No podemos hacer m\u00e1s y espero que logremos un buen resultado. Se trata de ser r\u00e1pido y no cometer errores\u00bb<br \/>\n<strong>Petter Solberg, Piloto<\/strong><\/p><\/blockquote>\n<blockquote><p>\u00abAfrontamos Suecia m\u00e1s o menos como lo hicimos en Montecarlo, esperamos estar entre los cinco o seis primeros e intentaremos ser lo m\u00e1s consistentes posible. En Montecarlo hab\u00eda que ser preciso y suave, pero Suecia es, probablemente, uno de los rallyes m\u00e1s agresivos del a\u00f1o\u00bb<br \/>\n<strong>Chris Atkinson, Piloto<\/strong><\/p><\/blockquote>\n<blockquote><p>\u00abPetter creci\u00f3 en estas carreteras, pero para Chris debe ser un contraste extraordinario con las pistas de Australia, aunque espero que lo haga bien y conf\u00edo en que ambos pilotos vuelvan a estar en los puntos este fin de semana\u00bb<br \/>\n<strong>David Richards, Director Deportivo<\/strong><\/p><\/blockquote>\n<blockquote><p>\u00abEn general es un rally f\u00e1cil para los coches, pero es muy exigente f\u00edsicamente para los pilotos, ya que necesitan un enfoque agresivo en este tipo de superficie. Es muy r\u00e1pido y todos luchar\u00e1n para conseguir ventaja al principio. Los bancos de nieve son importantes, ya que los pilotos los usan para pasar las curvas y tambi\u00e9n cubren las zanjas que hay a los lados de la carretera\u00bb<br \/>\n<strong>Paul Howarth, Director de Operaciones<\/strong><\/p><\/blockquote>\n","protected":false},"excerpt":{"rendered":"<p>El Subaru World Rally Team ya tiene el GPS rumbo a Suecia, con destino a la prueba m\u00e1s fr\u00eda del Mundial de Rallyes. Son c\u00e9lebres los largos trazados forestales, con los autom\u00f3viles patinando sobre el hielo. Este a\u00f1o SWRT ha inscrito los Impreza WRC 2007 n\u00famero 5 y n\u00famero 6, que pilotan respectivamente Petter Solberg [&hellip;]<\/p>\n","protected":false},"author":21,"featured_media":564,"comment_status":"open","ping_status":"open","sticky":false,"template":"","format":"standard","meta":{"_acf_changed":false,"_eb_attr":"","inline_featured_image":false,"footnotes":""},"categories":[4401],"tags":[149,151,109,150],"class_list":["post-563","post","type-post","status-publish","format-standard","has-post-thumbnail","hentry","category-nuestra-marca","tag-subaru-world-rally-team","tag-suecia","tag-swrt","tag-world-rally-car"],"acf":[],"yoast_head":"<!-- This site is optimized with the Yoast SEO plugin v27.3 - https:\/\/yoast.com\/product\/yoast-seo-wordpress\/ -->\n<title>SWRT rumbo a Suecia - Universo Subaru<\/title>\n<meta name=\"robots\" content=\"index, follow, max-snippet:-1, max-image-preview:large, max-video-preview:-1\" \/>\n<link rel=\"canonical\" href=\"https:\/\/www.subaru.es\/blog\/nuestra-marca\/swrt-rumbo-a-suecia\/\" \/>\n<meta property=\"og:locale\" content=\"es_ES\" \/>\n<meta property=\"og:type\" content=\"article\" \/>\n<meta property=\"og:title\" content=\"SWRT rumbo a Suecia - Universo Subaru\" \/>\n<meta property=\"og:description\" content=\"El Subaru World Rally Team ya tiene el GPS rumbo a Suecia, con destino a la prueba m\u00e1s fr\u00eda del Mundial de Rallyes. Son c\u00e9lebres los largos trazados forestales, con los autom\u00f3viles patinando sobre el hielo. Este a\u00f1o SWRT ha inscrito los Impreza WRC 2007 n\u00famero 5 y n\u00famero 6, que pilotan respectivamente Petter Solberg [&hellip;]\" \/>\n<meta property=\"og:url\" content=\"https:\/\/www.subaru.es\/blog\/nuestra-marca\/swrt-rumbo-a-suecia\/\" \/>\n<meta property=\"og:site_name\" content=\"Universo Subaru\" \/>\n<meta property=\"article:publisher\" content=\"https:\/\/www.facebook.com\/subaruespana\" \/>\n<meta property=\"article:published_time\" content=\"2008-02-06T07:10:33+00:00\" \/>\n<meta property=\"article:modified_time\" content=\"2016-10-17T13:11:37+00:00\" \/>\n<meta property=\"og:image\" content=\"https:\/\/www.subaru.es\/blog\/wp-content\/uploads\/2008\/02\/subaru-swrt-rally-suecia-wr.jpg\" \/>\n\t<meta property=\"og:image:width\" content=\"475\" \/>\n\t<meta property=\"og:image:height\" content=\"349\" \/>\n\t<meta property=\"og:image:type\" content=\"image\/jpeg\" \/>\n<meta name=\"author\" content=\"Subaru\" \/>\n<meta name=\"twitter:card\" content=\"summary_large_image\" \/>\n<meta name=\"twitter:label1\" content=\"Escrito por\" \/>\n\t<meta name=\"twitter:data1\" content=\"Subaru\" \/>\n\t<meta name=\"twitter:label2\" content=\"Tiempo de lectura\" \/>\n\t<meta name=\"twitter:data2\" content=\"2 minutos\" \/>\n<script type=\"application\/ld+json\" class=\"yoast-schema-graph\">{\"@context\":\"https:\\\/\\\/schema.org\",\"@graph\":[{\"@type\":\"Article\",\"@id\":\"https:\\\/\\\/www.subaru.es\\\/blog\\\/nuestra-marca\\\/swrt-rumbo-a-suecia\\\/#article\",\"isPartOf\":{\"@id\":\"https:\\\/\\\/www.subaru.es\\\/blog\\\/nuestra-marca\\\/swrt-rumbo-a-suecia\\\/\"},\"author\":{\"name\":\"Subaru\",\"@id\":\"https:\\\/\\\/www.subaru.es\\\/blog\\\/#\\\/schema\\\/person\\\/19a90b892230b8e0ec752704ddf4aa10\"},\"headline\":\"SWRT rumbo a Suecia\",\"datePublished\":\"2008-02-06T07:10:33+00:00\",\"dateModified\":\"2016-10-17T13:11:37+00:00\",\"mainEntityOfPage\":{\"@id\":\"https:\\\/\\\/www.subaru.es\\\/blog\\\/nuestra-marca\\\/swrt-rumbo-a-suecia\\\/\"},\"wordCount\":325,\"commentCount\":1,\"publisher\":{\"@id\":\"https:\\\/\\\/www.subaru.es\\\/blog\\\/#organization\"},\"image\":{\"@id\":\"https:\\\/\\\/www.subaru.es\\\/blog\\\/nuestra-marca\\\/swrt-rumbo-a-suecia\\\/#primaryimage\"},\"thumbnailUrl\":\"https:\\\/\\\/www.subaru.es\\\/blog\\\/wp-content\\\/uploads\\\/2008\\\/02\\\/subaru-swrt-rally-suecia-wr.jpg\",\"keywords\":[\"subaru world rally team\",\"suecia\",\"swrt\",\"world rally car\"],\"articleSection\":[\"Nuestra marca\"],\"inLanguage\":\"es\",\"potentialAction\":[{\"@type\":\"CommentAction\",\"name\":\"Comment\",\"target\":[\"https:\\\/\\\/www.subaru.es\\\/blog\\\/nuestra-marca\\\/swrt-rumbo-a-suecia\\\/#respond\"]}]},{\"@type\":\"WebPage\",\"@id\":\"https:\\\/\\\/www.subaru.es\\\/blog\\\/nuestra-marca\\\/swrt-rumbo-a-suecia\\\/\",\"url\":\"https:\\\/\\\/www.subaru.es\\\/blog\\\/nuestra-marca\\\/swrt-rumbo-a-suecia\\\/\",\"name\":\"SWRT rumbo a Suecia - Universo Subaru\",\"isPartOf\":{\"@id\":\"https:\\\/\\\/www.subaru.es\\\/blog\\\/#website\"},\"primaryImageOfPage\":{\"@id\":\"https:\\\/\\\/www.subaru.es\\\/blog\\\/nuestra-marca\\\/swrt-rumbo-a-suecia\\\/#primaryimage\"},\"image\":{\"@id\":\"https:\\\/\\\/www.subaru.es\\\/blog\\\/nuestra-marca\\\/swrt-rumbo-a-suecia\\\/#primaryimage\"},\"thumbnailUrl\":\"https:\\\/\\\/www.subaru.es\\\/blog\\\/wp-content\\\/uploads\\\/2008\\\/02\\\/subaru-swrt-rally-suecia-wr.jpg\",\"datePublished\":\"2008-02-06T07:10:33+00:00\",\"dateModified\":\"2016-10-17T13:11:37+00:00\",\"breadcrumb\":{\"@id\":\"https:\\\/\\\/www.subaru.es\\\/blog\\\/nuestra-marca\\\/swrt-rumbo-a-suecia\\\/#breadcrumb\"},\"inLanguage\":\"es\",\"potentialAction\":[{\"@type\":\"ReadAction\",\"target\":[\"https:\\\/\\\/www.subaru.es\\\/blog\\\/nuestra-marca\\\/swrt-rumbo-a-suecia\\\/\"]}]},{\"@type\":\"ImageObject\",\"inLanguage\":\"es\",\"@id\":\"https:\\\/\\\/www.subaru.es\\\/blog\\\/nuestra-marca\\\/swrt-rumbo-a-suecia\\\/#primaryimage\",\"url\":\"https:\\\/\\\/www.subaru.es\\\/blog\\\/wp-content\\\/uploads\\\/2008\\\/02\\\/subaru-swrt-rally-suecia-wr.jpg\",\"contentUrl\":\"https:\\\/\\\/www.subaru.es\\\/blog\\\/wp-content\\\/uploads\\\/2008\\\/02\\\/subaru-swrt-rally-suecia-wr.jpg\",\"width\":475,\"height\":349},{\"@type\":\"BreadcrumbList\",\"@id\":\"https:\\\/\\\/www.subaru.es\\\/blog\\\/nuestra-marca\\\/swrt-rumbo-a-suecia\\\/#breadcrumb\",\"itemListElement\":[{\"@type\":\"ListItem\",\"position\":1,\"name\":\"Portada\",\"item\":\"https:\\\/\\\/www.subaru.es\\\/blog\\\/\"},{\"@type\":\"ListItem\",\"position\":2,\"name\":\"SWRT rumbo a Suecia\"}]},{\"@type\":\"WebSite\",\"@id\":\"https:\\\/\\\/www.subaru.es\\\/blog\\\/#website\",\"url\":\"https:\\\/\\\/www.subaru.es\\\/blog\\\/\",\"name\":\"Universo Subaru\",\"description\":\"Descubre este apasionante espacio de Subaru donde vas a conocer todo sobre nuestros coches y las experiencias que vivimos con ellos. Si est\u00e1s preparado para dejarte seducir por la filosof\u00eda Subaru, qu\u00e9date con nosotros.\",\"publisher\":{\"@id\":\"https:\\\/\\\/www.subaru.es\\\/blog\\\/#organization\"},\"potentialAction\":[{\"@type\":\"SearchAction\",\"target\":{\"@type\":\"EntryPoint\",\"urlTemplate\":\"https:\\\/\\\/www.subaru.es\\\/blog\\\/?s={search_term_string}\"},\"query-input\":{\"@type\":\"PropertyValueSpecification\",\"valueRequired\":true,\"valueName\":\"search_term_string\"}}],\"inLanguage\":\"es\"},{\"@type\":\"Organization\",\"@id\":\"https:\\\/\\\/www.subaru.es\\\/blog\\\/#organization\",\"name\":\"Subaru Espa\u00f1a S.A.\",\"url\":\"https:\\\/\\\/www.subaru.es\\\/blog\\\/\",\"logo\":{\"@type\":\"ImageObject\",\"inLanguage\":\"es\",\"@id\":\"https:\\\/\\\/www.subaru.es\\\/blog\\\/#\\\/schema\\\/logo\\\/image\\\/\",\"url\":\"https:\\\/\\\/www.subaru.es\\\/blog\\\/wp-content\\\/uploads\\\/2016\\\/12\\\/Logo-Subaru-TypeV_C300-scaled.jpg\",\"contentUrl\":\"https:\\\/\\\/www.subaru.es\\\/blog\\\/wp-content\\\/uploads\\\/2016\\\/12\\\/Logo-Subaru-TypeV_C300-scaled.jpg\",\"width\":2560,\"height\":1864,\"caption\":\"Subaru Espa\u00f1a S.A.\"},\"image\":{\"@id\":\"https:\\\/\\\/www.subaru.es\\\/blog\\\/#\\\/schema\\\/logo\\\/image\\\/\"},\"sameAs\":[\"https:\\\/\\\/www.facebook.com\\\/subaruespana\",\"https:\\\/\\\/www.instagram.com\\\/subarues\\\/\",\"https:\\\/\\\/www.youtube.com\\\/user\\\/subaruespana\"]},{\"@type\":\"Person\",\"@id\":\"https:\\\/\\\/www.subaru.es\\\/blog\\\/#\\\/schema\\\/person\\\/19a90b892230b8e0ec752704ddf4aa10\",\"name\":\"Subaru\",\"url\":\"https:\\\/\\\/www.subaru.es\\\/blog\\\/author\\\/subaria\\\/\"}]}<\/script>\n<!-- \/ Yoast SEO plugin. -->","yoast_head_json":{"title":"SWRT rumbo a Suecia - Universo Subaru","robots":{"index":"index","follow":"follow","max-snippet":"max-snippet:-1","max-image-preview":"max-image-preview:large","max-video-preview":"max-video-preview:-1"},"canonical":"https:\/\/www.subaru.es\/blog\/nuestra-marca\/swrt-rumbo-a-suecia\/","og_locale":"es_ES","og_type":"article","og_title":"SWRT rumbo a Suecia - Universo Subaru","og_description":"El Subaru World Rally Team ya tiene el GPS rumbo a Suecia, con destino a la prueba m\u00e1s fr\u00eda del Mundial de Rallyes. Son c\u00e9lebres los largos trazados forestales, con los autom\u00f3viles patinando sobre el hielo. Este a\u00f1o SWRT ha inscrito los Impreza WRC 2007 n\u00famero 5 y n\u00famero 6, que pilotan respectivamente Petter Solberg [&hellip;]","og_url":"https:\/\/www.subaru.es\/blog\/nuestra-marca\/swrt-rumbo-a-suecia\/","og_site_name":"Universo Subaru","article_publisher":"https:\/\/www.facebook.com\/subaruespana","article_published_time":"2008-02-06T07:10:33+00:00","article_modified_time":"2016-10-17T13:11:37+00:00","og_image":[{"width":475,"height":349,"url":"https:\/\/www.subaru.es\/blog\/wp-content\/uploads\/2008\/02\/subaru-swrt-rally-suecia-wr.jpg","type":"image\/jpeg"}],"author":"Subaru","twitter_card":"summary_large_image","twitter_misc":{"Escrito por":"Subaru","Tiempo de lectura":"2 minutos"},"schema":{"@context":"https:\/\/schema.org","@graph":[{"@type":"Article","@id":"https:\/\/www.subaru.es\/blog\/nuestra-marca\/swrt-rumbo-a-suecia\/#article","isPartOf":{"@id":"https:\/\/www.subaru.es\/blog\/nuestra-marca\/swrt-rumbo-a-suecia\/"},"author":{"name":"Subaru","@id":"https:\/\/www.subaru.es\/blog\/#\/schema\/person\/19a90b892230b8e0ec752704ddf4aa10"},"headline":"SWRT rumbo a Suecia","datePublished":"2008-02-06T07:10:33+00:00","dateModified":"2016-10-17T13:11:37+00:00","mainEntityOfPage":{"@id":"https:\/\/www.subaru.es\/blog\/nuestra-marca\/swrt-rumbo-a-suecia\/"},"wordCount":325,"commentCount":1,"publisher":{"@id":"https:\/\/www.subaru.es\/blog\/#organization"},"image":{"@id":"https:\/\/www.subaru.es\/blog\/nuestra-marca\/swrt-rumbo-a-suecia\/#primaryimage"},"thumbnailUrl":"https:\/\/www.subaru.es\/blog\/wp-content\/uploads\/2008\/02\/subaru-swrt-rally-suecia-wr.jpg","keywords":["subaru world rally team","suecia","swrt","world rally car"],"articleSection":["Nuestra marca"],"inLanguage":"es","potentialAction":[{"@type":"CommentAction","name":"Comment","target":["https:\/\/www.subaru.es\/blog\/nuestra-marca\/swrt-rumbo-a-suecia\/#respond"]}]},{"@type":"WebPage","@id":"https:\/\/www.subaru.es\/blog\/nuestra-marca\/swrt-rumbo-a-suecia\/","url":"https:\/\/www.subaru.es\/blog\/nuestra-marca\/swrt-rumbo-a-suecia\/","name":"SWRT rumbo a Suecia - Universo Subaru","isPartOf":{"@id":"https:\/\/www.subaru.es\/blog\/#website"},"primaryImageOfPage":{"@id":"https:\/\/www.subaru.es\/blog\/nuestra-marca\/swrt-rumbo-a-suecia\/#primaryimage"},"image":{"@id":"https:\/\/www.subaru.es\/blog\/nuestra-marca\/swrt-rumbo-a-suecia\/#primaryimage"},"thumbnailUrl":"https:\/\/www.subaru.es\/blog\/wp-content\/uploads\/2008\/02\/subaru-swrt-rally-suecia-wr.jpg","datePublished":"2008-02-06T07:10:33+00:00","dateModified":"2016-10-17T13:11:37+00:00","breadcrumb":{"@id":"https:\/\/www.subaru.es\/blog\/nuestra-marca\/swrt-rumbo-a-suecia\/#breadcrumb"},"inLanguage":"es","potentialAction":[{"@type":"ReadAction","target":["https:\/\/www.subaru.es\/blog\/nuestra-marca\/swrt-rumbo-a-suecia\/"]}]},{"@type":"ImageObject","inLanguage":"es","@id":"https:\/\/www.subaru.es\/blog\/nuestra-marca\/swrt-rumbo-a-suecia\/#primaryimage","url":"https:\/\/www.subaru.es\/blog\/wp-content\/uploads\/2008\/02\/subaru-swrt-rally-suecia-wr.jpg","contentUrl":"https:\/\/www.subaru.es\/blog\/wp-content\/uploads\/2008\/02\/subaru-swrt-rally-suecia-wr.jpg","width":475,"height":349},{"@type":"BreadcrumbList","@id":"https:\/\/www.subaru.es\/blog\/nuestra-marca\/swrt-rumbo-a-suecia\/#breadcrumb","itemListElement":[{"@type":"ListItem","position":1,"name":"Portada","item":"https:\/\/www.subaru.es\/blog\/"},{"@type":"ListItem","position":2,"name":"SWRT rumbo a Suecia"}]},{"@type":"WebSite","@id":"https:\/\/www.subaru.es\/blog\/#website","url":"https:\/\/www.subaru.es\/blog\/","name":"Universo Subaru","description":"Descubre este apasionante espacio de Subaru donde vas a conocer todo sobre nuestros coches y las experiencias que vivimos con ellos. Si est\u00e1s preparado para dejarte seducir por la filosof\u00eda Subaru, qu\u00e9date con nosotros.","publisher":{"@id":"https:\/\/www.subaru.es\/blog\/#organization"},"potentialAction":[{"@type":"SearchAction","target":{"@type":"EntryPoint","urlTemplate":"https:\/\/www.subaru.es\/blog\/?s={search_term_string}"},"query-input":{"@type":"PropertyValueSpecification","valueRequired":true,"valueName":"search_term_string"}}],"inLanguage":"es"},{"@type":"Organization","@id":"https:\/\/www.subaru.es\/blog\/#organization","name":"Subaru Espa\u00f1a S.A.","url":"https:\/\/www.subaru.es\/blog\/","logo":{"@type":"ImageObject","inLanguage":"es","@id":"https:\/\/www.subaru.es\/blog\/#\/schema\/logo\/image\/","url":"https:\/\/www.subaru.es\/blog\/wp-content\/uploads\/2016\/12\/Logo-Subaru-TypeV_C300-scaled.jpg","contentUrl":"https:\/\/www.subaru.es\/blog\/wp-content\/uploads\/2016\/12\/Logo-Subaru-TypeV_C300-scaled.jpg","width":2560,"height":1864,"caption":"Subaru Espa\u00f1a S.A."},"image":{"@id":"https:\/\/www.subaru.es\/blog\/#\/schema\/logo\/image\/"},"sameAs":["https:\/\/www.facebook.com\/subaruespana","https:\/\/www.instagram.com\/subarues\/","https:\/\/www.youtube.com\/user\/subaruespana"]},{"@type":"Person","@id":"https:\/\/www.subaru.es\/blog\/#\/schema\/person\/19a90b892230b8e0ec752704ddf4aa10","name":"Subaru","url":"https:\/\/www.subaru.es\/blog\/author\/subaria\/"}]}},"_links":{"self":[{"href":"https:\/\/www.subaru.es\/blog\/wp-json\/wp\/v2\/posts\/563","targetHints":{"allow":["GET"]}}],"collection":[{"href":"https:\/\/www.subaru.es\/blog\/wp-json\/wp\/v2\/posts"}],"about":[{"href":"https:\/\/www.subaru.es\/blog\/wp-json\/wp\/v2\/types\/post"}],"author":[{"embeddable":true,"href":"https:\/\/www.subaru.es\/blog\/wp-json\/wp\/v2\/users\/21"}],"replies":[{"embeddable":true,"href":"https:\/\/www.subaru.es\/blog\/wp-json\/wp\/v2\/comments?post=563"}],"version-history":[{"count":1,"href":"https:\/\/www.subaru.es\/blog\/wp-json\/wp\/v2\/posts\/563\/revisions"}],"predecessor-version":[{"id":15701,"href":"https:\/\/www.subaru.es\/blog\/wp-json\/wp\/v2\/posts\/563\/revisions\/15701"}],"wp:featuredmedia":[{"embeddable":true,"href":"https:\/\/www.subaru.es\/blog\/wp-json\/wp\/v2\/media\/564"}],"wp:attachment":[{"href":"https:\/\/www.subaru.es\/blog\/wp-json\/wp\/v2\/media?parent=563"}],"wp:term":[{"taxonomy":"category","embeddable":true,"href":"https:\/\/www.subaru.es\/blog\/wp-json\/wp\/v2\/categories?post=563"},{"taxonomy":"post_tag","embeddable":true,"href":"https:\/\/www.subaru.es\/blog\/wp-json\/wp\/v2\/tags?post=563"}],"curies":[{"name":"wp","href":"https:\/\/api.w.org\/{rel}","templated":true}]}}