{"id":56,"date":"2007-09-11T12:32:44","date_gmt":"2007-09-11T10:32:44","guid":{"rendered":"http:\/\/subaru.preproduccion.com\/blog\/wp-content\/2007\/09\/11\/impreza-2008\/"},"modified":"2016-10-17T10:48:27","modified_gmt":"2016-10-17T08:48:27","slug":"impreza-2008","status":"publish","type":"post","link":"https:\/\/www.subaru.es\/blog\/nuestra-marca\/impreza-2008\/","title":{"rendered":"Impreza 2008: \u00a1Primer contacto!"},"content":{"rendered":"<p><img data-src='https:\/\/www.subaru.es\/blog\/wp-content\/uploads\/2007\/09\/rafaelcid.jpg' width=475 alt='Rafael Cid, a los mandos del nuevo Impreza' src='data:image\/svg+xml;base64,PHN2ZyB3aWR0aD0iMSIgaGVpZ2h0PSIxIiB4bWxucz0iaHR0cDovL3d3dy53My5vcmcvMjAwMC9zdmciPjwvc3ZnPg==' class='lazyload' style='--smush-placeholder-width: 497px; --smush-placeholder-aspect-ratio: 497\/260;' \/><\/p>\n<p><strong>\u00a1Ya me he subido al nuevo Impreza! <\/strong>Disculpad, ante todo, hola a todos. Me llamo <strong>Rafael Cid<\/strong>, escribo para la revista <a href=\"http:\/\/www.revistaautohebdo.com\/\">Auto Hebdo Sport<\/a>, y me he propuesto seguir al <strong>Impreza<\/strong> all\u00e1 donde vaya para cont\u00e1roslo sin perder detalle. Afortunadamente, mi espera ha terminado y ya tengo en mi mente las primeras impresiones del nuevo coche tras haberlo probado en <strong>Praga<\/strong>, lugar donde ha sido presentado a la prensa de todo el planeta.<\/p>\n<p><img data-src='https:\/\/www.subaru.es\/blog\/wp-content\/uploads\/2007\/09\/rafaelcid2.jpg' align=\"right\" hspace=\"9\" alt='Presentaci\u00f3n del Subaru Impreza en Praga' src=\"data:image\/svg+xml;base64,PHN2ZyB3aWR0aD0iMSIgaGVpZ2h0PSIxIiB4bWxucz0iaHR0cDovL3d3dy53My5vcmcvMjAwMC9zdmciPjwvc3ZnPg==\" class=\"lazyload\" style=\"--smush-placeholder-width: 293px; --smush-placeholder-aspect-ratio: 293\/252;\" \/>Mi historia de amor con el <strong>Subaru Impreza <\/strong>comenz\u00f3 hace m\u00e1s de una d\u00e9cada, cuando <a href=\"http:\/\/www.revistaautohebdo.com\/deporte\/Que-fue-de-Beny-03-2007-31275.html\">Beny Fern\u00e1ndez<\/a>, ex piloto de rallyes, rival ac\u00e9rrimo de <a href=\"http:\/\/www.rallyes.net\/noticias\/latest\/antonio_zanini_medalla_de_bronce_al_merito_deportivo.html\">Antonio Zanini<\/a> y gerente del concesionario Subaru en Vigo, me dej\u00f3 un WRX para realizar una prueba que fue publicada en el Faro de Vigo. Ya os la contar\u00e9, no tuvo desperdicio. Dado que me cri\u00e9 entre sliks, colectores y autoblocantes, porque mi padre tambi\u00e9n ha pasado por la competici\u00f3n, como yo mismo, no es de extra\u00f1ar que el <strong>Impreza<\/strong> haya sido objeto de mi deseo desde entonces: junto con el Mitsubishi Lancer, es el coche de serie que m\u00e1s se parece a los de competici\u00f3n. Conducirlo es disfrutar de la quintaesencia de la conducci\u00f3n: tracci\u00f3n total, muchos caballos que parecen much\u00edsimos m\u00e1s, un chasis de cine\u2026 un pecado, vaya.<\/p>\n<p><strong>Toca renovar<\/strong><br \/>\nCuando vi las fotos del nuevo modelo pens\u00e9 <em>\u00a1por f\u00edn tiene carrocer\u00eda de cinco puertas!<\/em>, la de tres vol\u00famenes, con maletero saliente, est\u00e1 muy pasada de moda, y de hecho yo creo que solamente el <strong>Impreza<\/strong> y el Lancer ya antiguo pueden permitirse el lujo de tener un enorme talante deportivo con tal aspecto gracias a su leyenda, porque cualquier cosa de este estilo que no sea BMW, Mercedes o Audi parece de abuelos. Imag\u00ednate un <a href=\"http:\/\/es.wikipedia.org\/wiki\/Lancia_Delta\">Lancia Delta Integrale<\/a> con maletero en la trasera\u2026 Ahora, <strong>el Impreza parece m\u00e1s deportivo sin necesidad de alerones<\/strong>.<\/p>\n<p><!--more--><\/p>\n<p><strong>Aperitivo<\/strong><br \/>\nEst\u00e1n locos estos japoneses. Una de las caracter\u00edsticas que m\u00e1s me asombran de muchos Subaru es que cuentan con una palanca de <a href=\"http:\/\/www.km77.com\/glosario\/r\/reductora.asp\">reductoras<\/a>, de las que carece incluso buena parte de los todoterrenos modernos. Alg\u00fan ingeniero ha convencido a sus jefes para instalarla diciendo que es estupenda cuando llevas una caravana, que ayuda a que el coche tenga m\u00e1s fuerza en cuestas arriba\u2026 buen truco. Lo cierto es que, en la posici\u00f3n \u201clow\u201d, el veh\u00edculo cuenta con unos reglajes de la caja de cambios perfectos para conducir deportivamente por tramos super revirados: es como si tuvi\u00e9semos diez marchas. El sue\u00f1o de todo Grupo N y algo muy parecido a lo que llevan los Grupo A. As\u00ed que, con el modelo 2.0 de 150 caballos de potencia, un grupo corto en mis manos, y un asfalto lleno de curvas, comenz\u00f3 mi tarea. \u00a1All\u00e1 vamos!<\/p>\n<p><strong>Tacto Impreza<\/strong><br \/>\nLa cara ha cambiado, el chasis ha mejorado, pero, aunque sea un modelo que solamente avanza de lejos lo que puede ser un WRX o un STi, <strong>el tacto de este 2.0 es el de un verdadero Impreza.<\/strong> Todo comienza despacio, saliendo del complicado tr\u00e1fico de Praga, que ha entrado en el capitalismo a toda prisa, y los viejos Skoda antes omnipresentes han dejado paso a todo tipo de marcas y coches nuevos.<\/p>\n<p><img data-src='https:\/\/www.subaru.es\/blog\/wp-content\/uploads\/2007\/09\/rafaelcid3.jpg' width=475 alt='Frontal del nuevo Subaru Impreza' src='data:image\/svg+xml;base64,PHN2ZyB3aWR0aD0iMSIgaGVpZ2h0PSIxIiB4bWxucz0iaHR0cDovL3d3dy53My5vcmcvMjAwMC9zdmciPjwvc3ZnPg==' class='lazyload' style='--smush-placeholder-width: 497px; --smush-placeholder-aspect-ratio: 497\/373;' \/><\/p>\n<p>Una vez en la carretera virada, inserto la palanca en su posici\u00f3n \u201clow\u201d \u2013para lo que no hace falta detenerse-, lo que supone un inmediato incremento del r\u00e9gimen de giro del motor, y me lanzo a las curvas. Empieza la emoci\u00f3n.<\/p>\n<p>Antes de llegar a ellas, noto la excelente capacidad de absorci\u00f3n de las suspensiones de todo tipo de baches. A pesar de su firmeza, ligeramente superior a la media de su categor\u00eda, la que comparte con Ford Focus o Honda Civic, <strong>el confort es el habitual<\/strong>, y, como digo, el terreno roto lo atraviesa especialmente bien.<\/p>\n<p>Eso me hizo temer por el paso por curva <strong>\u00bftendr\u00e1 muchos balanceos de la carrocer\u00eda?&#8230; no, afortunadamente no.  <\/strong>Al ingeniero japon\u00e9s que nos dio la charla sobre su nueva suspensi\u00f3n trasera independiente no se le entend\u00eda una palabra, pero sabe hacer bien su trabajo: cuarta, tercera, segunda, fuerte frenada, giro y\u2026 el <strong>Impreza <\/strong>se introduce en la curva como un pez en el agua, brilla en la trazada, y sale derrapando sin alterar ni un \u00e1pice su trayectoria por los baches.<\/p>\n<p>El paso es espectacular. La tracci\u00f3n total colabora a mejorar el agarre al l\u00edmite de manera notable. Para eso vale: para rodar por tierra, para rodar por nieve y para rodar por asfalto al l\u00edmite del chasis. Y nada de balanceos. Genial.<\/p>\n<p>El <a href=\"https:\/\/www.subaru.es\/blog\/2007\/09\/10\/razones-para-elegir-un-motor-boxer\/\">motor b\u00f3xer de cilindros<\/a> opuestos es el mismo que el de la generaci\u00f3n previa, con menos caballos y m\u00e1s par, para tener m\u00e1s bajos. Siguen sin ser espectaculares, pero son m\u00e1s que antes.<\/p>\n<p>Una de las notas m\u00e1s logradas es que Subaru no necesita suspensiones como piedras para lograr la eficacia que logra. Esto colabora decididamente a la facilidad de conducci\u00f3n, pues puedes ir acerc\u00e1ndote al l\u00edmite sin riesgo, pues el coche avisa antes de ponerte en problemas. Es noble en este sentido.<\/p>\n<p>As\u00ed que, en pocas palabras, <strong>el Impreza vuelve a ser uno de los modelos m\u00e1s deportivos de su categor\u00eda.<\/strong> El chasis ha mejorado, la tracci\u00f3n total permanece, y tenemos reductoras. Con esta configuraci\u00f3n, el <strong>Impreza 2.0<\/strong> es de por s\u00ed  un modelo verdaderamente divertido.<\/p>\n<p>Para los que no tengan tanto amor por la gasolina, est\u00e1 ya disponible tambi\u00e9n la versi\u00f3n 1.5. Esta genera 107 CV, que hacen que te olvides de las sensaciones fuertes pero que mantienen la tracci\u00f3n total y el tacto deportivo. As\u00ed que es la opci\u00f3n m\u00e1s racional, y a un precio muy interesante, 17.900 euros. <\/p>\n<p><strong>Espera, espera\u2026<\/strong><br \/>\nEl aperitivo ha sido estupendo. Aperitivo porque claro, todos tenemos en la mente, como no, a los <strong>WRX <\/strong>y <strong>STi<\/strong>. Pronto llegar\u00e1n, estoy deseando probarlos y cont\u00e1rtelo. Por el momento, veo que los Impreza b\u00e1sicos no se parecen en nada est\u00e9ticamente a sus predecesores, son m\u00e1s modernos, y bajo su carrocer\u00eda han sido modernizados, evolucionados y \u201csaben\u201d exactamente igual que antes en lo que a conducci\u00f3n se refiere. Para los conductores m\u00e1s tranquilos han mejorado si cabe m\u00e1s todav\u00eda, por que sus motores tienen m\u00e1s par y, sobre todo, porque pronto habr\u00e1 versi\u00f3n di\u00e9sel, el primero del mundo con arquitectura de cilindros opuestos.<\/p>\n<blockquote><p><strong>\u00a1Que me rompen el coche!<\/strong><br \/>\nTen\u00edais que haber visto la cara de los japos en la sesi\u00f3n de fotos. El Impreza bien merece una derrapada para ser inmortalizada, pero apenas hab\u00eda tiempo para hacer una buena instant\u00e1nea, como las espectaculares fotos que toman Jorge Brichette y Claudio Luna, los fot\u00f3grafos de Auto Hebdo. Tiempo al tiempo. Solo dispon\u00eda de una breve pista de tierra, y un fot\u00f3grafo checo con mirada camale\u00f3nica, tipo <a href=\"http:\/\/www.espacioblog.com\/sientraesgol\/post\/2006\/07\/27\/frases-usar-determinadas-ocasiones-2\">Trueba<\/a>, con el que a duras penas pod\u00eda entenderme. Bueno, ya conseguir\u00e9 un buen salto\u2026 por el momento, hay que conformarse con esto.<\/p>\n<p><img data-src='https:\/\/www.subaru.es\/blog\/wp-content\/uploads\/2007\/09\/rafaelcid4.jpg' alt=\"Derrapada\" alt='rafaelcid4.jpg' src=\"data:image\/svg+xml;base64,PHN2ZyB3aWR0aD0iMSIgaGVpZ2h0PSIxIiB4bWxucz0iaHR0cDovL3d3dy53My5vcmcvMjAwMC9zdmciPjwvc3ZnPg==\" class=\"lazyload\" style=\"--smush-placeholder-width: 293px; --smush-placeholder-aspect-ratio: 293\/239;\" \/><\/p>\n<p>El caso es que los responsables de Subaru en Jap\u00f3n se quedaron un poco at\u00f3nitos cuando me vieron derrapar en la tierra frente a ellos. Todo sea por la causa. Espero que sigan invit\u00e1ndome a sus presentaciones\u2026<\/p><\/blockquote>\n","protected":false},"excerpt":{"rendered":"<p>\u00a1Ya me he subido al nuevo Impreza! Disculpad, ante todo, hola a todos. Me llamo Rafael Cid, escribo para la revista Auto Hebdo Sport, y me he propuesto seguir al Impreza all\u00e1 donde vaya para cont\u00e1roslo sin perder detalle. Afortunadamente, mi espera ha terminado y ya tengo en mi mente las primeras impresiones del nuevo [&hellip;]<\/p>\n","protected":false},"author":21,"featured_media":63,"comment_status":"open","ping_status":"open","sticky":false,"template":"","format":"standard","meta":{"_acf_changed":false,"_eb_attr":"","inline_featured_image":false,"footnotes":""},"categories":[4401],"tags":[],"class_list":["post-56","post","type-post","status-publish","format-standard","has-post-thumbnail","hentry","category-nuestra-marca"],"acf":[],"yoast_head":"<!-- This site is optimized with the Yoast SEO plugin v27.3 - https:\/\/yoast.com\/product\/yoast-seo-wordpress\/ -->\n<title>Impreza 2008: \u00a1Primer contacto! - Universo Subaru<\/title>\n<meta name=\"robots\" content=\"index, follow, max-snippet:-1, max-image-preview:large, max-video-preview:-1\" \/>\n<link rel=\"canonical\" href=\"https:\/\/www.subaru.es\/blog\/nuestra-marca\/impreza-2008\/\" \/>\n<meta property=\"og:locale\" content=\"es_ES\" \/>\n<meta property=\"og:type\" content=\"article\" \/>\n<meta property=\"og:title\" content=\"Impreza 2008: \u00a1Primer contacto! - Universo Subaru\" \/>\n<meta property=\"og:description\" content=\"\u00a1Ya me he subido al nuevo Impreza! Disculpad, ante todo, hola a todos. Me llamo Rafael Cid, escribo para la revista Auto Hebdo Sport, y me he propuesto seguir al Impreza all\u00e1 donde vaya para cont\u00e1roslo sin perder detalle. Afortunadamente, mi espera ha terminado y ya tengo en mi mente las primeras impresiones del nuevo [&hellip;]\" \/>\n<meta property=\"og:url\" content=\"https:\/\/www.subaru.es\/blog\/nuestra-marca\/impreza-2008\/\" \/>\n<meta property=\"og:site_name\" content=\"Universo Subaru\" \/>\n<meta property=\"article:publisher\" content=\"https:\/\/www.facebook.com\/subaruespana\" \/>\n<meta property=\"article:published_time\" content=\"2007-09-11T10:32:44+00:00\" \/>\n<meta property=\"article:modified_time\" content=\"2016-10-17T08:48:27+00:00\" \/>\n<meta property=\"og:image\" content=\"https:\/\/www.subaru.es\/blog\/wp-content\/uploads\/2007\/09\/rafaelcid.jpg\" \/>\n\t<meta property=\"og:image:width\" content=\"497\" \/>\n\t<meta property=\"og:image:height\" content=\"260\" \/>\n\t<meta property=\"og:image:type\" content=\"image\/jpeg\" \/>\n<meta name=\"author\" content=\"Subaru\" \/>\n<meta name=\"twitter:card\" content=\"summary_large_image\" \/>\n<meta name=\"twitter:label1\" content=\"Escrito por\" \/>\n\t<meta name=\"twitter:data1\" content=\"Subaru\" \/>\n\t<meta name=\"twitter:label2\" content=\"Tiempo de lectura\" \/>\n\t<meta name=\"twitter:data2\" content=\"6 minutos\" \/>\n<script type=\"application\/ld+json\" class=\"yoast-schema-graph\">{\"@context\":\"https:\\\/\\\/schema.org\",\"@graph\":[{\"@type\":\"Article\",\"@id\":\"https:\\\/\\\/www.subaru.es\\\/blog\\\/nuestra-marca\\\/impreza-2008\\\/#article\",\"isPartOf\":{\"@id\":\"https:\\\/\\\/www.subaru.es\\\/blog\\\/nuestra-marca\\\/impreza-2008\\\/\"},\"author\":{\"name\":\"Subaru\",\"@id\":\"https:\\\/\\\/www.subaru.es\\\/blog\\\/#\\\/schema\\\/person\\\/19a90b892230b8e0ec752704ddf4aa10\"},\"headline\":\"Impreza 2008: \u00a1Primer contacto!\",\"datePublished\":\"2007-09-11T10:32:44+00:00\",\"dateModified\":\"2016-10-17T08:48:27+00:00\",\"mainEntityOfPage\":{\"@id\":\"https:\\\/\\\/www.subaru.es\\\/blog\\\/nuestra-marca\\\/impreza-2008\\\/\"},\"wordCount\":1242,\"commentCount\":40,\"publisher\":{\"@id\":\"https:\\\/\\\/www.subaru.es\\\/blog\\\/#organization\"},\"image\":{\"@id\":\"https:\\\/\\\/www.subaru.es\\\/blog\\\/nuestra-marca\\\/impreza-2008\\\/#primaryimage\"},\"thumbnailUrl\":\"https:\\\/\\\/www.subaru.es\\\/blog\\\/wp-content\\\/uploads\\\/2007\\\/09\\\/rafaelcid.jpg\",\"articleSection\":[\"Nuestra marca\"],\"inLanguage\":\"es\",\"potentialAction\":[{\"@type\":\"CommentAction\",\"name\":\"Comment\",\"target\":[\"https:\\\/\\\/www.subaru.es\\\/blog\\\/nuestra-marca\\\/impreza-2008\\\/#respond\"]}]},{\"@type\":\"WebPage\",\"@id\":\"https:\\\/\\\/www.subaru.es\\\/blog\\\/nuestra-marca\\\/impreza-2008\\\/\",\"url\":\"https:\\\/\\\/www.subaru.es\\\/blog\\\/nuestra-marca\\\/impreza-2008\\\/\",\"name\":\"Impreza 2008: \u00a1Primer contacto! - Universo Subaru\",\"isPartOf\":{\"@id\":\"https:\\\/\\\/www.subaru.es\\\/blog\\\/#website\"},\"primaryImageOfPage\":{\"@id\":\"https:\\\/\\\/www.subaru.es\\\/blog\\\/nuestra-marca\\\/impreza-2008\\\/#primaryimage\"},\"image\":{\"@id\":\"https:\\\/\\\/www.subaru.es\\\/blog\\\/nuestra-marca\\\/impreza-2008\\\/#primaryimage\"},\"thumbnailUrl\":\"https:\\\/\\\/www.subaru.es\\\/blog\\\/wp-content\\\/uploads\\\/2007\\\/09\\\/rafaelcid.jpg\",\"datePublished\":\"2007-09-11T10:32:44+00:00\",\"dateModified\":\"2016-10-17T08:48:27+00:00\",\"breadcrumb\":{\"@id\":\"https:\\\/\\\/www.subaru.es\\\/blog\\\/nuestra-marca\\\/impreza-2008\\\/#breadcrumb\"},\"inLanguage\":\"es\",\"potentialAction\":[{\"@type\":\"ReadAction\",\"target\":[\"https:\\\/\\\/www.subaru.es\\\/blog\\\/nuestra-marca\\\/impreza-2008\\\/\"]}]},{\"@type\":\"ImageObject\",\"inLanguage\":\"es\",\"@id\":\"https:\\\/\\\/www.subaru.es\\\/blog\\\/nuestra-marca\\\/impreza-2008\\\/#primaryimage\",\"url\":\"https:\\\/\\\/www.subaru.es\\\/blog\\\/wp-content\\\/uploads\\\/2007\\\/09\\\/rafaelcid.jpg\",\"contentUrl\":\"https:\\\/\\\/www.subaru.es\\\/blog\\\/wp-content\\\/uploads\\\/2007\\\/09\\\/rafaelcid.jpg\",\"width\":497,\"height\":260},{\"@type\":\"BreadcrumbList\",\"@id\":\"https:\\\/\\\/www.subaru.es\\\/blog\\\/nuestra-marca\\\/impreza-2008\\\/#breadcrumb\",\"itemListElement\":[{\"@type\":\"ListItem\",\"position\":1,\"name\":\"Portada\",\"item\":\"https:\\\/\\\/www.subaru.es\\\/blog\\\/\"},{\"@type\":\"ListItem\",\"position\":2,\"name\":\"Impreza 2008: \u00a1Primer contacto!\"}]},{\"@type\":\"WebSite\",\"@id\":\"https:\\\/\\\/www.subaru.es\\\/blog\\\/#website\",\"url\":\"https:\\\/\\\/www.subaru.es\\\/blog\\\/\",\"name\":\"Universo Subaru\",\"description\":\"Descubre este apasionante espacio de Subaru donde vas a conocer todo sobre nuestros coches y las experiencias que vivimos con ellos. Si est\u00e1s preparado para dejarte seducir por la filosof\u00eda Subaru, qu\u00e9date con nosotros.\",\"publisher\":{\"@id\":\"https:\\\/\\\/www.subaru.es\\\/blog\\\/#organization\"},\"potentialAction\":[{\"@type\":\"SearchAction\",\"target\":{\"@type\":\"EntryPoint\",\"urlTemplate\":\"https:\\\/\\\/www.subaru.es\\\/blog\\\/?s={search_term_string}\"},\"query-input\":{\"@type\":\"PropertyValueSpecification\",\"valueRequired\":true,\"valueName\":\"search_term_string\"}}],\"inLanguage\":\"es\"},{\"@type\":\"Organization\",\"@id\":\"https:\\\/\\\/www.subaru.es\\\/blog\\\/#organization\",\"name\":\"Subaru Espa\u00f1a S.A.\",\"url\":\"https:\\\/\\\/www.subaru.es\\\/blog\\\/\",\"logo\":{\"@type\":\"ImageObject\",\"inLanguage\":\"es\",\"@id\":\"https:\\\/\\\/www.subaru.es\\\/blog\\\/#\\\/schema\\\/logo\\\/image\\\/\",\"url\":\"https:\\\/\\\/www.subaru.es\\\/blog\\\/wp-content\\\/uploads\\\/2016\\\/12\\\/Logo-Subaru-TypeV_C300-scaled.jpg\",\"contentUrl\":\"https:\\\/\\\/www.subaru.es\\\/blog\\\/wp-content\\\/uploads\\\/2016\\\/12\\\/Logo-Subaru-TypeV_C300-scaled.jpg\",\"width\":2560,\"height\":1864,\"caption\":\"Subaru Espa\u00f1a S.A.\"},\"image\":{\"@id\":\"https:\\\/\\\/www.subaru.es\\\/blog\\\/#\\\/schema\\\/logo\\\/image\\\/\"},\"sameAs\":[\"https:\\\/\\\/www.facebook.com\\\/subaruespana\",\"https:\\\/\\\/www.instagram.com\\\/subarues\\\/\",\"https:\\\/\\\/www.youtube.com\\\/user\\\/subaruespana\"]},{\"@type\":\"Person\",\"@id\":\"https:\\\/\\\/www.subaru.es\\\/blog\\\/#\\\/schema\\\/person\\\/19a90b892230b8e0ec752704ddf4aa10\",\"name\":\"Subaru\",\"url\":\"https:\\\/\\\/www.subaru.es\\\/blog\\\/author\\\/subaria\\\/\"}]}<\/script>\n<!-- \/ Yoast SEO plugin. -->","yoast_head_json":{"title":"Impreza 2008: \u00a1Primer contacto! - Universo Subaru","robots":{"index":"index","follow":"follow","max-snippet":"max-snippet:-1","max-image-preview":"max-image-preview:large","max-video-preview":"max-video-preview:-1"},"canonical":"https:\/\/www.subaru.es\/blog\/nuestra-marca\/impreza-2008\/","og_locale":"es_ES","og_type":"article","og_title":"Impreza 2008: \u00a1Primer contacto! - Universo Subaru","og_description":"\u00a1Ya me he subido al nuevo Impreza! Disculpad, ante todo, hola a todos. Me llamo Rafael Cid, escribo para la revista Auto Hebdo Sport, y me he propuesto seguir al Impreza all\u00e1 donde vaya para cont\u00e1roslo sin perder detalle. Afortunadamente, mi espera ha terminado y ya tengo en mi mente las primeras impresiones del nuevo [&hellip;]","og_url":"https:\/\/www.subaru.es\/blog\/nuestra-marca\/impreza-2008\/","og_site_name":"Universo Subaru","article_publisher":"https:\/\/www.facebook.com\/subaruespana","article_published_time":"2007-09-11T10:32:44+00:00","article_modified_time":"2016-10-17T08:48:27+00:00","og_image":[{"width":497,"height":260,"url":"https:\/\/www.subaru.es\/blog\/wp-content\/uploads\/2007\/09\/rafaelcid.jpg","type":"image\/jpeg"}],"author":"Subaru","twitter_card":"summary_large_image","twitter_misc":{"Escrito por":"Subaru","Tiempo de lectura":"6 minutos"},"schema":{"@context":"https:\/\/schema.org","@graph":[{"@type":"Article","@id":"https:\/\/www.subaru.es\/blog\/nuestra-marca\/impreza-2008\/#article","isPartOf":{"@id":"https:\/\/www.subaru.es\/blog\/nuestra-marca\/impreza-2008\/"},"author":{"name":"Subaru","@id":"https:\/\/www.subaru.es\/blog\/#\/schema\/person\/19a90b892230b8e0ec752704ddf4aa10"},"headline":"Impreza 2008: \u00a1Primer contacto!","datePublished":"2007-09-11T10:32:44+00:00","dateModified":"2016-10-17T08:48:27+00:00","mainEntityOfPage":{"@id":"https:\/\/www.subaru.es\/blog\/nuestra-marca\/impreza-2008\/"},"wordCount":1242,"commentCount":40,"publisher":{"@id":"https:\/\/www.subaru.es\/blog\/#organization"},"image":{"@id":"https:\/\/www.subaru.es\/blog\/nuestra-marca\/impreza-2008\/#primaryimage"},"thumbnailUrl":"https:\/\/www.subaru.es\/blog\/wp-content\/uploads\/2007\/09\/rafaelcid.jpg","articleSection":["Nuestra marca"],"inLanguage":"es","potentialAction":[{"@type":"CommentAction","name":"Comment","target":["https:\/\/www.subaru.es\/blog\/nuestra-marca\/impreza-2008\/#respond"]}]},{"@type":"WebPage","@id":"https:\/\/www.subaru.es\/blog\/nuestra-marca\/impreza-2008\/","url":"https:\/\/www.subaru.es\/blog\/nuestra-marca\/impreza-2008\/","name":"Impreza 2008: \u00a1Primer contacto! - Universo Subaru","isPartOf":{"@id":"https:\/\/www.subaru.es\/blog\/#website"},"primaryImageOfPage":{"@id":"https:\/\/www.subaru.es\/blog\/nuestra-marca\/impreza-2008\/#primaryimage"},"image":{"@id":"https:\/\/www.subaru.es\/blog\/nuestra-marca\/impreza-2008\/#primaryimage"},"thumbnailUrl":"https:\/\/www.subaru.es\/blog\/wp-content\/uploads\/2007\/09\/rafaelcid.jpg","datePublished":"2007-09-11T10:32:44+00:00","dateModified":"2016-10-17T08:48:27+00:00","breadcrumb":{"@id":"https:\/\/www.subaru.es\/blog\/nuestra-marca\/impreza-2008\/#breadcrumb"},"inLanguage":"es","potentialAction":[{"@type":"ReadAction","target":["https:\/\/www.subaru.es\/blog\/nuestra-marca\/impreza-2008\/"]}]},{"@type":"ImageObject","inLanguage":"es","@id":"https:\/\/www.subaru.es\/blog\/nuestra-marca\/impreza-2008\/#primaryimage","url":"https:\/\/www.subaru.es\/blog\/wp-content\/uploads\/2007\/09\/rafaelcid.jpg","contentUrl":"https:\/\/www.subaru.es\/blog\/wp-content\/uploads\/2007\/09\/rafaelcid.jpg","width":497,"height":260},{"@type":"BreadcrumbList","@id":"https:\/\/www.subaru.es\/blog\/nuestra-marca\/impreza-2008\/#breadcrumb","itemListElement":[{"@type":"ListItem","position":1,"name":"Portada","item":"https:\/\/www.subaru.es\/blog\/"},{"@type":"ListItem","position":2,"name":"Impreza 2008: \u00a1Primer contacto!"}]},{"@type":"WebSite","@id":"https:\/\/www.subaru.es\/blog\/#website","url":"https:\/\/www.subaru.es\/blog\/","name":"Universo Subaru","description":"Descubre este apasionante espacio de Subaru donde vas a conocer todo sobre nuestros coches y las experiencias que vivimos con ellos. Si est\u00e1s preparado para dejarte seducir por la filosof\u00eda Subaru, qu\u00e9date con nosotros.","publisher":{"@id":"https:\/\/www.subaru.es\/blog\/#organization"},"potentialAction":[{"@type":"SearchAction","target":{"@type":"EntryPoint","urlTemplate":"https:\/\/www.subaru.es\/blog\/?s={search_term_string}"},"query-input":{"@type":"PropertyValueSpecification","valueRequired":true,"valueName":"search_term_string"}}],"inLanguage":"es"},{"@type":"Organization","@id":"https:\/\/www.subaru.es\/blog\/#organization","name":"Subaru Espa\u00f1a S.A.","url":"https:\/\/www.subaru.es\/blog\/","logo":{"@type":"ImageObject","inLanguage":"es","@id":"https:\/\/www.subaru.es\/blog\/#\/schema\/logo\/image\/","url":"https:\/\/www.subaru.es\/blog\/wp-content\/uploads\/2016\/12\/Logo-Subaru-TypeV_C300-scaled.jpg","contentUrl":"https:\/\/www.subaru.es\/blog\/wp-content\/uploads\/2016\/12\/Logo-Subaru-TypeV_C300-scaled.jpg","width":2560,"height":1864,"caption":"Subaru Espa\u00f1a S.A."},"image":{"@id":"https:\/\/www.subaru.es\/blog\/#\/schema\/logo\/image\/"},"sameAs":["https:\/\/www.facebook.com\/subaruespana","https:\/\/www.instagram.com\/subarues\/","https:\/\/www.youtube.com\/user\/subaruespana"]},{"@type":"Person","@id":"https:\/\/www.subaru.es\/blog\/#\/schema\/person\/19a90b892230b8e0ec752704ddf4aa10","name":"Subaru","url":"https:\/\/www.subaru.es\/blog\/author\/subaria\/"}]}},"_links":{"self":[{"href":"https:\/\/www.subaru.es\/blog\/wp-json\/wp\/v2\/posts\/56","targetHints":{"allow":["GET"]}}],"collection":[{"href":"https:\/\/www.subaru.es\/blog\/wp-json\/wp\/v2\/posts"}],"about":[{"href":"https:\/\/www.subaru.es\/blog\/wp-json\/wp\/v2\/types\/post"}],"author":[{"embeddable":true,"href":"https:\/\/www.subaru.es\/blog\/wp-json\/wp\/v2\/users\/21"}],"replies":[{"embeddable":true,"href":"https:\/\/www.subaru.es\/blog\/wp-json\/wp\/v2\/comments?post=56"}],"version-history":[{"count":0,"href":"https:\/\/www.subaru.es\/blog\/wp-json\/wp\/v2\/posts\/56\/revisions"}],"wp:featuredmedia":[{"embeddable":true,"href":"https:\/\/www.subaru.es\/blog\/wp-json\/wp\/v2\/media\/63"}],"wp:attachment":[{"href":"https:\/\/www.subaru.es\/blog\/wp-json\/wp\/v2\/media?parent=56"}],"wp:term":[{"taxonomy":"category","embeddable":true,"href":"https:\/\/www.subaru.es\/blog\/wp-json\/wp\/v2\/categories?post=56"},{"taxonomy":"post_tag","embeddable":true,"href":"https:\/\/www.subaru.es\/blog\/wp-json\/wp\/v2\/tags?post=56"}],"curies":[{"name":"wp","href":"https:\/\/api.w.org\/{rel}","templated":true}]}}