{"id":5541,"date":"2012-06-06T18:43:36","date_gmt":"2012-06-06T16:43:36","guid":{"rendered":"http:\/\/subaru.preproduccion.com\/blog\/?p=5541"},"modified":"2020-08-12T11:48:03","modified_gmt":"2020-08-12T09:48:03","slug":"vive-la-subida-al-monte-washington-con-david-higgins","status":"publish","type":"post","link":"https:\/\/www.subaru.es\/blog\/nuestra-marca\/vive-la-subida-al-monte-washington-con-david-higgins\/","title":{"rendered":"Vive la subida al Monte Washington con David Higgins"},"content":{"rendered":"<p><img decoding=\"async\" data-src=\"https:\/\/www.subaru.es\/blog\/wp-content\/uploads\/2011\/10\/david-higgins.jpg\" alt=\"\" title=\"david-higgins\" width=\"615\" height=\"339\" class=\"aligncenter size-full wp-image-5542 lazyload\" data-srcset=\"https:\/\/www.subaru.es\/blog\/wp-content\/uploads\/2011\/10\/david-higgins.jpg 615w, https:\/\/www.subaru.es\/blog\/wp-content\/uploads\/2011\/10\/david-higgins-560x309.jpg 560w\" data-sizes=\"(max-width: 615px) 100vw, 615px\" src=\"data:image\/svg+xml;base64,PHN2ZyB3aWR0aD0iMSIgaGVpZ2h0PSIxIiB4bWxucz0iaHR0cDovL3d3dy53My5vcmcvMjAwMC9zdmciPjwvc3ZnPg==\" style=\"--smush-placeholder-width: 615px; --smush-placeholder-aspect-ratio: 615\/339;\" \/><\/p>\n<p>El a\u00f1o pasado, David Higgins acometi\u00f3 la subida al Monte Washington con <strong>su Subaru WRX STi equipado con neum\u00e1ticos BFGoodrich RC01 Rally<\/strong>. La intenci\u00f3n era probar a fondo esos neum\u00e1ticos y de paso intentar romper el r\u00e9cord oficial de 1998, logrado por Frank Sprongl, quien par\u00f3 el crono en 6:41:99 minutos. Travis Pastrana ya hab\u00eda logrado bajar ese tiempo el a\u00f1o pasado, pero se trataba de un r\u00e9cord no oficial, un tiempo de 6:20.47 minutos. \u00a1M\u00e1s de 20 segundos m\u00e1s r\u00e1pido que el r\u00e9cord oficial!<\/p>\n<p>El <strong>Mount Washington HillClimb<\/strong> es una de las pruebas m\u00e1s famosas del mundo, en lo que a la especialidad de monta\u00f1a se refiere. Es una de las carreras m\u00e1s antiguas de los Estados Unidos y na de las m\u00e1s interesantes junto con el Pikes Peak o las 500 millas de Indian\u00e1polis. Se la llama tambi\u00e9n la \u00abascensi\u00f3n hacia las nubes\u00bb (<strong>Climb to the Clouds<\/strong>) por la raz\u00f3n que ver\u00e9is a continuaci\u00f3n en el v\u00eddeo, \u00a1imperdible!<\/p>\n<p><!--more--><\/p>\n<p><object style=\"height: 390px; width: 640px\"><param name=\"movie\" value=\"http:\/\/www.youtube.com\/v\/s4TmKodpqx8?version=3\"><param name=\"allowFullScreen\" value=\"true\"><param name=\"allowScriptAccess\" value=\"always\"><embed src=\"http:\/\/www.youtube.com\/v\/s4TmKodpqx8?version=3\" type=\"application\/x-shockwave-flash\" allowfullscreen=\"true\" allowscriptaccess=\"always\" width=\"640\" height=\"360\"><\/object><\/p>\n<p>Disfruta de los mejores momentos de la ascensi\u00f3n, y tambi\u00e9n de las explicaciones de David Higgins sobre <strong>las particularidades de esa ascensi\u00f3n, los cambios de terreno, la niebla<\/strong>, y todo lo necesario para conseguir llegar a la cima con un tiempazo como el conseguido. Sin duda David Higgins est\u00e1 acumulando m\u00e1s retos conseguidos cada vez, \u00a1queremos ver m\u00e1s!<\/p>\n<p>Nada menos que 6:11:54 minutos para ascender hasta las nubes, \u00a1incre\u00edble! <strong>David Higgins no solo ha conseguido el mejor tiempo de la historia<\/strong> en esa subida, sino que el r\u00e9cord anterior ha sido pulverizado \u00a1por<strong> m\u00e1s de medio minuto<\/strong>!<\/p>\n<p>V\u00eda | <a href=\"http:\/\/www.youtube.com\/user\/Subaru?blend=1&amp;ob=4#p\/a\/f\/1\/s4TmKodpqx8\">Canal Subaru en YouTube<\/a><\/p>\n","protected":false},"excerpt":{"rendered":"<p>El a\u00f1o pasado, David Higgins acometi\u00f3 la subida al Monte Washington con su Subaru WRX STi equipado con neum\u00e1ticos BFGoodrich RC01 Rally. La intenci\u00f3n era probar a fondo esos neum\u00e1ticos y de paso intentar romper el r\u00e9cord oficial de 1998, logrado por Frank Sprongl, quien par\u00f3 el crono en 6:41:99 minutos. Travis Pastrana ya hab\u00eda [&hellip;]<\/p>\n","protected":false},"author":21,"featured_media":5542,"comment_status":"open","ping_status":"open","sticky":false,"template":"","format":"standard","meta":{"_acf_changed":false,"_eb_attr":"","inline_featured_image":false,"footnotes":""},"categories":[4401],"tags":[3636,3634,3422,3635,1735],"class_list":["post-5541","post","type-post","status-publish","format-standard","has-post-thumbnail","hentry","category-nuestra-marca","tag-bfgoodrich","tag-climb-to-the-clouds","tag-david-higgins","tag-hillclimb","tag-subaru-wrx-sti"],"acf":[],"yoast_head":"<!-- This site is optimized with the Yoast SEO plugin v27.3 - https:\/\/yoast.com\/product\/yoast-seo-wordpress\/ -->\n<title>Vive la subida al Monte Washington con David Higgins - Universo Subaru<\/title>\n<meta name=\"robots\" content=\"index, follow, max-snippet:-1, max-image-preview:large, max-video-preview:-1\" \/>\n<link rel=\"canonical\" href=\"https:\/\/www.subaru.es\/blog\/nuestra-marca\/vive-la-subida-al-monte-washington-con-david-higgins\/\" \/>\n<meta property=\"og:locale\" content=\"es_ES\" \/>\n<meta property=\"og:type\" content=\"article\" \/>\n<meta property=\"og:title\" content=\"Vive la subida al Monte Washington con David Higgins - Universo Subaru\" \/>\n<meta property=\"og:description\" content=\"El a\u00f1o pasado, David Higgins acometi\u00f3 la subida al Monte Washington con su Subaru WRX STi equipado con neum\u00e1ticos BFGoodrich RC01 Rally. La intenci\u00f3n era probar a fondo esos neum\u00e1ticos y de paso intentar romper el r\u00e9cord oficial de 1998, logrado por Frank Sprongl, quien par\u00f3 el crono en 6:41:99 minutos. Travis Pastrana ya hab\u00eda [&hellip;]\" \/>\n<meta property=\"og:url\" content=\"https:\/\/www.subaru.es\/blog\/nuestra-marca\/vive-la-subida-al-monte-washington-con-david-higgins\/\" \/>\n<meta property=\"og:site_name\" content=\"Universo Subaru\" \/>\n<meta property=\"article:publisher\" content=\"https:\/\/www.facebook.com\/subaruespana\" \/>\n<meta property=\"article:published_time\" content=\"2012-06-06T16:43:36+00:00\" \/>\n<meta property=\"article:modified_time\" content=\"2020-08-12T09:48:03+00:00\" \/>\n<meta property=\"og:image\" content=\"https:\/\/www.subaru.es\/blog\/wp-content\/uploads\/2011\/10\/david-higgins.jpg\" \/>\n\t<meta property=\"og:image:width\" content=\"615\" \/>\n\t<meta property=\"og:image:height\" content=\"339\" \/>\n\t<meta property=\"og:image:type\" content=\"image\/jpeg\" \/>\n<meta name=\"author\" content=\"Subaru\" \/>\n<meta name=\"twitter:card\" content=\"summary_large_image\" \/>\n<meta name=\"twitter:label1\" content=\"Escrito por\" \/>\n\t<meta name=\"twitter:data1\" content=\"Subaru\" \/>\n\t<meta name=\"twitter:label2\" content=\"Tiempo de lectura\" \/>\n\t<meta name=\"twitter:data2\" content=\"1 minuto\" \/>\n<script type=\"application\/ld+json\" class=\"yoast-schema-graph\">{\"@context\":\"https:\\\/\\\/schema.org\",\"@graph\":[{\"@type\":\"Article\",\"@id\":\"https:\\\/\\\/www.subaru.es\\\/blog\\\/nuestra-marca\\\/vive-la-subida-al-monte-washington-con-david-higgins\\\/#article\",\"isPartOf\":{\"@id\":\"https:\\\/\\\/www.subaru.es\\\/blog\\\/nuestra-marca\\\/vive-la-subida-al-monte-washington-con-david-higgins\\\/\"},\"author\":{\"name\":\"Subaru\",\"@id\":\"https:\\\/\\\/www.subaru.es\\\/blog\\\/#\\\/schema\\\/person\\\/19a90b892230b8e0ec752704ddf4aa10\"},\"headline\":\"Vive la subida al Monte Washington con David Higgins\",\"datePublished\":\"2012-06-06T16:43:36+00:00\",\"dateModified\":\"2020-08-12T09:48:03+00:00\",\"mainEntityOfPage\":{\"@id\":\"https:\\\/\\\/www.subaru.es\\\/blog\\\/nuestra-marca\\\/vive-la-subida-al-monte-washington-con-david-higgins\\\/\"},\"wordCount\":297,\"commentCount\":0,\"publisher\":{\"@id\":\"https:\\\/\\\/www.subaru.es\\\/blog\\\/#organization\"},\"image\":{\"@id\":\"https:\\\/\\\/www.subaru.es\\\/blog\\\/nuestra-marca\\\/vive-la-subida-al-monte-washington-con-david-higgins\\\/#primaryimage\"},\"thumbnailUrl\":\"https:\\\/\\\/www.subaru.es\\\/blog\\\/wp-content\\\/uploads\\\/2011\\\/10\\\/david-higgins.jpg\",\"keywords\":[\"BFGoodrich\",\"Climb to the Clouds\",\"David Higgins\",\"HillClimb\",\"Subaru WRX STI\"],\"articleSection\":[\"Nuestra marca\"],\"inLanguage\":\"es\",\"potentialAction\":[{\"@type\":\"CommentAction\",\"name\":\"Comment\",\"target\":[\"https:\\\/\\\/www.subaru.es\\\/blog\\\/nuestra-marca\\\/vive-la-subida-al-monte-washington-con-david-higgins\\\/#respond\"]}]},{\"@type\":\"WebPage\",\"@id\":\"https:\\\/\\\/www.subaru.es\\\/blog\\\/nuestra-marca\\\/vive-la-subida-al-monte-washington-con-david-higgins\\\/\",\"url\":\"https:\\\/\\\/www.subaru.es\\\/blog\\\/nuestra-marca\\\/vive-la-subida-al-monte-washington-con-david-higgins\\\/\",\"name\":\"Vive la subida al Monte Washington con David Higgins - Universo Subaru\",\"isPartOf\":{\"@id\":\"https:\\\/\\\/www.subaru.es\\\/blog\\\/#website\"},\"primaryImageOfPage\":{\"@id\":\"https:\\\/\\\/www.subaru.es\\\/blog\\\/nuestra-marca\\\/vive-la-subida-al-monte-washington-con-david-higgins\\\/#primaryimage\"},\"image\":{\"@id\":\"https:\\\/\\\/www.subaru.es\\\/blog\\\/nuestra-marca\\\/vive-la-subida-al-monte-washington-con-david-higgins\\\/#primaryimage\"},\"thumbnailUrl\":\"https:\\\/\\\/www.subaru.es\\\/blog\\\/wp-content\\\/uploads\\\/2011\\\/10\\\/david-higgins.jpg\",\"datePublished\":\"2012-06-06T16:43:36+00:00\",\"dateModified\":\"2020-08-12T09:48:03+00:00\",\"breadcrumb\":{\"@id\":\"https:\\\/\\\/www.subaru.es\\\/blog\\\/nuestra-marca\\\/vive-la-subida-al-monte-washington-con-david-higgins\\\/#breadcrumb\"},\"inLanguage\":\"es\",\"potentialAction\":[{\"@type\":\"ReadAction\",\"target\":[\"https:\\\/\\\/www.subaru.es\\\/blog\\\/nuestra-marca\\\/vive-la-subida-al-monte-washington-con-david-higgins\\\/\"]}]},{\"@type\":\"ImageObject\",\"inLanguage\":\"es\",\"@id\":\"https:\\\/\\\/www.subaru.es\\\/blog\\\/nuestra-marca\\\/vive-la-subida-al-monte-washington-con-david-higgins\\\/#primaryimage\",\"url\":\"https:\\\/\\\/www.subaru.es\\\/blog\\\/wp-content\\\/uploads\\\/2011\\\/10\\\/david-higgins.jpg\",\"contentUrl\":\"https:\\\/\\\/www.subaru.es\\\/blog\\\/wp-content\\\/uploads\\\/2011\\\/10\\\/david-higgins.jpg\",\"width\":615,\"height\":339},{\"@type\":\"BreadcrumbList\",\"@id\":\"https:\\\/\\\/www.subaru.es\\\/blog\\\/nuestra-marca\\\/vive-la-subida-al-monte-washington-con-david-higgins\\\/#breadcrumb\",\"itemListElement\":[{\"@type\":\"ListItem\",\"position\":1,\"name\":\"Portada\",\"item\":\"https:\\\/\\\/www.subaru.es\\\/blog\\\/\"},{\"@type\":\"ListItem\",\"position\":2,\"name\":\"Vive la subida al Monte Washington con David Higgins\"}]},{\"@type\":\"WebSite\",\"@id\":\"https:\\\/\\\/www.subaru.es\\\/blog\\\/#website\",\"url\":\"https:\\\/\\\/www.subaru.es\\\/blog\\\/\",\"name\":\"Universo Subaru\",\"description\":\"Descubre este apasionante espacio de Subaru donde vas a conocer todo sobre nuestros coches y las experiencias que vivimos con ellos. Si est\u00e1s preparado para dejarte seducir por la filosof\u00eda Subaru, qu\u00e9date con nosotros.\",\"publisher\":{\"@id\":\"https:\\\/\\\/www.subaru.es\\\/blog\\\/#organization\"},\"potentialAction\":[{\"@type\":\"SearchAction\",\"target\":{\"@type\":\"EntryPoint\",\"urlTemplate\":\"https:\\\/\\\/www.subaru.es\\\/blog\\\/?s={search_term_string}\"},\"query-input\":{\"@type\":\"PropertyValueSpecification\",\"valueRequired\":true,\"valueName\":\"search_term_string\"}}],\"inLanguage\":\"es\"},{\"@type\":\"Organization\",\"@id\":\"https:\\\/\\\/www.subaru.es\\\/blog\\\/#organization\",\"name\":\"Subaru Espa\u00f1a S.A.\",\"url\":\"https:\\\/\\\/www.subaru.es\\\/blog\\\/\",\"logo\":{\"@type\":\"ImageObject\",\"inLanguage\":\"es\",\"@id\":\"https:\\\/\\\/www.subaru.es\\\/blog\\\/#\\\/schema\\\/logo\\\/image\\\/\",\"url\":\"https:\\\/\\\/www.subaru.es\\\/blog\\\/wp-content\\\/uploads\\\/2016\\\/12\\\/Logo-Subaru-TypeV_C300-scaled.jpg\",\"contentUrl\":\"https:\\\/\\\/www.subaru.es\\\/blog\\\/wp-content\\\/uploads\\\/2016\\\/12\\\/Logo-Subaru-TypeV_C300-scaled.jpg\",\"width\":2560,\"height\":1864,\"caption\":\"Subaru Espa\u00f1a S.A.\"},\"image\":{\"@id\":\"https:\\\/\\\/www.subaru.es\\\/blog\\\/#\\\/schema\\\/logo\\\/image\\\/\"},\"sameAs\":[\"https:\\\/\\\/www.facebook.com\\\/subaruespana\",\"https:\\\/\\\/www.instagram.com\\\/subarues\\\/\",\"https:\\\/\\\/www.youtube.com\\\/user\\\/subaruespana\"]},{\"@type\":\"Person\",\"@id\":\"https:\\\/\\\/www.subaru.es\\\/blog\\\/#\\\/schema\\\/person\\\/19a90b892230b8e0ec752704ddf4aa10\",\"name\":\"Subaru\",\"url\":\"https:\\\/\\\/www.subaru.es\\\/blog\\\/author\\\/subaria\\\/\"}]}<\/script>\n<!-- \/ Yoast SEO plugin. -->","yoast_head_json":{"title":"Vive la subida al Monte Washington con David Higgins - Universo Subaru","robots":{"index":"index","follow":"follow","max-snippet":"max-snippet:-1","max-image-preview":"max-image-preview:large","max-video-preview":"max-video-preview:-1"},"canonical":"https:\/\/www.subaru.es\/blog\/nuestra-marca\/vive-la-subida-al-monte-washington-con-david-higgins\/","og_locale":"es_ES","og_type":"article","og_title":"Vive la subida al Monte Washington con David Higgins - Universo Subaru","og_description":"El a\u00f1o pasado, David Higgins acometi\u00f3 la subida al Monte Washington con su Subaru WRX STi equipado con neum\u00e1ticos BFGoodrich RC01 Rally. La intenci\u00f3n era probar a fondo esos neum\u00e1ticos y de paso intentar romper el r\u00e9cord oficial de 1998, logrado por Frank Sprongl, quien par\u00f3 el crono en 6:41:99 minutos. Travis Pastrana ya hab\u00eda [&hellip;]","og_url":"https:\/\/www.subaru.es\/blog\/nuestra-marca\/vive-la-subida-al-monte-washington-con-david-higgins\/","og_site_name":"Universo Subaru","article_publisher":"https:\/\/www.facebook.com\/subaruespana","article_published_time":"2012-06-06T16:43:36+00:00","article_modified_time":"2020-08-12T09:48:03+00:00","og_image":[{"width":615,"height":339,"url":"https:\/\/www.subaru.es\/blog\/wp-content\/uploads\/2011\/10\/david-higgins.jpg","type":"image\/jpeg"}],"author":"Subaru","twitter_card":"summary_large_image","twitter_misc":{"Escrito por":"Subaru","Tiempo de lectura":"1 minuto"},"schema":{"@context":"https:\/\/schema.org","@graph":[{"@type":"Article","@id":"https:\/\/www.subaru.es\/blog\/nuestra-marca\/vive-la-subida-al-monte-washington-con-david-higgins\/#article","isPartOf":{"@id":"https:\/\/www.subaru.es\/blog\/nuestra-marca\/vive-la-subida-al-monte-washington-con-david-higgins\/"},"author":{"name":"Subaru","@id":"https:\/\/www.subaru.es\/blog\/#\/schema\/person\/19a90b892230b8e0ec752704ddf4aa10"},"headline":"Vive la subida al Monte Washington con David Higgins","datePublished":"2012-06-06T16:43:36+00:00","dateModified":"2020-08-12T09:48:03+00:00","mainEntityOfPage":{"@id":"https:\/\/www.subaru.es\/blog\/nuestra-marca\/vive-la-subida-al-monte-washington-con-david-higgins\/"},"wordCount":297,"commentCount":0,"publisher":{"@id":"https:\/\/www.subaru.es\/blog\/#organization"},"image":{"@id":"https:\/\/www.subaru.es\/blog\/nuestra-marca\/vive-la-subida-al-monte-washington-con-david-higgins\/#primaryimage"},"thumbnailUrl":"https:\/\/www.subaru.es\/blog\/wp-content\/uploads\/2011\/10\/david-higgins.jpg","keywords":["BFGoodrich","Climb to the Clouds","David Higgins","HillClimb","Subaru WRX STI"],"articleSection":["Nuestra marca"],"inLanguage":"es","potentialAction":[{"@type":"CommentAction","name":"Comment","target":["https:\/\/www.subaru.es\/blog\/nuestra-marca\/vive-la-subida-al-monte-washington-con-david-higgins\/#respond"]}]},{"@type":"WebPage","@id":"https:\/\/www.subaru.es\/blog\/nuestra-marca\/vive-la-subida-al-monte-washington-con-david-higgins\/","url":"https:\/\/www.subaru.es\/blog\/nuestra-marca\/vive-la-subida-al-monte-washington-con-david-higgins\/","name":"Vive la subida al Monte Washington con David Higgins - Universo Subaru","isPartOf":{"@id":"https:\/\/www.subaru.es\/blog\/#website"},"primaryImageOfPage":{"@id":"https:\/\/www.subaru.es\/blog\/nuestra-marca\/vive-la-subida-al-monte-washington-con-david-higgins\/#primaryimage"},"image":{"@id":"https:\/\/www.subaru.es\/blog\/nuestra-marca\/vive-la-subida-al-monte-washington-con-david-higgins\/#primaryimage"},"thumbnailUrl":"https:\/\/www.subaru.es\/blog\/wp-content\/uploads\/2011\/10\/david-higgins.jpg","datePublished":"2012-06-06T16:43:36+00:00","dateModified":"2020-08-12T09:48:03+00:00","breadcrumb":{"@id":"https:\/\/www.subaru.es\/blog\/nuestra-marca\/vive-la-subida-al-monte-washington-con-david-higgins\/#breadcrumb"},"inLanguage":"es","potentialAction":[{"@type":"ReadAction","target":["https:\/\/www.subaru.es\/blog\/nuestra-marca\/vive-la-subida-al-monte-washington-con-david-higgins\/"]}]},{"@type":"ImageObject","inLanguage":"es","@id":"https:\/\/www.subaru.es\/blog\/nuestra-marca\/vive-la-subida-al-monte-washington-con-david-higgins\/#primaryimage","url":"https:\/\/www.subaru.es\/blog\/wp-content\/uploads\/2011\/10\/david-higgins.jpg","contentUrl":"https:\/\/www.subaru.es\/blog\/wp-content\/uploads\/2011\/10\/david-higgins.jpg","width":615,"height":339},{"@type":"BreadcrumbList","@id":"https:\/\/www.subaru.es\/blog\/nuestra-marca\/vive-la-subida-al-monte-washington-con-david-higgins\/#breadcrumb","itemListElement":[{"@type":"ListItem","position":1,"name":"Portada","item":"https:\/\/www.subaru.es\/blog\/"},{"@type":"ListItem","position":2,"name":"Vive la subida al Monte Washington con David Higgins"}]},{"@type":"WebSite","@id":"https:\/\/www.subaru.es\/blog\/#website","url":"https:\/\/www.subaru.es\/blog\/","name":"Universo Subaru","description":"Descubre este apasionante espacio de Subaru donde vas a conocer todo sobre nuestros coches y las experiencias que vivimos con ellos. Si est\u00e1s preparado para dejarte seducir por la filosof\u00eda Subaru, qu\u00e9date con nosotros.","publisher":{"@id":"https:\/\/www.subaru.es\/blog\/#organization"},"potentialAction":[{"@type":"SearchAction","target":{"@type":"EntryPoint","urlTemplate":"https:\/\/www.subaru.es\/blog\/?s={search_term_string}"},"query-input":{"@type":"PropertyValueSpecification","valueRequired":true,"valueName":"search_term_string"}}],"inLanguage":"es"},{"@type":"Organization","@id":"https:\/\/www.subaru.es\/blog\/#organization","name":"Subaru Espa\u00f1a S.A.","url":"https:\/\/www.subaru.es\/blog\/","logo":{"@type":"ImageObject","inLanguage":"es","@id":"https:\/\/www.subaru.es\/blog\/#\/schema\/logo\/image\/","url":"https:\/\/www.subaru.es\/blog\/wp-content\/uploads\/2016\/12\/Logo-Subaru-TypeV_C300-scaled.jpg","contentUrl":"https:\/\/www.subaru.es\/blog\/wp-content\/uploads\/2016\/12\/Logo-Subaru-TypeV_C300-scaled.jpg","width":2560,"height":1864,"caption":"Subaru Espa\u00f1a S.A."},"image":{"@id":"https:\/\/www.subaru.es\/blog\/#\/schema\/logo\/image\/"},"sameAs":["https:\/\/www.facebook.com\/subaruespana","https:\/\/www.instagram.com\/subarues\/","https:\/\/www.youtube.com\/user\/subaruespana"]},{"@type":"Person","@id":"https:\/\/www.subaru.es\/blog\/#\/schema\/person\/19a90b892230b8e0ec752704ddf4aa10","name":"Subaru","url":"https:\/\/www.subaru.es\/blog\/author\/subaria\/"}]}},"_links":{"self":[{"href":"https:\/\/www.subaru.es\/blog\/wp-json\/wp\/v2\/posts\/5541","targetHints":{"allow":["GET"]}}],"collection":[{"href":"https:\/\/www.subaru.es\/blog\/wp-json\/wp\/v2\/posts"}],"about":[{"href":"https:\/\/www.subaru.es\/blog\/wp-json\/wp\/v2\/types\/post"}],"author":[{"embeddable":true,"href":"https:\/\/www.subaru.es\/blog\/wp-json\/wp\/v2\/users\/21"}],"replies":[{"embeddable":true,"href":"https:\/\/www.subaru.es\/blog\/wp-json\/wp\/v2\/comments?post=5541"}],"version-history":[{"count":2,"href":"https:\/\/www.subaru.es\/blog\/wp-json\/wp\/v2\/posts\/5541\/revisions"}],"predecessor-version":[{"id":22187,"href":"https:\/\/www.subaru.es\/blog\/wp-json\/wp\/v2\/posts\/5541\/revisions\/22187"}],"wp:featuredmedia":[{"embeddable":true,"href":"https:\/\/www.subaru.es\/blog\/wp-json\/wp\/v2\/media\/5542"}],"wp:attachment":[{"href":"https:\/\/www.subaru.es\/blog\/wp-json\/wp\/v2\/media?parent=5541"}],"wp:term":[{"taxonomy":"category","embeddable":true,"href":"https:\/\/www.subaru.es\/blog\/wp-json\/wp\/v2\/categories?post=5541"},{"taxonomy":"post_tag","embeddable":true,"href":"https:\/\/www.subaru.es\/blog\/wp-json\/wp\/v2\/tags?post=5541"}],"curies":[{"name":"wp","href":"https:\/\/api.w.org\/{rel}","templated":true}]}}