{"id":5535,"date":"2011-10-03T13:31:20","date_gmt":"2011-10-03T11:31:20","guid":{"rendered":"http:\/\/subaru.preproduccion.com\/blog\/?p=5535"},"modified":"2016-10-17T15:11:06","modified_gmt":"2016-10-17T13:11:06","slug":"subaru-espana-cede-un-trezia-a-una-ong-elige-a-cual","status":"publish","type":"post","link":"https:\/\/www.subaru.es\/blog\/nuestra-marca\/subaru-espana-cede-un-trezia-a-una-ong-elige-a-cual\/","title":{"rendered":"Subaru Espa\u00f1a cede un Trezia a una ONG\u2026 \u00a1elige a cu\u00e1l!"},"content":{"rendered":"<p><center><object classid=\"clsid:d27cdb6e-ae6d-11cf-96b8-444553540000\" width=\"560\" height=\"315\" codebase=\"http:\/\/download.macromedia.com\/pub\/shockwave\/cabs\/flash\/swflash.cab#version=6,0,40,0\"><param name=\"allowFullScreen\" value=\"true\" \/><param name=\"allowscriptaccess\" value=\"always\" \/><param name=\"src\" value=\"http:\/\/www.youtube.com\/v\/tE_E6ReK7no?version=3&amp;hl=es_ES\" \/><param name=\"allowfullscreen\" value=\"true\" \/><embed type=\"application\/x-shockwave-flash\" width=\"560\" height=\"315\" src=\"http:\/\/www.youtube.com\/v\/tE_E6ReK7no?version=3&amp;hl=es_ES\" allowscriptaccess=\"always\" allowfullscreen=\"true\"><\/embed><\/object><\/center><\/p>\n<p>Ya sabes que desde Subaru Espa\u00f1a estamos siempre intentando poner nuestro granito de arena para lograr un mundo algo mejor, y que adem\u00e1s nos gusta que vosotros, los subaristas, tambi\u00e9n pod\u00e1is participar de alguna forma en nuestras iniciativas. Y de eso precisamente va este post: vamos a <strong>ceder un <a href=\"https:\/\/www.subaru.es\/blog\/subaru\/el-nuevo-subaru-trezia-llega-a-espana\/\" target=\"_blank\">Subaru Trezia<\/a> a una ONG y queremos que nos ayud\u00e9is a elegir a cu\u00e1l.<!--more--><\/strong><\/p>\n<p>\u00bfC\u00f3mo hacerlo? De la forma m\u00e1s sencilla y como se hacen muchas cosas ahora: <strong>hemos abierto la pregunta <a href=\"http:\/\/www.facebook.com\/subaruespana\" target=\"_blank\">en nuestro Facebook<\/a> con una lista de ONGs<\/strong> para que puedas votar por a la que crees que deber\u00edamos ceder el Trezia. \u00bfA qui\u00e9nes proponemos? La lista incluye a Abay, asociaci\u00f3n para el desarrollo en Etiopia, la Asociaci\u00f3n Nacional de Alzheimer, Acci\u00f3n contra el Hambre, Asociaci\u00f3n Espa\u00f1ola contra el Cancer, Payasos Sin Fronteras, FAADA, Fundaci\u00f3n Inocente Inocente, F\u00e9lix Rodr\u00edguez de la Fuente &#8211; Fundaci\u00f3n, C\u00e1ritas y la Cruz Roja Espa\u00f1ola.<\/p>\n<p>Somos conscientes de que no est\u00e1n todos los que son (afortunadamente hay muchas m\u00e1s ONGs en Espa\u00f1a), pero es un comienzo. \u00bfQuieres participar? Muy sencillo: tan solo tienes que ir a <a href=\"http:\/\/www.facebook.com\/subaruespana\" target=\"_blank\">nuestra p\u00e1gina de Facebook<\/a>, hacerte fan (si no lo eres ya) y <strong>votar tu favorita antes del 21 de octubre.<\/strong><\/p>\n<p>Cuando termine la votaci\u00f3n, <strong>Subaru Espa\u00f1a escoger\u00e1 una ONG de entre las cinco m\u00e1s votadas<\/strong> y le ceder\u00e1 el nuevo Subaru Trezia durante un a\u00f1o. Ya sabes, \u00a1votar no requiere mucho tiempo y es por una buena causa!<\/p>\n","protected":false},"excerpt":{"rendered":"<p>Ya sabes que desde Subaru Espa\u00f1a estamos siempre intentando poner nuestro granito de arena para lograr un mundo algo mejor, y que adem\u00e1s nos gusta que vosotros, los subaristas, tambi\u00e9n pod\u00e1is participar de alguna forma en nuestras iniciativas. Y de eso precisamente va este post: vamos a ceder un Subaru Trezia a una ONG y [&hellip;]<\/p>\n","protected":false},"author":21,"featured_media":0,"comment_status":"open","ping_status":"open","sticky":false,"template":"","format":"standard","meta":{"_acf_changed":false,"_eb_attr":"","inline_featured_image":false,"footnotes":""},"categories":[4401],"tags":[1202,3266,3277,3633],"class_list":["post-5535","post","type-post","status-publish","format-standard","hentry","category-nuestra-marca","tag-facebook","tag-ong","tag-subaru-trezia","tag-votacion"],"acf":[],"yoast_head":"<!-- This site is optimized with the Yoast SEO plugin v27.3 - https:\/\/yoast.com\/product\/yoast-seo-wordpress\/ -->\n<title>Subaru Espa\u00f1a cede un Trezia a una ONG\u2026 \u00a1elige a cu\u00e1l! - Universo Subaru<\/title>\n<meta name=\"robots\" content=\"index, follow, max-snippet:-1, max-image-preview:large, max-video-preview:-1\" \/>\n<link rel=\"canonical\" href=\"https:\/\/www.subaru.es\/blog\/nuestra-marca\/subaru-espana-cede-un-trezia-a-una-ong-elige-a-cual\/\" \/>\n<meta property=\"og:locale\" content=\"es_ES\" \/>\n<meta property=\"og:type\" content=\"article\" \/>\n<meta property=\"og:title\" content=\"Subaru Espa\u00f1a cede un Trezia a una ONG\u2026 \u00a1elige a cu\u00e1l! - Universo Subaru\" \/>\n<meta property=\"og:description\" content=\"Ya sabes que desde Subaru Espa\u00f1a estamos siempre intentando poner nuestro granito de arena para lograr un mundo algo mejor, y que adem\u00e1s nos gusta que vosotros, los subaristas, tambi\u00e9n pod\u00e1is participar de alguna forma en nuestras iniciativas. Y de eso precisamente va este post: vamos a ceder un Subaru Trezia a una ONG y [&hellip;]\" \/>\n<meta property=\"og:url\" content=\"https:\/\/www.subaru.es\/blog\/nuestra-marca\/subaru-espana-cede-un-trezia-a-una-ong-elige-a-cual\/\" \/>\n<meta property=\"og:site_name\" content=\"Universo Subaru\" \/>\n<meta property=\"article:publisher\" content=\"https:\/\/www.facebook.com\/subaruespana\" \/>\n<meta property=\"article:published_time\" content=\"2011-10-03T11:31:20+00:00\" \/>\n<meta property=\"article:modified_time\" content=\"2016-10-17T13:11:06+00:00\" \/>\n<meta name=\"author\" content=\"Subaru\" \/>\n<meta name=\"twitter:card\" content=\"summary_large_image\" \/>\n<meta name=\"twitter:label1\" content=\"Escrito por\" \/>\n\t<meta name=\"twitter:data1\" content=\"Subaru\" \/>\n\t<meta name=\"twitter:label2\" content=\"Tiempo de lectura\" \/>\n\t<meta name=\"twitter:data2\" content=\"1 minuto\" \/>\n<script type=\"application\/ld+json\" class=\"yoast-schema-graph\">{\"@context\":\"https:\\\/\\\/schema.org\",\"@graph\":[{\"@type\":\"Article\",\"@id\":\"https:\\\/\\\/www.subaru.es\\\/blog\\\/nuestra-marca\\\/subaru-espana-cede-un-trezia-a-una-ong-elige-a-cual\\\/#article\",\"isPartOf\":{\"@id\":\"https:\\\/\\\/www.subaru.es\\\/blog\\\/nuestra-marca\\\/subaru-espana-cede-un-trezia-a-una-ong-elige-a-cual\\\/\"},\"author\":{\"name\":\"Subaru\",\"@id\":\"https:\\\/\\\/www.subaru.es\\\/blog\\\/#\\\/schema\\\/person\\\/19a90b892230b8e0ec752704ddf4aa10\"},\"headline\":\"Subaru Espa\u00f1a cede un Trezia a una ONG\u2026 \u00a1elige a cu\u00e1l!\",\"datePublished\":\"2011-10-03T11:31:20+00:00\",\"dateModified\":\"2016-10-17T13:11:06+00:00\",\"mainEntityOfPage\":{\"@id\":\"https:\\\/\\\/www.subaru.es\\\/blog\\\/nuestra-marca\\\/subaru-espana-cede-un-trezia-a-una-ong-elige-a-cual\\\/\"},\"wordCount\":281,\"commentCount\":0,\"publisher\":{\"@id\":\"https:\\\/\\\/www.subaru.es\\\/blog\\\/#organization\"},\"keywords\":[\"facebook\",\"ong\",\"subaru trezia\",\"Votaci\u00f3n\"],\"articleSection\":[\"Nuestra marca\"],\"inLanguage\":\"es\",\"potentialAction\":[{\"@type\":\"CommentAction\",\"name\":\"Comment\",\"target\":[\"https:\\\/\\\/www.subaru.es\\\/blog\\\/nuestra-marca\\\/subaru-espana-cede-un-trezia-a-una-ong-elige-a-cual\\\/#respond\"]}]},{\"@type\":\"WebPage\",\"@id\":\"https:\\\/\\\/www.subaru.es\\\/blog\\\/nuestra-marca\\\/subaru-espana-cede-un-trezia-a-una-ong-elige-a-cual\\\/\",\"url\":\"https:\\\/\\\/www.subaru.es\\\/blog\\\/nuestra-marca\\\/subaru-espana-cede-un-trezia-a-una-ong-elige-a-cual\\\/\",\"name\":\"Subaru Espa\u00f1a cede un Trezia a una ONG\u2026 \u00a1elige a cu\u00e1l! - Universo Subaru\",\"isPartOf\":{\"@id\":\"https:\\\/\\\/www.subaru.es\\\/blog\\\/#website\"},\"datePublished\":\"2011-10-03T11:31:20+00:00\",\"dateModified\":\"2016-10-17T13:11:06+00:00\",\"breadcrumb\":{\"@id\":\"https:\\\/\\\/www.subaru.es\\\/blog\\\/nuestra-marca\\\/subaru-espana-cede-un-trezia-a-una-ong-elige-a-cual\\\/#breadcrumb\"},\"inLanguage\":\"es\",\"potentialAction\":[{\"@type\":\"ReadAction\",\"target\":[\"https:\\\/\\\/www.subaru.es\\\/blog\\\/nuestra-marca\\\/subaru-espana-cede-un-trezia-a-una-ong-elige-a-cual\\\/\"]}]},{\"@type\":\"BreadcrumbList\",\"@id\":\"https:\\\/\\\/www.subaru.es\\\/blog\\\/nuestra-marca\\\/subaru-espana-cede-un-trezia-a-una-ong-elige-a-cual\\\/#breadcrumb\",\"itemListElement\":[{\"@type\":\"ListItem\",\"position\":1,\"name\":\"Portada\",\"item\":\"https:\\\/\\\/www.subaru.es\\\/blog\\\/\"},{\"@type\":\"ListItem\",\"position\":2,\"name\":\"Subaru Espa\u00f1a cede un Trezia a una ONG\u2026 \u00a1elige a cu\u00e1l!\"}]},{\"@type\":\"WebSite\",\"@id\":\"https:\\\/\\\/www.subaru.es\\\/blog\\\/#website\",\"url\":\"https:\\\/\\\/www.subaru.es\\\/blog\\\/\",\"name\":\"Universo Subaru\",\"description\":\"Descubre este apasionante espacio de Subaru donde vas a conocer todo sobre nuestros coches y las experiencias que vivimos con ellos. Si est\u00e1s preparado para dejarte seducir por la filosof\u00eda Subaru, qu\u00e9date con nosotros.\",\"publisher\":{\"@id\":\"https:\\\/\\\/www.subaru.es\\\/blog\\\/#organization\"},\"potentialAction\":[{\"@type\":\"SearchAction\",\"target\":{\"@type\":\"EntryPoint\",\"urlTemplate\":\"https:\\\/\\\/www.subaru.es\\\/blog\\\/?s={search_term_string}\"},\"query-input\":{\"@type\":\"PropertyValueSpecification\",\"valueRequired\":true,\"valueName\":\"search_term_string\"}}],\"inLanguage\":\"es\"},{\"@type\":\"Organization\",\"@id\":\"https:\\\/\\\/www.subaru.es\\\/blog\\\/#organization\",\"name\":\"Subaru Espa\u00f1a S.A.\",\"url\":\"https:\\\/\\\/www.subaru.es\\\/blog\\\/\",\"logo\":{\"@type\":\"ImageObject\",\"inLanguage\":\"es\",\"@id\":\"https:\\\/\\\/www.subaru.es\\\/blog\\\/#\\\/schema\\\/logo\\\/image\\\/\",\"url\":\"https:\\\/\\\/www.subaru.es\\\/blog\\\/wp-content\\\/uploads\\\/2016\\\/12\\\/Logo-Subaru-TypeV_C300-scaled.jpg\",\"contentUrl\":\"https:\\\/\\\/www.subaru.es\\\/blog\\\/wp-content\\\/uploads\\\/2016\\\/12\\\/Logo-Subaru-TypeV_C300-scaled.jpg\",\"width\":2560,\"height\":1864,\"caption\":\"Subaru Espa\u00f1a S.A.\"},\"image\":{\"@id\":\"https:\\\/\\\/www.subaru.es\\\/blog\\\/#\\\/schema\\\/logo\\\/image\\\/\"},\"sameAs\":[\"https:\\\/\\\/www.facebook.com\\\/subaruespana\",\"https:\\\/\\\/www.instagram.com\\\/subarues\\\/\",\"https:\\\/\\\/www.youtube.com\\\/user\\\/subaruespana\"]},{\"@type\":\"Person\",\"@id\":\"https:\\\/\\\/www.subaru.es\\\/blog\\\/#\\\/schema\\\/person\\\/19a90b892230b8e0ec752704ddf4aa10\",\"name\":\"Subaru\",\"url\":\"https:\\\/\\\/www.subaru.es\\\/blog\\\/author\\\/subaria\\\/\"}]}<\/script>\n<!-- \/ Yoast SEO plugin. -->","yoast_head_json":{"title":"Subaru Espa\u00f1a cede un Trezia a una ONG\u2026 \u00a1elige a cu\u00e1l! - Universo Subaru","robots":{"index":"index","follow":"follow","max-snippet":"max-snippet:-1","max-image-preview":"max-image-preview:large","max-video-preview":"max-video-preview:-1"},"canonical":"https:\/\/www.subaru.es\/blog\/nuestra-marca\/subaru-espana-cede-un-trezia-a-una-ong-elige-a-cual\/","og_locale":"es_ES","og_type":"article","og_title":"Subaru Espa\u00f1a cede un Trezia a una ONG\u2026 \u00a1elige a cu\u00e1l! - Universo Subaru","og_description":"Ya sabes que desde Subaru Espa\u00f1a estamos siempre intentando poner nuestro granito de arena para lograr un mundo algo mejor, y que adem\u00e1s nos gusta que vosotros, los subaristas, tambi\u00e9n pod\u00e1is participar de alguna forma en nuestras iniciativas. Y de eso precisamente va este post: vamos a ceder un Subaru Trezia a una ONG y [&hellip;]","og_url":"https:\/\/www.subaru.es\/blog\/nuestra-marca\/subaru-espana-cede-un-trezia-a-una-ong-elige-a-cual\/","og_site_name":"Universo Subaru","article_publisher":"https:\/\/www.facebook.com\/subaruespana","article_published_time":"2011-10-03T11:31:20+00:00","article_modified_time":"2016-10-17T13:11:06+00:00","author":"Subaru","twitter_card":"summary_large_image","twitter_misc":{"Escrito por":"Subaru","Tiempo de lectura":"1 minuto"},"schema":{"@context":"https:\/\/schema.org","@graph":[{"@type":"Article","@id":"https:\/\/www.subaru.es\/blog\/nuestra-marca\/subaru-espana-cede-un-trezia-a-una-ong-elige-a-cual\/#article","isPartOf":{"@id":"https:\/\/www.subaru.es\/blog\/nuestra-marca\/subaru-espana-cede-un-trezia-a-una-ong-elige-a-cual\/"},"author":{"name":"Subaru","@id":"https:\/\/www.subaru.es\/blog\/#\/schema\/person\/19a90b892230b8e0ec752704ddf4aa10"},"headline":"Subaru Espa\u00f1a cede un Trezia a una ONG\u2026 \u00a1elige a cu\u00e1l!","datePublished":"2011-10-03T11:31:20+00:00","dateModified":"2016-10-17T13:11:06+00:00","mainEntityOfPage":{"@id":"https:\/\/www.subaru.es\/blog\/nuestra-marca\/subaru-espana-cede-un-trezia-a-una-ong-elige-a-cual\/"},"wordCount":281,"commentCount":0,"publisher":{"@id":"https:\/\/www.subaru.es\/blog\/#organization"},"keywords":["facebook","ong","subaru trezia","Votaci\u00f3n"],"articleSection":["Nuestra marca"],"inLanguage":"es","potentialAction":[{"@type":"CommentAction","name":"Comment","target":["https:\/\/www.subaru.es\/blog\/nuestra-marca\/subaru-espana-cede-un-trezia-a-una-ong-elige-a-cual\/#respond"]}]},{"@type":"WebPage","@id":"https:\/\/www.subaru.es\/blog\/nuestra-marca\/subaru-espana-cede-un-trezia-a-una-ong-elige-a-cual\/","url":"https:\/\/www.subaru.es\/blog\/nuestra-marca\/subaru-espana-cede-un-trezia-a-una-ong-elige-a-cual\/","name":"Subaru Espa\u00f1a cede un Trezia a una ONG\u2026 \u00a1elige a cu\u00e1l! - Universo Subaru","isPartOf":{"@id":"https:\/\/www.subaru.es\/blog\/#website"},"datePublished":"2011-10-03T11:31:20+00:00","dateModified":"2016-10-17T13:11:06+00:00","breadcrumb":{"@id":"https:\/\/www.subaru.es\/blog\/nuestra-marca\/subaru-espana-cede-un-trezia-a-una-ong-elige-a-cual\/#breadcrumb"},"inLanguage":"es","potentialAction":[{"@type":"ReadAction","target":["https:\/\/www.subaru.es\/blog\/nuestra-marca\/subaru-espana-cede-un-trezia-a-una-ong-elige-a-cual\/"]}]},{"@type":"BreadcrumbList","@id":"https:\/\/www.subaru.es\/blog\/nuestra-marca\/subaru-espana-cede-un-trezia-a-una-ong-elige-a-cual\/#breadcrumb","itemListElement":[{"@type":"ListItem","position":1,"name":"Portada","item":"https:\/\/www.subaru.es\/blog\/"},{"@type":"ListItem","position":2,"name":"Subaru Espa\u00f1a cede un Trezia a una ONG\u2026 \u00a1elige a cu\u00e1l!"}]},{"@type":"WebSite","@id":"https:\/\/www.subaru.es\/blog\/#website","url":"https:\/\/www.subaru.es\/blog\/","name":"Universo Subaru","description":"Descubre este apasionante espacio de Subaru donde vas a conocer todo sobre nuestros coches y las experiencias que vivimos con ellos. Si est\u00e1s preparado para dejarte seducir por la filosof\u00eda Subaru, qu\u00e9date con nosotros.","publisher":{"@id":"https:\/\/www.subaru.es\/blog\/#organization"},"potentialAction":[{"@type":"SearchAction","target":{"@type":"EntryPoint","urlTemplate":"https:\/\/www.subaru.es\/blog\/?s={search_term_string}"},"query-input":{"@type":"PropertyValueSpecification","valueRequired":true,"valueName":"search_term_string"}}],"inLanguage":"es"},{"@type":"Organization","@id":"https:\/\/www.subaru.es\/blog\/#organization","name":"Subaru Espa\u00f1a S.A.","url":"https:\/\/www.subaru.es\/blog\/","logo":{"@type":"ImageObject","inLanguage":"es","@id":"https:\/\/www.subaru.es\/blog\/#\/schema\/logo\/image\/","url":"https:\/\/www.subaru.es\/blog\/wp-content\/uploads\/2016\/12\/Logo-Subaru-TypeV_C300-scaled.jpg","contentUrl":"https:\/\/www.subaru.es\/blog\/wp-content\/uploads\/2016\/12\/Logo-Subaru-TypeV_C300-scaled.jpg","width":2560,"height":1864,"caption":"Subaru Espa\u00f1a S.A."},"image":{"@id":"https:\/\/www.subaru.es\/blog\/#\/schema\/logo\/image\/"},"sameAs":["https:\/\/www.facebook.com\/subaruespana","https:\/\/www.instagram.com\/subarues\/","https:\/\/www.youtube.com\/user\/subaruespana"]},{"@type":"Person","@id":"https:\/\/www.subaru.es\/blog\/#\/schema\/person\/19a90b892230b8e0ec752704ddf4aa10","name":"Subaru","url":"https:\/\/www.subaru.es\/blog\/author\/subaria\/"}]}},"_links":{"self":[{"href":"https:\/\/www.subaru.es\/blog\/wp-json\/wp\/v2\/posts\/5535","targetHints":{"allow":["GET"]}}],"collection":[{"href":"https:\/\/www.subaru.es\/blog\/wp-json\/wp\/v2\/posts"}],"about":[{"href":"https:\/\/www.subaru.es\/blog\/wp-json\/wp\/v2\/types\/post"}],"author":[{"embeddable":true,"href":"https:\/\/www.subaru.es\/blog\/wp-json\/wp\/v2\/users\/21"}],"replies":[{"embeddable":true,"href":"https:\/\/www.subaru.es\/blog\/wp-json\/wp\/v2\/comments?post=5535"}],"version-history":[{"count":1,"href":"https:\/\/www.subaru.es\/blog\/wp-json\/wp\/v2\/posts\/5535\/revisions"}],"predecessor-version":[{"id":14914,"href":"https:\/\/www.subaru.es\/blog\/wp-json\/wp\/v2\/posts\/5535\/revisions\/14914"}],"wp:attachment":[{"href":"https:\/\/www.subaru.es\/blog\/wp-json\/wp\/v2\/media?parent=5535"}],"wp:term":[{"taxonomy":"category","embeddable":true,"href":"https:\/\/www.subaru.es\/blog\/wp-json\/wp\/v2\/categories?post=5535"},{"taxonomy":"post_tag","embeddable":true,"href":"https:\/\/www.subaru.es\/blog\/wp-json\/wp\/v2\/tags?post=5535"}],"curies":[{"name":"wp","href":"https:\/\/api.w.org\/{rel}","templated":true}]}}