{"id":550,"date":"2008-02-04T09:44:13","date_gmt":"2008-02-04T07:44:13","guid":{"rendered":"http:\/\/subaru.preproduccion.com\/blog\/wp-content\/2008\/02\/04\/thierry-brun-segundo-en-el-grandvalira-circuit\/"},"modified":"2020-08-12T13:58:32","modified_gmt":"2020-08-12T11:58:32","slug":"thierry-brun-segundo-en-el-grandvalira-circuit","status":"publish","type":"post","link":"https:\/\/www.subaru.es\/blog\/nuestra-marca\/thierry-brun-segundo-en-el-grandvalira-circuit\/","title":{"rendered":"Thierry Brun, segundo en el Grandvalira-Circuit"},"content":{"rendered":"<p><center><img decoding=\"async\" data-src=\"https:\/\/www.subaru.es\/blog\/wp-content\/uploads\/2008\/01\/thierry-brun.jpg\" alt=\"Thierry Brun, Subaru Impreza\" src=\"data:image\/svg+xml;base64,PHN2ZyB3aWR0aD0iMSIgaGVpZ2h0PSIxIiB4bWxucz0iaHR0cDovL3d3dy53My5vcmcvMjAwMC9zdmciPjwvc3ZnPg==\" class=\"lazyload\" style=\"--smush-placeholder-width: 374px; --smush-placeholder-aspect-ratio: 374\/272;\"><\/center><\/p>\n<p>El <a href=\"https:\/\/www.subaru.es\/blog\/2007\/09\/11\/impreza-2008\/\">Subaru Impreza<\/a> del piloto franc\u00e9s <a href=\"http:\/\/www.thierrybrun.com\">Thierry Brun<\/a> ha finalizado segundo en la G. Series Grandvalira 2008, segunda prueba puntuable en el <a href=\"http:\/\/www.grandvalira.com\/gv\/main.aspx?lang=2&amp;section=110&amp;subsection=267\">Grandvalira-Circuit<\/a>.<\/p>\n<p>Como ya sucediera en la primera prueba, gan\u00f3 de nuevo el andorrano <strong>Marc Guti\u00e9rrez<\/strong>, a pesar de que <strong>Thierry Brun<\/strong> consigui\u00f3 la vuelta r\u00e1pida en los entrenamientos libres con un registro de <strong>51\u201d562<\/strong>.<\/p>\n<p>Thierry Brun domin\u00f3 tambi\u00e9n la segunda Superserie, aguantando las embestidas de Joan Vinyes y Francesc Robert. Sin embargo, en el c\u00f3mputo total de vueltas era de nuevo su rival Marc Guti\u00e9rrez el m\u00e1s r\u00e1pido.<\/p>\n<blockquote><p>\u201c\u00a1Nos hemos divertido much\u00edsimo! Tras la primera carrera hemos trabajado en el coche para hacerlo m\u00e1s manejable y eso se ha notado en los tiempos. Esperamos que ahora podamos no solo mantenernos, sino luchar por la victoria\u201d.<br \/>\n<b>Thierry Brun<\/b><\/p><\/blockquote>\n<p><center><object width=\"425\" height=\"355\"><param name=\"movie\" value=\"http:\/\/www.youtube.com\/v\/BtpPfSgWFo0&amp;rel=1\"><param name=\"wmode\" value=\"transparent\"><embed src=\"http:\/\/www.youtube.com\/v\/BtpPfSgWFo0&amp;rel=1\" type=\"application\/x-shockwave-flash\" wmode=\"transparent\" width=\"425\" height=\"355\"><\/object><\/center><\/p>\n","protected":false},"excerpt":{"rendered":"<p>El Subaru Impreza del piloto franc\u00e9s Thierry Brun ha finalizado segundo en la G. Series Grandvalira 2008, segunda prueba puntuable en el Grandvalira-Circuit. Como ya sucediera en la primera prueba, gan\u00f3 de nuevo el andorrano Marc Guti\u00e9rrez, a pesar de que Thierry Brun consigui\u00f3 la vuelta r\u00e1pida en los entrenamientos libres con un registro de [&hellip;]<\/p>\n","protected":false},"author":21,"featured_media":549,"comment_status":"open","ping_status":"open","sticky":false,"template":"","format":"standard","meta":{"_acf_changed":false,"_eb_attr":"","inline_featured_image":false,"footnotes":""},"categories":[4401],"tags":[118,119,117,116],"class_list":["post-550","post","type-post","status-publish","format-standard","has-post-thumbnail","hentry","category-nuestra-marca","tag-grandvalira-circuit","tag-marc-gutierrez","tag-subaru-impreza","tag-thierry-brun"],"acf":[],"yoast_head":"<!-- This site is optimized with the Yoast SEO plugin v27.3 - https:\/\/yoast.com\/product\/yoast-seo-wordpress\/ -->\n<title>Thierry Brun, segundo en el Grandvalira-Circuit - Universo Subaru<\/title>\n<meta name=\"robots\" content=\"index, follow, max-snippet:-1, max-image-preview:large, max-video-preview:-1\" \/>\n<link rel=\"canonical\" href=\"https:\/\/www.subaru.es\/blog\/nuestra-marca\/thierry-brun-segundo-en-el-grandvalira-circuit\/\" \/>\n<meta property=\"og:locale\" content=\"es_ES\" \/>\n<meta property=\"og:type\" content=\"article\" \/>\n<meta property=\"og:title\" content=\"Thierry Brun, segundo en el Grandvalira-Circuit - Universo Subaru\" \/>\n<meta property=\"og:description\" content=\"El Subaru Impreza del piloto franc\u00e9s Thierry Brun ha finalizado segundo en la G. Series Grandvalira 2008, segunda prueba puntuable en el Grandvalira-Circuit. Como ya sucediera en la primera prueba, gan\u00f3 de nuevo el andorrano Marc Guti\u00e9rrez, a pesar de que Thierry Brun consigui\u00f3 la vuelta r\u00e1pida en los entrenamientos libres con un registro de [&hellip;]\" \/>\n<meta property=\"og:url\" content=\"https:\/\/www.subaru.es\/blog\/nuestra-marca\/thierry-brun-segundo-en-el-grandvalira-circuit\/\" \/>\n<meta property=\"og:site_name\" content=\"Universo Subaru\" \/>\n<meta property=\"article:publisher\" content=\"https:\/\/www.facebook.com\/subaruespana\" \/>\n<meta property=\"article:published_time\" content=\"2008-02-04T07:44:13+00:00\" \/>\n<meta property=\"article:modified_time\" content=\"2020-08-12T11:58:32+00:00\" \/>\n<meta property=\"og:image\" content=\"https:\/\/www.subaru.es\/blog\/wp-content\/uploads\/2008\/01\/grandvalira-circuit.jpg\" \/>\n\t<meta property=\"og:image:width\" content=\"460\" \/>\n\t<meta property=\"og:image:height\" content=\"329\" \/>\n\t<meta property=\"og:image:type\" content=\"image\/jpeg\" \/>\n<meta name=\"author\" content=\"Subaru\" \/>\n<meta name=\"twitter:card\" content=\"summary_large_image\" \/>\n<meta name=\"twitter:label1\" content=\"Escrito por\" \/>\n\t<meta name=\"twitter:data1\" content=\"Subaru\" \/>\n\t<meta name=\"twitter:label2\" content=\"Tiempo de lectura\" \/>\n\t<meta name=\"twitter:data2\" content=\"1 minuto\" \/>\n<script type=\"application\/ld+json\" class=\"yoast-schema-graph\">{\"@context\":\"https:\\\/\\\/schema.org\",\"@graph\":[{\"@type\":\"Article\",\"@id\":\"https:\\\/\\\/www.subaru.es\\\/blog\\\/nuestra-marca\\\/thierry-brun-segundo-en-el-grandvalira-circuit\\\/#article\",\"isPartOf\":{\"@id\":\"https:\\\/\\\/www.subaru.es\\\/blog\\\/nuestra-marca\\\/thierry-brun-segundo-en-el-grandvalira-circuit\\\/\"},\"author\":{\"name\":\"Subaru\",\"@id\":\"https:\\\/\\\/www.subaru.es\\\/blog\\\/#\\\/schema\\\/person\\\/19a90b892230b8e0ec752704ddf4aa10\"},\"headline\":\"Thierry Brun, segundo en el Grandvalira-Circuit\",\"datePublished\":\"2008-02-04T07:44:13+00:00\",\"dateModified\":\"2020-08-12T11:58:32+00:00\",\"mainEntityOfPage\":{\"@id\":\"https:\\\/\\\/www.subaru.es\\\/blog\\\/nuestra-marca\\\/thierry-brun-segundo-en-el-grandvalira-circuit\\\/\"},\"wordCount\":143,\"commentCount\":0,\"publisher\":{\"@id\":\"https:\\\/\\\/www.subaru.es\\\/blog\\\/#organization\"},\"image\":{\"@id\":\"https:\\\/\\\/www.subaru.es\\\/blog\\\/nuestra-marca\\\/thierry-brun-segundo-en-el-grandvalira-circuit\\\/#primaryimage\"},\"thumbnailUrl\":\"https:\\\/\\\/www.subaru.es\\\/blog\\\/wp-content\\\/uploads\\\/2008\\\/01\\\/grandvalira-circuit.jpg\",\"keywords\":[\"grandvalira-circuit\",\"marc guti\u00e9rrez\",\"subaru impreza\",\"thierry brun\"],\"articleSection\":[\"Nuestra marca\"],\"inLanguage\":\"es\",\"potentialAction\":[{\"@type\":\"CommentAction\",\"name\":\"Comment\",\"target\":[\"https:\\\/\\\/www.subaru.es\\\/blog\\\/nuestra-marca\\\/thierry-brun-segundo-en-el-grandvalira-circuit\\\/#respond\"]}]},{\"@type\":\"WebPage\",\"@id\":\"https:\\\/\\\/www.subaru.es\\\/blog\\\/nuestra-marca\\\/thierry-brun-segundo-en-el-grandvalira-circuit\\\/\",\"url\":\"https:\\\/\\\/www.subaru.es\\\/blog\\\/nuestra-marca\\\/thierry-brun-segundo-en-el-grandvalira-circuit\\\/\",\"name\":\"Thierry Brun, segundo en el Grandvalira-Circuit - Universo Subaru\",\"isPartOf\":{\"@id\":\"https:\\\/\\\/www.subaru.es\\\/blog\\\/#website\"},\"primaryImageOfPage\":{\"@id\":\"https:\\\/\\\/www.subaru.es\\\/blog\\\/nuestra-marca\\\/thierry-brun-segundo-en-el-grandvalira-circuit\\\/#primaryimage\"},\"image\":{\"@id\":\"https:\\\/\\\/www.subaru.es\\\/blog\\\/nuestra-marca\\\/thierry-brun-segundo-en-el-grandvalira-circuit\\\/#primaryimage\"},\"thumbnailUrl\":\"https:\\\/\\\/www.subaru.es\\\/blog\\\/wp-content\\\/uploads\\\/2008\\\/01\\\/grandvalira-circuit.jpg\",\"datePublished\":\"2008-02-04T07:44:13+00:00\",\"dateModified\":\"2020-08-12T11:58:32+00:00\",\"breadcrumb\":{\"@id\":\"https:\\\/\\\/www.subaru.es\\\/blog\\\/nuestra-marca\\\/thierry-brun-segundo-en-el-grandvalira-circuit\\\/#breadcrumb\"},\"inLanguage\":\"es\",\"potentialAction\":[{\"@type\":\"ReadAction\",\"target\":[\"https:\\\/\\\/www.subaru.es\\\/blog\\\/nuestra-marca\\\/thierry-brun-segundo-en-el-grandvalira-circuit\\\/\"]}]},{\"@type\":\"ImageObject\",\"inLanguage\":\"es\",\"@id\":\"https:\\\/\\\/www.subaru.es\\\/blog\\\/nuestra-marca\\\/thierry-brun-segundo-en-el-grandvalira-circuit\\\/#primaryimage\",\"url\":\"https:\\\/\\\/www.subaru.es\\\/blog\\\/wp-content\\\/uploads\\\/2008\\\/01\\\/grandvalira-circuit.jpg\",\"contentUrl\":\"https:\\\/\\\/www.subaru.es\\\/blog\\\/wp-content\\\/uploads\\\/2008\\\/01\\\/grandvalira-circuit.jpg\",\"width\":460,\"height\":329},{\"@type\":\"BreadcrumbList\",\"@id\":\"https:\\\/\\\/www.subaru.es\\\/blog\\\/nuestra-marca\\\/thierry-brun-segundo-en-el-grandvalira-circuit\\\/#breadcrumb\",\"itemListElement\":[{\"@type\":\"ListItem\",\"position\":1,\"name\":\"Portada\",\"item\":\"https:\\\/\\\/www.subaru.es\\\/blog\\\/\"},{\"@type\":\"ListItem\",\"position\":2,\"name\":\"Thierry Brun, segundo en el Grandvalira-Circuit\"}]},{\"@type\":\"WebSite\",\"@id\":\"https:\\\/\\\/www.subaru.es\\\/blog\\\/#website\",\"url\":\"https:\\\/\\\/www.subaru.es\\\/blog\\\/\",\"name\":\"Universo Subaru\",\"description\":\"Descubre este apasionante espacio de Subaru donde vas a conocer todo sobre nuestros coches y las experiencias que vivimos con ellos. Si est\u00e1s preparado para dejarte seducir por la filosof\u00eda Subaru, qu\u00e9date con nosotros.\",\"publisher\":{\"@id\":\"https:\\\/\\\/www.subaru.es\\\/blog\\\/#organization\"},\"potentialAction\":[{\"@type\":\"SearchAction\",\"target\":{\"@type\":\"EntryPoint\",\"urlTemplate\":\"https:\\\/\\\/www.subaru.es\\\/blog\\\/?s={search_term_string}\"},\"query-input\":{\"@type\":\"PropertyValueSpecification\",\"valueRequired\":true,\"valueName\":\"search_term_string\"}}],\"inLanguage\":\"es\"},{\"@type\":\"Organization\",\"@id\":\"https:\\\/\\\/www.subaru.es\\\/blog\\\/#organization\",\"name\":\"Subaru Espa\u00f1a S.A.\",\"url\":\"https:\\\/\\\/www.subaru.es\\\/blog\\\/\",\"logo\":{\"@type\":\"ImageObject\",\"inLanguage\":\"es\",\"@id\":\"https:\\\/\\\/www.subaru.es\\\/blog\\\/#\\\/schema\\\/logo\\\/image\\\/\",\"url\":\"https:\\\/\\\/www.subaru.es\\\/blog\\\/wp-content\\\/uploads\\\/2016\\\/12\\\/Logo-Subaru-TypeV_C300-scaled.jpg\",\"contentUrl\":\"https:\\\/\\\/www.subaru.es\\\/blog\\\/wp-content\\\/uploads\\\/2016\\\/12\\\/Logo-Subaru-TypeV_C300-scaled.jpg\",\"width\":2560,\"height\":1864,\"caption\":\"Subaru Espa\u00f1a S.A.\"},\"image\":{\"@id\":\"https:\\\/\\\/www.subaru.es\\\/blog\\\/#\\\/schema\\\/logo\\\/image\\\/\"},\"sameAs\":[\"https:\\\/\\\/www.facebook.com\\\/subaruespana\",\"https:\\\/\\\/www.instagram.com\\\/subarues\\\/\",\"https:\\\/\\\/www.youtube.com\\\/user\\\/subaruespana\"]},{\"@type\":\"Person\",\"@id\":\"https:\\\/\\\/www.subaru.es\\\/blog\\\/#\\\/schema\\\/person\\\/19a90b892230b8e0ec752704ddf4aa10\",\"name\":\"Subaru\",\"url\":\"https:\\\/\\\/www.subaru.es\\\/blog\\\/author\\\/subaria\\\/\"}]}<\/script>\n<!-- \/ Yoast SEO plugin. -->","yoast_head_json":{"title":"Thierry Brun, segundo en el Grandvalira-Circuit - Universo Subaru","robots":{"index":"index","follow":"follow","max-snippet":"max-snippet:-1","max-image-preview":"max-image-preview:large","max-video-preview":"max-video-preview:-1"},"canonical":"https:\/\/www.subaru.es\/blog\/nuestra-marca\/thierry-brun-segundo-en-el-grandvalira-circuit\/","og_locale":"es_ES","og_type":"article","og_title":"Thierry Brun, segundo en el Grandvalira-Circuit - Universo Subaru","og_description":"El Subaru Impreza del piloto franc\u00e9s Thierry Brun ha finalizado segundo en la G. Series Grandvalira 2008, segunda prueba puntuable en el Grandvalira-Circuit. Como ya sucediera en la primera prueba, gan\u00f3 de nuevo el andorrano Marc Guti\u00e9rrez, a pesar de que Thierry Brun consigui\u00f3 la vuelta r\u00e1pida en los entrenamientos libres con un registro de [&hellip;]","og_url":"https:\/\/www.subaru.es\/blog\/nuestra-marca\/thierry-brun-segundo-en-el-grandvalira-circuit\/","og_site_name":"Universo Subaru","article_publisher":"https:\/\/www.facebook.com\/subaruespana","article_published_time":"2008-02-04T07:44:13+00:00","article_modified_time":"2020-08-12T11:58:32+00:00","og_image":[{"width":460,"height":329,"url":"https:\/\/www.subaru.es\/blog\/wp-content\/uploads\/2008\/01\/grandvalira-circuit.jpg","type":"image\/jpeg"}],"author":"Subaru","twitter_card":"summary_large_image","twitter_misc":{"Escrito por":"Subaru","Tiempo de lectura":"1 minuto"},"schema":{"@context":"https:\/\/schema.org","@graph":[{"@type":"Article","@id":"https:\/\/www.subaru.es\/blog\/nuestra-marca\/thierry-brun-segundo-en-el-grandvalira-circuit\/#article","isPartOf":{"@id":"https:\/\/www.subaru.es\/blog\/nuestra-marca\/thierry-brun-segundo-en-el-grandvalira-circuit\/"},"author":{"name":"Subaru","@id":"https:\/\/www.subaru.es\/blog\/#\/schema\/person\/19a90b892230b8e0ec752704ddf4aa10"},"headline":"Thierry Brun, segundo en el Grandvalira-Circuit","datePublished":"2008-02-04T07:44:13+00:00","dateModified":"2020-08-12T11:58:32+00:00","mainEntityOfPage":{"@id":"https:\/\/www.subaru.es\/blog\/nuestra-marca\/thierry-brun-segundo-en-el-grandvalira-circuit\/"},"wordCount":143,"commentCount":0,"publisher":{"@id":"https:\/\/www.subaru.es\/blog\/#organization"},"image":{"@id":"https:\/\/www.subaru.es\/blog\/nuestra-marca\/thierry-brun-segundo-en-el-grandvalira-circuit\/#primaryimage"},"thumbnailUrl":"https:\/\/www.subaru.es\/blog\/wp-content\/uploads\/2008\/01\/grandvalira-circuit.jpg","keywords":["grandvalira-circuit","marc guti\u00e9rrez","subaru impreza","thierry brun"],"articleSection":["Nuestra marca"],"inLanguage":"es","potentialAction":[{"@type":"CommentAction","name":"Comment","target":["https:\/\/www.subaru.es\/blog\/nuestra-marca\/thierry-brun-segundo-en-el-grandvalira-circuit\/#respond"]}]},{"@type":"WebPage","@id":"https:\/\/www.subaru.es\/blog\/nuestra-marca\/thierry-brun-segundo-en-el-grandvalira-circuit\/","url":"https:\/\/www.subaru.es\/blog\/nuestra-marca\/thierry-brun-segundo-en-el-grandvalira-circuit\/","name":"Thierry Brun, segundo en el Grandvalira-Circuit - Universo Subaru","isPartOf":{"@id":"https:\/\/www.subaru.es\/blog\/#website"},"primaryImageOfPage":{"@id":"https:\/\/www.subaru.es\/blog\/nuestra-marca\/thierry-brun-segundo-en-el-grandvalira-circuit\/#primaryimage"},"image":{"@id":"https:\/\/www.subaru.es\/blog\/nuestra-marca\/thierry-brun-segundo-en-el-grandvalira-circuit\/#primaryimage"},"thumbnailUrl":"https:\/\/www.subaru.es\/blog\/wp-content\/uploads\/2008\/01\/grandvalira-circuit.jpg","datePublished":"2008-02-04T07:44:13+00:00","dateModified":"2020-08-12T11:58:32+00:00","breadcrumb":{"@id":"https:\/\/www.subaru.es\/blog\/nuestra-marca\/thierry-brun-segundo-en-el-grandvalira-circuit\/#breadcrumb"},"inLanguage":"es","potentialAction":[{"@type":"ReadAction","target":["https:\/\/www.subaru.es\/blog\/nuestra-marca\/thierry-brun-segundo-en-el-grandvalira-circuit\/"]}]},{"@type":"ImageObject","inLanguage":"es","@id":"https:\/\/www.subaru.es\/blog\/nuestra-marca\/thierry-brun-segundo-en-el-grandvalira-circuit\/#primaryimage","url":"https:\/\/www.subaru.es\/blog\/wp-content\/uploads\/2008\/01\/grandvalira-circuit.jpg","contentUrl":"https:\/\/www.subaru.es\/blog\/wp-content\/uploads\/2008\/01\/grandvalira-circuit.jpg","width":460,"height":329},{"@type":"BreadcrumbList","@id":"https:\/\/www.subaru.es\/blog\/nuestra-marca\/thierry-brun-segundo-en-el-grandvalira-circuit\/#breadcrumb","itemListElement":[{"@type":"ListItem","position":1,"name":"Portada","item":"https:\/\/www.subaru.es\/blog\/"},{"@type":"ListItem","position":2,"name":"Thierry Brun, segundo en el Grandvalira-Circuit"}]},{"@type":"WebSite","@id":"https:\/\/www.subaru.es\/blog\/#website","url":"https:\/\/www.subaru.es\/blog\/","name":"Universo Subaru","description":"Descubre este apasionante espacio de Subaru donde vas a conocer todo sobre nuestros coches y las experiencias que vivimos con ellos. Si est\u00e1s preparado para dejarte seducir por la filosof\u00eda Subaru, qu\u00e9date con nosotros.","publisher":{"@id":"https:\/\/www.subaru.es\/blog\/#organization"},"potentialAction":[{"@type":"SearchAction","target":{"@type":"EntryPoint","urlTemplate":"https:\/\/www.subaru.es\/blog\/?s={search_term_string}"},"query-input":{"@type":"PropertyValueSpecification","valueRequired":true,"valueName":"search_term_string"}}],"inLanguage":"es"},{"@type":"Organization","@id":"https:\/\/www.subaru.es\/blog\/#organization","name":"Subaru Espa\u00f1a S.A.","url":"https:\/\/www.subaru.es\/blog\/","logo":{"@type":"ImageObject","inLanguage":"es","@id":"https:\/\/www.subaru.es\/blog\/#\/schema\/logo\/image\/","url":"https:\/\/www.subaru.es\/blog\/wp-content\/uploads\/2016\/12\/Logo-Subaru-TypeV_C300-scaled.jpg","contentUrl":"https:\/\/www.subaru.es\/blog\/wp-content\/uploads\/2016\/12\/Logo-Subaru-TypeV_C300-scaled.jpg","width":2560,"height":1864,"caption":"Subaru Espa\u00f1a S.A."},"image":{"@id":"https:\/\/www.subaru.es\/blog\/#\/schema\/logo\/image\/"},"sameAs":["https:\/\/www.facebook.com\/subaruespana","https:\/\/www.instagram.com\/subarues\/","https:\/\/www.youtube.com\/user\/subaruespana"]},{"@type":"Person","@id":"https:\/\/www.subaru.es\/blog\/#\/schema\/person\/19a90b892230b8e0ec752704ddf4aa10","name":"Subaru","url":"https:\/\/www.subaru.es\/blog\/author\/subaria\/"}]}},"_links":{"self":[{"href":"https:\/\/www.subaru.es\/blog\/wp-json\/wp\/v2\/posts\/550","targetHints":{"allow":["GET"]}}],"collection":[{"href":"https:\/\/www.subaru.es\/blog\/wp-json\/wp\/v2\/posts"}],"about":[{"href":"https:\/\/www.subaru.es\/blog\/wp-json\/wp\/v2\/types\/post"}],"author":[{"embeddable":true,"href":"https:\/\/www.subaru.es\/blog\/wp-json\/wp\/v2\/users\/21"}],"replies":[{"embeddable":true,"href":"https:\/\/www.subaru.es\/blog\/wp-json\/wp\/v2\/comments?post=550"}],"version-history":[{"count":2,"href":"https:\/\/www.subaru.es\/blog\/wp-json\/wp\/v2\/posts\/550\/revisions"}],"predecessor-version":[{"id":22392,"href":"https:\/\/www.subaru.es\/blog\/wp-json\/wp\/v2\/posts\/550\/revisions\/22392"}],"wp:featuredmedia":[{"embeddable":true,"href":"https:\/\/www.subaru.es\/blog\/wp-json\/wp\/v2\/media\/549"}],"wp:attachment":[{"href":"https:\/\/www.subaru.es\/blog\/wp-json\/wp\/v2\/media?parent=550"}],"wp:term":[{"taxonomy":"category","embeddable":true,"href":"https:\/\/www.subaru.es\/blog\/wp-json\/wp\/v2\/categories?post=550"},{"taxonomy":"post_tag","embeddable":true,"href":"https:\/\/www.subaru.es\/blog\/wp-json\/wp\/v2\/tags?post=550"}],"curies":[{"name":"wp","href":"https:\/\/api.w.org\/{rel}","templated":true}]}}