{"id":540,"date":"2008-01-30T08:46:20","date_gmt":"2008-01-30T06:46:20","guid":{"rendered":"http:\/\/subaru.preproduccion.com\/blog\/wp-content\/2008\/01\/30\/nace-subaru-mondraker\/"},"modified":"2020-08-12T14:00:10","modified_gmt":"2020-08-12T12:00:10","slug":"nace-subaru-mondraker","status":"publish","type":"post","link":"https:\/\/www.subaru.es\/blog\/subaru-lifestyle\/nace-subaru-mondraker\/","title":{"rendered":"Nace Subaru Mondraker"},"content":{"rendered":"<p>Puesta en escena del reci\u00e9n estrenado equipo de ciclismo mountain bike <strong><a href=\"http:\/\/www.fabienbarel.com\/\">Subaru Mondraker<\/a><\/strong>, capitaneado por el franc\u00e9s <a href=\"http:\/\/fr.wikipedia.org\/wiki\/Fabien_Barel\"><strong>Fabien Barel<\/strong><\/a>, campe\u00f3n del mundo 2004 y 2005 y campe\u00f3n de Francia 2006 y 2007.<\/p>\n<p><img decoding=\"async\" data-src=\"https:\/\/www.subaru.es\/blog\/wp-content\/uploads\/2008\/01\/subaru-mondraker.jpg\" alt=\"Subaru Mondraker\" src=\"data:image\/svg+xml;base64,PHN2ZyB3aWR0aD0iMSIgaGVpZ2h0PSIxIiB4bWxucz0iaHR0cDovL3d3dy53My5vcmcvMjAwMC9zdmciPjwvc3ZnPg==\" class=\"lazyload\" style=\"--smush-placeholder-width: 475px; --smush-placeholder-aspect-ratio: 475\/305;\"><\/p>\n<p>Hasta la estaci\u00f3n francesa de <strong>Tignes<\/strong>, a 2.300m de altura, se desplaz\u00f3 el equipo de Fabien Barel al completo para realizar la primera aparici\u00f3n p\u00fablica del <strong>Subaru Mondraker<\/strong> con motivo del <strong><a href=\"http:\/\/www.tignesairwaves.com\/site_uk\/index.html\" target=\"_blank\" rel=\"noopener noreferrer\">Tignes Airwaves<\/a><\/strong>, en el que se re\u00fanen algunos de los mejores riders del circuito.<\/p>\n<p>El evento ha servido para darse a conocer a la Prensa como grupo y que sepamos algunas de las actividades planificadas por Subaru Mondraker para este a\u00f1o, tales como el <strong>cursillo de conducci\u00f3n sobre hielo<\/strong> o las <strong>carreras de buggies sobre nieve<\/strong>.<\/p>\n<p><center><img decoding=\"async\" src=\"https:\/\/www.subaru.es\/blog\/wp-content\/uploads\/2008\/01\/subaru-mondraker2.bmp\" alt=\"Equipo Subaru Mondraker\"><\/center><\/p>\n<p>Riders, t\u00e9cnicos y dem\u00e1s representantes del equipo se desplazaron para disputar la <strong>Kaiser WCS<\/strong> en la competici\u00f3n de 4x sobre nieve. Lo m\u00e1s destacable fue la clasificaci\u00f3n de <strong>Damien <\/strong>para semifinales. Lo peor fue la imposibilidad de <strong>Barel <\/strong>para disputar la 4x. Con dos dedos dislocados durante un entreno ser\u00e1 baja durante los pr\u00f3ximos diez d\u00edas.<\/p>\n","protected":false},"excerpt":{"rendered":"<p>Puesta en escena del reci\u00e9n estrenado equipo de ciclismo mountain bike Subaru Mondraker, capitaneado por el franc\u00e9s Fabien Barel, campe\u00f3n del mundo 2004 y 2005 y campe\u00f3n de Francia 2006 y 2007. Hasta la estaci\u00f3n francesa de Tignes, a 2.300m de altura, se desplaz\u00f3 el equipo de Fabien Barel al completo para realizar la primera [&hellip;]<\/p>\n","protected":false},"author":21,"featured_media":541,"comment_status":"open","ping_status":"open","sticky":false,"template":"","format":"standard","meta":{"_acf_changed":false,"_eb_attr":"","inline_featured_image":false,"footnotes":""},"categories":[4520],"tags":[97,99,100,96,95,98,4390],"class_list":["post-540","post","type-post","status-publish","format-standard","has-post-thumbnail","hentry","category-subaru-lifestyle","tag-barel","tag-bike","tag-damien","tag-fabien","tag-mondraker","tag-mountain","tag-subaru"],"acf":[],"yoast_head":"<!-- This site is optimized with the Yoast SEO plugin v27.3 - https:\/\/yoast.com\/product\/yoast-seo-wordpress\/ -->\n<title>Nace Subaru Mondraker - Universo Subaru<\/title>\n<meta name=\"robots\" content=\"index, follow, max-snippet:-1, max-image-preview:large, max-video-preview:-1\" \/>\n<link rel=\"canonical\" href=\"https:\/\/www.subaru.es\/blog\/subaru-lifestyle\/nace-subaru-mondraker\/\" \/>\n<meta property=\"og:locale\" content=\"es_ES\" \/>\n<meta property=\"og:type\" content=\"article\" \/>\n<meta property=\"og:title\" content=\"Nace Subaru Mondraker - Universo Subaru\" \/>\n<meta property=\"og:description\" content=\"Puesta en escena del reci\u00e9n estrenado equipo de ciclismo mountain bike Subaru Mondraker, capitaneado por el franc\u00e9s Fabien Barel, campe\u00f3n del mundo 2004 y 2005 y campe\u00f3n de Francia 2006 y 2007. Hasta la estaci\u00f3n francesa de Tignes, a 2.300m de altura, se desplaz\u00f3 el equipo de Fabien Barel al completo para realizar la primera [&hellip;]\" \/>\n<meta property=\"og:url\" content=\"https:\/\/www.subaru.es\/blog\/subaru-lifestyle\/nace-subaru-mondraker\/\" \/>\n<meta property=\"og:site_name\" content=\"Universo Subaru\" \/>\n<meta property=\"article:publisher\" content=\"https:\/\/www.facebook.com\/subaruespana\" \/>\n<meta property=\"article:published_time\" content=\"2008-01-30T06:46:20+00:00\" \/>\n<meta property=\"article:modified_time\" content=\"2020-08-12T12:00:10+00:00\" \/>\n<meta property=\"og:image\" content=\"https:\/\/www.subaru.es\/blog\/wp-content\/uploads\/2008\/01\/subaru-mondraker.jpg\" \/>\n\t<meta property=\"og:image:width\" content=\"475\" \/>\n\t<meta property=\"og:image:height\" content=\"305\" \/>\n\t<meta property=\"og:image:type\" content=\"image\/jpeg\" \/>\n<meta name=\"author\" content=\"Subaru\" \/>\n<meta name=\"twitter:card\" content=\"summary_large_image\" \/>\n<meta name=\"twitter:label1\" content=\"Escrito por\" \/>\n\t<meta name=\"twitter:data1\" content=\"Subaru\" \/>\n\t<meta name=\"twitter:label2\" content=\"Tiempo de lectura\" \/>\n\t<meta name=\"twitter:data2\" content=\"1 minuto\" \/>\n<script type=\"application\/ld+json\" class=\"yoast-schema-graph\">{\"@context\":\"https:\\\/\\\/schema.org\",\"@graph\":[{\"@type\":\"Article\",\"@id\":\"https:\\\/\\\/www.subaru.es\\\/blog\\\/subaru-lifestyle\\\/nace-subaru-mondraker\\\/#article\",\"isPartOf\":{\"@id\":\"https:\\\/\\\/www.subaru.es\\\/blog\\\/subaru-lifestyle\\\/nace-subaru-mondraker\\\/\"},\"author\":{\"name\":\"Subaru\",\"@id\":\"https:\\\/\\\/www.subaru.es\\\/blog\\\/#\\\/schema\\\/person\\\/19a90b892230b8e0ec752704ddf4aa10\"},\"headline\":\"Nace Subaru Mondraker\",\"datePublished\":\"2008-01-30T06:46:20+00:00\",\"dateModified\":\"2020-08-12T12:00:10+00:00\",\"mainEntityOfPage\":{\"@id\":\"https:\\\/\\\/www.subaru.es\\\/blog\\\/subaru-lifestyle\\\/nace-subaru-mondraker\\\/\"},\"wordCount\":191,\"commentCount\":2,\"publisher\":{\"@id\":\"https:\\\/\\\/www.subaru.es\\\/blog\\\/#organization\"},\"image\":{\"@id\":\"https:\\\/\\\/www.subaru.es\\\/blog\\\/subaru-lifestyle\\\/nace-subaru-mondraker\\\/#primaryimage\"},\"thumbnailUrl\":\"https:\\\/\\\/www.subaru.es\\\/blog\\\/wp-content\\\/uploads\\\/2008\\\/01\\\/subaru-mondraker.jpg\",\"keywords\":[\"barel\",\"bike\",\"damien\",\"fabien\",\"mondraker\",\"mountain\",\"Subaru\"],\"articleSection\":[\"Subaru LifeStyle\"],\"inLanguage\":\"es\",\"potentialAction\":[{\"@type\":\"CommentAction\",\"name\":\"Comment\",\"target\":[\"https:\\\/\\\/www.subaru.es\\\/blog\\\/subaru-lifestyle\\\/nace-subaru-mondraker\\\/#respond\"]}]},{\"@type\":\"WebPage\",\"@id\":\"https:\\\/\\\/www.subaru.es\\\/blog\\\/subaru-lifestyle\\\/nace-subaru-mondraker\\\/\",\"url\":\"https:\\\/\\\/www.subaru.es\\\/blog\\\/subaru-lifestyle\\\/nace-subaru-mondraker\\\/\",\"name\":\"Nace Subaru Mondraker - Universo Subaru\",\"isPartOf\":{\"@id\":\"https:\\\/\\\/www.subaru.es\\\/blog\\\/#website\"},\"primaryImageOfPage\":{\"@id\":\"https:\\\/\\\/www.subaru.es\\\/blog\\\/subaru-lifestyle\\\/nace-subaru-mondraker\\\/#primaryimage\"},\"image\":{\"@id\":\"https:\\\/\\\/www.subaru.es\\\/blog\\\/subaru-lifestyle\\\/nace-subaru-mondraker\\\/#primaryimage\"},\"thumbnailUrl\":\"https:\\\/\\\/www.subaru.es\\\/blog\\\/wp-content\\\/uploads\\\/2008\\\/01\\\/subaru-mondraker.jpg\",\"datePublished\":\"2008-01-30T06:46:20+00:00\",\"dateModified\":\"2020-08-12T12:00:10+00:00\",\"breadcrumb\":{\"@id\":\"https:\\\/\\\/www.subaru.es\\\/blog\\\/subaru-lifestyle\\\/nace-subaru-mondraker\\\/#breadcrumb\"},\"inLanguage\":\"es\",\"potentialAction\":[{\"@type\":\"ReadAction\",\"target\":[\"https:\\\/\\\/www.subaru.es\\\/blog\\\/subaru-lifestyle\\\/nace-subaru-mondraker\\\/\"]}]},{\"@type\":\"ImageObject\",\"inLanguage\":\"es\",\"@id\":\"https:\\\/\\\/www.subaru.es\\\/blog\\\/subaru-lifestyle\\\/nace-subaru-mondraker\\\/#primaryimage\",\"url\":\"https:\\\/\\\/www.subaru.es\\\/blog\\\/wp-content\\\/uploads\\\/2008\\\/01\\\/subaru-mondraker.jpg\",\"contentUrl\":\"https:\\\/\\\/www.subaru.es\\\/blog\\\/wp-content\\\/uploads\\\/2008\\\/01\\\/subaru-mondraker.jpg\",\"width\":475,\"height\":305},{\"@type\":\"BreadcrumbList\",\"@id\":\"https:\\\/\\\/www.subaru.es\\\/blog\\\/subaru-lifestyle\\\/nace-subaru-mondraker\\\/#breadcrumb\",\"itemListElement\":[{\"@type\":\"ListItem\",\"position\":1,\"name\":\"Portada\",\"item\":\"https:\\\/\\\/www.subaru.es\\\/blog\\\/\"},{\"@type\":\"ListItem\",\"position\":2,\"name\":\"Nace Subaru Mondraker\"}]},{\"@type\":\"WebSite\",\"@id\":\"https:\\\/\\\/www.subaru.es\\\/blog\\\/#website\",\"url\":\"https:\\\/\\\/www.subaru.es\\\/blog\\\/\",\"name\":\"Universo Subaru\",\"description\":\"Descubre este apasionante espacio de Subaru donde vas a conocer todo sobre nuestros coches y las experiencias que vivimos con ellos. Si est\u00e1s preparado para dejarte seducir por la filosof\u00eda Subaru, qu\u00e9date con nosotros.\",\"publisher\":{\"@id\":\"https:\\\/\\\/www.subaru.es\\\/blog\\\/#organization\"},\"potentialAction\":[{\"@type\":\"SearchAction\",\"target\":{\"@type\":\"EntryPoint\",\"urlTemplate\":\"https:\\\/\\\/www.subaru.es\\\/blog\\\/?s={search_term_string}\"},\"query-input\":{\"@type\":\"PropertyValueSpecification\",\"valueRequired\":true,\"valueName\":\"search_term_string\"}}],\"inLanguage\":\"es\"},{\"@type\":\"Organization\",\"@id\":\"https:\\\/\\\/www.subaru.es\\\/blog\\\/#organization\",\"name\":\"Subaru Espa\u00f1a S.A.\",\"url\":\"https:\\\/\\\/www.subaru.es\\\/blog\\\/\",\"logo\":{\"@type\":\"ImageObject\",\"inLanguage\":\"es\",\"@id\":\"https:\\\/\\\/www.subaru.es\\\/blog\\\/#\\\/schema\\\/logo\\\/image\\\/\",\"url\":\"https:\\\/\\\/www.subaru.es\\\/blog\\\/wp-content\\\/uploads\\\/2016\\\/12\\\/Logo-Subaru-TypeV_C300-scaled.jpg\",\"contentUrl\":\"https:\\\/\\\/www.subaru.es\\\/blog\\\/wp-content\\\/uploads\\\/2016\\\/12\\\/Logo-Subaru-TypeV_C300-scaled.jpg\",\"width\":2560,\"height\":1864,\"caption\":\"Subaru Espa\u00f1a S.A.\"},\"image\":{\"@id\":\"https:\\\/\\\/www.subaru.es\\\/blog\\\/#\\\/schema\\\/logo\\\/image\\\/\"},\"sameAs\":[\"https:\\\/\\\/www.facebook.com\\\/subaruespana\",\"https:\\\/\\\/www.instagram.com\\\/subarues\\\/\",\"https:\\\/\\\/www.youtube.com\\\/user\\\/subaruespana\"]},{\"@type\":\"Person\",\"@id\":\"https:\\\/\\\/www.subaru.es\\\/blog\\\/#\\\/schema\\\/person\\\/19a90b892230b8e0ec752704ddf4aa10\",\"name\":\"Subaru\",\"url\":\"https:\\\/\\\/www.subaru.es\\\/blog\\\/author\\\/subaria\\\/\"}]}<\/script>\n<!-- \/ Yoast SEO plugin. -->","yoast_head_json":{"title":"Nace Subaru Mondraker - Universo Subaru","robots":{"index":"index","follow":"follow","max-snippet":"max-snippet:-1","max-image-preview":"max-image-preview:large","max-video-preview":"max-video-preview:-1"},"canonical":"https:\/\/www.subaru.es\/blog\/subaru-lifestyle\/nace-subaru-mondraker\/","og_locale":"es_ES","og_type":"article","og_title":"Nace Subaru Mondraker - Universo Subaru","og_description":"Puesta en escena del reci\u00e9n estrenado equipo de ciclismo mountain bike Subaru Mondraker, capitaneado por el franc\u00e9s Fabien Barel, campe\u00f3n del mundo 2004 y 2005 y campe\u00f3n de Francia 2006 y 2007. Hasta la estaci\u00f3n francesa de Tignes, a 2.300m de altura, se desplaz\u00f3 el equipo de Fabien Barel al completo para realizar la primera [&hellip;]","og_url":"https:\/\/www.subaru.es\/blog\/subaru-lifestyle\/nace-subaru-mondraker\/","og_site_name":"Universo Subaru","article_publisher":"https:\/\/www.facebook.com\/subaruespana","article_published_time":"2008-01-30T06:46:20+00:00","article_modified_time":"2020-08-12T12:00:10+00:00","og_image":[{"width":475,"height":305,"url":"https:\/\/www.subaru.es\/blog\/wp-content\/uploads\/2008\/01\/subaru-mondraker.jpg","type":"image\/jpeg"}],"author":"Subaru","twitter_card":"summary_large_image","twitter_misc":{"Escrito por":"Subaru","Tiempo de lectura":"1 minuto"},"schema":{"@context":"https:\/\/schema.org","@graph":[{"@type":"Article","@id":"https:\/\/www.subaru.es\/blog\/subaru-lifestyle\/nace-subaru-mondraker\/#article","isPartOf":{"@id":"https:\/\/www.subaru.es\/blog\/subaru-lifestyle\/nace-subaru-mondraker\/"},"author":{"name":"Subaru","@id":"https:\/\/www.subaru.es\/blog\/#\/schema\/person\/19a90b892230b8e0ec752704ddf4aa10"},"headline":"Nace Subaru Mondraker","datePublished":"2008-01-30T06:46:20+00:00","dateModified":"2020-08-12T12:00:10+00:00","mainEntityOfPage":{"@id":"https:\/\/www.subaru.es\/blog\/subaru-lifestyle\/nace-subaru-mondraker\/"},"wordCount":191,"commentCount":2,"publisher":{"@id":"https:\/\/www.subaru.es\/blog\/#organization"},"image":{"@id":"https:\/\/www.subaru.es\/blog\/subaru-lifestyle\/nace-subaru-mondraker\/#primaryimage"},"thumbnailUrl":"https:\/\/www.subaru.es\/blog\/wp-content\/uploads\/2008\/01\/subaru-mondraker.jpg","keywords":["barel","bike","damien","fabien","mondraker","mountain","Subaru"],"articleSection":["Subaru LifeStyle"],"inLanguage":"es","potentialAction":[{"@type":"CommentAction","name":"Comment","target":["https:\/\/www.subaru.es\/blog\/subaru-lifestyle\/nace-subaru-mondraker\/#respond"]}]},{"@type":"WebPage","@id":"https:\/\/www.subaru.es\/blog\/subaru-lifestyle\/nace-subaru-mondraker\/","url":"https:\/\/www.subaru.es\/blog\/subaru-lifestyle\/nace-subaru-mondraker\/","name":"Nace Subaru Mondraker - Universo Subaru","isPartOf":{"@id":"https:\/\/www.subaru.es\/blog\/#website"},"primaryImageOfPage":{"@id":"https:\/\/www.subaru.es\/blog\/subaru-lifestyle\/nace-subaru-mondraker\/#primaryimage"},"image":{"@id":"https:\/\/www.subaru.es\/blog\/subaru-lifestyle\/nace-subaru-mondraker\/#primaryimage"},"thumbnailUrl":"https:\/\/www.subaru.es\/blog\/wp-content\/uploads\/2008\/01\/subaru-mondraker.jpg","datePublished":"2008-01-30T06:46:20+00:00","dateModified":"2020-08-12T12:00:10+00:00","breadcrumb":{"@id":"https:\/\/www.subaru.es\/blog\/subaru-lifestyle\/nace-subaru-mondraker\/#breadcrumb"},"inLanguage":"es","potentialAction":[{"@type":"ReadAction","target":["https:\/\/www.subaru.es\/blog\/subaru-lifestyle\/nace-subaru-mondraker\/"]}]},{"@type":"ImageObject","inLanguage":"es","@id":"https:\/\/www.subaru.es\/blog\/subaru-lifestyle\/nace-subaru-mondraker\/#primaryimage","url":"https:\/\/www.subaru.es\/blog\/wp-content\/uploads\/2008\/01\/subaru-mondraker.jpg","contentUrl":"https:\/\/www.subaru.es\/blog\/wp-content\/uploads\/2008\/01\/subaru-mondraker.jpg","width":475,"height":305},{"@type":"BreadcrumbList","@id":"https:\/\/www.subaru.es\/blog\/subaru-lifestyle\/nace-subaru-mondraker\/#breadcrumb","itemListElement":[{"@type":"ListItem","position":1,"name":"Portada","item":"https:\/\/www.subaru.es\/blog\/"},{"@type":"ListItem","position":2,"name":"Nace Subaru Mondraker"}]},{"@type":"WebSite","@id":"https:\/\/www.subaru.es\/blog\/#website","url":"https:\/\/www.subaru.es\/blog\/","name":"Universo Subaru","description":"Descubre este apasionante espacio de Subaru donde vas a conocer todo sobre nuestros coches y las experiencias que vivimos con ellos. Si est\u00e1s preparado para dejarte seducir por la filosof\u00eda Subaru, qu\u00e9date con nosotros.","publisher":{"@id":"https:\/\/www.subaru.es\/blog\/#organization"},"potentialAction":[{"@type":"SearchAction","target":{"@type":"EntryPoint","urlTemplate":"https:\/\/www.subaru.es\/blog\/?s={search_term_string}"},"query-input":{"@type":"PropertyValueSpecification","valueRequired":true,"valueName":"search_term_string"}}],"inLanguage":"es"},{"@type":"Organization","@id":"https:\/\/www.subaru.es\/blog\/#organization","name":"Subaru Espa\u00f1a S.A.","url":"https:\/\/www.subaru.es\/blog\/","logo":{"@type":"ImageObject","inLanguage":"es","@id":"https:\/\/www.subaru.es\/blog\/#\/schema\/logo\/image\/","url":"https:\/\/www.subaru.es\/blog\/wp-content\/uploads\/2016\/12\/Logo-Subaru-TypeV_C300-scaled.jpg","contentUrl":"https:\/\/www.subaru.es\/blog\/wp-content\/uploads\/2016\/12\/Logo-Subaru-TypeV_C300-scaled.jpg","width":2560,"height":1864,"caption":"Subaru Espa\u00f1a S.A."},"image":{"@id":"https:\/\/www.subaru.es\/blog\/#\/schema\/logo\/image\/"},"sameAs":["https:\/\/www.facebook.com\/subaruespana","https:\/\/www.instagram.com\/subarues\/","https:\/\/www.youtube.com\/user\/subaruespana"]},{"@type":"Person","@id":"https:\/\/www.subaru.es\/blog\/#\/schema\/person\/19a90b892230b8e0ec752704ddf4aa10","name":"Subaru","url":"https:\/\/www.subaru.es\/blog\/author\/subaria\/"}]}},"_links":{"self":[{"href":"https:\/\/www.subaru.es\/blog\/wp-json\/wp\/v2\/posts\/540","targetHints":{"allow":["GET"]}}],"collection":[{"href":"https:\/\/www.subaru.es\/blog\/wp-json\/wp\/v2\/posts"}],"about":[{"href":"https:\/\/www.subaru.es\/blog\/wp-json\/wp\/v2\/types\/post"}],"author":[{"embeddable":true,"href":"https:\/\/www.subaru.es\/blog\/wp-json\/wp\/v2\/users\/21"}],"replies":[{"embeddable":true,"href":"https:\/\/www.subaru.es\/blog\/wp-json\/wp\/v2\/comments?post=540"}],"version-history":[{"count":3,"href":"https:\/\/www.subaru.es\/blog\/wp-json\/wp\/v2\/posts\/540\/revisions"}],"predecessor-version":[{"id":22396,"href":"https:\/\/www.subaru.es\/blog\/wp-json\/wp\/v2\/posts\/540\/revisions\/22396"}],"wp:featuredmedia":[{"embeddable":true,"href":"https:\/\/www.subaru.es\/blog\/wp-json\/wp\/v2\/media\/541"}],"wp:attachment":[{"href":"https:\/\/www.subaru.es\/blog\/wp-json\/wp\/v2\/media?parent=540"}],"wp:term":[{"taxonomy":"category","embeddable":true,"href":"https:\/\/www.subaru.es\/blog\/wp-json\/wp\/v2\/categories?post=540"},{"taxonomy":"post_tag","embeddable":true,"href":"https:\/\/www.subaru.es\/blog\/wp-json\/wp\/v2\/tags?post=540"}],"curies":[{"name":"wp","href":"https:\/\/api.w.org\/{rel}","templated":true}]}}