{"id":524,"date":"2008-01-24T14:28:00","date_gmt":"2008-01-24T12:28:00","guid":{"rendered":"http:\/\/subaru.preproduccion.com\/blog\/wp-content\/2008\/01\/24\/swrt-impresiones-previas-a-montecarlo\/"},"modified":"2016-10-17T15:11:38","modified_gmt":"2016-10-17T13:11:38","slug":"swrt-impresiones-previas-a-montecarlo","status":"publish","type":"post","link":"https:\/\/www.subaru.es\/blog\/nuestra-marca\/swrt-impresiones-previas-a-montecarlo\/","title":{"rendered":"SWRT: impresiones previas a Montecarlo"},"content":{"rendered":"<p>Todo est\u00e1 listo para la primera prueba del <a href=\"https:\/\/www.subaru.es\/blog\/category\/wrc\/\">campeonato mundial de rallyes 2008<\/a>. Los chicos del <strong>Subaru World Rallye Team<\/strong> ultiman los preparativos para tomar salida del <strong>gran premio de Montecarlo<\/strong>, que recibir\u00e1 el pistoletazo de salida este jueves d\u00eda 24 de enero.<\/p>\n<p>Os dejamos a continuaci\u00f3n una recopilaci\u00f3n de las sensaciones previas al evento entre los miembros del equipo y sus impresiones sobre las claves que decidir\u00e1n el resultado final:<\/p>\n<p><center><img data-src='https:\/\/www.subaru.es\/blog\/wp-content\/uploads\/2008\/01\/swrt.jpg' alt='Subaru World Rally Team' src='data:image\/svg+xml;base64,PHN2ZyB3aWR0aD0iMSIgaGVpZ2h0PSIxIiB4bWxucz0iaHR0cDovL3d3dy53My5vcmcvMjAwMC9zdmciPjwvc3ZnPg==' class='lazyload' style='--smush-placeholder-width: 495px; --smush-placeholder-aspect-ratio: 495\/144;' \/><\/center><\/p>\n<blockquote><p>\u00abHabr\u00e1 un mont\u00f3n de nieve y creo que Montecarlo es siempre dif\u00edcil de todos modos, eso es seguro. Ser\u00e1 clave qui\u00e9n pueda sacar el m\u00e1ximo partido de sus neum\u00e1ticos y adaptarse a las condiciones m\u00e1s r\u00e1pido\u00bb<br \/>\n<strong>Petter Solberg, Piloto<\/strong><\/p><\/blockquote>\n<blockquote><p>\u00abNunca he hecho esta carrera con nieve as\u00ed que ser\u00e1 nuevo para m\u00ed. Las dos veces que he corrido aqu\u00ed hemos tenido buenos resultados, pero no puedo subestimar el reto que significa. Aunque la elecci\u00f3n de neum\u00e1ticos no es amplia, va a ser importante el momento de escoger cada uno de ellos y tenemos que estar pendientes de posibles pinchazos\u00bb<br \/>\n<strong>Chris Atkinson, Piloto<\/strong><\/p><\/blockquote>\n<blockquote><p>\u00abNo sorprender\u00e1 en absoluto que uno de nuestros pilotos suba al podio. Es una de esas carreras donde cualquier cosa puede pasar\u00bb<br \/>\n<strong>David Richards, Director Deportivo<\/strong><\/p><\/blockquote>\n<blockquote><p>\u00abEste a\u00f1o habr\u00e1 mucha nieve y etapas oscuras, as\u00ed que la consistencia y la optimizaci\u00f3n del nivel de agarre sobre un asfalto cambiante ser\u00e1 crucial para obtener un buen resultado\u00bb<br \/>\n<strong>Paul Howarth, Director de Operaciones<\/strong><\/p><\/blockquote>\n","protected":false},"excerpt":{"rendered":"<p>Todo est\u00e1 listo para la primera prueba del campeonato mundial de rallyes 2008. Los chicos del Subaru World Rallye Team ultiman los preparativos para tomar salida del gran premio de Montecarlo, que recibir\u00e1 el pistoletazo de salida este jueves d\u00eda 24 de enero. Os dejamos a continuaci\u00f3n una recopilaci\u00f3n de las sensaciones previas al evento [&hellip;]<\/p>\n","protected":false},"author":21,"featured_media":525,"comment_status":"open","ping_status":"open","sticky":false,"template":"","format":"standard","meta":{"_acf_changed":false,"_eb_attr":"","inline_featured_image":false,"footnotes":""},"categories":[4401],"tags":[46,45,43,4390,44,42],"class_list":["post-524","post","type-post","status-publish","format-standard","has-post-thumbnail","hentry","category-nuestra-marca","tag-declaraciones","tag-montecarlo","tag-rally","tag-subaru","tag-team","tag-world"],"acf":[],"yoast_head":"<!-- This site is optimized with the Yoast SEO plugin v27.3 - https:\/\/yoast.com\/product\/yoast-seo-wordpress\/ -->\n<title>SWRT: impresiones previas a Montecarlo - Universo Subaru<\/title>\n<meta name=\"robots\" content=\"index, follow, max-snippet:-1, max-image-preview:large, max-video-preview:-1\" \/>\n<link rel=\"canonical\" href=\"https:\/\/www.subaru.es\/blog\/nuestra-marca\/swrt-impresiones-previas-a-montecarlo\/\" \/>\n<meta property=\"og:locale\" content=\"es_ES\" \/>\n<meta property=\"og:type\" content=\"article\" \/>\n<meta property=\"og:title\" content=\"SWRT: impresiones previas a Montecarlo - Universo Subaru\" \/>\n<meta property=\"og:description\" content=\"Todo est\u00e1 listo para la primera prueba del campeonato mundial de rallyes 2008. Los chicos del Subaru World Rallye Team ultiman los preparativos para tomar salida del gran premio de Montecarlo, que recibir\u00e1 el pistoletazo de salida este jueves d\u00eda 24 de enero. Os dejamos a continuaci\u00f3n una recopilaci\u00f3n de las sensaciones previas al evento [&hellip;]\" \/>\n<meta property=\"og:url\" content=\"https:\/\/www.subaru.es\/blog\/nuestra-marca\/swrt-impresiones-previas-a-montecarlo\/\" \/>\n<meta property=\"og:site_name\" content=\"Universo Subaru\" \/>\n<meta property=\"article:publisher\" content=\"https:\/\/www.facebook.com\/subaruespana\" \/>\n<meta property=\"article:published_time\" content=\"2008-01-24T12:28:00+00:00\" \/>\n<meta property=\"article:modified_time\" content=\"2016-10-17T13:11:38+00:00\" \/>\n<meta property=\"og:image\" content=\"https:\/\/www.subaru.es\/blog\/wp-content\/uploads\/2008\/01\/swrt.jpg\" \/>\n\t<meta property=\"og:image:width\" content=\"495\" \/>\n\t<meta property=\"og:image:height\" content=\"144\" \/>\n\t<meta property=\"og:image:type\" content=\"image\/jpeg\" \/>\n<meta name=\"author\" content=\"Subaru\" \/>\n<meta name=\"twitter:card\" content=\"summary_large_image\" \/>\n<meta name=\"twitter:label1\" content=\"Escrito por\" \/>\n\t<meta name=\"twitter:data1\" content=\"Subaru\" \/>\n\t<meta name=\"twitter:label2\" content=\"Tiempo de lectura\" \/>\n\t<meta name=\"twitter:data2\" content=\"1 minuto\" \/>\n<script type=\"application\/ld+json\" class=\"yoast-schema-graph\">{\"@context\":\"https:\\\/\\\/schema.org\",\"@graph\":[{\"@type\":\"Article\",\"@id\":\"https:\\\/\\\/www.subaru.es\\\/blog\\\/nuestra-marca\\\/swrt-impresiones-previas-a-montecarlo\\\/#article\",\"isPartOf\":{\"@id\":\"https:\\\/\\\/www.subaru.es\\\/blog\\\/nuestra-marca\\\/swrt-impresiones-previas-a-montecarlo\\\/\"},\"author\":{\"name\":\"Subaru\",\"@id\":\"https:\\\/\\\/www.subaru.es\\\/blog\\\/#\\\/schema\\\/person\\\/19a90b892230b8e0ec752704ddf4aa10\"},\"headline\":\"SWRT: impresiones previas a Montecarlo\",\"datePublished\":\"2008-01-24T12:28:00+00:00\",\"dateModified\":\"2016-10-17T13:11:38+00:00\",\"mainEntityOfPage\":{\"@id\":\"https:\\\/\\\/www.subaru.es\\\/blog\\\/nuestra-marca\\\/swrt-impresiones-previas-a-montecarlo\\\/\"},\"wordCount\":252,\"commentCount\":2,\"publisher\":{\"@id\":\"https:\\\/\\\/www.subaru.es\\\/blog\\\/#organization\"},\"image\":{\"@id\":\"https:\\\/\\\/www.subaru.es\\\/blog\\\/nuestra-marca\\\/swrt-impresiones-previas-a-montecarlo\\\/#primaryimage\"},\"thumbnailUrl\":\"https:\\\/\\\/www.subaru.es\\\/blog\\\/wp-content\\\/uploads\\\/2008\\\/01\\\/swrt.jpg\",\"keywords\":[\"declaraciones\",\"montecarlo\",\"rally\",\"Subaru\",\"team\",\"world\"],\"articleSection\":[\"Nuestra marca\"],\"inLanguage\":\"es\",\"potentialAction\":[{\"@type\":\"CommentAction\",\"name\":\"Comment\",\"target\":[\"https:\\\/\\\/www.subaru.es\\\/blog\\\/nuestra-marca\\\/swrt-impresiones-previas-a-montecarlo\\\/#respond\"]}]},{\"@type\":\"WebPage\",\"@id\":\"https:\\\/\\\/www.subaru.es\\\/blog\\\/nuestra-marca\\\/swrt-impresiones-previas-a-montecarlo\\\/\",\"url\":\"https:\\\/\\\/www.subaru.es\\\/blog\\\/nuestra-marca\\\/swrt-impresiones-previas-a-montecarlo\\\/\",\"name\":\"SWRT: impresiones previas a Montecarlo - Universo Subaru\",\"isPartOf\":{\"@id\":\"https:\\\/\\\/www.subaru.es\\\/blog\\\/#website\"},\"primaryImageOfPage\":{\"@id\":\"https:\\\/\\\/www.subaru.es\\\/blog\\\/nuestra-marca\\\/swrt-impresiones-previas-a-montecarlo\\\/#primaryimage\"},\"image\":{\"@id\":\"https:\\\/\\\/www.subaru.es\\\/blog\\\/nuestra-marca\\\/swrt-impresiones-previas-a-montecarlo\\\/#primaryimage\"},\"thumbnailUrl\":\"https:\\\/\\\/www.subaru.es\\\/blog\\\/wp-content\\\/uploads\\\/2008\\\/01\\\/swrt.jpg\",\"datePublished\":\"2008-01-24T12:28:00+00:00\",\"dateModified\":\"2016-10-17T13:11:38+00:00\",\"breadcrumb\":{\"@id\":\"https:\\\/\\\/www.subaru.es\\\/blog\\\/nuestra-marca\\\/swrt-impresiones-previas-a-montecarlo\\\/#breadcrumb\"},\"inLanguage\":\"es\",\"potentialAction\":[{\"@type\":\"ReadAction\",\"target\":[\"https:\\\/\\\/www.subaru.es\\\/blog\\\/nuestra-marca\\\/swrt-impresiones-previas-a-montecarlo\\\/\"]}]},{\"@type\":\"ImageObject\",\"inLanguage\":\"es\",\"@id\":\"https:\\\/\\\/www.subaru.es\\\/blog\\\/nuestra-marca\\\/swrt-impresiones-previas-a-montecarlo\\\/#primaryimage\",\"url\":\"https:\\\/\\\/www.subaru.es\\\/blog\\\/wp-content\\\/uploads\\\/2008\\\/01\\\/swrt.jpg\",\"contentUrl\":\"https:\\\/\\\/www.subaru.es\\\/blog\\\/wp-content\\\/uploads\\\/2008\\\/01\\\/swrt.jpg\",\"width\":495,\"height\":144},{\"@type\":\"BreadcrumbList\",\"@id\":\"https:\\\/\\\/www.subaru.es\\\/blog\\\/nuestra-marca\\\/swrt-impresiones-previas-a-montecarlo\\\/#breadcrumb\",\"itemListElement\":[{\"@type\":\"ListItem\",\"position\":1,\"name\":\"Portada\",\"item\":\"https:\\\/\\\/www.subaru.es\\\/blog\\\/\"},{\"@type\":\"ListItem\",\"position\":2,\"name\":\"SWRT: impresiones previas a Montecarlo\"}]},{\"@type\":\"WebSite\",\"@id\":\"https:\\\/\\\/www.subaru.es\\\/blog\\\/#website\",\"url\":\"https:\\\/\\\/www.subaru.es\\\/blog\\\/\",\"name\":\"Universo Subaru\",\"description\":\"Descubre este apasionante espacio de Subaru donde vas a conocer todo sobre nuestros coches y las experiencias que vivimos con ellos. Si est\u00e1s preparado para dejarte seducir por la filosof\u00eda Subaru, qu\u00e9date con nosotros.\",\"publisher\":{\"@id\":\"https:\\\/\\\/www.subaru.es\\\/blog\\\/#organization\"},\"potentialAction\":[{\"@type\":\"SearchAction\",\"target\":{\"@type\":\"EntryPoint\",\"urlTemplate\":\"https:\\\/\\\/www.subaru.es\\\/blog\\\/?s={search_term_string}\"},\"query-input\":{\"@type\":\"PropertyValueSpecification\",\"valueRequired\":true,\"valueName\":\"search_term_string\"}}],\"inLanguage\":\"es\"},{\"@type\":\"Organization\",\"@id\":\"https:\\\/\\\/www.subaru.es\\\/blog\\\/#organization\",\"name\":\"Subaru Espa\u00f1a S.A.\",\"url\":\"https:\\\/\\\/www.subaru.es\\\/blog\\\/\",\"logo\":{\"@type\":\"ImageObject\",\"inLanguage\":\"es\",\"@id\":\"https:\\\/\\\/www.subaru.es\\\/blog\\\/#\\\/schema\\\/logo\\\/image\\\/\",\"url\":\"https:\\\/\\\/www.subaru.es\\\/blog\\\/wp-content\\\/uploads\\\/2016\\\/12\\\/Logo-Subaru-TypeV_C300-scaled.jpg\",\"contentUrl\":\"https:\\\/\\\/www.subaru.es\\\/blog\\\/wp-content\\\/uploads\\\/2016\\\/12\\\/Logo-Subaru-TypeV_C300-scaled.jpg\",\"width\":2560,\"height\":1864,\"caption\":\"Subaru Espa\u00f1a S.A.\"},\"image\":{\"@id\":\"https:\\\/\\\/www.subaru.es\\\/blog\\\/#\\\/schema\\\/logo\\\/image\\\/\"},\"sameAs\":[\"https:\\\/\\\/www.facebook.com\\\/subaruespana\",\"https:\\\/\\\/www.instagram.com\\\/subarues\\\/\",\"https:\\\/\\\/www.youtube.com\\\/user\\\/subaruespana\"]},{\"@type\":\"Person\",\"@id\":\"https:\\\/\\\/www.subaru.es\\\/blog\\\/#\\\/schema\\\/person\\\/19a90b892230b8e0ec752704ddf4aa10\",\"name\":\"Subaru\",\"url\":\"https:\\\/\\\/www.subaru.es\\\/blog\\\/author\\\/subaria\\\/\"}]}<\/script>\n<!-- \/ Yoast SEO plugin. -->","yoast_head_json":{"title":"SWRT: impresiones previas a Montecarlo - Universo Subaru","robots":{"index":"index","follow":"follow","max-snippet":"max-snippet:-1","max-image-preview":"max-image-preview:large","max-video-preview":"max-video-preview:-1"},"canonical":"https:\/\/www.subaru.es\/blog\/nuestra-marca\/swrt-impresiones-previas-a-montecarlo\/","og_locale":"es_ES","og_type":"article","og_title":"SWRT: impresiones previas a Montecarlo - Universo Subaru","og_description":"Todo est\u00e1 listo para la primera prueba del campeonato mundial de rallyes 2008. Los chicos del Subaru World Rallye Team ultiman los preparativos para tomar salida del gran premio de Montecarlo, que recibir\u00e1 el pistoletazo de salida este jueves d\u00eda 24 de enero. Os dejamos a continuaci\u00f3n una recopilaci\u00f3n de las sensaciones previas al evento [&hellip;]","og_url":"https:\/\/www.subaru.es\/blog\/nuestra-marca\/swrt-impresiones-previas-a-montecarlo\/","og_site_name":"Universo Subaru","article_publisher":"https:\/\/www.facebook.com\/subaruespana","article_published_time":"2008-01-24T12:28:00+00:00","article_modified_time":"2016-10-17T13:11:38+00:00","og_image":[{"width":495,"height":144,"url":"https:\/\/www.subaru.es\/blog\/wp-content\/uploads\/2008\/01\/swrt.jpg","type":"image\/jpeg"}],"author":"Subaru","twitter_card":"summary_large_image","twitter_misc":{"Escrito por":"Subaru","Tiempo de lectura":"1 minuto"},"schema":{"@context":"https:\/\/schema.org","@graph":[{"@type":"Article","@id":"https:\/\/www.subaru.es\/blog\/nuestra-marca\/swrt-impresiones-previas-a-montecarlo\/#article","isPartOf":{"@id":"https:\/\/www.subaru.es\/blog\/nuestra-marca\/swrt-impresiones-previas-a-montecarlo\/"},"author":{"name":"Subaru","@id":"https:\/\/www.subaru.es\/blog\/#\/schema\/person\/19a90b892230b8e0ec752704ddf4aa10"},"headline":"SWRT: impresiones previas a Montecarlo","datePublished":"2008-01-24T12:28:00+00:00","dateModified":"2016-10-17T13:11:38+00:00","mainEntityOfPage":{"@id":"https:\/\/www.subaru.es\/blog\/nuestra-marca\/swrt-impresiones-previas-a-montecarlo\/"},"wordCount":252,"commentCount":2,"publisher":{"@id":"https:\/\/www.subaru.es\/blog\/#organization"},"image":{"@id":"https:\/\/www.subaru.es\/blog\/nuestra-marca\/swrt-impresiones-previas-a-montecarlo\/#primaryimage"},"thumbnailUrl":"https:\/\/www.subaru.es\/blog\/wp-content\/uploads\/2008\/01\/swrt.jpg","keywords":["declaraciones","montecarlo","rally","Subaru","team","world"],"articleSection":["Nuestra marca"],"inLanguage":"es","potentialAction":[{"@type":"CommentAction","name":"Comment","target":["https:\/\/www.subaru.es\/blog\/nuestra-marca\/swrt-impresiones-previas-a-montecarlo\/#respond"]}]},{"@type":"WebPage","@id":"https:\/\/www.subaru.es\/blog\/nuestra-marca\/swrt-impresiones-previas-a-montecarlo\/","url":"https:\/\/www.subaru.es\/blog\/nuestra-marca\/swrt-impresiones-previas-a-montecarlo\/","name":"SWRT: impresiones previas a Montecarlo - Universo Subaru","isPartOf":{"@id":"https:\/\/www.subaru.es\/blog\/#website"},"primaryImageOfPage":{"@id":"https:\/\/www.subaru.es\/blog\/nuestra-marca\/swrt-impresiones-previas-a-montecarlo\/#primaryimage"},"image":{"@id":"https:\/\/www.subaru.es\/blog\/nuestra-marca\/swrt-impresiones-previas-a-montecarlo\/#primaryimage"},"thumbnailUrl":"https:\/\/www.subaru.es\/blog\/wp-content\/uploads\/2008\/01\/swrt.jpg","datePublished":"2008-01-24T12:28:00+00:00","dateModified":"2016-10-17T13:11:38+00:00","breadcrumb":{"@id":"https:\/\/www.subaru.es\/blog\/nuestra-marca\/swrt-impresiones-previas-a-montecarlo\/#breadcrumb"},"inLanguage":"es","potentialAction":[{"@type":"ReadAction","target":["https:\/\/www.subaru.es\/blog\/nuestra-marca\/swrt-impresiones-previas-a-montecarlo\/"]}]},{"@type":"ImageObject","inLanguage":"es","@id":"https:\/\/www.subaru.es\/blog\/nuestra-marca\/swrt-impresiones-previas-a-montecarlo\/#primaryimage","url":"https:\/\/www.subaru.es\/blog\/wp-content\/uploads\/2008\/01\/swrt.jpg","contentUrl":"https:\/\/www.subaru.es\/blog\/wp-content\/uploads\/2008\/01\/swrt.jpg","width":495,"height":144},{"@type":"BreadcrumbList","@id":"https:\/\/www.subaru.es\/blog\/nuestra-marca\/swrt-impresiones-previas-a-montecarlo\/#breadcrumb","itemListElement":[{"@type":"ListItem","position":1,"name":"Portada","item":"https:\/\/www.subaru.es\/blog\/"},{"@type":"ListItem","position":2,"name":"SWRT: impresiones previas a Montecarlo"}]},{"@type":"WebSite","@id":"https:\/\/www.subaru.es\/blog\/#website","url":"https:\/\/www.subaru.es\/blog\/","name":"Universo Subaru","description":"Descubre este apasionante espacio de Subaru donde vas a conocer todo sobre nuestros coches y las experiencias que vivimos con ellos. Si est\u00e1s preparado para dejarte seducir por la filosof\u00eda Subaru, qu\u00e9date con nosotros.","publisher":{"@id":"https:\/\/www.subaru.es\/blog\/#organization"},"potentialAction":[{"@type":"SearchAction","target":{"@type":"EntryPoint","urlTemplate":"https:\/\/www.subaru.es\/blog\/?s={search_term_string}"},"query-input":{"@type":"PropertyValueSpecification","valueRequired":true,"valueName":"search_term_string"}}],"inLanguage":"es"},{"@type":"Organization","@id":"https:\/\/www.subaru.es\/blog\/#organization","name":"Subaru Espa\u00f1a S.A.","url":"https:\/\/www.subaru.es\/blog\/","logo":{"@type":"ImageObject","inLanguage":"es","@id":"https:\/\/www.subaru.es\/blog\/#\/schema\/logo\/image\/","url":"https:\/\/www.subaru.es\/blog\/wp-content\/uploads\/2016\/12\/Logo-Subaru-TypeV_C300-scaled.jpg","contentUrl":"https:\/\/www.subaru.es\/blog\/wp-content\/uploads\/2016\/12\/Logo-Subaru-TypeV_C300-scaled.jpg","width":2560,"height":1864,"caption":"Subaru Espa\u00f1a S.A."},"image":{"@id":"https:\/\/www.subaru.es\/blog\/#\/schema\/logo\/image\/"},"sameAs":["https:\/\/www.facebook.com\/subaruespana","https:\/\/www.instagram.com\/subarues\/","https:\/\/www.youtube.com\/user\/subaruespana"]},{"@type":"Person","@id":"https:\/\/www.subaru.es\/blog\/#\/schema\/person\/19a90b892230b8e0ec752704ddf4aa10","name":"Subaru","url":"https:\/\/www.subaru.es\/blog\/author\/subaria\/"}]}},"_links":{"self":[{"href":"https:\/\/www.subaru.es\/blog\/wp-json\/wp\/v2\/posts\/524","targetHints":{"allow":["GET"]}}],"collection":[{"href":"https:\/\/www.subaru.es\/blog\/wp-json\/wp\/v2\/posts"}],"about":[{"href":"https:\/\/www.subaru.es\/blog\/wp-json\/wp\/v2\/types\/post"}],"author":[{"embeddable":true,"href":"https:\/\/www.subaru.es\/blog\/wp-json\/wp\/v2\/users\/21"}],"replies":[{"embeddable":true,"href":"https:\/\/www.subaru.es\/blog\/wp-json\/wp\/v2\/comments?post=524"}],"version-history":[{"count":1,"href":"https:\/\/www.subaru.es\/blog\/wp-json\/wp\/v2\/posts\/524\/revisions"}],"predecessor-version":[{"id":16226,"href":"https:\/\/www.subaru.es\/blog\/wp-json\/wp\/v2\/posts\/524\/revisions\/16226"}],"wp:featuredmedia":[{"embeddable":true,"href":"https:\/\/www.subaru.es\/blog\/wp-json\/wp\/v2\/media\/525"}],"wp:attachment":[{"href":"https:\/\/www.subaru.es\/blog\/wp-json\/wp\/v2\/media?parent=524"}],"wp:term":[{"taxonomy":"category","embeddable":true,"href":"https:\/\/www.subaru.es\/blog\/wp-json\/wp\/v2\/categories?post=524"},{"taxonomy":"post_tag","embeddable":true,"href":"https:\/\/www.subaru.es\/blog\/wp-json\/wp\/v2\/tags?post=524"}],"curies":[{"name":"wp","href":"https:\/\/api.w.org\/{rel}","templated":true}]}}