{"id":5231,"date":"2011-08-29T12:09:09","date_gmt":"2011-08-29T10:09:09","guid":{"rendered":"http:\/\/subaru.preproduccion.com\/blog\/?p=5231"},"modified":"2020-08-12T11:53:47","modified_gmt":"2020-08-12T09:53:47","slug":"subaru-espana-patrocina-el-madrid-pro-jump-2011","status":"publish","type":"post","link":"https:\/\/www.subaru.es\/blog\/subaru-lifestyle\/subaru-espana-patrocina-el-madrid-pro-jump-2011\/","title":{"rendered":"Subaru Espa\u00f1a patrocina el Madrid Pro Jump 2011"},"content":{"rendered":"<p><center><a href=\"https:\/\/www.subaru.es\/blog\/wp-content\/uploads\/2011\/08\/image00051.jpg\"><img decoding=\"async\" class=\"alignnone size-full wp-image-5342 lazyload\" title=\"Madrid Pro Jump 2011\" data-src=\"https:\/\/www.subaru.es\/blog\/wp-content\/uploads\/2011\/08\/image00051.jpg\" alt=\"Madrid Pro Jump 2011\" width=\"500\" height=\"333\" src=\"data:image\/svg+xml;base64,PHN2ZyB3aWR0aD0iMSIgaGVpZ2h0PSIxIiB4bWxucz0iaHR0cDovL3d3dy53My5vcmcvMjAwMC9zdmciPjwvc3ZnPg==\" style=\"--smush-placeholder-width: 500px; --smush-placeholder-aspect-ratio: 500\/333;\"><\/a><\/center><\/p>\n<p>Si en el esqu\u00ed normal (sobre nieve) hay competiciones de saltos, \u00bfpor qu\u00e9 no iba a haberlas tambi\u00e9n en el esqu\u00ed n\u00e1utico? Por supuesto, la t\u00e9cnica es algo especial (m\u00e1s que nada porque en el agua no hay pendientes como en la nieve), pero la espectacularidad se mantiene intacta. Si quieres comprobarlo, puedes ir el d\u00eda&nbsp;<strong>3 &nbsp;de septiembre al Pro Jump 2011<\/strong> que se celebrar\u00e1 en Madrid y del que, c\u00f3mo no, <strong>Subaru Espa\u00f1a es veh\u00edculo oficial<\/strong>.<\/p>\n<p style=\"text-align: justify;\">Pero, \u00bfc\u00f3mo se hace exactamente para dar un salto en <a href=\"http:\/\/www.deportesextremos.net\/esqui-acuatico\/\" target=\"_blank\" rel=\"noopener noreferrer\">esqu\u00ed n\u00e1utico<\/a>? Con la ayuda de una rampa de siete metros de largo y cuatro de ancho, claro. Si la lancha va a la velocidad m\u00e1xima permitida (57 km\/h) y el esquiador es lo suficientemente diestro, puede <strong>volar una distancia de m\u00e1s de 60 metros a unos 8 metros de altura,<\/strong> y alcanzar una velocidad de 115 km\/h.<\/p>\n<p><!--more--><\/p>\n<p style=\"text-align: justify;\">Y s\u00ed, en la competici\u00f3n participar\u00e1n esquiadores lo suficientemente diestros que garantizan el espect\u00e1culo. Entre ellos, de hecho, estar\u00e1n los hermanos <strong>Guillermo y <a href=\"http:\/\/www.la-almenara.com\/informacion-deporte\/2217-lvaro-moreno-consigue-el-primer-puesto-del-campeonato-de-espaa-de-saltos-en-navalagamella\" target=\"_blank\" rel=\"noopener noreferrer\">\u00c1lvaro Moreno de Carlos<\/a><\/strong>, primero y segundo de Espa\u00f1a respectivamente, y tambi\u00e9n muy bien situados en las clasificaciones europea y mundial.<\/p>\n<p style=\"text-align: justify;\">Adem\u00e1s, vendr\u00e1n otros grandes saltadores de todo el mundo, como por ejemplo el <strong>8 veces Campe\u00f3n del Mundo y actual r\u00e9cord del Mundo Freddy Krueger<\/strong>. Nunca antes se ha visto en Espa\u00f1a un campeonato de saltos de este nivel y va a ser un espect\u00e1culo impresionante.<\/p>\n<p style=\"text-align: justify;\">Y por si la competici\u00f3n de saltos no fuese suficiente, todav\u00eda hay m\u00e1s: el programa se complementar\u00e1 con <strong>exhibiciones de slalom, figuras, o <a href=\"http:\/\/www.elperiodiconautico.com\/?p=51210\">wakeboard<\/a>\u2026 <\/strong>promete, \u00bfverdad? El escenario escogido es, adem\u00e1s, el m\u00e1s adecuado para un evento de este tipo: se trata del <a href=\"http:\/\/www.esquinautico.net\" target=\"_blank\" rel=\"noopener noreferrer\">Club de Esqu\u00ed N\u00e1utico de Madrid<\/a>, ubicado en el embalse de Cerro de Alarc\u00f3n (cerca de Valdemorillo), que con sus 1.000 metros de largo por 200 de ancho ofrecer\u00e1 a los participantes un lugar ideal para realizar sus saltos.<\/p>\n<p>Ya sabes, si vas a estar por Madrid a principios de septiembre, ap\u00fantalo en rojo en tu agenda. \u00a1Es una forma fant\u00e1stica de encarar el final del verano!<\/p>\n<p><em>*M\u00e1s informaci\u00f3n en la web del <a href=\"http:\/\/www.esquinautico.net\/\" target=\"_blank\" rel=\"noopener noreferrer\">Club de Esqu\u00ed N\u00e1utico de Madrid<\/a><\/em><\/p>\n","protected":false},"excerpt":{"rendered":"<p>Si en el esqu\u00ed normal (sobre nieve) hay competiciones de saltos, \u00bfpor qu\u00e9 no iba a haberlas tambi\u00e9n en el esqu\u00ed n\u00e1utico? Por supuesto, la t\u00e9cnica es algo especial (m\u00e1s que nada porque en el agua no hay pendientes como en la nieve), pero la espectacularidad se mantiene intacta. Si quieres comprobarlo, puedes ir el [&hellip;]<\/p>\n","protected":false},"author":21,"featured_media":5232,"comment_status":"open","ping_status":"open","sticky":false,"template":"","format":"standard","meta":{"_acf_changed":false,"_eb_attr":"","inline_featured_image":false,"footnotes":""},"categories":[4520],"tags":[562,3562,3557,3559,3342,3558,3560,3561,64,1753],"class_list":["post-5231","post","type-post","status-publish","format-standard","has-post-thumbnail","hentry","category-subaru-lifestyle","tag-campeonato","tag-club-de-esqui-acuatico-de-madrid","tag-esqui-acuatico","tag-madrid-pro-jump","tag-patrocinio","tag-pro-jump","tag-pro-jump-2011","tag-saltos-de-esqui-acuatico","tag-subaru-espana","tag-vehiculo-oficial"],"acf":[],"yoast_head":"<!-- This site is optimized with the Yoast SEO plugin v27.3 - https:\/\/yoast.com\/product\/yoast-seo-wordpress\/ -->\n<title>Subaru Espa\u00f1a patrocina el Madrid Pro Jump 2011 - Universo Subaru<\/title>\n<meta name=\"robots\" content=\"index, follow, max-snippet:-1, max-image-preview:large, max-video-preview:-1\" \/>\n<link rel=\"canonical\" href=\"https:\/\/www.subaru.es\/blog\/subaru-lifestyle\/subaru-espana-patrocina-el-madrid-pro-jump-2011\/\" \/>\n<meta property=\"og:locale\" content=\"es_ES\" \/>\n<meta property=\"og:type\" content=\"article\" \/>\n<meta property=\"og:title\" content=\"Subaru Espa\u00f1a patrocina el Madrid Pro Jump 2011 - Universo Subaru\" \/>\n<meta property=\"og:description\" content=\"Si en el esqu\u00ed normal (sobre nieve) hay competiciones de saltos, \u00bfpor qu\u00e9 no iba a haberlas tambi\u00e9n en el esqu\u00ed n\u00e1utico? Por supuesto, la t\u00e9cnica es algo especial (m\u00e1s que nada porque en el agua no hay pendientes como en la nieve), pero la espectacularidad se mantiene intacta. Si quieres comprobarlo, puedes ir el [&hellip;]\" \/>\n<meta property=\"og:url\" content=\"https:\/\/www.subaru.es\/blog\/subaru-lifestyle\/subaru-espana-patrocina-el-madrid-pro-jump-2011\/\" \/>\n<meta property=\"og:site_name\" content=\"Universo Subaru\" \/>\n<meta property=\"article:publisher\" content=\"https:\/\/www.facebook.com\/subaruespana\" \/>\n<meta property=\"article:published_time\" content=\"2011-08-29T10:09:09+00:00\" \/>\n<meta property=\"article:modified_time\" content=\"2020-08-12T09:53:47+00:00\" \/>\n<meta property=\"og:image\" content=\"https:\/\/www.subaru.es\/blog\/wp-content\/uploads\/2011\/08\/projump.jpg\" \/>\n\t<meta property=\"og:image:width\" content=\"500\" \/>\n\t<meta property=\"og:image:height\" content=\"306\" \/>\n\t<meta property=\"og:image:type\" content=\"image\/jpeg\" \/>\n<meta name=\"author\" content=\"Subaru\" \/>\n<meta name=\"twitter:card\" content=\"summary_large_image\" \/>\n<meta name=\"twitter:label1\" content=\"Escrito por\" \/>\n\t<meta name=\"twitter:data1\" content=\"Subaru\" \/>\n\t<meta name=\"twitter:label2\" content=\"Tiempo de lectura\" \/>\n\t<meta name=\"twitter:data2\" content=\"2 minutos\" \/>\n<script type=\"application\/ld+json\" class=\"yoast-schema-graph\">{\"@context\":\"https:\\\/\\\/schema.org\",\"@graph\":[{\"@type\":\"Article\",\"@id\":\"https:\\\/\\\/www.subaru.es\\\/blog\\\/subaru-lifestyle\\\/subaru-espana-patrocina-el-madrid-pro-jump-2011\\\/#article\",\"isPartOf\":{\"@id\":\"https:\\\/\\\/www.subaru.es\\\/blog\\\/subaru-lifestyle\\\/subaru-espana-patrocina-el-madrid-pro-jump-2011\\\/\"},\"author\":{\"name\":\"Subaru\",\"@id\":\"https:\\\/\\\/www.subaru.es\\\/blog\\\/#\\\/schema\\\/person\\\/19a90b892230b8e0ec752704ddf4aa10\"},\"headline\":\"Subaru Espa\u00f1a patrocina el Madrid Pro Jump 2011\",\"datePublished\":\"2011-08-29T10:09:09+00:00\",\"dateModified\":\"2020-08-12T09:53:47+00:00\",\"mainEntityOfPage\":{\"@id\":\"https:\\\/\\\/www.subaru.es\\\/blog\\\/subaru-lifestyle\\\/subaru-espana-patrocina-el-madrid-pro-jump-2011\\\/\"},\"wordCount\":397,\"commentCount\":0,\"publisher\":{\"@id\":\"https:\\\/\\\/www.subaru.es\\\/blog\\\/#organization\"},\"image\":{\"@id\":\"https:\\\/\\\/www.subaru.es\\\/blog\\\/subaru-lifestyle\\\/subaru-espana-patrocina-el-madrid-pro-jump-2011\\\/#primaryimage\"},\"thumbnailUrl\":\"https:\\\/\\\/www.subaru.es\\\/blog\\\/wp-content\\\/uploads\\\/2011\\\/08\\\/projump.jpg\",\"keywords\":[\"campeonato\",\"club de esqu\u00ed acu\u00e1tico de madrid\",\"esqu\u00ed acu\u00e1tico\",\"madrid pro jump\",\"Patrocinio\",\"pro jump\",\"pro jump 2011\",\"saltos de esqu\u00ed acu\u00e1tico\",\"subaru espa\u00f1a\",\"veh\u00edculo oficial\"],\"articleSection\":[\"Subaru LifeStyle\"],\"inLanguage\":\"es\",\"potentialAction\":[{\"@type\":\"CommentAction\",\"name\":\"Comment\",\"target\":[\"https:\\\/\\\/www.subaru.es\\\/blog\\\/subaru-lifestyle\\\/subaru-espana-patrocina-el-madrid-pro-jump-2011\\\/#respond\"]}]},{\"@type\":\"WebPage\",\"@id\":\"https:\\\/\\\/www.subaru.es\\\/blog\\\/subaru-lifestyle\\\/subaru-espana-patrocina-el-madrid-pro-jump-2011\\\/\",\"url\":\"https:\\\/\\\/www.subaru.es\\\/blog\\\/subaru-lifestyle\\\/subaru-espana-patrocina-el-madrid-pro-jump-2011\\\/\",\"name\":\"Subaru Espa\u00f1a patrocina el Madrid Pro Jump 2011 - Universo Subaru\",\"isPartOf\":{\"@id\":\"https:\\\/\\\/www.subaru.es\\\/blog\\\/#website\"},\"primaryImageOfPage\":{\"@id\":\"https:\\\/\\\/www.subaru.es\\\/blog\\\/subaru-lifestyle\\\/subaru-espana-patrocina-el-madrid-pro-jump-2011\\\/#primaryimage\"},\"image\":{\"@id\":\"https:\\\/\\\/www.subaru.es\\\/blog\\\/subaru-lifestyle\\\/subaru-espana-patrocina-el-madrid-pro-jump-2011\\\/#primaryimage\"},\"thumbnailUrl\":\"https:\\\/\\\/www.subaru.es\\\/blog\\\/wp-content\\\/uploads\\\/2011\\\/08\\\/projump.jpg\",\"datePublished\":\"2011-08-29T10:09:09+00:00\",\"dateModified\":\"2020-08-12T09:53:47+00:00\",\"breadcrumb\":{\"@id\":\"https:\\\/\\\/www.subaru.es\\\/blog\\\/subaru-lifestyle\\\/subaru-espana-patrocina-el-madrid-pro-jump-2011\\\/#breadcrumb\"},\"inLanguage\":\"es\",\"potentialAction\":[{\"@type\":\"ReadAction\",\"target\":[\"https:\\\/\\\/www.subaru.es\\\/blog\\\/subaru-lifestyle\\\/subaru-espana-patrocina-el-madrid-pro-jump-2011\\\/\"]}]},{\"@type\":\"ImageObject\",\"inLanguage\":\"es\",\"@id\":\"https:\\\/\\\/www.subaru.es\\\/blog\\\/subaru-lifestyle\\\/subaru-espana-patrocina-el-madrid-pro-jump-2011\\\/#primaryimage\",\"url\":\"https:\\\/\\\/www.subaru.es\\\/blog\\\/wp-content\\\/uploads\\\/2011\\\/08\\\/projump.jpg\",\"contentUrl\":\"https:\\\/\\\/www.subaru.es\\\/blog\\\/wp-content\\\/uploads\\\/2011\\\/08\\\/projump.jpg\",\"width\":500,\"height\":306,\"caption\":\"Madrid Pro Jump 2011\"},{\"@type\":\"BreadcrumbList\",\"@id\":\"https:\\\/\\\/www.subaru.es\\\/blog\\\/subaru-lifestyle\\\/subaru-espana-patrocina-el-madrid-pro-jump-2011\\\/#breadcrumb\",\"itemListElement\":[{\"@type\":\"ListItem\",\"position\":1,\"name\":\"Portada\",\"item\":\"https:\\\/\\\/www.subaru.es\\\/blog\\\/\"},{\"@type\":\"ListItem\",\"position\":2,\"name\":\"Subaru Espa\u00f1a patrocina el Madrid Pro Jump 2011\"}]},{\"@type\":\"WebSite\",\"@id\":\"https:\\\/\\\/www.subaru.es\\\/blog\\\/#website\",\"url\":\"https:\\\/\\\/www.subaru.es\\\/blog\\\/\",\"name\":\"Universo Subaru\",\"description\":\"Descubre este apasionante espacio de Subaru donde vas a conocer todo sobre nuestros coches y las experiencias que vivimos con ellos. Si est\u00e1s preparado para dejarte seducir por la filosof\u00eda Subaru, qu\u00e9date con nosotros.\",\"publisher\":{\"@id\":\"https:\\\/\\\/www.subaru.es\\\/blog\\\/#organization\"},\"potentialAction\":[{\"@type\":\"SearchAction\",\"target\":{\"@type\":\"EntryPoint\",\"urlTemplate\":\"https:\\\/\\\/www.subaru.es\\\/blog\\\/?s={search_term_string}\"},\"query-input\":{\"@type\":\"PropertyValueSpecification\",\"valueRequired\":true,\"valueName\":\"search_term_string\"}}],\"inLanguage\":\"es\"},{\"@type\":\"Organization\",\"@id\":\"https:\\\/\\\/www.subaru.es\\\/blog\\\/#organization\",\"name\":\"Subaru Espa\u00f1a S.A.\",\"url\":\"https:\\\/\\\/www.subaru.es\\\/blog\\\/\",\"logo\":{\"@type\":\"ImageObject\",\"inLanguage\":\"es\",\"@id\":\"https:\\\/\\\/www.subaru.es\\\/blog\\\/#\\\/schema\\\/logo\\\/image\\\/\",\"url\":\"https:\\\/\\\/www.subaru.es\\\/blog\\\/wp-content\\\/uploads\\\/2016\\\/12\\\/Logo-Subaru-TypeV_C300-scaled.jpg\",\"contentUrl\":\"https:\\\/\\\/www.subaru.es\\\/blog\\\/wp-content\\\/uploads\\\/2016\\\/12\\\/Logo-Subaru-TypeV_C300-scaled.jpg\",\"width\":2560,\"height\":1864,\"caption\":\"Subaru Espa\u00f1a S.A.\"},\"image\":{\"@id\":\"https:\\\/\\\/www.subaru.es\\\/blog\\\/#\\\/schema\\\/logo\\\/image\\\/\"},\"sameAs\":[\"https:\\\/\\\/www.facebook.com\\\/subaruespana\",\"https:\\\/\\\/www.instagram.com\\\/subarues\\\/\",\"https:\\\/\\\/www.youtube.com\\\/user\\\/subaruespana\"]},{\"@type\":\"Person\",\"@id\":\"https:\\\/\\\/www.subaru.es\\\/blog\\\/#\\\/schema\\\/person\\\/19a90b892230b8e0ec752704ddf4aa10\",\"name\":\"Subaru\",\"url\":\"https:\\\/\\\/www.subaru.es\\\/blog\\\/author\\\/subaria\\\/\"}]}<\/script>\n<!-- \/ Yoast SEO plugin. -->","yoast_head_json":{"title":"Subaru Espa\u00f1a patrocina el Madrid Pro Jump 2011 - Universo Subaru","robots":{"index":"index","follow":"follow","max-snippet":"max-snippet:-1","max-image-preview":"max-image-preview:large","max-video-preview":"max-video-preview:-1"},"canonical":"https:\/\/www.subaru.es\/blog\/subaru-lifestyle\/subaru-espana-patrocina-el-madrid-pro-jump-2011\/","og_locale":"es_ES","og_type":"article","og_title":"Subaru Espa\u00f1a patrocina el Madrid Pro Jump 2011 - Universo Subaru","og_description":"Si en el esqu\u00ed normal (sobre nieve) hay competiciones de saltos, \u00bfpor qu\u00e9 no iba a haberlas tambi\u00e9n en el esqu\u00ed n\u00e1utico? Por supuesto, la t\u00e9cnica es algo especial (m\u00e1s que nada porque en el agua no hay pendientes como en la nieve), pero la espectacularidad se mantiene intacta. Si quieres comprobarlo, puedes ir el [&hellip;]","og_url":"https:\/\/www.subaru.es\/blog\/subaru-lifestyle\/subaru-espana-patrocina-el-madrid-pro-jump-2011\/","og_site_name":"Universo Subaru","article_publisher":"https:\/\/www.facebook.com\/subaruespana","article_published_time":"2011-08-29T10:09:09+00:00","article_modified_time":"2020-08-12T09:53:47+00:00","og_image":[{"width":500,"height":306,"url":"https:\/\/www.subaru.es\/blog\/wp-content\/uploads\/2011\/08\/projump.jpg","type":"image\/jpeg"}],"author":"Subaru","twitter_card":"summary_large_image","twitter_misc":{"Escrito por":"Subaru","Tiempo de lectura":"2 minutos"},"schema":{"@context":"https:\/\/schema.org","@graph":[{"@type":"Article","@id":"https:\/\/www.subaru.es\/blog\/subaru-lifestyle\/subaru-espana-patrocina-el-madrid-pro-jump-2011\/#article","isPartOf":{"@id":"https:\/\/www.subaru.es\/blog\/subaru-lifestyle\/subaru-espana-patrocina-el-madrid-pro-jump-2011\/"},"author":{"name":"Subaru","@id":"https:\/\/www.subaru.es\/blog\/#\/schema\/person\/19a90b892230b8e0ec752704ddf4aa10"},"headline":"Subaru Espa\u00f1a patrocina el Madrid Pro Jump 2011","datePublished":"2011-08-29T10:09:09+00:00","dateModified":"2020-08-12T09:53:47+00:00","mainEntityOfPage":{"@id":"https:\/\/www.subaru.es\/blog\/subaru-lifestyle\/subaru-espana-patrocina-el-madrid-pro-jump-2011\/"},"wordCount":397,"commentCount":0,"publisher":{"@id":"https:\/\/www.subaru.es\/blog\/#organization"},"image":{"@id":"https:\/\/www.subaru.es\/blog\/subaru-lifestyle\/subaru-espana-patrocina-el-madrid-pro-jump-2011\/#primaryimage"},"thumbnailUrl":"https:\/\/www.subaru.es\/blog\/wp-content\/uploads\/2011\/08\/projump.jpg","keywords":["campeonato","club de esqu\u00ed acu\u00e1tico de madrid","esqu\u00ed acu\u00e1tico","madrid pro jump","Patrocinio","pro jump","pro jump 2011","saltos de esqu\u00ed acu\u00e1tico","subaru espa\u00f1a","veh\u00edculo oficial"],"articleSection":["Subaru LifeStyle"],"inLanguage":"es","potentialAction":[{"@type":"CommentAction","name":"Comment","target":["https:\/\/www.subaru.es\/blog\/subaru-lifestyle\/subaru-espana-patrocina-el-madrid-pro-jump-2011\/#respond"]}]},{"@type":"WebPage","@id":"https:\/\/www.subaru.es\/blog\/subaru-lifestyle\/subaru-espana-patrocina-el-madrid-pro-jump-2011\/","url":"https:\/\/www.subaru.es\/blog\/subaru-lifestyle\/subaru-espana-patrocina-el-madrid-pro-jump-2011\/","name":"Subaru Espa\u00f1a patrocina el Madrid Pro Jump 2011 - Universo Subaru","isPartOf":{"@id":"https:\/\/www.subaru.es\/blog\/#website"},"primaryImageOfPage":{"@id":"https:\/\/www.subaru.es\/blog\/subaru-lifestyle\/subaru-espana-patrocina-el-madrid-pro-jump-2011\/#primaryimage"},"image":{"@id":"https:\/\/www.subaru.es\/blog\/subaru-lifestyle\/subaru-espana-patrocina-el-madrid-pro-jump-2011\/#primaryimage"},"thumbnailUrl":"https:\/\/www.subaru.es\/blog\/wp-content\/uploads\/2011\/08\/projump.jpg","datePublished":"2011-08-29T10:09:09+00:00","dateModified":"2020-08-12T09:53:47+00:00","breadcrumb":{"@id":"https:\/\/www.subaru.es\/blog\/subaru-lifestyle\/subaru-espana-patrocina-el-madrid-pro-jump-2011\/#breadcrumb"},"inLanguage":"es","potentialAction":[{"@type":"ReadAction","target":["https:\/\/www.subaru.es\/blog\/subaru-lifestyle\/subaru-espana-patrocina-el-madrid-pro-jump-2011\/"]}]},{"@type":"ImageObject","inLanguage":"es","@id":"https:\/\/www.subaru.es\/blog\/subaru-lifestyle\/subaru-espana-patrocina-el-madrid-pro-jump-2011\/#primaryimage","url":"https:\/\/www.subaru.es\/blog\/wp-content\/uploads\/2011\/08\/projump.jpg","contentUrl":"https:\/\/www.subaru.es\/blog\/wp-content\/uploads\/2011\/08\/projump.jpg","width":500,"height":306,"caption":"Madrid Pro Jump 2011"},{"@type":"BreadcrumbList","@id":"https:\/\/www.subaru.es\/blog\/subaru-lifestyle\/subaru-espana-patrocina-el-madrid-pro-jump-2011\/#breadcrumb","itemListElement":[{"@type":"ListItem","position":1,"name":"Portada","item":"https:\/\/www.subaru.es\/blog\/"},{"@type":"ListItem","position":2,"name":"Subaru Espa\u00f1a patrocina el Madrid Pro Jump 2011"}]},{"@type":"WebSite","@id":"https:\/\/www.subaru.es\/blog\/#website","url":"https:\/\/www.subaru.es\/blog\/","name":"Universo Subaru","description":"Descubre este apasionante espacio de Subaru donde vas a conocer todo sobre nuestros coches y las experiencias que vivimos con ellos. Si est\u00e1s preparado para dejarte seducir por la filosof\u00eda Subaru, qu\u00e9date con nosotros.","publisher":{"@id":"https:\/\/www.subaru.es\/blog\/#organization"},"potentialAction":[{"@type":"SearchAction","target":{"@type":"EntryPoint","urlTemplate":"https:\/\/www.subaru.es\/blog\/?s={search_term_string}"},"query-input":{"@type":"PropertyValueSpecification","valueRequired":true,"valueName":"search_term_string"}}],"inLanguage":"es"},{"@type":"Organization","@id":"https:\/\/www.subaru.es\/blog\/#organization","name":"Subaru Espa\u00f1a S.A.","url":"https:\/\/www.subaru.es\/blog\/","logo":{"@type":"ImageObject","inLanguage":"es","@id":"https:\/\/www.subaru.es\/blog\/#\/schema\/logo\/image\/","url":"https:\/\/www.subaru.es\/blog\/wp-content\/uploads\/2016\/12\/Logo-Subaru-TypeV_C300-scaled.jpg","contentUrl":"https:\/\/www.subaru.es\/blog\/wp-content\/uploads\/2016\/12\/Logo-Subaru-TypeV_C300-scaled.jpg","width":2560,"height":1864,"caption":"Subaru Espa\u00f1a S.A."},"image":{"@id":"https:\/\/www.subaru.es\/blog\/#\/schema\/logo\/image\/"},"sameAs":["https:\/\/www.facebook.com\/subaruespana","https:\/\/www.instagram.com\/subarues\/","https:\/\/www.youtube.com\/user\/subaruespana"]},{"@type":"Person","@id":"https:\/\/www.subaru.es\/blog\/#\/schema\/person\/19a90b892230b8e0ec752704ddf4aa10","name":"Subaru","url":"https:\/\/www.subaru.es\/blog\/author\/subaria\/"}]}},"_links":{"self":[{"href":"https:\/\/www.subaru.es\/blog\/wp-json\/wp\/v2\/posts\/5231","targetHints":{"allow":["GET"]}}],"collection":[{"href":"https:\/\/www.subaru.es\/blog\/wp-json\/wp\/v2\/posts"}],"about":[{"href":"https:\/\/www.subaru.es\/blog\/wp-json\/wp\/v2\/types\/post"}],"author":[{"embeddable":true,"href":"https:\/\/www.subaru.es\/blog\/wp-json\/wp\/v2\/users\/21"}],"replies":[{"embeddable":true,"href":"https:\/\/www.subaru.es\/blog\/wp-json\/wp\/v2\/comments?post=5231"}],"version-history":[{"count":3,"href":"https:\/\/www.subaru.es\/blog\/wp-json\/wp\/v2\/posts\/5231\/revisions"}],"predecessor-version":[{"id":22199,"href":"https:\/\/www.subaru.es\/blog\/wp-json\/wp\/v2\/posts\/5231\/revisions\/22199"}],"wp:featuredmedia":[{"embeddable":true,"href":"https:\/\/www.subaru.es\/blog\/wp-json\/wp\/v2\/media\/5232"}],"wp:attachment":[{"href":"https:\/\/www.subaru.es\/blog\/wp-json\/wp\/v2\/media?parent=5231"}],"wp:term":[{"taxonomy":"category","embeddable":true,"href":"https:\/\/www.subaru.es\/blog\/wp-json\/wp\/v2\/categories?post=5231"},{"taxonomy":"post_tag","embeddable":true,"href":"https:\/\/www.subaru.es\/blog\/wp-json\/wp\/v2\/tags?post=5231"}],"curies":[{"name":"wp","href":"https:\/\/api.w.org\/{rel}","templated":true}]}}