{"id":5226,"date":"2011-11-25T13:19:59","date_gmt":"2011-11-25T11:19:59","guid":{"rendered":"http:\/\/subaru.preproduccion.com\/blog\/?p=5226"},"modified":"2020-08-12T11:51:28","modified_gmt":"2020-08-12T09:51:28","slug":"10-consejos-para-evitar-la-fatiga-al-conducir","status":"publish","type":"post","link":"https:\/\/www.subaru.es\/blog\/nuestra-marca\/10-consejos-para-evitar-la-fatiga-al-conducir\/","title":{"rendered":"10 consejos para evitar la fatiga al conducir"},"content":{"rendered":"<p><center><a href=\"https:\/\/www.subaru.es\/blog\/wp-content\/uploads\/2011\/08\/refresco_y_conduccion.jpg\"><img decoding=\"async\" class=\"alignnone size-full wp-image-5227 lazyload\" title=\"refresco_y_conduccion\" data-src=\"https:\/\/www.subaru.es\/blog\/wp-content\/uploads\/2011\/08\/refresco_y_conduccion.jpg\" alt=\"refresco_y_conduccion\" width=\"500\" height=\"333\" src=\"data:image\/svg+xml;base64,PHN2ZyB3aWR0aD0iMSIgaGVpZ2h0PSIxIiB4bWxucz0iaHR0cDovL3d3dy53My5vcmcvMjAwMC9zdmciPjwvc3ZnPg==\" style=\"--smush-placeholder-width: 500px; --smush-placeholder-aspect-ratio: 500\/333;\"><\/a><\/center><\/p>\n<p><a href=\"https:\/\/www.subaru.es\/blog\/wp-content\/uploads\/2011\/08\/refresco_y_conduccion.jpg\"><\/a>Seguro que te ha pasado m\u00e1s de una vez y reconoces los s\u00edntomas: <strong>picor de ojos, necesidad de moverte en el asiento, somnolencia\u2026 la fatiga se est\u00e1 apoderando de ti<\/strong>. En estos casos, el mejor consejo es siempre el de parar y echar un sue\u00f1ecito (parar sin dormir puede alejar la fatiga un rato, pero volver\u00e1 en breve), y desde luego no ignorar los s\u00edntomas: seg\u00fan el \u00faltimo <a href=\"http:\/\/www.race.es\/corporativo\/prensa\/noticias_NP\/index.html?fichero=\/contenido\/noticias\/not2011_07_21.html&amp;mostrar_buscador=0&amp;mostrar_listado=0&amp;mostrar_detalle=1\" target=\"_blank\" rel=\"noopener noreferrer\">informe del RACE<\/a>,<strong> la fatiga fue la causa de 132 accidentes mortales <\/strong>que dejaron 149 muertos en 2010, lo que la convierte en el cuarto factor concurrente en la producci\u00f3n de accidentes mortales.<!--more--><\/p>\n<p>Para intentar reducir esta cifra, desde el RACE han publicado tambi\u00e9n un dec\u00e1logo con los siguientes <strong>consejos para evitar la aparici\u00f3n de la fatiga en la conducci\u00f3n:<\/strong><\/p>\n<ol>\n<li>Aprende a<strong> reconocer los <a href=\"http:\/\/www.hoymotor.com\/reportajes\/22332\/fatiga-en-la-conduccion-como-prevenirla\/\" target=\"_blank\" rel=\"noopener noreferrer\">s\u00edntomas <\/a><\/strong><a href=\"http:\/\/www.hoymotor.com\/reportajes\/22332\/fatiga-en-la-conduccion-como-prevenirla\/\" target=\"_blank\" rel=\"noopener noreferrer\">de la fatiga<\/a> en tu cuerpo para poder actuar en consecuencia.<\/li>\n<li>Antes de realizar un viaje, <strong>duerme un m\u00ednimo de 7 horas<\/strong>.<\/li>\n<li><strong>Descansa cada 2 horas<\/strong> o 200 kil\u00f3metros.<\/li>\n<li>Esas paradas deben ser de al menos <strong>15 minutos<\/strong>: sal del coche y est\u00edrate un poco.<\/li>\n<li>Pase lo que pase, <strong>evita conducir m\u00e1s de 8 horas <\/strong>en un mismo d\u00eda.<\/li>\n<li>\u00a1Mant\u00e9n el habit\u00e1culo del coche <strong>ventilado<\/strong>!<\/li>\n<li><strong>No olvides hidratarte: l<\/strong>a falta de l\u00edquidos provoca reducci\u00f3n de la atenci\u00f3n, dolor de cabeza y cansancio muscular, entre otras cosas.<\/li>\n<li>Cuida tambi\u00e9n tu <strong>nivel de az\u00facar<\/strong>: si est\u00e1 bajo provocar\u00e1 fatiga  falta de atenci\u00f3n.<\/li>\n<li>Este punto es muy evidente, pero no por ello vamos a dejar de decirlo: <strong><a href=\"http:\/\/www.supermotor.com\/revista\/seguridad-vial\/254184\/alcohol-y-conduccion:-cuales-son-sus-consecuencias.html\" target=\"_blank\" rel=\"noopener noreferrer\">no bebas alcohol<\/a><\/strong>.<\/li>\n<li>Dentro de su campa\u00f1a<strong> \u00ab<a href=\"http:\/\/www.fatigayconduccion.com\/index.html\" target=\"_blank\" rel=\"noopener noreferrer\">Un refresco, tu mejor combustible<\/a>\u00ab<\/strong>, el RAC recomienda tomar una bebida refrescante (no alcoh\u00f3lica, se entiende) en tus paradas: hidrata y da az\u00facar, por lo que te ayudar\u00e1 a despejarte y mejorar tu atenci\u00f3n.<\/li>\n<\/ol>\n<p>Y si aun tomando todas estas precauciones te sientes fatigado\u2026<strong> \u00a1para y duerme un rato! <\/strong>Te sentir\u00e1s mucho mejor (e ir\u00e1s m\u00e1s seguro) al despertar.<\/p>\n<p>V\u00eda (y foto) | <a href=\"http:\/\/www.fatigayconduccion.com\/c_decalogo.html\" target=\"_blank\" rel=\"noopener noreferrer\">RACE<\/a><\/p>\n","protected":false},"excerpt":{"rendered":"<p>Seguro que te ha pasado m\u00e1s de una vez y reconoces los s\u00edntomas: picor de ojos, necesidad de moverte en el asiento, somnolencia\u2026 la fatiga se est\u00e1 apoderando de ti. En estos casos, el mejor consejo es siempre el de parar y echar un sue\u00f1ecito (parar sin dormir puede alejar la fatiga un rato, pero [&hellip;]<\/p>\n","protected":false},"author":21,"featured_media":5227,"comment_status":"open","ping_status":"open","sticky":false,"template":"","format":"standard","meta":{"_acf_changed":false,"_eb_attr":"","inline_featured_image":false,"footnotes":""},"categories":[4401],"tags":[3204,3555,3556,3305,1930,3306,1423],"class_list":["post-5226","post","type-post","status-publish","format-standard","has-post-thumbnail","hentry","category-nuestra-marca","tag-accidentes","tag-consejos-para-evitar-la-fatiga","tag-descansar","tag-fatiga","tag-race","tag-sueno","tag-viajes"],"acf":[],"yoast_head":"<!-- This site is optimized with the Yoast SEO plugin v27.3 - https:\/\/yoast.com\/product\/yoast-seo-wordpress\/ -->\n<title>10 consejos para evitar la fatiga al conducir - Universo Subaru<\/title>\n<meta name=\"robots\" content=\"index, follow, max-snippet:-1, max-image-preview:large, max-video-preview:-1\" \/>\n<link rel=\"canonical\" href=\"https:\/\/www.subaru.es\/blog\/nuestra-marca\/10-consejos-para-evitar-la-fatiga-al-conducir\/\" \/>\n<meta property=\"og:locale\" content=\"es_ES\" \/>\n<meta property=\"og:type\" content=\"article\" \/>\n<meta property=\"og:title\" content=\"10 consejos para evitar la fatiga al conducir - Universo Subaru\" \/>\n<meta property=\"og:description\" content=\"Seguro que te ha pasado m\u00e1s de una vez y reconoces los s\u00edntomas: picor de ojos, necesidad de moverte en el asiento, somnolencia\u2026 la fatiga se est\u00e1 apoderando de ti. En estos casos, el mejor consejo es siempre el de parar y echar un sue\u00f1ecito (parar sin dormir puede alejar la fatiga un rato, pero [&hellip;]\" \/>\n<meta property=\"og:url\" content=\"https:\/\/www.subaru.es\/blog\/nuestra-marca\/10-consejos-para-evitar-la-fatiga-al-conducir\/\" \/>\n<meta property=\"og:site_name\" content=\"Universo Subaru\" \/>\n<meta property=\"article:publisher\" content=\"https:\/\/www.facebook.com\/subaruespana\" \/>\n<meta property=\"article:published_time\" content=\"2011-11-25T11:19:59+00:00\" \/>\n<meta property=\"article:modified_time\" content=\"2020-08-12T09:51:28+00:00\" \/>\n<meta property=\"og:image\" content=\"https:\/\/www.subaru.es\/blog\/wp-content\/uploads\/2011\/08\/refresco_y_conduccion.jpg\" \/>\n\t<meta property=\"og:image:width\" content=\"500\" \/>\n\t<meta property=\"og:image:height\" content=\"333\" \/>\n\t<meta property=\"og:image:type\" content=\"image\/jpeg\" \/>\n<meta name=\"author\" content=\"Subaru\" \/>\n<meta name=\"twitter:card\" content=\"summary_large_image\" \/>\n<meta name=\"twitter:label1\" content=\"Escrito por\" \/>\n\t<meta name=\"twitter:data1\" content=\"Subaru\" \/>\n\t<meta name=\"twitter:label2\" content=\"Tiempo de lectura\" \/>\n\t<meta name=\"twitter:data2\" content=\"2 minutos\" \/>\n<script type=\"application\/ld+json\" class=\"yoast-schema-graph\">{\"@context\":\"https:\\\/\\\/schema.org\",\"@graph\":[{\"@type\":\"Article\",\"@id\":\"https:\\\/\\\/www.subaru.es\\\/blog\\\/nuestra-marca\\\/10-consejos-para-evitar-la-fatiga-al-conducir\\\/#article\",\"isPartOf\":{\"@id\":\"https:\\\/\\\/www.subaru.es\\\/blog\\\/nuestra-marca\\\/10-consejos-para-evitar-la-fatiga-al-conducir\\\/\"},\"author\":{\"name\":\"Subaru\",\"@id\":\"https:\\\/\\\/www.subaru.es\\\/blog\\\/#\\\/schema\\\/person\\\/19a90b892230b8e0ec752704ddf4aa10\"},\"headline\":\"10 consejos para evitar la fatiga al conducir\",\"datePublished\":\"2011-11-25T11:19:59+00:00\",\"dateModified\":\"2020-08-12T09:51:28+00:00\",\"mainEntityOfPage\":{\"@id\":\"https:\\\/\\\/www.subaru.es\\\/blog\\\/nuestra-marca\\\/10-consejos-para-evitar-la-fatiga-al-conducir\\\/\"},\"wordCount\":348,\"commentCount\":0,\"publisher\":{\"@id\":\"https:\\\/\\\/www.subaru.es\\\/blog\\\/#organization\"},\"image\":{\"@id\":\"https:\\\/\\\/www.subaru.es\\\/blog\\\/nuestra-marca\\\/10-consejos-para-evitar-la-fatiga-al-conducir\\\/#primaryimage\"},\"thumbnailUrl\":\"https:\\\/\\\/www.subaru.es\\\/blog\\\/wp-content\\\/uploads\\\/2011\\\/08\\\/refresco_y_conduccion.jpg\",\"keywords\":[\"accidentes\",\"consejos para evitar la fatiga\",\"descansar\",\"Fatiga\",\"RACE\",\"Sue\u00f1o\",\"viajes\"],\"articleSection\":[\"Nuestra marca\"],\"inLanguage\":\"es\",\"potentialAction\":[{\"@type\":\"CommentAction\",\"name\":\"Comment\",\"target\":[\"https:\\\/\\\/www.subaru.es\\\/blog\\\/nuestra-marca\\\/10-consejos-para-evitar-la-fatiga-al-conducir\\\/#respond\"]}]},{\"@type\":\"WebPage\",\"@id\":\"https:\\\/\\\/www.subaru.es\\\/blog\\\/nuestra-marca\\\/10-consejos-para-evitar-la-fatiga-al-conducir\\\/\",\"url\":\"https:\\\/\\\/www.subaru.es\\\/blog\\\/nuestra-marca\\\/10-consejos-para-evitar-la-fatiga-al-conducir\\\/\",\"name\":\"10 consejos para evitar la fatiga al conducir - Universo Subaru\",\"isPartOf\":{\"@id\":\"https:\\\/\\\/www.subaru.es\\\/blog\\\/#website\"},\"primaryImageOfPage\":{\"@id\":\"https:\\\/\\\/www.subaru.es\\\/blog\\\/nuestra-marca\\\/10-consejos-para-evitar-la-fatiga-al-conducir\\\/#primaryimage\"},\"image\":{\"@id\":\"https:\\\/\\\/www.subaru.es\\\/blog\\\/nuestra-marca\\\/10-consejos-para-evitar-la-fatiga-al-conducir\\\/#primaryimage\"},\"thumbnailUrl\":\"https:\\\/\\\/www.subaru.es\\\/blog\\\/wp-content\\\/uploads\\\/2011\\\/08\\\/refresco_y_conduccion.jpg\",\"datePublished\":\"2011-11-25T11:19:59+00:00\",\"dateModified\":\"2020-08-12T09:51:28+00:00\",\"breadcrumb\":{\"@id\":\"https:\\\/\\\/www.subaru.es\\\/blog\\\/nuestra-marca\\\/10-consejos-para-evitar-la-fatiga-al-conducir\\\/#breadcrumb\"},\"inLanguage\":\"es\",\"potentialAction\":[{\"@type\":\"ReadAction\",\"target\":[\"https:\\\/\\\/www.subaru.es\\\/blog\\\/nuestra-marca\\\/10-consejos-para-evitar-la-fatiga-al-conducir\\\/\"]}]},{\"@type\":\"ImageObject\",\"inLanguage\":\"es\",\"@id\":\"https:\\\/\\\/www.subaru.es\\\/blog\\\/nuestra-marca\\\/10-consejos-para-evitar-la-fatiga-al-conducir\\\/#primaryimage\",\"url\":\"https:\\\/\\\/www.subaru.es\\\/blog\\\/wp-content\\\/uploads\\\/2011\\\/08\\\/refresco_y_conduccion.jpg\",\"contentUrl\":\"https:\\\/\\\/www.subaru.es\\\/blog\\\/wp-content\\\/uploads\\\/2011\\\/08\\\/refresco_y_conduccion.jpg\",\"width\":500,\"height\":333,\"caption\":\"refresco_y_conduccion\"},{\"@type\":\"BreadcrumbList\",\"@id\":\"https:\\\/\\\/www.subaru.es\\\/blog\\\/nuestra-marca\\\/10-consejos-para-evitar-la-fatiga-al-conducir\\\/#breadcrumb\",\"itemListElement\":[{\"@type\":\"ListItem\",\"position\":1,\"name\":\"Portada\",\"item\":\"https:\\\/\\\/www.subaru.es\\\/blog\\\/\"},{\"@type\":\"ListItem\",\"position\":2,\"name\":\"10 consejos para evitar la fatiga al conducir\"}]},{\"@type\":\"WebSite\",\"@id\":\"https:\\\/\\\/www.subaru.es\\\/blog\\\/#website\",\"url\":\"https:\\\/\\\/www.subaru.es\\\/blog\\\/\",\"name\":\"Universo Subaru\",\"description\":\"Descubre este apasionante espacio de Subaru donde vas a conocer todo sobre nuestros coches y las experiencias que vivimos con ellos. Si est\u00e1s preparado para dejarte seducir por la filosof\u00eda Subaru, qu\u00e9date con nosotros.\",\"publisher\":{\"@id\":\"https:\\\/\\\/www.subaru.es\\\/blog\\\/#organization\"},\"potentialAction\":[{\"@type\":\"SearchAction\",\"target\":{\"@type\":\"EntryPoint\",\"urlTemplate\":\"https:\\\/\\\/www.subaru.es\\\/blog\\\/?s={search_term_string}\"},\"query-input\":{\"@type\":\"PropertyValueSpecification\",\"valueRequired\":true,\"valueName\":\"search_term_string\"}}],\"inLanguage\":\"es\"},{\"@type\":\"Organization\",\"@id\":\"https:\\\/\\\/www.subaru.es\\\/blog\\\/#organization\",\"name\":\"Subaru Espa\u00f1a S.A.\",\"url\":\"https:\\\/\\\/www.subaru.es\\\/blog\\\/\",\"logo\":{\"@type\":\"ImageObject\",\"inLanguage\":\"es\",\"@id\":\"https:\\\/\\\/www.subaru.es\\\/blog\\\/#\\\/schema\\\/logo\\\/image\\\/\",\"url\":\"https:\\\/\\\/www.subaru.es\\\/blog\\\/wp-content\\\/uploads\\\/2016\\\/12\\\/Logo-Subaru-TypeV_C300-scaled.jpg\",\"contentUrl\":\"https:\\\/\\\/www.subaru.es\\\/blog\\\/wp-content\\\/uploads\\\/2016\\\/12\\\/Logo-Subaru-TypeV_C300-scaled.jpg\",\"width\":2560,\"height\":1864,\"caption\":\"Subaru Espa\u00f1a S.A.\"},\"image\":{\"@id\":\"https:\\\/\\\/www.subaru.es\\\/blog\\\/#\\\/schema\\\/logo\\\/image\\\/\"},\"sameAs\":[\"https:\\\/\\\/www.facebook.com\\\/subaruespana\",\"https:\\\/\\\/www.instagram.com\\\/subarues\\\/\",\"https:\\\/\\\/www.youtube.com\\\/user\\\/subaruespana\"]},{\"@type\":\"Person\",\"@id\":\"https:\\\/\\\/www.subaru.es\\\/blog\\\/#\\\/schema\\\/person\\\/19a90b892230b8e0ec752704ddf4aa10\",\"name\":\"Subaru\",\"url\":\"https:\\\/\\\/www.subaru.es\\\/blog\\\/author\\\/subaria\\\/\"}]}<\/script>\n<!-- \/ Yoast SEO plugin. -->","yoast_head_json":{"title":"10 consejos para evitar la fatiga al conducir - Universo Subaru","robots":{"index":"index","follow":"follow","max-snippet":"max-snippet:-1","max-image-preview":"max-image-preview:large","max-video-preview":"max-video-preview:-1"},"canonical":"https:\/\/www.subaru.es\/blog\/nuestra-marca\/10-consejos-para-evitar-la-fatiga-al-conducir\/","og_locale":"es_ES","og_type":"article","og_title":"10 consejos para evitar la fatiga al conducir - Universo Subaru","og_description":"Seguro que te ha pasado m\u00e1s de una vez y reconoces los s\u00edntomas: picor de ojos, necesidad de moverte en el asiento, somnolencia\u2026 la fatiga se est\u00e1 apoderando de ti. En estos casos, el mejor consejo es siempre el de parar y echar un sue\u00f1ecito (parar sin dormir puede alejar la fatiga un rato, pero [&hellip;]","og_url":"https:\/\/www.subaru.es\/blog\/nuestra-marca\/10-consejos-para-evitar-la-fatiga-al-conducir\/","og_site_name":"Universo Subaru","article_publisher":"https:\/\/www.facebook.com\/subaruespana","article_published_time":"2011-11-25T11:19:59+00:00","article_modified_time":"2020-08-12T09:51:28+00:00","og_image":[{"width":500,"height":333,"url":"https:\/\/www.subaru.es\/blog\/wp-content\/uploads\/2011\/08\/refresco_y_conduccion.jpg","type":"image\/jpeg"}],"author":"Subaru","twitter_card":"summary_large_image","twitter_misc":{"Escrito por":"Subaru","Tiempo de lectura":"2 minutos"},"schema":{"@context":"https:\/\/schema.org","@graph":[{"@type":"Article","@id":"https:\/\/www.subaru.es\/blog\/nuestra-marca\/10-consejos-para-evitar-la-fatiga-al-conducir\/#article","isPartOf":{"@id":"https:\/\/www.subaru.es\/blog\/nuestra-marca\/10-consejos-para-evitar-la-fatiga-al-conducir\/"},"author":{"name":"Subaru","@id":"https:\/\/www.subaru.es\/blog\/#\/schema\/person\/19a90b892230b8e0ec752704ddf4aa10"},"headline":"10 consejos para evitar la fatiga al conducir","datePublished":"2011-11-25T11:19:59+00:00","dateModified":"2020-08-12T09:51:28+00:00","mainEntityOfPage":{"@id":"https:\/\/www.subaru.es\/blog\/nuestra-marca\/10-consejos-para-evitar-la-fatiga-al-conducir\/"},"wordCount":348,"commentCount":0,"publisher":{"@id":"https:\/\/www.subaru.es\/blog\/#organization"},"image":{"@id":"https:\/\/www.subaru.es\/blog\/nuestra-marca\/10-consejos-para-evitar-la-fatiga-al-conducir\/#primaryimage"},"thumbnailUrl":"https:\/\/www.subaru.es\/blog\/wp-content\/uploads\/2011\/08\/refresco_y_conduccion.jpg","keywords":["accidentes","consejos para evitar la fatiga","descansar","Fatiga","RACE","Sue\u00f1o","viajes"],"articleSection":["Nuestra marca"],"inLanguage":"es","potentialAction":[{"@type":"CommentAction","name":"Comment","target":["https:\/\/www.subaru.es\/blog\/nuestra-marca\/10-consejos-para-evitar-la-fatiga-al-conducir\/#respond"]}]},{"@type":"WebPage","@id":"https:\/\/www.subaru.es\/blog\/nuestra-marca\/10-consejos-para-evitar-la-fatiga-al-conducir\/","url":"https:\/\/www.subaru.es\/blog\/nuestra-marca\/10-consejos-para-evitar-la-fatiga-al-conducir\/","name":"10 consejos para evitar la fatiga al conducir - Universo Subaru","isPartOf":{"@id":"https:\/\/www.subaru.es\/blog\/#website"},"primaryImageOfPage":{"@id":"https:\/\/www.subaru.es\/blog\/nuestra-marca\/10-consejos-para-evitar-la-fatiga-al-conducir\/#primaryimage"},"image":{"@id":"https:\/\/www.subaru.es\/blog\/nuestra-marca\/10-consejos-para-evitar-la-fatiga-al-conducir\/#primaryimage"},"thumbnailUrl":"https:\/\/www.subaru.es\/blog\/wp-content\/uploads\/2011\/08\/refresco_y_conduccion.jpg","datePublished":"2011-11-25T11:19:59+00:00","dateModified":"2020-08-12T09:51:28+00:00","breadcrumb":{"@id":"https:\/\/www.subaru.es\/blog\/nuestra-marca\/10-consejos-para-evitar-la-fatiga-al-conducir\/#breadcrumb"},"inLanguage":"es","potentialAction":[{"@type":"ReadAction","target":["https:\/\/www.subaru.es\/blog\/nuestra-marca\/10-consejos-para-evitar-la-fatiga-al-conducir\/"]}]},{"@type":"ImageObject","inLanguage":"es","@id":"https:\/\/www.subaru.es\/blog\/nuestra-marca\/10-consejos-para-evitar-la-fatiga-al-conducir\/#primaryimage","url":"https:\/\/www.subaru.es\/blog\/wp-content\/uploads\/2011\/08\/refresco_y_conduccion.jpg","contentUrl":"https:\/\/www.subaru.es\/blog\/wp-content\/uploads\/2011\/08\/refresco_y_conduccion.jpg","width":500,"height":333,"caption":"refresco_y_conduccion"},{"@type":"BreadcrumbList","@id":"https:\/\/www.subaru.es\/blog\/nuestra-marca\/10-consejos-para-evitar-la-fatiga-al-conducir\/#breadcrumb","itemListElement":[{"@type":"ListItem","position":1,"name":"Portada","item":"https:\/\/www.subaru.es\/blog\/"},{"@type":"ListItem","position":2,"name":"10 consejos para evitar la fatiga al conducir"}]},{"@type":"WebSite","@id":"https:\/\/www.subaru.es\/blog\/#website","url":"https:\/\/www.subaru.es\/blog\/","name":"Universo Subaru","description":"Descubre este apasionante espacio de Subaru donde vas a conocer todo sobre nuestros coches y las experiencias que vivimos con ellos. Si est\u00e1s preparado para dejarte seducir por la filosof\u00eda Subaru, qu\u00e9date con nosotros.","publisher":{"@id":"https:\/\/www.subaru.es\/blog\/#organization"},"potentialAction":[{"@type":"SearchAction","target":{"@type":"EntryPoint","urlTemplate":"https:\/\/www.subaru.es\/blog\/?s={search_term_string}"},"query-input":{"@type":"PropertyValueSpecification","valueRequired":true,"valueName":"search_term_string"}}],"inLanguage":"es"},{"@type":"Organization","@id":"https:\/\/www.subaru.es\/blog\/#organization","name":"Subaru Espa\u00f1a S.A.","url":"https:\/\/www.subaru.es\/blog\/","logo":{"@type":"ImageObject","inLanguage":"es","@id":"https:\/\/www.subaru.es\/blog\/#\/schema\/logo\/image\/","url":"https:\/\/www.subaru.es\/blog\/wp-content\/uploads\/2016\/12\/Logo-Subaru-TypeV_C300-scaled.jpg","contentUrl":"https:\/\/www.subaru.es\/blog\/wp-content\/uploads\/2016\/12\/Logo-Subaru-TypeV_C300-scaled.jpg","width":2560,"height":1864,"caption":"Subaru Espa\u00f1a S.A."},"image":{"@id":"https:\/\/www.subaru.es\/blog\/#\/schema\/logo\/image\/"},"sameAs":["https:\/\/www.facebook.com\/subaruespana","https:\/\/www.instagram.com\/subarues\/","https:\/\/www.youtube.com\/user\/subaruespana"]},{"@type":"Person","@id":"https:\/\/www.subaru.es\/blog\/#\/schema\/person\/19a90b892230b8e0ec752704ddf4aa10","name":"Subaru","url":"https:\/\/www.subaru.es\/blog\/author\/subaria\/"}]}},"_links":{"self":[{"href":"https:\/\/www.subaru.es\/blog\/wp-json\/wp\/v2\/posts\/5226","targetHints":{"allow":["GET"]}}],"collection":[{"href":"https:\/\/www.subaru.es\/blog\/wp-json\/wp\/v2\/posts"}],"about":[{"href":"https:\/\/www.subaru.es\/blog\/wp-json\/wp\/v2\/types\/post"}],"author":[{"embeddable":true,"href":"https:\/\/www.subaru.es\/blog\/wp-json\/wp\/v2\/users\/21"}],"replies":[{"embeddable":true,"href":"https:\/\/www.subaru.es\/blog\/wp-json\/wp\/v2\/comments?post=5226"}],"version-history":[{"count":3,"href":"https:\/\/www.subaru.es\/blog\/wp-json\/wp\/v2\/posts\/5226\/revisions"}],"predecessor-version":[{"id":22194,"href":"https:\/\/www.subaru.es\/blog\/wp-json\/wp\/v2\/posts\/5226\/revisions\/22194"}],"wp:featuredmedia":[{"embeddable":true,"href":"https:\/\/www.subaru.es\/blog\/wp-json\/wp\/v2\/media\/5227"}],"wp:attachment":[{"href":"https:\/\/www.subaru.es\/blog\/wp-json\/wp\/v2\/media?parent=5226"}],"wp:term":[{"taxonomy":"category","embeddable":true,"href":"https:\/\/www.subaru.es\/blog\/wp-json\/wp\/v2\/categories?post=5226"},{"taxonomy":"post_tag","embeddable":true,"href":"https:\/\/www.subaru.es\/blog\/wp-json\/wp\/v2\/tags?post=5226"}],"curies":[{"name":"wp","href":"https:\/\/api.w.org\/{rel}","templated":true}]}}