{"id":5186,"date":"2011-07-29T13:58:08","date_gmt":"2011-07-29T11:58:08","guid":{"rendered":"http:\/\/subaru.preproduccion.com\/blog\/?p=5186"},"modified":"2020-08-06T11:04:52","modified_gmt":"2020-08-06T09:04:52","slug":"los-lugares-de-la-ruta-quetzal","status":"publish","type":"post","link":"https:\/\/www.subaru.es\/blog\/subaru-lifestyle\/los-lugares-de-la-ruta-quetzal\/","title":{"rendered":"Los lugares de la Ruta Quetzal"},"content":{"rendered":"<p><a href=\"https:\/\/www.subaru.es\/blog\/wp-content\/uploads\/2011\/07\/Ruta-Quetzal-barco.jpg\"><img decoding=\"async\" class=\"aligncenter size-full wp-image-5187 lazyload\" title=\"Ruta Quetzal barco\" data-src=\"https:\/\/www.subaru.es\/blog\/wp-content\/uploads\/2011\/07\/Ruta-Quetzal-barco.jpg\" alt=\"\" width=\"610\" height=\"341\" data-srcset=\"https:\/\/www.subaru.es\/blog\/wp-content\/uploads\/2011\/07\/Ruta-Quetzal-barco.jpg 610w, https:\/\/www.subaru.es\/blog\/wp-content\/uploads\/2011\/07\/Ruta-Quetzal-barco-560x313.jpg 560w\" data-sizes=\"(max-width: 610px) 100vw, 610px\" src=\"data:image\/svg+xml;base64,PHN2ZyB3aWR0aD0iMSIgaGVpZ2h0PSIxIiB4bWxucz0iaHR0cDovL3d3dy53My5vcmcvMjAwMC9zdmciPjwvc3ZnPg==\" style=\"--smush-placeholder-width: 610px; --smush-placeholder-aspect-ratio: 610\/341;\" \/><\/a><\/p>\n<p>Hemos hablado un par de veces ya sobre la <a href=\"http:\/\/www.rutaquetzalbbva.com\/TLRQ\/\">ruta Quetzal<\/a>, que patrocina Subaru Espa\u00f1a y ahora vamos a contaros los lugares por los que ha pasado <strong>la ruta en su contacto con la Pen\u00ednsula Ib\u00e9rica<\/strong>. Empezamos nuestro periplo por el norte, en Asturias y m\u00e1s concretamente en Avil\u00e9s. La visita de la Ruta Quetzal al Centro Niemeyer es el inicio de nuestro recorrido ib\u00e9rico, que pasamos a ofreceros.<\/p>\n<p><!--more--><\/p>\n<p>Como siempre, los propios chicos y chicas embarcados en esta aventura <strong>nos van contando sus peripecias<\/strong> y todo lo que rodea a esta experiencia sin igual, y hoy les vamos a dar la voz para que nos cuenten esas impresiones y los sentimientos que experimentan al pasar por las localidades del programa, y asistir a los actos previstos. <strong>Empezamos en Cangas de On\u00eds<\/strong>:<\/p>\n<blockquote><p>Cruzamos despu\u00e9s la r\u00eda por uno de sus puentes para visitar a pie el centro hist\u00f3rico de Avil\u00e9s. Nos sorprendi\u00f3 lo bien que est\u00e1 cuidado y el ambiente tan alegre que se respira en sus calles. Fue una visita r\u00e1pida, de apenas una hora, en la que vimos hermosas iglesias y coquetos edificios. Y es que nos esperaba nuestro querid\u00edsimo buque anfibio Castilla, donde nuestra atenta tripulaci\u00f3n nos esperaba con los brazos abiertos tras dos d\u00edas durmiendo en el campamento. Una vez m\u00e1s la tripulaci\u00f3n de la Armada Espa\u00f1ola hizo gala de su elegancia y nos brind\u00f3 una cari\u00f1osa bienvenida y una estupenda cena. Una de nuestras redactoras, Marina, colabor\u00f3 en las tareas de la cocina junto a los miembros de la tripulaci\u00f3n y pudo dar fe de lo mucho que trabajan para tenerlo todo siempre a punto para nosotros.<\/p><\/blockquote>\n<p><a href=\"https:\/\/www.subaru.es\/blog\/wp-content\/uploads\/2011\/07\/Ruta-Quetzal-14julio.pdf\">Ver la historia completa<\/a>.<\/p>\n<p>El d\u00eda de la Virgen del Carmen fue especial. <strong>La Virgen del Carmen es la patrona de la Armada<\/strong>, y como tal fecha es muy se\u00f1alada, los participantes en la Ruta Quetzal asistieron a los actos como la Misa de apertura y la jura de bandera, y <strong>tuvieron la fortuna de conocer a los Pr\u00edncipes de Asturias<\/strong> e incluso hacerse una foto de grupo con ellos. Y lo mejor les esperaba en el buque Castilla, y as\u00ed nos lo cuentan:<\/p>\n<blockquote><p>Al llegar retomamos los talleres a bordo. Esta vez aprendimos a hacer nudos<br \/>\nmarineros, realizamos una pr\u00e1ctica en la que simulamos un ataque al buque y simulamos una guerra biol\u00f3gica. Posteriormente nos dijeron que la siguiente pr\u00e1ctica era en traje de ba\u00f1o as\u00ed que todos muy extra\u00f1ados e incluso con algunos contrariados, nos cambiamos y fuimos al hangar del barco. No es explicable nuestra sorpresa cuando al llegar nos empaparon a todos con espuma.<\/p><\/blockquote>\n<p><a href=\"https:\/\/www.subaru.es\/blog\/wp-content\/uploads\/2011\/07\/Ruta-Quetzal-16-Julio.pdf\">Ver la historia completa<\/a>.<\/p>\n<p>La siguiente etapa ser\u00eda Lisboa, as\u00ed que se puso rumbo a la capital portuguesa y los chicos y chicas se despertaron en medio del Atl\u00e1ntico a mitad de traves\u00eda. <strong>La parada en Lisboa tiene adem\u00e1s una componente nost\u00e1lgica para los integrantes del grupo<\/strong> porque se acerca el momento de decir adi\u00f3s a la experiencia y al buque Castilla. Porque se le coge cari\u00f1o, como es normal. El d\u00eda ser\u00eda emocionante y divertido, dejamos que ellos mismos nos lo cuenten:<\/p>\n<blockquote><p>hemos desembarcado y tomado el autob\u00fas en direcci\u00f3n al Museo de Fado<br \/>\ndonde hemos visto obras de arte contempor\u00e1neo del que cada vez sabemos m\u00e1s. Nuestros gu\u00edas nos han explicado muchas cosas acerca de la historia de la ciudad. Han resaltado mucho el papel de Portugal en la navegaci\u00f3n y en buena parte de los descubrimientos en Am\u00e9rica. En torno a la destacada contribuci\u00f3n de Portugal en estos temas tambi\u00e9n nos insistir\u00e1 mucho por la tarde Miguel de la Quadra-Salcedo en la recepci\u00f3n de la Embajada Espa\u00f1ola de la que posteriormente daremos cuenta.<\/p><\/blockquote>\n<p><a href=\"https:\/\/www.subaru.es\/blog\/wp-content\/uploads\/2011\/07\/Ruta-Quetzal-17-julio.pdf\">Ver la historia completa<\/a>.<\/p>\n<p>Y con esto finaliza la cr\u00f3nica de <strong>las peripecias de los ruteros 2011<\/strong>, sin duda una experiencia magn\u00edfica, \u00fanica, aprendiendo un mont\u00f3n de cosas y viviendo la camarader\u00eda y los buenos y malos momentos en grupo, como compa\u00f1eros de ruta. \u00a1Esperamos que os haya gustado!<\/p>\n","protected":false},"excerpt":{"rendered":"<p>Hemos hablado un par de veces ya sobre la ruta Quetzal, que patrocina Subaru Espa\u00f1a y ahora vamos a contaros los lugares por los que ha pasado la ruta en su contacto con la Pen\u00ednsula Ib\u00e9rica. Empezamos nuestro periplo por el norte, en Asturias y m\u00e1s concretamente en Avil\u00e9s. La visita de la Ruta Quetzal [&hellip;]<\/p>\n","protected":false},"author":21,"featured_media":5187,"comment_status":"open","ping_status":"open","sticky":false,"template":"","format":"standard","meta":{"_acf_changed":false,"_eb_attr":"","inline_featured_image":false,"footnotes":""},"categories":[4520],"tags":[3133],"class_list":["post-5186","post","type-post","status-publish","format-standard","has-post-thumbnail","hentry","category-subaru-lifestyle","tag-ruta-quetzal"],"acf":[],"yoast_head":"<!-- This site is optimized with the Yoast SEO plugin v27.3 - https:\/\/yoast.com\/product\/yoast-seo-wordpress\/ -->\n<title>Los lugares de la Ruta Quetzal - Universo Subaru<\/title>\n<meta name=\"robots\" content=\"index, follow, max-snippet:-1, max-image-preview:large, max-video-preview:-1\" \/>\n<link rel=\"canonical\" href=\"https:\/\/www.subaru.es\/blog\/subaru-lifestyle\/los-lugares-de-la-ruta-quetzal\/\" \/>\n<meta property=\"og:locale\" content=\"es_ES\" \/>\n<meta property=\"og:type\" content=\"article\" \/>\n<meta property=\"og:title\" content=\"Los lugares de la Ruta Quetzal - Universo Subaru\" \/>\n<meta property=\"og:description\" content=\"Hemos hablado un par de veces ya sobre la ruta Quetzal, que patrocina Subaru Espa\u00f1a y ahora vamos a contaros los lugares por los que ha pasado la ruta en su contacto con la Pen\u00ednsula Ib\u00e9rica. Empezamos nuestro periplo por el norte, en Asturias y m\u00e1s concretamente en Avil\u00e9s. La visita de la Ruta Quetzal [&hellip;]\" \/>\n<meta property=\"og:url\" content=\"https:\/\/www.subaru.es\/blog\/subaru-lifestyle\/los-lugares-de-la-ruta-quetzal\/\" \/>\n<meta property=\"og:site_name\" content=\"Universo Subaru\" \/>\n<meta property=\"article:publisher\" content=\"https:\/\/www.facebook.com\/subaruespana\" \/>\n<meta property=\"article:published_time\" content=\"2011-07-29T11:58:08+00:00\" \/>\n<meta property=\"article:modified_time\" content=\"2020-08-06T09:04:52+00:00\" \/>\n<meta property=\"og:image\" content=\"https:\/\/www.subaru.es\/blog\/wp-content\/uploads\/2011\/07\/Ruta-Quetzal-barco.jpg\" \/>\n\t<meta property=\"og:image:width\" content=\"610\" \/>\n\t<meta property=\"og:image:height\" content=\"341\" \/>\n\t<meta property=\"og:image:type\" content=\"image\/jpeg\" \/>\n<meta name=\"author\" content=\"Subaru\" \/>\n<meta name=\"twitter:card\" content=\"summary_large_image\" \/>\n<meta name=\"twitter:label1\" content=\"Escrito por\" \/>\n\t<meta name=\"twitter:data1\" content=\"Subaru\" \/>\n\t<meta name=\"twitter:label2\" content=\"Tiempo de lectura\" \/>\n\t<meta name=\"twitter:data2\" content=\"4 minutos\" \/>\n<script type=\"application\/ld+json\" class=\"yoast-schema-graph\">{\"@context\":\"https:\\\/\\\/schema.org\",\"@graph\":[{\"@type\":\"Article\",\"@id\":\"https:\\\/\\\/www.subaru.es\\\/blog\\\/subaru-lifestyle\\\/los-lugares-de-la-ruta-quetzal\\\/#article\",\"isPartOf\":{\"@id\":\"https:\\\/\\\/www.subaru.es\\\/blog\\\/subaru-lifestyle\\\/los-lugares-de-la-ruta-quetzal\\\/\"},\"author\":{\"name\":\"Subaru\",\"@id\":\"https:\\\/\\\/www.subaru.es\\\/blog\\\/#\\\/schema\\\/person\\\/19a90b892230b8e0ec752704ddf4aa10\"},\"headline\":\"Los lugares de la Ruta Quetzal\",\"datePublished\":\"2011-07-29T11:58:08+00:00\",\"dateModified\":\"2020-08-06T09:04:52+00:00\",\"mainEntityOfPage\":{\"@id\":\"https:\\\/\\\/www.subaru.es\\\/blog\\\/subaru-lifestyle\\\/los-lugares-de-la-ruta-quetzal\\\/\"},\"wordCount\":713,\"commentCount\":0,\"publisher\":{\"@id\":\"https:\\\/\\\/www.subaru.es\\\/blog\\\/#organization\"},\"image\":{\"@id\":\"https:\\\/\\\/www.subaru.es\\\/blog\\\/subaru-lifestyle\\\/los-lugares-de-la-ruta-quetzal\\\/#primaryimage\"},\"thumbnailUrl\":\"https:\\\/\\\/www.subaru.es\\\/blog\\\/wp-content\\\/uploads\\\/2011\\\/07\\\/Ruta-Quetzal-barco.jpg\",\"keywords\":[\"Ruta Quetzal\"],\"articleSection\":[\"Subaru LifeStyle\"],\"inLanguage\":\"es\",\"potentialAction\":[{\"@type\":\"CommentAction\",\"name\":\"Comment\",\"target\":[\"https:\\\/\\\/www.subaru.es\\\/blog\\\/subaru-lifestyle\\\/los-lugares-de-la-ruta-quetzal\\\/#respond\"]}]},{\"@type\":\"WebPage\",\"@id\":\"https:\\\/\\\/www.subaru.es\\\/blog\\\/subaru-lifestyle\\\/los-lugares-de-la-ruta-quetzal\\\/\",\"url\":\"https:\\\/\\\/www.subaru.es\\\/blog\\\/subaru-lifestyle\\\/los-lugares-de-la-ruta-quetzal\\\/\",\"name\":\"Los lugares de la Ruta Quetzal - Universo Subaru\",\"isPartOf\":{\"@id\":\"https:\\\/\\\/www.subaru.es\\\/blog\\\/#website\"},\"primaryImageOfPage\":{\"@id\":\"https:\\\/\\\/www.subaru.es\\\/blog\\\/subaru-lifestyle\\\/los-lugares-de-la-ruta-quetzal\\\/#primaryimage\"},\"image\":{\"@id\":\"https:\\\/\\\/www.subaru.es\\\/blog\\\/subaru-lifestyle\\\/los-lugares-de-la-ruta-quetzal\\\/#primaryimage\"},\"thumbnailUrl\":\"https:\\\/\\\/www.subaru.es\\\/blog\\\/wp-content\\\/uploads\\\/2011\\\/07\\\/Ruta-Quetzal-barco.jpg\",\"datePublished\":\"2011-07-29T11:58:08+00:00\",\"dateModified\":\"2020-08-06T09:04:52+00:00\",\"breadcrumb\":{\"@id\":\"https:\\\/\\\/www.subaru.es\\\/blog\\\/subaru-lifestyle\\\/los-lugares-de-la-ruta-quetzal\\\/#breadcrumb\"},\"inLanguage\":\"es\",\"potentialAction\":[{\"@type\":\"ReadAction\",\"target\":[\"https:\\\/\\\/www.subaru.es\\\/blog\\\/subaru-lifestyle\\\/los-lugares-de-la-ruta-quetzal\\\/\"]}]},{\"@type\":\"ImageObject\",\"inLanguage\":\"es\",\"@id\":\"https:\\\/\\\/www.subaru.es\\\/blog\\\/subaru-lifestyle\\\/los-lugares-de-la-ruta-quetzal\\\/#primaryimage\",\"url\":\"https:\\\/\\\/www.subaru.es\\\/blog\\\/wp-content\\\/uploads\\\/2011\\\/07\\\/Ruta-Quetzal-barco.jpg\",\"contentUrl\":\"https:\\\/\\\/www.subaru.es\\\/blog\\\/wp-content\\\/uploads\\\/2011\\\/07\\\/Ruta-Quetzal-barco.jpg\",\"width\":610,\"height\":341},{\"@type\":\"BreadcrumbList\",\"@id\":\"https:\\\/\\\/www.subaru.es\\\/blog\\\/subaru-lifestyle\\\/los-lugares-de-la-ruta-quetzal\\\/#breadcrumb\",\"itemListElement\":[{\"@type\":\"ListItem\",\"position\":1,\"name\":\"Portada\",\"item\":\"https:\\\/\\\/www.subaru.es\\\/blog\\\/\"},{\"@type\":\"ListItem\",\"position\":2,\"name\":\"Los lugares de la Ruta Quetzal\"}]},{\"@type\":\"WebSite\",\"@id\":\"https:\\\/\\\/www.subaru.es\\\/blog\\\/#website\",\"url\":\"https:\\\/\\\/www.subaru.es\\\/blog\\\/\",\"name\":\"Universo Subaru\",\"description\":\"Descubre este apasionante espacio de Subaru donde vas a conocer todo sobre nuestros coches y las experiencias que vivimos con ellos. Si est\u00e1s preparado para dejarte seducir por la filosof\u00eda Subaru, qu\u00e9date con nosotros.\",\"publisher\":{\"@id\":\"https:\\\/\\\/www.subaru.es\\\/blog\\\/#organization\"},\"potentialAction\":[{\"@type\":\"SearchAction\",\"target\":{\"@type\":\"EntryPoint\",\"urlTemplate\":\"https:\\\/\\\/www.subaru.es\\\/blog\\\/?s={search_term_string}\"},\"query-input\":{\"@type\":\"PropertyValueSpecification\",\"valueRequired\":true,\"valueName\":\"search_term_string\"}}],\"inLanguage\":\"es\"},{\"@type\":\"Organization\",\"@id\":\"https:\\\/\\\/www.subaru.es\\\/blog\\\/#organization\",\"name\":\"Subaru Espa\u00f1a S.A.\",\"url\":\"https:\\\/\\\/www.subaru.es\\\/blog\\\/\",\"logo\":{\"@type\":\"ImageObject\",\"inLanguage\":\"es\",\"@id\":\"https:\\\/\\\/www.subaru.es\\\/blog\\\/#\\\/schema\\\/logo\\\/image\\\/\",\"url\":\"https:\\\/\\\/www.subaru.es\\\/blog\\\/wp-content\\\/uploads\\\/2016\\\/12\\\/Logo-Subaru-TypeV_C300-scaled.jpg\",\"contentUrl\":\"https:\\\/\\\/www.subaru.es\\\/blog\\\/wp-content\\\/uploads\\\/2016\\\/12\\\/Logo-Subaru-TypeV_C300-scaled.jpg\",\"width\":2560,\"height\":1864,\"caption\":\"Subaru Espa\u00f1a S.A.\"},\"image\":{\"@id\":\"https:\\\/\\\/www.subaru.es\\\/blog\\\/#\\\/schema\\\/logo\\\/image\\\/\"},\"sameAs\":[\"https:\\\/\\\/www.facebook.com\\\/subaruespana\",\"https:\\\/\\\/www.instagram.com\\\/subarues\\\/\",\"https:\\\/\\\/www.youtube.com\\\/user\\\/subaruespana\"]},{\"@type\":\"Person\",\"@id\":\"https:\\\/\\\/www.subaru.es\\\/blog\\\/#\\\/schema\\\/person\\\/19a90b892230b8e0ec752704ddf4aa10\",\"name\":\"Subaru\",\"url\":\"https:\\\/\\\/www.subaru.es\\\/blog\\\/author\\\/subaria\\\/\"}]}<\/script>\n<!-- \/ Yoast SEO plugin. -->","yoast_head_json":{"title":"Los lugares de la Ruta Quetzal - Universo Subaru","robots":{"index":"index","follow":"follow","max-snippet":"max-snippet:-1","max-image-preview":"max-image-preview:large","max-video-preview":"max-video-preview:-1"},"canonical":"https:\/\/www.subaru.es\/blog\/subaru-lifestyle\/los-lugares-de-la-ruta-quetzal\/","og_locale":"es_ES","og_type":"article","og_title":"Los lugares de la Ruta Quetzal - Universo Subaru","og_description":"Hemos hablado un par de veces ya sobre la ruta Quetzal, que patrocina Subaru Espa\u00f1a y ahora vamos a contaros los lugares por los que ha pasado la ruta en su contacto con la Pen\u00ednsula Ib\u00e9rica. Empezamos nuestro periplo por el norte, en Asturias y m\u00e1s concretamente en Avil\u00e9s. La visita de la Ruta Quetzal [&hellip;]","og_url":"https:\/\/www.subaru.es\/blog\/subaru-lifestyle\/los-lugares-de-la-ruta-quetzal\/","og_site_name":"Universo Subaru","article_publisher":"https:\/\/www.facebook.com\/subaruespana","article_published_time":"2011-07-29T11:58:08+00:00","article_modified_time":"2020-08-06T09:04:52+00:00","og_image":[{"width":610,"height":341,"url":"https:\/\/www.subaru.es\/blog\/wp-content\/uploads\/2011\/07\/Ruta-Quetzal-barco.jpg","type":"image\/jpeg"}],"author":"Subaru","twitter_card":"summary_large_image","twitter_misc":{"Escrito por":"Subaru","Tiempo de lectura":"4 minutos"},"schema":{"@context":"https:\/\/schema.org","@graph":[{"@type":"Article","@id":"https:\/\/www.subaru.es\/blog\/subaru-lifestyle\/los-lugares-de-la-ruta-quetzal\/#article","isPartOf":{"@id":"https:\/\/www.subaru.es\/blog\/subaru-lifestyle\/los-lugares-de-la-ruta-quetzal\/"},"author":{"name":"Subaru","@id":"https:\/\/www.subaru.es\/blog\/#\/schema\/person\/19a90b892230b8e0ec752704ddf4aa10"},"headline":"Los lugares de la Ruta Quetzal","datePublished":"2011-07-29T11:58:08+00:00","dateModified":"2020-08-06T09:04:52+00:00","mainEntityOfPage":{"@id":"https:\/\/www.subaru.es\/blog\/subaru-lifestyle\/los-lugares-de-la-ruta-quetzal\/"},"wordCount":713,"commentCount":0,"publisher":{"@id":"https:\/\/www.subaru.es\/blog\/#organization"},"image":{"@id":"https:\/\/www.subaru.es\/blog\/subaru-lifestyle\/los-lugares-de-la-ruta-quetzal\/#primaryimage"},"thumbnailUrl":"https:\/\/www.subaru.es\/blog\/wp-content\/uploads\/2011\/07\/Ruta-Quetzal-barco.jpg","keywords":["Ruta Quetzal"],"articleSection":["Subaru LifeStyle"],"inLanguage":"es","potentialAction":[{"@type":"CommentAction","name":"Comment","target":["https:\/\/www.subaru.es\/blog\/subaru-lifestyle\/los-lugares-de-la-ruta-quetzal\/#respond"]}]},{"@type":"WebPage","@id":"https:\/\/www.subaru.es\/blog\/subaru-lifestyle\/los-lugares-de-la-ruta-quetzal\/","url":"https:\/\/www.subaru.es\/blog\/subaru-lifestyle\/los-lugares-de-la-ruta-quetzal\/","name":"Los lugares de la Ruta Quetzal - Universo Subaru","isPartOf":{"@id":"https:\/\/www.subaru.es\/blog\/#website"},"primaryImageOfPage":{"@id":"https:\/\/www.subaru.es\/blog\/subaru-lifestyle\/los-lugares-de-la-ruta-quetzal\/#primaryimage"},"image":{"@id":"https:\/\/www.subaru.es\/blog\/subaru-lifestyle\/los-lugares-de-la-ruta-quetzal\/#primaryimage"},"thumbnailUrl":"https:\/\/www.subaru.es\/blog\/wp-content\/uploads\/2011\/07\/Ruta-Quetzal-barco.jpg","datePublished":"2011-07-29T11:58:08+00:00","dateModified":"2020-08-06T09:04:52+00:00","breadcrumb":{"@id":"https:\/\/www.subaru.es\/blog\/subaru-lifestyle\/los-lugares-de-la-ruta-quetzal\/#breadcrumb"},"inLanguage":"es","potentialAction":[{"@type":"ReadAction","target":["https:\/\/www.subaru.es\/blog\/subaru-lifestyle\/los-lugares-de-la-ruta-quetzal\/"]}]},{"@type":"ImageObject","inLanguage":"es","@id":"https:\/\/www.subaru.es\/blog\/subaru-lifestyle\/los-lugares-de-la-ruta-quetzal\/#primaryimage","url":"https:\/\/www.subaru.es\/blog\/wp-content\/uploads\/2011\/07\/Ruta-Quetzal-barco.jpg","contentUrl":"https:\/\/www.subaru.es\/blog\/wp-content\/uploads\/2011\/07\/Ruta-Quetzal-barco.jpg","width":610,"height":341},{"@type":"BreadcrumbList","@id":"https:\/\/www.subaru.es\/blog\/subaru-lifestyle\/los-lugares-de-la-ruta-quetzal\/#breadcrumb","itemListElement":[{"@type":"ListItem","position":1,"name":"Portada","item":"https:\/\/www.subaru.es\/blog\/"},{"@type":"ListItem","position":2,"name":"Los lugares de la Ruta Quetzal"}]},{"@type":"WebSite","@id":"https:\/\/www.subaru.es\/blog\/#website","url":"https:\/\/www.subaru.es\/blog\/","name":"Universo Subaru","description":"Descubre este apasionante espacio de Subaru donde vas a conocer todo sobre nuestros coches y las experiencias que vivimos con ellos. Si est\u00e1s preparado para dejarte seducir por la filosof\u00eda Subaru, qu\u00e9date con nosotros.","publisher":{"@id":"https:\/\/www.subaru.es\/blog\/#organization"},"potentialAction":[{"@type":"SearchAction","target":{"@type":"EntryPoint","urlTemplate":"https:\/\/www.subaru.es\/blog\/?s={search_term_string}"},"query-input":{"@type":"PropertyValueSpecification","valueRequired":true,"valueName":"search_term_string"}}],"inLanguage":"es"},{"@type":"Organization","@id":"https:\/\/www.subaru.es\/blog\/#organization","name":"Subaru Espa\u00f1a S.A.","url":"https:\/\/www.subaru.es\/blog\/","logo":{"@type":"ImageObject","inLanguage":"es","@id":"https:\/\/www.subaru.es\/blog\/#\/schema\/logo\/image\/","url":"https:\/\/www.subaru.es\/blog\/wp-content\/uploads\/2016\/12\/Logo-Subaru-TypeV_C300-scaled.jpg","contentUrl":"https:\/\/www.subaru.es\/blog\/wp-content\/uploads\/2016\/12\/Logo-Subaru-TypeV_C300-scaled.jpg","width":2560,"height":1864,"caption":"Subaru Espa\u00f1a S.A."},"image":{"@id":"https:\/\/www.subaru.es\/blog\/#\/schema\/logo\/image\/"},"sameAs":["https:\/\/www.facebook.com\/subaruespana","https:\/\/www.instagram.com\/subarues\/","https:\/\/www.youtube.com\/user\/subaruespana"]},{"@type":"Person","@id":"https:\/\/www.subaru.es\/blog\/#\/schema\/person\/19a90b892230b8e0ec752704ddf4aa10","name":"Subaru","url":"https:\/\/www.subaru.es\/blog\/author\/subaria\/"}]}},"_links":{"self":[{"href":"https:\/\/www.subaru.es\/blog\/wp-json\/wp\/v2\/posts\/5186","targetHints":{"allow":["GET"]}}],"collection":[{"href":"https:\/\/www.subaru.es\/blog\/wp-json\/wp\/v2\/posts"}],"about":[{"href":"https:\/\/www.subaru.es\/blog\/wp-json\/wp\/v2\/types\/post"}],"author":[{"embeddable":true,"href":"https:\/\/www.subaru.es\/blog\/wp-json\/wp\/v2\/users\/21"}],"replies":[{"embeddable":true,"href":"https:\/\/www.subaru.es\/blog\/wp-json\/wp\/v2\/comments?post=5186"}],"version-history":[{"count":2,"href":"https:\/\/www.subaru.es\/blog\/wp-json\/wp\/v2\/posts\/5186\/revisions"}],"predecessor-version":[{"id":16305,"href":"https:\/\/www.subaru.es\/blog\/wp-json\/wp\/v2\/posts\/5186\/revisions\/16305"}],"wp:featuredmedia":[{"embeddable":true,"href":"https:\/\/www.subaru.es\/blog\/wp-json\/wp\/v2\/media\/5187"}],"wp:attachment":[{"href":"https:\/\/www.subaru.es\/blog\/wp-json\/wp\/v2\/media?parent=5186"}],"wp:term":[{"taxonomy":"category","embeddable":true,"href":"https:\/\/www.subaru.es\/blog\/wp-json\/wp\/v2\/categories?post=5186"},{"taxonomy":"post_tag","embeddable":true,"href":"https:\/\/www.subaru.es\/blog\/wp-json\/wp\/v2\/tags?post=5186"}],"curies":[{"name":"wp","href":"https:\/\/api.w.org\/{rel}","templated":true}]}}