{"id":515,"date":"2008-01-24T16:30:15","date_gmt":"2008-01-24T14:30:15","guid":{"rendered":"http:\/\/subaru.preproduccion.com\/blog\/wp-content\/2008\/01\/24\/gracias-a-los-lectores-de-motorpasion\/"},"modified":"2016-10-17T15:11:38","modified_gmt":"2016-10-17T13:11:38","slug":"gracias-a-los-lectores-de-motorpasion","status":"publish","type":"post","link":"https:\/\/www.subaru.es\/blog\/nuestra-marca\/gracias-a-los-lectores-de-motorpasion\/","title":{"rendered":"Gracias a los lectores de Motorpasi\u00f3n"},"content":{"rendered":"<p><a href=\"http:\/\/www.motorpasion.com\/autor\/daniel-seijo\" target=\"_blank\">Daniel Seijo<\/a>, uno de los bloggers de motor m\u00e1s reconocidos, publica esta semana en <a href=\"http:\/\/motorpasion.com\" target=\"_blank\">Motorpasi\u00f3n<\/a> su ranking anual de compactos, una lista que deciden con sus votos los lectores del blog.<\/p>\n<p><center><a href=\"http:\/\/www.motorpasion.com\/2008\/01\/18-mejor-compacto-del-ano-subaru-impreza\" target=\"_blank\"><img data-src='https:\/\/www.subaru.es\/blog\/wp-content\/uploads\/2008\/01\/ranking-motorpasion-impreza.jpg' alt='Ranking de Motorpasi\u00f3n, mejores compactos 2007' src='data:image\/svg+xml;base64,PHN2ZyB3aWR0aD0iMSIgaGVpZ2h0PSIxIiB4bWxucz0iaHR0cDovL3d3dy53My5vcmcvMjAwMC9zdmciPjwvc3ZnPg==' class='lazyload' style='--smush-placeholder-width: 430px; --smush-placeholder-aspect-ratio: 430\/197;' \/><\/a><\/center><\/p>\n<p>Este a\u00f1o el m\u00e1ximo galard\u00f3n se lo ha llevado el <a href=\"https:\/\/www.subaru.es\/blog\/2007\/09\/11\/impreza-2008\/\">nuevo Subaru Impreza<\/a>, mejor compacto de 2007 para los usuarios de <strong>Motorpasi\u00f3n<\/strong>.<\/p>\n<p>Nuestro <strong>Impreza <\/strong>ha ganado con <strong>870 votos<\/strong> al segundo clasificado, el <strong>Fiat Bravo<\/strong>, que ha acumulado <strong>594 votos<\/strong>. El <strong>resto del ranking<\/strong> ha quedado de la siguiente manera:<\/p>\n<blockquote><p>\n<strong>1.  Subaru Impreza: 870 votos<\/strong><br \/>\n2. Fiat Bravo: 594 votos<br \/>\n3. Ford Focus: 462 votos<br \/>\n4. Toyota Auris: 301 votos<br \/>\n5. Peugeot 308: 204 votos<br \/>\n6. Kia pro_cee\u2019d: 155 votos<br \/>\n7. Hyundai i30: 113 votos<\/p><\/blockquote>\n<p><strong>Muchas gracias<\/strong> por los \u00e1nimos y el reconocimiento, seguiremos trabajando cada d\u00eda para no defraudaros.<\/p>\n","protected":false},"excerpt":{"rendered":"<p>Daniel Seijo, uno de los bloggers de motor m\u00e1s reconocidos, publica esta semana en Motorpasi\u00f3n su ranking anual de compactos, una lista que deciden con sus votos los lectores del blog. Este a\u00f1o el m\u00e1ximo galard\u00f3n se lo ha llevado el nuevo Subaru Impreza, mejor compacto de 2007 para los usuarios de Motorpasi\u00f3n. Nuestro Impreza [&hellip;]<\/p>\n","protected":false},"author":21,"featured_media":516,"comment_status":"open","ping_status":"open","sticky":false,"template":"","format":"standard","meta":{"_acf_changed":false,"_eb_attr":"","inline_featured_image":false,"footnotes":""},"categories":[4401],"tags":[32,31,10,30,29,28,4390],"class_list":["post-515","post","type-post","status-publish","format-standard","has-post-thumbnail","hentry","category-nuestra-marca","tag-32","tag-compactos","tag-impreza","tag-mejores","tag-motorpasion","tag-ranking","tag-subaru"],"acf":[],"yoast_head":"<!-- This site is optimized with the Yoast SEO plugin v27.3 - https:\/\/yoast.com\/product\/yoast-seo-wordpress\/ -->\n<title>Gracias a los lectores de Motorpasi\u00f3n - Universo Subaru<\/title>\n<meta name=\"robots\" content=\"index, follow, max-snippet:-1, max-image-preview:large, max-video-preview:-1\" \/>\n<link rel=\"canonical\" href=\"https:\/\/www.subaru.es\/blog\/nuestra-marca\/gracias-a-los-lectores-de-motorpasion\/\" \/>\n<meta property=\"og:locale\" content=\"es_ES\" \/>\n<meta property=\"og:type\" content=\"article\" \/>\n<meta property=\"og:title\" content=\"Gracias a los lectores de Motorpasi\u00f3n - Universo Subaru\" \/>\n<meta property=\"og:description\" content=\"Daniel Seijo, uno de los bloggers de motor m\u00e1s reconocidos, publica esta semana en Motorpasi\u00f3n su ranking anual de compactos, una lista que deciden con sus votos los lectores del blog. Este a\u00f1o el m\u00e1ximo galard\u00f3n se lo ha llevado el nuevo Subaru Impreza, mejor compacto de 2007 para los usuarios de Motorpasi\u00f3n. Nuestro Impreza [&hellip;]\" \/>\n<meta property=\"og:url\" content=\"https:\/\/www.subaru.es\/blog\/nuestra-marca\/gracias-a-los-lectores-de-motorpasion\/\" \/>\n<meta property=\"og:site_name\" content=\"Universo Subaru\" \/>\n<meta property=\"article:publisher\" content=\"https:\/\/www.facebook.com\/subaruespana\" \/>\n<meta property=\"article:published_time\" content=\"2008-01-24T14:30:15+00:00\" \/>\n<meta property=\"article:modified_time\" content=\"2016-10-17T13:11:38+00:00\" \/>\n<meta property=\"og:image\" content=\"https:\/\/www.subaru.es\/blog\/wp-content\/uploads\/2008\/01\/ranking-motorpasion-impreza.jpg\" \/>\n\t<meta property=\"og:image:width\" content=\"430\" \/>\n\t<meta property=\"og:image:height\" content=\"197\" \/>\n\t<meta property=\"og:image:type\" content=\"image\/jpeg\" \/>\n<meta name=\"author\" content=\"Subaru\" \/>\n<meta name=\"twitter:card\" content=\"summary_large_image\" \/>\n<meta name=\"twitter:label1\" content=\"Escrito por\" \/>\n\t<meta name=\"twitter:data1\" content=\"Subaru\" \/>\n\t<meta name=\"twitter:label2\" content=\"Tiempo de lectura\" \/>\n\t<meta name=\"twitter:data2\" content=\"1 minuto\" \/>\n<script type=\"application\/ld+json\" class=\"yoast-schema-graph\">{\"@context\":\"https:\\\/\\\/schema.org\",\"@graph\":[{\"@type\":\"Article\",\"@id\":\"https:\\\/\\\/www.subaru.es\\\/blog\\\/nuestra-marca\\\/gracias-a-los-lectores-de-motorpasion\\\/#article\",\"isPartOf\":{\"@id\":\"https:\\\/\\\/www.subaru.es\\\/blog\\\/nuestra-marca\\\/gracias-a-los-lectores-de-motorpasion\\\/\"},\"author\":{\"name\":\"Subaru\",\"@id\":\"https:\\\/\\\/www.subaru.es\\\/blog\\\/#\\\/schema\\\/person\\\/19a90b892230b8e0ec752704ddf4aa10\"},\"headline\":\"Gracias a los lectores de Motorpasi\u00f3n\",\"datePublished\":\"2008-01-24T14:30:15+00:00\",\"dateModified\":\"2016-10-17T13:11:38+00:00\",\"mainEntityOfPage\":{\"@id\":\"https:\\\/\\\/www.subaru.es\\\/blog\\\/nuestra-marca\\\/gracias-a-los-lectores-de-motorpasion\\\/\"},\"wordCount\":129,\"commentCount\":0,\"publisher\":{\"@id\":\"https:\\\/\\\/www.subaru.es\\\/blog\\\/#organization\"},\"image\":{\"@id\":\"https:\\\/\\\/www.subaru.es\\\/blog\\\/nuestra-marca\\\/gracias-a-los-lectores-de-motorpasion\\\/#primaryimage\"},\"thumbnailUrl\":\"https:\\\/\\\/www.subaru.es\\\/blog\\\/wp-content\\\/uploads\\\/2008\\\/01\\\/ranking-motorpasion-impreza.jpg\",\"keywords\":[\"2007\",\"compactos\",\"impreza\",\"mejores\",\"motorpasion\",\"ranking\",\"Subaru\"],\"articleSection\":[\"Nuestra marca\"],\"inLanguage\":\"es\",\"potentialAction\":[{\"@type\":\"CommentAction\",\"name\":\"Comment\",\"target\":[\"https:\\\/\\\/www.subaru.es\\\/blog\\\/nuestra-marca\\\/gracias-a-los-lectores-de-motorpasion\\\/#respond\"]}]},{\"@type\":\"WebPage\",\"@id\":\"https:\\\/\\\/www.subaru.es\\\/blog\\\/nuestra-marca\\\/gracias-a-los-lectores-de-motorpasion\\\/\",\"url\":\"https:\\\/\\\/www.subaru.es\\\/blog\\\/nuestra-marca\\\/gracias-a-los-lectores-de-motorpasion\\\/\",\"name\":\"Gracias a los lectores de Motorpasi\u00f3n - Universo Subaru\",\"isPartOf\":{\"@id\":\"https:\\\/\\\/www.subaru.es\\\/blog\\\/#website\"},\"primaryImageOfPage\":{\"@id\":\"https:\\\/\\\/www.subaru.es\\\/blog\\\/nuestra-marca\\\/gracias-a-los-lectores-de-motorpasion\\\/#primaryimage\"},\"image\":{\"@id\":\"https:\\\/\\\/www.subaru.es\\\/blog\\\/nuestra-marca\\\/gracias-a-los-lectores-de-motorpasion\\\/#primaryimage\"},\"thumbnailUrl\":\"https:\\\/\\\/www.subaru.es\\\/blog\\\/wp-content\\\/uploads\\\/2008\\\/01\\\/ranking-motorpasion-impreza.jpg\",\"datePublished\":\"2008-01-24T14:30:15+00:00\",\"dateModified\":\"2016-10-17T13:11:38+00:00\",\"breadcrumb\":{\"@id\":\"https:\\\/\\\/www.subaru.es\\\/blog\\\/nuestra-marca\\\/gracias-a-los-lectores-de-motorpasion\\\/#breadcrumb\"},\"inLanguage\":\"es\",\"potentialAction\":[{\"@type\":\"ReadAction\",\"target\":[\"https:\\\/\\\/www.subaru.es\\\/blog\\\/nuestra-marca\\\/gracias-a-los-lectores-de-motorpasion\\\/\"]}]},{\"@type\":\"ImageObject\",\"inLanguage\":\"es\",\"@id\":\"https:\\\/\\\/www.subaru.es\\\/blog\\\/nuestra-marca\\\/gracias-a-los-lectores-de-motorpasion\\\/#primaryimage\",\"url\":\"https:\\\/\\\/www.subaru.es\\\/blog\\\/wp-content\\\/uploads\\\/2008\\\/01\\\/ranking-motorpasion-impreza.jpg\",\"contentUrl\":\"https:\\\/\\\/www.subaru.es\\\/blog\\\/wp-content\\\/uploads\\\/2008\\\/01\\\/ranking-motorpasion-impreza.jpg\",\"width\":430,\"height\":197},{\"@type\":\"BreadcrumbList\",\"@id\":\"https:\\\/\\\/www.subaru.es\\\/blog\\\/nuestra-marca\\\/gracias-a-los-lectores-de-motorpasion\\\/#breadcrumb\",\"itemListElement\":[{\"@type\":\"ListItem\",\"position\":1,\"name\":\"Portada\",\"item\":\"https:\\\/\\\/www.subaru.es\\\/blog\\\/\"},{\"@type\":\"ListItem\",\"position\":2,\"name\":\"Gracias a los lectores de Motorpasi\u00f3n\"}]},{\"@type\":\"WebSite\",\"@id\":\"https:\\\/\\\/www.subaru.es\\\/blog\\\/#website\",\"url\":\"https:\\\/\\\/www.subaru.es\\\/blog\\\/\",\"name\":\"Universo Subaru\",\"description\":\"Descubre este apasionante espacio de Subaru donde vas a conocer todo sobre nuestros coches y las experiencias que vivimos con ellos. Si est\u00e1s preparado para dejarte seducir por la filosof\u00eda Subaru, qu\u00e9date con nosotros.\",\"publisher\":{\"@id\":\"https:\\\/\\\/www.subaru.es\\\/blog\\\/#organization\"},\"potentialAction\":[{\"@type\":\"SearchAction\",\"target\":{\"@type\":\"EntryPoint\",\"urlTemplate\":\"https:\\\/\\\/www.subaru.es\\\/blog\\\/?s={search_term_string}\"},\"query-input\":{\"@type\":\"PropertyValueSpecification\",\"valueRequired\":true,\"valueName\":\"search_term_string\"}}],\"inLanguage\":\"es\"},{\"@type\":\"Organization\",\"@id\":\"https:\\\/\\\/www.subaru.es\\\/blog\\\/#organization\",\"name\":\"Subaru Espa\u00f1a S.A.\",\"url\":\"https:\\\/\\\/www.subaru.es\\\/blog\\\/\",\"logo\":{\"@type\":\"ImageObject\",\"inLanguage\":\"es\",\"@id\":\"https:\\\/\\\/www.subaru.es\\\/blog\\\/#\\\/schema\\\/logo\\\/image\\\/\",\"url\":\"https:\\\/\\\/www.subaru.es\\\/blog\\\/wp-content\\\/uploads\\\/2016\\\/12\\\/Logo-Subaru-TypeV_C300-scaled.jpg\",\"contentUrl\":\"https:\\\/\\\/www.subaru.es\\\/blog\\\/wp-content\\\/uploads\\\/2016\\\/12\\\/Logo-Subaru-TypeV_C300-scaled.jpg\",\"width\":2560,\"height\":1864,\"caption\":\"Subaru Espa\u00f1a S.A.\"},\"image\":{\"@id\":\"https:\\\/\\\/www.subaru.es\\\/blog\\\/#\\\/schema\\\/logo\\\/image\\\/\"},\"sameAs\":[\"https:\\\/\\\/www.facebook.com\\\/subaruespana\",\"https:\\\/\\\/www.instagram.com\\\/subarues\\\/\",\"https:\\\/\\\/www.youtube.com\\\/user\\\/subaruespana\"]},{\"@type\":\"Person\",\"@id\":\"https:\\\/\\\/www.subaru.es\\\/blog\\\/#\\\/schema\\\/person\\\/19a90b892230b8e0ec752704ddf4aa10\",\"name\":\"Subaru\",\"url\":\"https:\\\/\\\/www.subaru.es\\\/blog\\\/author\\\/subaria\\\/\"}]}<\/script>\n<!-- \/ Yoast SEO plugin. -->","yoast_head_json":{"title":"Gracias a los lectores de Motorpasi\u00f3n - Universo Subaru","robots":{"index":"index","follow":"follow","max-snippet":"max-snippet:-1","max-image-preview":"max-image-preview:large","max-video-preview":"max-video-preview:-1"},"canonical":"https:\/\/www.subaru.es\/blog\/nuestra-marca\/gracias-a-los-lectores-de-motorpasion\/","og_locale":"es_ES","og_type":"article","og_title":"Gracias a los lectores de Motorpasi\u00f3n - Universo Subaru","og_description":"Daniel Seijo, uno de los bloggers de motor m\u00e1s reconocidos, publica esta semana en Motorpasi\u00f3n su ranking anual de compactos, una lista que deciden con sus votos los lectores del blog. Este a\u00f1o el m\u00e1ximo galard\u00f3n se lo ha llevado el nuevo Subaru Impreza, mejor compacto de 2007 para los usuarios de Motorpasi\u00f3n. Nuestro Impreza [&hellip;]","og_url":"https:\/\/www.subaru.es\/blog\/nuestra-marca\/gracias-a-los-lectores-de-motorpasion\/","og_site_name":"Universo Subaru","article_publisher":"https:\/\/www.facebook.com\/subaruespana","article_published_time":"2008-01-24T14:30:15+00:00","article_modified_time":"2016-10-17T13:11:38+00:00","og_image":[{"width":430,"height":197,"url":"https:\/\/www.subaru.es\/blog\/wp-content\/uploads\/2008\/01\/ranking-motorpasion-impreza.jpg","type":"image\/jpeg"}],"author":"Subaru","twitter_card":"summary_large_image","twitter_misc":{"Escrito por":"Subaru","Tiempo de lectura":"1 minuto"},"schema":{"@context":"https:\/\/schema.org","@graph":[{"@type":"Article","@id":"https:\/\/www.subaru.es\/blog\/nuestra-marca\/gracias-a-los-lectores-de-motorpasion\/#article","isPartOf":{"@id":"https:\/\/www.subaru.es\/blog\/nuestra-marca\/gracias-a-los-lectores-de-motorpasion\/"},"author":{"name":"Subaru","@id":"https:\/\/www.subaru.es\/blog\/#\/schema\/person\/19a90b892230b8e0ec752704ddf4aa10"},"headline":"Gracias a los lectores de Motorpasi\u00f3n","datePublished":"2008-01-24T14:30:15+00:00","dateModified":"2016-10-17T13:11:38+00:00","mainEntityOfPage":{"@id":"https:\/\/www.subaru.es\/blog\/nuestra-marca\/gracias-a-los-lectores-de-motorpasion\/"},"wordCount":129,"commentCount":0,"publisher":{"@id":"https:\/\/www.subaru.es\/blog\/#organization"},"image":{"@id":"https:\/\/www.subaru.es\/blog\/nuestra-marca\/gracias-a-los-lectores-de-motorpasion\/#primaryimage"},"thumbnailUrl":"https:\/\/www.subaru.es\/blog\/wp-content\/uploads\/2008\/01\/ranking-motorpasion-impreza.jpg","keywords":["2007","compactos","impreza","mejores","motorpasion","ranking","Subaru"],"articleSection":["Nuestra marca"],"inLanguage":"es","potentialAction":[{"@type":"CommentAction","name":"Comment","target":["https:\/\/www.subaru.es\/blog\/nuestra-marca\/gracias-a-los-lectores-de-motorpasion\/#respond"]}]},{"@type":"WebPage","@id":"https:\/\/www.subaru.es\/blog\/nuestra-marca\/gracias-a-los-lectores-de-motorpasion\/","url":"https:\/\/www.subaru.es\/blog\/nuestra-marca\/gracias-a-los-lectores-de-motorpasion\/","name":"Gracias a los lectores de Motorpasi\u00f3n - Universo Subaru","isPartOf":{"@id":"https:\/\/www.subaru.es\/blog\/#website"},"primaryImageOfPage":{"@id":"https:\/\/www.subaru.es\/blog\/nuestra-marca\/gracias-a-los-lectores-de-motorpasion\/#primaryimage"},"image":{"@id":"https:\/\/www.subaru.es\/blog\/nuestra-marca\/gracias-a-los-lectores-de-motorpasion\/#primaryimage"},"thumbnailUrl":"https:\/\/www.subaru.es\/blog\/wp-content\/uploads\/2008\/01\/ranking-motorpasion-impreza.jpg","datePublished":"2008-01-24T14:30:15+00:00","dateModified":"2016-10-17T13:11:38+00:00","breadcrumb":{"@id":"https:\/\/www.subaru.es\/blog\/nuestra-marca\/gracias-a-los-lectores-de-motorpasion\/#breadcrumb"},"inLanguage":"es","potentialAction":[{"@type":"ReadAction","target":["https:\/\/www.subaru.es\/blog\/nuestra-marca\/gracias-a-los-lectores-de-motorpasion\/"]}]},{"@type":"ImageObject","inLanguage":"es","@id":"https:\/\/www.subaru.es\/blog\/nuestra-marca\/gracias-a-los-lectores-de-motorpasion\/#primaryimage","url":"https:\/\/www.subaru.es\/blog\/wp-content\/uploads\/2008\/01\/ranking-motorpasion-impreza.jpg","contentUrl":"https:\/\/www.subaru.es\/blog\/wp-content\/uploads\/2008\/01\/ranking-motorpasion-impreza.jpg","width":430,"height":197},{"@type":"BreadcrumbList","@id":"https:\/\/www.subaru.es\/blog\/nuestra-marca\/gracias-a-los-lectores-de-motorpasion\/#breadcrumb","itemListElement":[{"@type":"ListItem","position":1,"name":"Portada","item":"https:\/\/www.subaru.es\/blog\/"},{"@type":"ListItem","position":2,"name":"Gracias a los lectores de Motorpasi\u00f3n"}]},{"@type":"WebSite","@id":"https:\/\/www.subaru.es\/blog\/#website","url":"https:\/\/www.subaru.es\/blog\/","name":"Universo Subaru","description":"Descubre este apasionante espacio de Subaru donde vas a conocer todo sobre nuestros coches y las experiencias que vivimos con ellos. Si est\u00e1s preparado para dejarte seducir por la filosof\u00eda Subaru, qu\u00e9date con nosotros.","publisher":{"@id":"https:\/\/www.subaru.es\/blog\/#organization"},"potentialAction":[{"@type":"SearchAction","target":{"@type":"EntryPoint","urlTemplate":"https:\/\/www.subaru.es\/blog\/?s={search_term_string}"},"query-input":{"@type":"PropertyValueSpecification","valueRequired":true,"valueName":"search_term_string"}}],"inLanguage":"es"},{"@type":"Organization","@id":"https:\/\/www.subaru.es\/blog\/#organization","name":"Subaru Espa\u00f1a S.A.","url":"https:\/\/www.subaru.es\/blog\/","logo":{"@type":"ImageObject","inLanguage":"es","@id":"https:\/\/www.subaru.es\/blog\/#\/schema\/logo\/image\/","url":"https:\/\/www.subaru.es\/blog\/wp-content\/uploads\/2016\/12\/Logo-Subaru-TypeV_C300-scaled.jpg","contentUrl":"https:\/\/www.subaru.es\/blog\/wp-content\/uploads\/2016\/12\/Logo-Subaru-TypeV_C300-scaled.jpg","width":2560,"height":1864,"caption":"Subaru Espa\u00f1a S.A."},"image":{"@id":"https:\/\/www.subaru.es\/blog\/#\/schema\/logo\/image\/"},"sameAs":["https:\/\/www.facebook.com\/subaruespana","https:\/\/www.instagram.com\/subarues\/","https:\/\/www.youtube.com\/user\/subaruespana"]},{"@type":"Person","@id":"https:\/\/www.subaru.es\/blog\/#\/schema\/person\/19a90b892230b8e0ec752704ddf4aa10","name":"Subaru","url":"https:\/\/www.subaru.es\/blog\/author\/subaria\/"}]}},"_links":{"self":[{"href":"https:\/\/www.subaru.es\/blog\/wp-json\/wp\/v2\/posts\/515","targetHints":{"allow":["GET"]}}],"collection":[{"href":"https:\/\/www.subaru.es\/blog\/wp-json\/wp\/v2\/posts"}],"about":[{"href":"https:\/\/www.subaru.es\/blog\/wp-json\/wp\/v2\/types\/post"}],"author":[{"embeddable":true,"href":"https:\/\/www.subaru.es\/blog\/wp-json\/wp\/v2\/users\/21"}],"replies":[{"embeddable":true,"href":"https:\/\/www.subaru.es\/blog\/wp-json\/wp\/v2\/comments?post=515"}],"version-history":[{"count":1,"href":"https:\/\/www.subaru.es\/blog\/wp-json\/wp\/v2\/posts\/515\/revisions"}],"predecessor-version":[{"id":15722,"href":"https:\/\/www.subaru.es\/blog\/wp-json\/wp\/v2\/posts\/515\/revisions\/15722"}],"wp:featuredmedia":[{"embeddable":true,"href":"https:\/\/www.subaru.es\/blog\/wp-json\/wp\/v2\/media\/516"}],"wp:attachment":[{"href":"https:\/\/www.subaru.es\/blog\/wp-json\/wp\/v2\/media?parent=515"}],"wp:term":[{"taxonomy":"category","embeddable":true,"href":"https:\/\/www.subaru.es\/blog\/wp-json\/wp\/v2\/categories?post=515"},{"taxonomy":"post_tag","embeddable":true,"href":"https:\/\/www.subaru.es\/blog\/wp-json\/wp\/v2\/tags?post=515"}],"curies":[{"name":"wp","href":"https:\/\/api.w.org\/{rel}","templated":true}]}}