{"id":5117,"date":"2011-10-19T17:13:07","date_gmt":"2011-10-19T15:13:07","guid":{"rendered":"http:\/\/subaru.preproduccion.com\/blog\/?p=5117"},"modified":"2016-10-17T15:07:30","modified_gmt":"2016-10-17T13:07:30","slug":"cinco-anos-de-carnet-por-puntos-llega-la-hora-de-la-valoracion","status":"publish","type":"post","link":"https:\/\/www.subaru.es\/blog\/nuestra-marca\/cinco-anos-de-carnet-por-puntos-llega-la-hora-de-la-valoracion\/","title":{"rendered":"Cinco a\u00f1os de carnet por puntos: llega la hora de la valoraci\u00f3n"},"content":{"rendered":"<p><img decoding=\"async\" data-src=\"https:\/\/www.subaru.es\/blog\/wp-content\/uploads\/2011\/07\/multado.jpg\" alt=\"\" title=\"multado\" width=\"610\" height=\"428\" class=\"aligncenter size-full wp-image-5122 lazyload\" data-srcset=\"https:\/\/www.subaru.es\/blog\/wp-content\/uploads\/2011\/07\/multado.jpg 610w, https:\/\/www.subaru.es\/blog\/wp-content\/uploads\/2011\/07\/multado-560x393.jpg 560w\" data-sizes=\"(max-width: 610px) 100vw, 610px\" src=\"data:image\/svg+xml;base64,PHN2ZyB3aWR0aD0iMSIgaGVpZ2h0PSIxIiB4bWxucz0iaHR0cDovL3d3dy53My5vcmcvMjAwMC9zdmciPjwvc3ZnPg==\" style=\"--smush-placeholder-width: 610px; --smush-placeholder-aspect-ratio: 610\/428;\" \/><br \/>\nPere Navarro, el director de la DGT, ha aprovechado que <strong>se celebran cinco a\u00f1os de la implantaci\u00f3n del carnet por puntos<\/strong> (c\u00f3mo pasa el tiempo, \u00bfverdad?) para hacer balance sobre la medida, c\u00f3mo ha funcionado, si sirve como correctivo o incluso (algo que me parece un tanto osado) si gracias al carnet por puntos se ha reducido la siniestralidad y mortalidad en carretera.<\/p>\n<p>Esta medida, en principio y si hacemos memoria, bastante pol\u00e9mica y con una aceptaci\u00f3n a rega\u00f1adientes por parte de los conductores, se revela <strong>seg\u00fan Pere Navarro en una mayor acci\u00f3n pedag\u00f3gica desde las autoridades<\/strong>. La raz\u00f3n es que a d\u00eda de hoy no importa si se puede o no pagar las multas, lo que importa es que el carnet de conducir se puede retirar en el momento en el que el saldo de puntos es cero (o negativo, nunca se sabe). Esta caracter\u00edstica acerca m\u00e1s al carnet de conducir a ser un permiso y una confianza que nos da el estado y los ciudadanos, que a un carnet v\u00e1lido mientras se renueve.<br \/>\n<!--more--><\/p>\n<p>Por los motivos que comentamos arriba <strong>Navarro se siente \u00ableg\u00edtimamente orgulloso\u00bb de los logros de este carnet<\/strong> y tambi\u00e9n de las personas que lo llevaron adelante en 2006. Sin entrar en valoraciones para las que no disponemos de datos, lo cierto es que una frase que ha dicho el sr. Navarro me parece muy acertada: \u00ab<em>Si no cumples las normas, la sociedad te retira la confianza y el carnet<\/em>\u00ab. En eso estoy de acuerdo, queramos o no, el sistema vial tiene sus normas y es nuestra obligaci\u00f3n cumplirlas, forma parte del juego.<\/p>\n<p>Un punto a mejorar (entre otros) es <strong>llegar a poder asegurar que un conductor al que se le haya retirado el carnet no circule<\/strong> de forma efectiva, es decir, que no existan casos de reincidencia con el agravante de tener retirado el carnet. No son casos frecuentes, pero ha pasado y as\u00ed lo hemos visto en los peri\u00f3dicos alguna vez.<\/p>\n<p><strong>En n\u00fameros, el carnet por puntos nos deja algunas perlas<\/strong> en estos cinco a\u00f1os: el 16 por ciento del total de los conductores han sido sancionados por alguna infracci\u00f3n que acarrea p\u00e9rdida de puntos: la mayor\u00eda (50%) por exceso de velocidad; al 0,43 por ciento del censo total de conductores (107.152)  se le ha retirado el carnet una vez, mientras que los reincidentes son 681 (retirada de carnet dos veces). <\/p>\n<p>Que nos parezca mucho o poco es subjetivo, a mi particularmente <strong>me parece mucho que haya m\u00e1s de 100.000 conductores con retirada de carnet, y much\u00edsimo 681 reincidentes<\/strong>. Recordemos que se retira el carnet con 0 puntos, as\u00ed que o bien son multireincidentes en faltas que quitan el m\u00ednimo de puntos, o son peligros reales a la seguridad de los dem\u00e1s, por faltas extremadamente graves.<\/p>\n<p>V\u00eda | <a href=\"http:\/\/www.elconfidencial.com\/ultima-hora-en-vivo\/2011\/07\/navarro-carne-puntos-buena-salud-cinco-20110713-552028.html\">El Confidencial<\/a><br \/>\nFoto | <a href=\"http:\/\/www.flickr.com\/photos\/rahego\/2336301476\">rahego<\/a><\/p>\n","protected":false},"excerpt":{"rendered":"<p>Pere Navarro, el director de la DGT, ha aprovechado que se celebran cinco a\u00f1os de la implantaci\u00f3n del carnet por puntos (c\u00f3mo pasa el tiempo, \u00bfverdad?) para hacer balance sobre la medida, c\u00f3mo ha funcionado, si sirve como correctivo o incluso (algo que me parece un tanto osado) si gracias al carnet por puntos se [&hellip;]<\/p>\n","protected":false},"author":21,"featured_media":5122,"comment_status":"open","ping_status":"open","sticky":false,"template":"","format":"standard","meta":{"_acf_changed":false,"_eb_attr":"","inline_featured_image":false,"footnotes":""},"categories":[4401],"tags":[2400,3509,3159,3384,206],"class_list":["post-5117","post","type-post","status-publish","format-standard","has-post-thumbnail","hentry","category-nuestra-marca","tag-aniversario","tag-carnet-de-conducir","tag-dgt","tag-perdida-de-puntos","tag-velocidad"],"acf":[],"yoast_head":"<!-- This site is optimized with the Yoast SEO plugin v27.3 - https:\/\/yoast.com\/product\/yoast-seo-wordpress\/ -->\n<title>Cinco a\u00f1os de carnet por puntos: llega la hora de la valoraci\u00f3n - Universo Subaru<\/title>\n<meta name=\"robots\" content=\"index, follow, max-snippet:-1, max-image-preview:large, max-video-preview:-1\" \/>\n<link rel=\"canonical\" href=\"https:\/\/www.subaru.es\/blog\/nuestra-marca\/cinco-anos-de-carnet-por-puntos-llega-la-hora-de-la-valoracion\/\" \/>\n<meta property=\"og:locale\" content=\"es_ES\" \/>\n<meta property=\"og:type\" content=\"article\" \/>\n<meta property=\"og:title\" content=\"Cinco a\u00f1os de carnet por puntos: llega la hora de la valoraci\u00f3n - Universo Subaru\" \/>\n<meta property=\"og:description\" content=\"Pere Navarro, el director de la DGT, ha aprovechado que se celebran cinco a\u00f1os de la implantaci\u00f3n del carnet por puntos (c\u00f3mo pasa el tiempo, \u00bfverdad?) para hacer balance sobre la medida, c\u00f3mo ha funcionado, si sirve como correctivo o incluso (algo que me parece un tanto osado) si gracias al carnet por puntos se [&hellip;]\" \/>\n<meta property=\"og:url\" content=\"https:\/\/www.subaru.es\/blog\/nuestra-marca\/cinco-anos-de-carnet-por-puntos-llega-la-hora-de-la-valoracion\/\" \/>\n<meta property=\"og:site_name\" content=\"Universo Subaru\" \/>\n<meta property=\"article:publisher\" content=\"https:\/\/www.facebook.com\/subaruespana\" \/>\n<meta property=\"article:published_time\" content=\"2011-10-19T15:13:07+00:00\" \/>\n<meta property=\"article:modified_time\" content=\"2016-10-17T13:07:30+00:00\" \/>\n<meta property=\"og:image\" content=\"https:\/\/www.subaru.es\/blog\/wp-content\/uploads\/2011\/07\/multado.jpg\" \/>\n\t<meta property=\"og:image:width\" content=\"610\" \/>\n\t<meta property=\"og:image:height\" content=\"428\" \/>\n\t<meta property=\"og:image:type\" content=\"image\/jpeg\" \/>\n<meta name=\"author\" content=\"Subaru\" \/>\n<meta name=\"twitter:card\" content=\"summary_large_image\" \/>\n<meta name=\"twitter:label1\" content=\"Escrito por\" \/>\n\t<meta name=\"twitter:data1\" content=\"Subaru\" \/>\n\t<meta name=\"twitter:label2\" content=\"Tiempo de lectura\" \/>\n\t<meta name=\"twitter:data2\" content=\"2 minutos\" \/>\n<script type=\"application\/ld+json\" class=\"yoast-schema-graph\">{\"@context\":\"https:\\\/\\\/schema.org\",\"@graph\":[{\"@type\":\"Article\",\"@id\":\"https:\\\/\\\/www.subaru.es\\\/blog\\\/nuestra-marca\\\/cinco-anos-de-carnet-por-puntos-llega-la-hora-de-la-valoracion\\\/#article\",\"isPartOf\":{\"@id\":\"https:\\\/\\\/www.subaru.es\\\/blog\\\/nuestra-marca\\\/cinco-anos-de-carnet-por-puntos-llega-la-hora-de-la-valoracion\\\/\"},\"author\":{\"name\":\"Subaru\",\"@id\":\"https:\\\/\\\/www.subaru.es\\\/blog\\\/#\\\/schema\\\/person\\\/19a90b892230b8e0ec752704ddf4aa10\"},\"headline\":\"Cinco a\u00f1os de carnet por puntos: llega la hora de la valoraci\u00f3n\",\"datePublished\":\"2011-10-19T15:13:07+00:00\",\"dateModified\":\"2016-10-17T13:07:30+00:00\",\"mainEntityOfPage\":{\"@id\":\"https:\\\/\\\/www.subaru.es\\\/blog\\\/nuestra-marca\\\/cinco-anos-de-carnet-por-puntos-llega-la-hora-de-la-valoracion\\\/\"},\"wordCount\":501,\"commentCount\":0,\"publisher\":{\"@id\":\"https:\\\/\\\/www.subaru.es\\\/blog\\\/#organization\"},\"image\":{\"@id\":\"https:\\\/\\\/www.subaru.es\\\/blog\\\/nuestra-marca\\\/cinco-anos-de-carnet-por-puntos-llega-la-hora-de-la-valoracion\\\/#primaryimage\"},\"thumbnailUrl\":\"https:\\\/\\\/www.subaru.es\\\/blog\\\/wp-content\\\/uploads\\\/2011\\\/07\\\/multado.jpg\",\"keywords\":[\"aniversario\",\"Carnet de conducir\",\"DGT\",\"p\u00e9rdida de puntos\",\"velocidad\"],\"articleSection\":[\"Nuestra marca\"],\"inLanguage\":\"es\",\"potentialAction\":[{\"@type\":\"CommentAction\",\"name\":\"Comment\",\"target\":[\"https:\\\/\\\/www.subaru.es\\\/blog\\\/nuestra-marca\\\/cinco-anos-de-carnet-por-puntos-llega-la-hora-de-la-valoracion\\\/#respond\"]}]},{\"@type\":\"WebPage\",\"@id\":\"https:\\\/\\\/www.subaru.es\\\/blog\\\/nuestra-marca\\\/cinco-anos-de-carnet-por-puntos-llega-la-hora-de-la-valoracion\\\/\",\"url\":\"https:\\\/\\\/www.subaru.es\\\/blog\\\/nuestra-marca\\\/cinco-anos-de-carnet-por-puntos-llega-la-hora-de-la-valoracion\\\/\",\"name\":\"Cinco a\u00f1os de carnet por puntos: llega la hora de la valoraci\u00f3n - Universo Subaru\",\"isPartOf\":{\"@id\":\"https:\\\/\\\/www.subaru.es\\\/blog\\\/#website\"},\"primaryImageOfPage\":{\"@id\":\"https:\\\/\\\/www.subaru.es\\\/blog\\\/nuestra-marca\\\/cinco-anos-de-carnet-por-puntos-llega-la-hora-de-la-valoracion\\\/#primaryimage\"},\"image\":{\"@id\":\"https:\\\/\\\/www.subaru.es\\\/blog\\\/nuestra-marca\\\/cinco-anos-de-carnet-por-puntos-llega-la-hora-de-la-valoracion\\\/#primaryimage\"},\"thumbnailUrl\":\"https:\\\/\\\/www.subaru.es\\\/blog\\\/wp-content\\\/uploads\\\/2011\\\/07\\\/multado.jpg\",\"datePublished\":\"2011-10-19T15:13:07+00:00\",\"dateModified\":\"2016-10-17T13:07:30+00:00\",\"breadcrumb\":{\"@id\":\"https:\\\/\\\/www.subaru.es\\\/blog\\\/nuestra-marca\\\/cinco-anos-de-carnet-por-puntos-llega-la-hora-de-la-valoracion\\\/#breadcrumb\"},\"inLanguage\":\"es\",\"potentialAction\":[{\"@type\":\"ReadAction\",\"target\":[\"https:\\\/\\\/www.subaru.es\\\/blog\\\/nuestra-marca\\\/cinco-anos-de-carnet-por-puntos-llega-la-hora-de-la-valoracion\\\/\"]}]},{\"@type\":\"ImageObject\",\"inLanguage\":\"es\",\"@id\":\"https:\\\/\\\/www.subaru.es\\\/blog\\\/nuestra-marca\\\/cinco-anos-de-carnet-por-puntos-llega-la-hora-de-la-valoracion\\\/#primaryimage\",\"url\":\"https:\\\/\\\/www.subaru.es\\\/blog\\\/wp-content\\\/uploads\\\/2011\\\/07\\\/multado.jpg\",\"contentUrl\":\"https:\\\/\\\/www.subaru.es\\\/blog\\\/wp-content\\\/uploads\\\/2011\\\/07\\\/multado.jpg\",\"width\":610,\"height\":428},{\"@type\":\"BreadcrumbList\",\"@id\":\"https:\\\/\\\/www.subaru.es\\\/blog\\\/nuestra-marca\\\/cinco-anos-de-carnet-por-puntos-llega-la-hora-de-la-valoracion\\\/#breadcrumb\",\"itemListElement\":[{\"@type\":\"ListItem\",\"position\":1,\"name\":\"Portada\",\"item\":\"https:\\\/\\\/www.subaru.es\\\/blog\\\/\"},{\"@type\":\"ListItem\",\"position\":2,\"name\":\"Cinco a\u00f1os de carnet por puntos: llega la hora de la valoraci\u00f3n\"}]},{\"@type\":\"WebSite\",\"@id\":\"https:\\\/\\\/www.subaru.es\\\/blog\\\/#website\",\"url\":\"https:\\\/\\\/www.subaru.es\\\/blog\\\/\",\"name\":\"Universo Subaru\",\"description\":\"Descubre este apasionante espacio de Subaru donde vas a conocer todo sobre nuestros coches y las experiencias que vivimos con ellos. Si est\u00e1s preparado para dejarte seducir por la filosof\u00eda Subaru, qu\u00e9date con nosotros.\",\"publisher\":{\"@id\":\"https:\\\/\\\/www.subaru.es\\\/blog\\\/#organization\"},\"potentialAction\":[{\"@type\":\"SearchAction\",\"target\":{\"@type\":\"EntryPoint\",\"urlTemplate\":\"https:\\\/\\\/www.subaru.es\\\/blog\\\/?s={search_term_string}\"},\"query-input\":{\"@type\":\"PropertyValueSpecification\",\"valueRequired\":true,\"valueName\":\"search_term_string\"}}],\"inLanguage\":\"es\"},{\"@type\":\"Organization\",\"@id\":\"https:\\\/\\\/www.subaru.es\\\/blog\\\/#organization\",\"name\":\"Subaru Espa\u00f1a S.A.\",\"url\":\"https:\\\/\\\/www.subaru.es\\\/blog\\\/\",\"logo\":{\"@type\":\"ImageObject\",\"inLanguage\":\"es\",\"@id\":\"https:\\\/\\\/www.subaru.es\\\/blog\\\/#\\\/schema\\\/logo\\\/image\\\/\",\"url\":\"https:\\\/\\\/www.subaru.es\\\/blog\\\/wp-content\\\/uploads\\\/2016\\\/12\\\/Logo-Subaru-TypeV_C300-scaled.jpg\",\"contentUrl\":\"https:\\\/\\\/www.subaru.es\\\/blog\\\/wp-content\\\/uploads\\\/2016\\\/12\\\/Logo-Subaru-TypeV_C300-scaled.jpg\",\"width\":2560,\"height\":1864,\"caption\":\"Subaru Espa\u00f1a S.A.\"},\"image\":{\"@id\":\"https:\\\/\\\/www.subaru.es\\\/blog\\\/#\\\/schema\\\/logo\\\/image\\\/\"},\"sameAs\":[\"https:\\\/\\\/www.facebook.com\\\/subaruespana\",\"https:\\\/\\\/www.instagram.com\\\/subarues\\\/\",\"https:\\\/\\\/www.youtube.com\\\/user\\\/subaruespana\"]},{\"@type\":\"Person\",\"@id\":\"https:\\\/\\\/www.subaru.es\\\/blog\\\/#\\\/schema\\\/person\\\/19a90b892230b8e0ec752704ddf4aa10\",\"name\":\"Subaru\",\"url\":\"https:\\\/\\\/www.subaru.es\\\/blog\\\/author\\\/subaria\\\/\"}]}<\/script>\n<!-- \/ Yoast SEO plugin. -->","yoast_head_json":{"title":"Cinco a\u00f1os de carnet por puntos: llega la hora de la valoraci\u00f3n - Universo Subaru","robots":{"index":"index","follow":"follow","max-snippet":"max-snippet:-1","max-image-preview":"max-image-preview:large","max-video-preview":"max-video-preview:-1"},"canonical":"https:\/\/www.subaru.es\/blog\/nuestra-marca\/cinco-anos-de-carnet-por-puntos-llega-la-hora-de-la-valoracion\/","og_locale":"es_ES","og_type":"article","og_title":"Cinco a\u00f1os de carnet por puntos: llega la hora de la valoraci\u00f3n - Universo Subaru","og_description":"Pere Navarro, el director de la DGT, ha aprovechado que se celebran cinco a\u00f1os de la implantaci\u00f3n del carnet por puntos (c\u00f3mo pasa el tiempo, \u00bfverdad?) para hacer balance sobre la medida, c\u00f3mo ha funcionado, si sirve como correctivo o incluso (algo que me parece un tanto osado) si gracias al carnet por puntos se [&hellip;]","og_url":"https:\/\/www.subaru.es\/blog\/nuestra-marca\/cinco-anos-de-carnet-por-puntos-llega-la-hora-de-la-valoracion\/","og_site_name":"Universo Subaru","article_publisher":"https:\/\/www.facebook.com\/subaruespana","article_published_time":"2011-10-19T15:13:07+00:00","article_modified_time":"2016-10-17T13:07:30+00:00","og_image":[{"width":610,"height":428,"url":"https:\/\/www.subaru.es\/blog\/wp-content\/uploads\/2011\/07\/multado.jpg","type":"image\/jpeg"}],"author":"Subaru","twitter_card":"summary_large_image","twitter_misc":{"Escrito por":"Subaru","Tiempo de lectura":"2 minutos"},"schema":{"@context":"https:\/\/schema.org","@graph":[{"@type":"Article","@id":"https:\/\/www.subaru.es\/blog\/nuestra-marca\/cinco-anos-de-carnet-por-puntos-llega-la-hora-de-la-valoracion\/#article","isPartOf":{"@id":"https:\/\/www.subaru.es\/blog\/nuestra-marca\/cinco-anos-de-carnet-por-puntos-llega-la-hora-de-la-valoracion\/"},"author":{"name":"Subaru","@id":"https:\/\/www.subaru.es\/blog\/#\/schema\/person\/19a90b892230b8e0ec752704ddf4aa10"},"headline":"Cinco a\u00f1os de carnet por puntos: llega la hora de la valoraci\u00f3n","datePublished":"2011-10-19T15:13:07+00:00","dateModified":"2016-10-17T13:07:30+00:00","mainEntityOfPage":{"@id":"https:\/\/www.subaru.es\/blog\/nuestra-marca\/cinco-anos-de-carnet-por-puntos-llega-la-hora-de-la-valoracion\/"},"wordCount":501,"commentCount":0,"publisher":{"@id":"https:\/\/www.subaru.es\/blog\/#organization"},"image":{"@id":"https:\/\/www.subaru.es\/blog\/nuestra-marca\/cinco-anos-de-carnet-por-puntos-llega-la-hora-de-la-valoracion\/#primaryimage"},"thumbnailUrl":"https:\/\/www.subaru.es\/blog\/wp-content\/uploads\/2011\/07\/multado.jpg","keywords":["aniversario","Carnet de conducir","DGT","p\u00e9rdida de puntos","velocidad"],"articleSection":["Nuestra marca"],"inLanguage":"es","potentialAction":[{"@type":"CommentAction","name":"Comment","target":["https:\/\/www.subaru.es\/blog\/nuestra-marca\/cinco-anos-de-carnet-por-puntos-llega-la-hora-de-la-valoracion\/#respond"]}]},{"@type":"WebPage","@id":"https:\/\/www.subaru.es\/blog\/nuestra-marca\/cinco-anos-de-carnet-por-puntos-llega-la-hora-de-la-valoracion\/","url":"https:\/\/www.subaru.es\/blog\/nuestra-marca\/cinco-anos-de-carnet-por-puntos-llega-la-hora-de-la-valoracion\/","name":"Cinco a\u00f1os de carnet por puntos: llega la hora de la valoraci\u00f3n - Universo Subaru","isPartOf":{"@id":"https:\/\/www.subaru.es\/blog\/#website"},"primaryImageOfPage":{"@id":"https:\/\/www.subaru.es\/blog\/nuestra-marca\/cinco-anos-de-carnet-por-puntos-llega-la-hora-de-la-valoracion\/#primaryimage"},"image":{"@id":"https:\/\/www.subaru.es\/blog\/nuestra-marca\/cinco-anos-de-carnet-por-puntos-llega-la-hora-de-la-valoracion\/#primaryimage"},"thumbnailUrl":"https:\/\/www.subaru.es\/blog\/wp-content\/uploads\/2011\/07\/multado.jpg","datePublished":"2011-10-19T15:13:07+00:00","dateModified":"2016-10-17T13:07:30+00:00","breadcrumb":{"@id":"https:\/\/www.subaru.es\/blog\/nuestra-marca\/cinco-anos-de-carnet-por-puntos-llega-la-hora-de-la-valoracion\/#breadcrumb"},"inLanguage":"es","potentialAction":[{"@type":"ReadAction","target":["https:\/\/www.subaru.es\/blog\/nuestra-marca\/cinco-anos-de-carnet-por-puntos-llega-la-hora-de-la-valoracion\/"]}]},{"@type":"ImageObject","inLanguage":"es","@id":"https:\/\/www.subaru.es\/blog\/nuestra-marca\/cinco-anos-de-carnet-por-puntos-llega-la-hora-de-la-valoracion\/#primaryimage","url":"https:\/\/www.subaru.es\/blog\/wp-content\/uploads\/2011\/07\/multado.jpg","contentUrl":"https:\/\/www.subaru.es\/blog\/wp-content\/uploads\/2011\/07\/multado.jpg","width":610,"height":428},{"@type":"BreadcrumbList","@id":"https:\/\/www.subaru.es\/blog\/nuestra-marca\/cinco-anos-de-carnet-por-puntos-llega-la-hora-de-la-valoracion\/#breadcrumb","itemListElement":[{"@type":"ListItem","position":1,"name":"Portada","item":"https:\/\/www.subaru.es\/blog\/"},{"@type":"ListItem","position":2,"name":"Cinco a\u00f1os de carnet por puntos: llega la hora de la valoraci\u00f3n"}]},{"@type":"WebSite","@id":"https:\/\/www.subaru.es\/blog\/#website","url":"https:\/\/www.subaru.es\/blog\/","name":"Universo Subaru","description":"Descubre este apasionante espacio de Subaru donde vas a conocer todo sobre nuestros coches y las experiencias que vivimos con ellos. Si est\u00e1s preparado para dejarte seducir por la filosof\u00eda Subaru, qu\u00e9date con nosotros.","publisher":{"@id":"https:\/\/www.subaru.es\/blog\/#organization"},"potentialAction":[{"@type":"SearchAction","target":{"@type":"EntryPoint","urlTemplate":"https:\/\/www.subaru.es\/blog\/?s={search_term_string}"},"query-input":{"@type":"PropertyValueSpecification","valueRequired":true,"valueName":"search_term_string"}}],"inLanguage":"es"},{"@type":"Organization","@id":"https:\/\/www.subaru.es\/blog\/#organization","name":"Subaru Espa\u00f1a S.A.","url":"https:\/\/www.subaru.es\/blog\/","logo":{"@type":"ImageObject","inLanguage":"es","@id":"https:\/\/www.subaru.es\/blog\/#\/schema\/logo\/image\/","url":"https:\/\/www.subaru.es\/blog\/wp-content\/uploads\/2016\/12\/Logo-Subaru-TypeV_C300-scaled.jpg","contentUrl":"https:\/\/www.subaru.es\/blog\/wp-content\/uploads\/2016\/12\/Logo-Subaru-TypeV_C300-scaled.jpg","width":2560,"height":1864,"caption":"Subaru Espa\u00f1a S.A."},"image":{"@id":"https:\/\/www.subaru.es\/blog\/#\/schema\/logo\/image\/"},"sameAs":["https:\/\/www.facebook.com\/subaruespana","https:\/\/www.instagram.com\/subarues\/","https:\/\/www.youtube.com\/user\/subaruespana"]},{"@type":"Person","@id":"https:\/\/www.subaru.es\/blog\/#\/schema\/person\/19a90b892230b8e0ec752704ddf4aa10","name":"Subaru","url":"https:\/\/www.subaru.es\/blog\/author\/subaria\/"}]}},"_links":{"self":[{"href":"https:\/\/www.subaru.es\/blog\/wp-json\/wp\/v2\/posts\/5117","targetHints":{"allow":["GET"]}}],"collection":[{"href":"https:\/\/www.subaru.es\/blog\/wp-json\/wp\/v2\/posts"}],"about":[{"href":"https:\/\/www.subaru.es\/blog\/wp-json\/wp\/v2\/types\/post"}],"author":[{"embeddable":true,"href":"https:\/\/www.subaru.es\/blog\/wp-json\/wp\/v2\/users\/21"}],"replies":[{"embeddable":true,"href":"https:\/\/www.subaru.es\/blog\/wp-json\/wp\/v2\/comments?post=5117"}],"version-history":[{"count":1,"href":"https:\/\/www.subaru.es\/blog\/wp-json\/wp\/v2\/posts\/5117\/revisions"}],"predecessor-version":[{"id":16129,"href":"https:\/\/www.subaru.es\/blog\/wp-json\/wp\/v2\/posts\/5117\/revisions\/16129"}],"wp:featuredmedia":[{"embeddable":true,"href":"https:\/\/www.subaru.es\/blog\/wp-json\/wp\/v2\/media\/5122"}],"wp:attachment":[{"href":"https:\/\/www.subaru.es\/blog\/wp-json\/wp\/v2\/media?parent=5117"}],"wp:term":[{"taxonomy":"category","embeddable":true,"href":"https:\/\/www.subaru.es\/blog\/wp-json\/wp\/v2\/categories?post=5117"},{"taxonomy":"post_tag","embeddable":true,"href":"https:\/\/www.subaru.es\/blog\/wp-json\/wp\/v2\/tags?post=5117"}],"curies":[{"name":"wp","href":"https:\/\/api.w.org\/{rel}","templated":true}]}}