{"id":4983,"date":"2011-06-28T10:16:22","date_gmt":"2011-06-28T08:16:22","guid":{"rendered":"http:\/\/subaru.preproduccion.com\/blog\/?p=4983"},"modified":"2016-10-17T15:11:06","modified_gmt":"2016-10-17T13:11:06","slug":"el-subaru-wrx-sti-sedan-consigue-la-victoria-en-la-categoria-sp3t-en-las-24-horas-de-nurburgring","status":"publish","type":"post","link":"https:\/\/www.subaru.es\/blog\/nuestra-marca\/el-subaru-wrx-sti-sedan-consigue-la-victoria-en-la-categoria-sp3t-en-las-24-horas-de-nurburgring\/","title":{"rendered":"El Subaru WRX STI Sed\u00e1n consigue la victoria en la categor\u00eda SP3T, en las 24 horas de N\u00fcrburgring"},"content":{"rendered":"<p><center><a href=\"https:\/\/www.subaru.es\/blog\/wp-content\/uploads\/2011\/06\/WRX-sti.jpg\"><img decoding=\"async\" data-src=\"https:\/\/www.subaru.es\/blog\/wp-content\/uploads\/2011\/06\/WRX-sti-1024x682.jpg\" alt=\"\" title=\"WRX STI Sedan\" width=\"560\" height=\"370\" class=\"aligncenter size-large wp-image-4984 lazyload\" src=\"data:image\/svg+xml;base64,PHN2ZyB3aWR0aD0iMSIgaGVpZ2h0PSIxIiB4bWxucz0iaHR0cDovL3d3dy53My5vcmcvMjAwMC9zdmciPjwvc3ZnPg==\" style=\"--smush-placeholder-width: 560px; --smush-placeholder-aspect-ratio: 560\/370;\" \/><\/a><\/center><\/p>\n<p>Por tercer a\u00f1o consecutivo el <strong><a href=\"http:\/\/www.subaru.es\/CMS\/11sti.html\">Subaru WRX STI<\/a><\/strong> particip\u00f3 en <strong>las 24 horas de N\u00fcrburgring<\/strong>. En esta ocasi\u00f3n ha conseguido la victoria usando la carrocer\u00eda Sed\u00e1n en la <strong>categor\u00eda SP3T<\/strong>, donde participan coches con motores turbo de menos de dos litros. El <strong>Subaru WRX STI Sed\u00e1n<\/strong> ha obtenido adem\u00e1s la posici\u00f3n 21 en la clasificaci\u00f3n general. <\/p>\n<p><!--more-->Si ya el a\u00f1o pasado fue un gran \u00e9xito para el STI, habiendo realizado 139 vueltas (3,527 km) en 24 horas (152.2 km m\u00e1s que en 2009, cuarta posici\u00f3n en la clase SP3T), este a\u00f1o, compitiendo con 23 coches de la misma categor\u00eda (Audi TT, Audi A3, Mini Cooper, etc.), ha sido a\u00fan mejor, porque <strong>se consigui\u00f3 la victoria en SP3T<\/strong>, realizando 142 vueltas (62 km. m\u00e1s).<\/p>\n<p>La mejora <strong>aerodin\u00e1mica<\/strong> de la carrocer\u00eda del <strong>SUBARU WRX STI Sed\u00e1n<\/strong> ha sido un elemento de mejora considerable para haber podido conseguir la victoria. Los pilotos han sido <strong>Toshihiro Yoshida<\/strong> y <strong>Kouta Sasaki<\/strong> (Jap\u00f3n), <strong>Carlo van Dam<\/strong> (Holanda) y <strong>Marcel Engels<\/strong> (Alemania).<\/p>\n<p><center><a href=\"https:\/\/www.subaru.es\/blog\/wp-content\/uploads\/2011\/06\/WRX-sti-trasera.jpg\"><img decoding=\"async\" data-src=\"https:\/\/www.subaru.es\/blog\/wp-content\/uploads\/2011\/06\/WRX-sti-trasera-1024x682.jpg\" alt=\"\" title=\"Subaru WRX STI trasera\" width=\"560\" height=\"370\" class=\"aligncenter size-large wp-image-4985 lazyload\" src=\"data:image\/svg+xml;base64,PHN2ZyB3aWR0aD0iMSIgaGVpZ2h0PSIxIiB4bWxucz0iaHR0cDovL3d3dy53My5vcmcvMjAwMC9zdmciPjwvc3ZnPg==\" style=\"--smush-placeholder-width: 560px; --smush-placeholder-aspect-ratio: 560\/370;\" \/><\/a><\/center><\/p>\n<p><strong>Las 24 Horas de N\u00fcrburgring<\/strong> es famosa por tener a m\u00e1s de 200 coches compitiendo en <strong>el circuito m\u00e1s exigente del mundo<\/strong>, por su longitud (20.8 km) y por sus caracter\u00edsticas (170 curvas y 300 metros de desnivel). As\u00ed, en su 39 edici\u00f3n es ya una referencia para calibrar el rendimiento de los coches de calle.<\/p>\n","protected":false},"excerpt":{"rendered":"<p>Por tercer a\u00f1o consecutivo el Subaru WRX STI particip\u00f3 en las 24 horas de N\u00fcrburgring. En esta ocasi\u00f3n ha conseguido la victoria usando la carrocer\u00eda Sed\u00e1n en la categor\u00eda SP3T, donde participan coches con motores turbo de menos de dos litros. El Subaru WRX STI Sed\u00e1n ha obtenido adem\u00e1s la posici\u00f3n 21 en la clasificaci\u00f3n [&hellip;]<\/p>\n","protected":false},"author":21,"featured_media":4984,"comment_status":"open","ping_status":"open","sticky":false,"template":"","format":"standard","meta":{"_acf_changed":false,"_eb_attr":"","inline_featured_image":false,"footnotes":""},"categories":[4401],"tags":[3005,3495,999,1735],"class_list":["post-4983","post","type-post","status-publish","format-standard","has-post-thumbnail","hentry","category-nuestra-marca","tag-categoria-sp3t","tag-las-24-horas-de-nurburgring","tag-sedan","tag-subaru-wrx-sti"],"acf":[],"yoast_head":"<!-- This site is optimized with the Yoast SEO plugin v27.3 - https:\/\/yoast.com\/product\/yoast-seo-wordpress\/ -->\n<title>El Subaru WRX STI Sed\u00e1n consigue la victoria en la categor\u00eda SP3T, en las 24 horas de N\u00fcrburgring - Universo Subaru<\/title>\n<meta name=\"robots\" content=\"index, follow, max-snippet:-1, max-image-preview:large, max-video-preview:-1\" \/>\n<link rel=\"canonical\" href=\"https:\/\/www.subaru.es\/blog\/nuestra-marca\/el-subaru-wrx-sti-sedan-consigue-la-victoria-en-la-categoria-sp3t-en-las-24-horas-de-nurburgring\/\" \/>\n<meta property=\"og:locale\" content=\"es_ES\" \/>\n<meta property=\"og:type\" content=\"article\" \/>\n<meta property=\"og:title\" content=\"El Subaru WRX STI Sed\u00e1n consigue la victoria en la categor\u00eda SP3T, en las 24 horas de N\u00fcrburgring - Universo Subaru\" \/>\n<meta property=\"og:description\" content=\"Por tercer a\u00f1o consecutivo el Subaru WRX STI particip\u00f3 en las 24 horas de N\u00fcrburgring. En esta ocasi\u00f3n ha conseguido la victoria usando la carrocer\u00eda Sed\u00e1n en la categor\u00eda SP3T, donde participan coches con motores turbo de menos de dos litros. El Subaru WRX STI Sed\u00e1n ha obtenido adem\u00e1s la posici\u00f3n 21 en la clasificaci\u00f3n [&hellip;]\" \/>\n<meta property=\"og:url\" content=\"https:\/\/www.subaru.es\/blog\/nuestra-marca\/el-subaru-wrx-sti-sedan-consigue-la-victoria-en-la-categoria-sp3t-en-las-24-horas-de-nurburgring\/\" \/>\n<meta property=\"og:site_name\" content=\"Universo Subaru\" \/>\n<meta property=\"article:publisher\" content=\"https:\/\/www.facebook.com\/subaruespana\" \/>\n<meta property=\"article:published_time\" content=\"2011-06-28T08:16:22+00:00\" \/>\n<meta property=\"article:modified_time\" content=\"2016-10-17T13:11:06+00:00\" \/>\n<meta property=\"og:image\" content=\"https:\/\/www.subaru.es\/blog\/wp-content\/uploads\/2011\/06\/WRX-sti-1440x960.jpg\" \/>\n\t<meta property=\"og:image:width\" content=\"1440\" \/>\n\t<meta property=\"og:image:height\" content=\"960\" \/>\n\t<meta property=\"og:image:type\" content=\"image\/jpeg\" \/>\n<meta name=\"author\" content=\"Subaru\" \/>\n<meta name=\"twitter:card\" content=\"summary_large_image\" \/>\n<meta name=\"twitter:label1\" content=\"Escrito por\" \/>\n\t<meta name=\"twitter:data1\" content=\"Subaru\" \/>\n\t<meta name=\"twitter:label2\" content=\"Tiempo de lectura\" \/>\n\t<meta name=\"twitter:data2\" content=\"1 minuto\" \/>\n<script type=\"application\/ld+json\" class=\"yoast-schema-graph\">{\"@context\":\"https:\\\/\\\/schema.org\",\"@graph\":[{\"@type\":\"Article\",\"@id\":\"https:\\\/\\\/www.subaru.es\\\/blog\\\/nuestra-marca\\\/el-subaru-wrx-sti-sedan-consigue-la-victoria-en-la-categoria-sp3t-en-las-24-horas-de-nurburgring\\\/#article\",\"isPartOf\":{\"@id\":\"https:\\\/\\\/www.subaru.es\\\/blog\\\/nuestra-marca\\\/el-subaru-wrx-sti-sedan-consigue-la-victoria-en-la-categoria-sp3t-en-las-24-horas-de-nurburgring\\\/\"},\"author\":{\"name\":\"Subaru\",\"@id\":\"https:\\\/\\\/www.subaru.es\\\/blog\\\/#\\\/schema\\\/person\\\/19a90b892230b8e0ec752704ddf4aa10\"},\"headline\":\"El Subaru WRX STI Sed\u00e1n consigue la victoria en la categor\u00eda SP3T, en las 24 horas de N\u00fcrburgring\",\"datePublished\":\"2011-06-28T08:16:22+00:00\",\"dateModified\":\"2016-10-17T13:11:06+00:00\",\"mainEntityOfPage\":{\"@id\":\"https:\\\/\\\/www.subaru.es\\\/blog\\\/nuestra-marca\\\/el-subaru-wrx-sti-sedan-consigue-la-victoria-en-la-categoria-sp3t-en-las-24-horas-de-nurburgring\\\/\"},\"wordCount\":255,\"commentCount\":0,\"publisher\":{\"@id\":\"https:\\\/\\\/www.subaru.es\\\/blog\\\/#organization\"},\"image\":{\"@id\":\"https:\\\/\\\/www.subaru.es\\\/blog\\\/nuestra-marca\\\/el-subaru-wrx-sti-sedan-consigue-la-victoria-en-la-categoria-sp3t-en-las-24-horas-de-nurburgring\\\/#primaryimage\"},\"thumbnailUrl\":\"https:\\\/\\\/www.subaru.es\\\/blog\\\/wp-content\\\/uploads\\\/2011\\\/06\\\/WRX-sti.jpg\",\"keywords\":[\"categor\u00eda SP3T\",\"las 24 horas de N\u00fcrburgring\",\"sedan\",\"Subaru WRX STI\"],\"articleSection\":[\"Nuestra marca\"],\"inLanguage\":\"es\",\"potentialAction\":[{\"@type\":\"CommentAction\",\"name\":\"Comment\",\"target\":[\"https:\\\/\\\/www.subaru.es\\\/blog\\\/nuestra-marca\\\/el-subaru-wrx-sti-sedan-consigue-la-victoria-en-la-categoria-sp3t-en-las-24-horas-de-nurburgring\\\/#respond\"]}]},{\"@type\":\"WebPage\",\"@id\":\"https:\\\/\\\/www.subaru.es\\\/blog\\\/nuestra-marca\\\/el-subaru-wrx-sti-sedan-consigue-la-victoria-en-la-categoria-sp3t-en-las-24-horas-de-nurburgring\\\/\",\"url\":\"https:\\\/\\\/www.subaru.es\\\/blog\\\/nuestra-marca\\\/el-subaru-wrx-sti-sedan-consigue-la-victoria-en-la-categoria-sp3t-en-las-24-horas-de-nurburgring\\\/\",\"name\":\"El Subaru WRX STI Sed\u00e1n consigue la victoria en la categor\u00eda SP3T, en las 24 horas de N\u00fcrburgring - Universo Subaru\",\"isPartOf\":{\"@id\":\"https:\\\/\\\/www.subaru.es\\\/blog\\\/#website\"},\"primaryImageOfPage\":{\"@id\":\"https:\\\/\\\/www.subaru.es\\\/blog\\\/nuestra-marca\\\/el-subaru-wrx-sti-sedan-consigue-la-victoria-en-la-categoria-sp3t-en-las-24-horas-de-nurburgring\\\/#primaryimage\"},\"image\":{\"@id\":\"https:\\\/\\\/www.subaru.es\\\/blog\\\/nuestra-marca\\\/el-subaru-wrx-sti-sedan-consigue-la-victoria-en-la-categoria-sp3t-en-las-24-horas-de-nurburgring\\\/#primaryimage\"},\"thumbnailUrl\":\"https:\\\/\\\/www.subaru.es\\\/blog\\\/wp-content\\\/uploads\\\/2011\\\/06\\\/WRX-sti.jpg\",\"datePublished\":\"2011-06-28T08:16:22+00:00\",\"dateModified\":\"2016-10-17T13:11:06+00:00\",\"breadcrumb\":{\"@id\":\"https:\\\/\\\/www.subaru.es\\\/blog\\\/nuestra-marca\\\/el-subaru-wrx-sti-sedan-consigue-la-victoria-en-la-categoria-sp3t-en-las-24-horas-de-nurburgring\\\/#breadcrumb\"},\"inLanguage\":\"es\",\"potentialAction\":[{\"@type\":\"ReadAction\",\"target\":[\"https:\\\/\\\/www.subaru.es\\\/blog\\\/nuestra-marca\\\/el-subaru-wrx-sti-sedan-consigue-la-victoria-en-la-categoria-sp3t-en-las-24-horas-de-nurburgring\\\/\"]}]},{\"@type\":\"ImageObject\",\"inLanguage\":\"es\",\"@id\":\"https:\\\/\\\/www.subaru.es\\\/blog\\\/nuestra-marca\\\/el-subaru-wrx-sti-sedan-consigue-la-victoria-en-la-categoria-sp3t-en-las-24-horas-de-nurburgring\\\/#primaryimage\",\"url\":\"https:\\\/\\\/www.subaru.es\\\/blog\\\/wp-content\\\/uploads\\\/2011\\\/06\\\/WRX-sti.jpg\",\"contentUrl\":\"https:\\\/\\\/www.subaru.es\\\/blog\\\/wp-content\\\/uploads\\\/2011\\\/06\\\/WRX-sti.jpg\",\"width\":2500,\"height\":1667},{\"@type\":\"BreadcrumbList\",\"@id\":\"https:\\\/\\\/www.subaru.es\\\/blog\\\/nuestra-marca\\\/el-subaru-wrx-sti-sedan-consigue-la-victoria-en-la-categoria-sp3t-en-las-24-horas-de-nurburgring\\\/#breadcrumb\",\"itemListElement\":[{\"@type\":\"ListItem\",\"position\":1,\"name\":\"Portada\",\"item\":\"https:\\\/\\\/www.subaru.es\\\/blog\\\/\"},{\"@type\":\"ListItem\",\"position\":2,\"name\":\"El Subaru WRX STI Sed\u00e1n consigue la victoria en la categor\u00eda SP3T, en las 24 horas de N\u00fcrburgring\"}]},{\"@type\":\"WebSite\",\"@id\":\"https:\\\/\\\/www.subaru.es\\\/blog\\\/#website\",\"url\":\"https:\\\/\\\/www.subaru.es\\\/blog\\\/\",\"name\":\"Universo Subaru\",\"description\":\"Descubre este apasionante espacio de Subaru donde vas a conocer todo sobre nuestros coches y las experiencias que vivimos con ellos. Si est\u00e1s preparado para dejarte seducir por la filosof\u00eda Subaru, qu\u00e9date con nosotros.\",\"publisher\":{\"@id\":\"https:\\\/\\\/www.subaru.es\\\/blog\\\/#organization\"},\"potentialAction\":[{\"@type\":\"SearchAction\",\"target\":{\"@type\":\"EntryPoint\",\"urlTemplate\":\"https:\\\/\\\/www.subaru.es\\\/blog\\\/?s={search_term_string}\"},\"query-input\":{\"@type\":\"PropertyValueSpecification\",\"valueRequired\":true,\"valueName\":\"search_term_string\"}}],\"inLanguage\":\"es\"},{\"@type\":\"Organization\",\"@id\":\"https:\\\/\\\/www.subaru.es\\\/blog\\\/#organization\",\"name\":\"Subaru Espa\u00f1a S.A.\",\"url\":\"https:\\\/\\\/www.subaru.es\\\/blog\\\/\",\"logo\":{\"@type\":\"ImageObject\",\"inLanguage\":\"es\",\"@id\":\"https:\\\/\\\/www.subaru.es\\\/blog\\\/#\\\/schema\\\/logo\\\/image\\\/\",\"url\":\"https:\\\/\\\/www.subaru.es\\\/blog\\\/wp-content\\\/uploads\\\/2016\\\/12\\\/Logo-Subaru-TypeV_C300-scaled.jpg\",\"contentUrl\":\"https:\\\/\\\/www.subaru.es\\\/blog\\\/wp-content\\\/uploads\\\/2016\\\/12\\\/Logo-Subaru-TypeV_C300-scaled.jpg\",\"width\":2560,\"height\":1864,\"caption\":\"Subaru Espa\u00f1a S.A.\"},\"image\":{\"@id\":\"https:\\\/\\\/www.subaru.es\\\/blog\\\/#\\\/schema\\\/logo\\\/image\\\/\"},\"sameAs\":[\"https:\\\/\\\/www.facebook.com\\\/subaruespana\",\"https:\\\/\\\/www.instagram.com\\\/subarues\\\/\",\"https:\\\/\\\/www.youtube.com\\\/user\\\/subaruespana\"]},{\"@type\":\"Person\",\"@id\":\"https:\\\/\\\/www.subaru.es\\\/blog\\\/#\\\/schema\\\/person\\\/19a90b892230b8e0ec752704ddf4aa10\",\"name\":\"Subaru\",\"url\":\"https:\\\/\\\/www.subaru.es\\\/blog\\\/author\\\/subaria\\\/\"}]}<\/script>\n<!-- \/ Yoast SEO plugin. -->","yoast_head_json":{"title":"El Subaru WRX STI Sed\u00e1n consigue la victoria en la categor\u00eda SP3T, en las 24 horas de N\u00fcrburgring - Universo Subaru","robots":{"index":"index","follow":"follow","max-snippet":"max-snippet:-1","max-image-preview":"max-image-preview:large","max-video-preview":"max-video-preview:-1"},"canonical":"https:\/\/www.subaru.es\/blog\/nuestra-marca\/el-subaru-wrx-sti-sedan-consigue-la-victoria-en-la-categoria-sp3t-en-las-24-horas-de-nurburgring\/","og_locale":"es_ES","og_type":"article","og_title":"El Subaru WRX STI Sed\u00e1n consigue la victoria en la categor\u00eda SP3T, en las 24 horas de N\u00fcrburgring - Universo Subaru","og_description":"Por tercer a\u00f1o consecutivo el Subaru WRX STI particip\u00f3 en las 24 horas de N\u00fcrburgring. En esta ocasi\u00f3n ha conseguido la victoria usando la carrocer\u00eda Sed\u00e1n en la categor\u00eda SP3T, donde participan coches con motores turbo de menos de dos litros. El Subaru WRX STI Sed\u00e1n ha obtenido adem\u00e1s la posici\u00f3n 21 en la clasificaci\u00f3n [&hellip;]","og_url":"https:\/\/www.subaru.es\/blog\/nuestra-marca\/el-subaru-wrx-sti-sedan-consigue-la-victoria-en-la-categoria-sp3t-en-las-24-horas-de-nurburgring\/","og_site_name":"Universo Subaru","article_publisher":"https:\/\/www.facebook.com\/subaruespana","article_published_time":"2011-06-28T08:16:22+00:00","article_modified_time":"2016-10-17T13:11:06+00:00","og_image":[{"width":1440,"height":960,"url":"https:\/\/www.subaru.es\/blog\/wp-content\/uploads\/2011\/06\/WRX-sti-1440x960.jpg","type":"image\/jpeg"}],"author":"Subaru","twitter_card":"summary_large_image","twitter_misc":{"Escrito por":"Subaru","Tiempo de lectura":"1 minuto"},"schema":{"@context":"https:\/\/schema.org","@graph":[{"@type":"Article","@id":"https:\/\/www.subaru.es\/blog\/nuestra-marca\/el-subaru-wrx-sti-sedan-consigue-la-victoria-en-la-categoria-sp3t-en-las-24-horas-de-nurburgring\/#article","isPartOf":{"@id":"https:\/\/www.subaru.es\/blog\/nuestra-marca\/el-subaru-wrx-sti-sedan-consigue-la-victoria-en-la-categoria-sp3t-en-las-24-horas-de-nurburgring\/"},"author":{"name":"Subaru","@id":"https:\/\/www.subaru.es\/blog\/#\/schema\/person\/19a90b892230b8e0ec752704ddf4aa10"},"headline":"El Subaru WRX STI Sed\u00e1n consigue la victoria en la categor\u00eda SP3T, en las 24 horas de N\u00fcrburgring","datePublished":"2011-06-28T08:16:22+00:00","dateModified":"2016-10-17T13:11:06+00:00","mainEntityOfPage":{"@id":"https:\/\/www.subaru.es\/blog\/nuestra-marca\/el-subaru-wrx-sti-sedan-consigue-la-victoria-en-la-categoria-sp3t-en-las-24-horas-de-nurburgring\/"},"wordCount":255,"commentCount":0,"publisher":{"@id":"https:\/\/www.subaru.es\/blog\/#organization"},"image":{"@id":"https:\/\/www.subaru.es\/blog\/nuestra-marca\/el-subaru-wrx-sti-sedan-consigue-la-victoria-en-la-categoria-sp3t-en-las-24-horas-de-nurburgring\/#primaryimage"},"thumbnailUrl":"https:\/\/www.subaru.es\/blog\/wp-content\/uploads\/2011\/06\/WRX-sti.jpg","keywords":["categor\u00eda SP3T","las 24 horas de N\u00fcrburgring","sedan","Subaru WRX STI"],"articleSection":["Nuestra marca"],"inLanguage":"es","potentialAction":[{"@type":"CommentAction","name":"Comment","target":["https:\/\/www.subaru.es\/blog\/nuestra-marca\/el-subaru-wrx-sti-sedan-consigue-la-victoria-en-la-categoria-sp3t-en-las-24-horas-de-nurburgring\/#respond"]}]},{"@type":"WebPage","@id":"https:\/\/www.subaru.es\/blog\/nuestra-marca\/el-subaru-wrx-sti-sedan-consigue-la-victoria-en-la-categoria-sp3t-en-las-24-horas-de-nurburgring\/","url":"https:\/\/www.subaru.es\/blog\/nuestra-marca\/el-subaru-wrx-sti-sedan-consigue-la-victoria-en-la-categoria-sp3t-en-las-24-horas-de-nurburgring\/","name":"El Subaru WRX STI Sed\u00e1n consigue la victoria en la categor\u00eda SP3T, en las 24 horas de N\u00fcrburgring - Universo Subaru","isPartOf":{"@id":"https:\/\/www.subaru.es\/blog\/#website"},"primaryImageOfPage":{"@id":"https:\/\/www.subaru.es\/blog\/nuestra-marca\/el-subaru-wrx-sti-sedan-consigue-la-victoria-en-la-categoria-sp3t-en-las-24-horas-de-nurburgring\/#primaryimage"},"image":{"@id":"https:\/\/www.subaru.es\/blog\/nuestra-marca\/el-subaru-wrx-sti-sedan-consigue-la-victoria-en-la-categoria-sp3t-en-las-24-horas-de-nurburgring\/#primaryimage"},"thumbnailUrl":"https:\/\/www.subaru.es\/blog\/wp-content\/uploads\/2011\/06\/WRX-sti.jpg","datePublished":"2011-06-28T08:16:22+00:00","dateModified":"2016-10-17T13:11:06+00:00","breadcrumb":{"@id":"https:\/\/www.subaru.es\/blog\/nuestra-marca\/el-subaru-wrx-sti-sedan-consigue-la-victoria-en-la-categoria-sp3t-en-las-24-horas-de-nurburgring\/#breadcrumb"},"inLanguage":"es","potentialAction":[{"@type":"ReadAction","target":["https:\/\/www.subaru.es\/blog\/nuestra-marca\/el-subaru-wrx-sti-sedan-consigue-la-victoria-en-la-categoria-sp3t-en-las-24-horas-de-nurburgring\/"]}]},{"@type":"ImageObject","inLanguage":"es","@id":"https:\/\/www.subaru.es\/blog\/nuestra-marca\/el-subaru-wrx-sti-sedan-consigue-la-victoria-en-la-categoria-sp3t-en-las-24-horas-de-nurburgring\/#primaryimage","url":"https:\/\/www.subaru.es\/blog\/wp-content\/uploads\/2011\/06\/WRX-sti.jpg","contentUrl":"https:\/\/www.subaru.es\/blog\/wp-content\/uploads\/2011\/06\/WRX-sti.jpg","width":2500,"height":1667},{"@type":"BreadcrumbList","@id":"https:\/\/www.subaru.es\/blog\/nuestra-marca\/el-subaru-wrx-sti-sedan-consigue-la-victoria-en-la-categoria-sp3t-en-las-24-horas-de-nurburgring\/#breadcrumb","itemListElement":[{"@type":"ListItem","position":1,"name":"Portada","item":"https:\/\/www.subaru.es\/blog\/"},{"@type":"ListItem","position":2,"name":"El Subaru WRX STI Sed\u00e1n consigue la victoria en la categor\u00eda SP3T, en las 24 horas de N\u00fcrburgring"}]},{"@type":"WebSite","@id":"https:\/\/www.subaru.es\/blog\/#website","url":"https:\/\/www.subaru.es\/blog\/","name":"Universo Subaru","description":"Descubre este apasionante espacio de Subaru donde vas a conocer todo sobre nuestros coches y las experiencias que vivimos con ellos. Si est\u00e1s preparado para dejarte seducir por la filosof\u00eda Subaru, qu\u00e9date con nosotros.","publisher":{"@id":"https:\/\/www.subaru.es\/blog\/#organization"},"potentialAction":[{"@type":"SearchAction","target":{"@type":"EntryPoint","urlTemplate":"https:\/\/www.subaru.es\/blog\/?s={search_term_string}"},"query-input":{"@type":"PropertyValueSpecification","valueRequired":true,"valueName":"search_term_string"}}],"inLanguage":"es"},{"@type":"Organization","@id":"https:\/\/www.subaru.es\/blog\/#organization","name":"Subaru Espa\u00f1a S.A.","url":"https:\/\/www.subaru.es\/blog\/","logo":{"@type":"ImageObject","inLanguage":"es","@id":"https:\/\/www.subaru.es\/blog\/#\/schema\/logo\/image\/","url":"https:\/\/www.subaru.es\/blog\/wp-content\/uploads\/2016\/12\/Logo-Subaru-TypeV_C300-scaled.jpg","contentUrl":"https:\/\/www.subaru.es\/blog\/wp-content\/uploads\/2016\/12\/Logo-Subaru-TypeV_C300-scaled.jpg","width":2560,"height":1864,"caption":"Subaru Espa\u00f1a S.A."},"image":{"@id":"https:\/\/www.subaru.es\/blog\/#\/schema\/logo\/image\/"},"sameAs":["https:\/\/www.facebook.com\/subaruespana","https:\/\/www.instagram.com\/subarues\/","https:\/\/www.youtube.com\/user\/subaruespana"]},{"@type":"Person","@id":"https:\/\/www.subaru.es\/blog\/#\/schema\/person\/19a90b892230b8e0ec752704ddf4aa10","name":"Subaru","url":"https:\/\/www.subaru.es\/blog\/author\/subaria\/"}]}},"_links":{"self":[{"href":"https:\/\/www.subaru.es\/blog\/wp-json\/wp\/v2\/posts\/4983","targetHints":{"allow":["GET"]}}],"collection":[{"href":"https:\/\/www.subaru.es\/blog\/wp-json\/wp\/v2\/posts"}],"about":[{"href":"https:\/\/www.subaru.es\/blog\/wp-json\/wp\/v2\/types\/post"}],"author":[{"embeddable":true,"href":"https:\/\/www.subaru.es\/blog\/wp-json\/wp\/v2\/users\/21"}],"replies":[{"embeddable":true,"href":"https:\/\/www.subaru.es\/blog\/wp-json\/wp\/v2\/comments?post=4983"}],"version-history":[{"count":1,"href":"https:\/\/www.subaru.es\/blog\/wp-json\/wp\/v2\/posts\/4983\/revisions"}],"predecessor-version":[{"id":14936,"href":"https:\/\/www.subaru.es\/blog\/wp-json\/wp\/v2\/posts\/4983\/revisions\/14936"}],"wp:featuredmedia":[{"embeddable":true,"href":"https:\/\/www.subaru.es\/blog\/wp-json\/wp\/v2\/media\/4984"}],"wp:attachment":[{"href":"https:\/\/www.subaru.es\/blog\/wp-json\/wp\/v2\/media?parent=4983"}],"wp:term":[{"taxonomy":"category","embeddable":true,"href":"https:\/\/www.subaru.es\/blog\/wp-json\/wp\/v2\/categories?post=4983"},{"taxonomy":"post_tag","embeddable":true,"href":"https:\/\/www.subaru.es\/blog\/wp-json\/wp\/v2\/tags?post=4983"}],"curies":[{"name":"wp","href":"https:\/\/api.w.org\/{rel}","templated":true}]}}