{"id":4949,"date":"2011-07-13T13:17:40","date_gmt":"2011-07-13T11:17:40","guid":{"rendered":"http:\/\/subaru.preproduccion.com\/blog\/?p=4949"},"modified":"2020-08-12T11:54:50","modified_gmt":"2020-08-12T09:54:50","slug":"encuentro-de-familias-subaristas-en-agosto","status":"publish","type":"post","link":"https:\/\/www.subaru.es\/blog\/subaru-lifestyle\/encuentro-de-familias-subaristas-en-agosto\/","title":{"rendered":"Encuentro de familias subaristas en agosto"},"content":{"rendered":"<p><a href=\"https:\/\/www.subaru.es\/blog\/wp-content\/uploads\/2011\/06\/trobada.jpg\"><img decoding=\"async\" class=\"aligncenter size-full wp-image-4950 lazyload\" title=\"Trobada familiar Baqueira\" data-src=\"https:\/\/www.subaru.es\/blog\/wp-content\/uploads\/2011\/06\/trobada.jpg\" alt=\"Trobada familiar Baqueira\" width=\"500\" height=\"299\" src=\"data:image\/svg+xml;base64,PHN2ZyB3aWR0aD0iMSIgaGVpZ2h0PSIxIiB4bWxucz0iaHR0cDovL3d3dy53My5vcmcvMjAwMC9zdmciPjwvc3ZnPg==\" style=\"--smush-placeholder-width: 500px; --smush-placeholder-aspect-ratio: 500\/299;\"><\/a><\/p>\n<p>De vez en cuando est\u00e1 bien <strong>encontrarse con otros subaristas y compartir experiencias<\/strong>, opiniones y pasar algo de tiempo juntos. Pues bien, un a\u00f1o m\u00e1s, desde el Club Subaru Todocamino han organizado un evento muy especial: se trata de la (ya) cuarta edici\u00f3n de la <strong>Trobada Vacacional Baqueira Beret<\/strong>. Suena bien, \u00bfverdad?<\/p>\n<p>Y, \u00bfen qu\u00e9 consiste este evento? Se trata simplemente de una excusa para que familias subaristas (s\u00ed, con ni\u00f1os tambi\u00e9n) se encuentren y disfruten de unos d\u00edas de relax en un entorno de ensue\u00f1o en el que se pueden realizar muchas actividades que har\u00e1n las delicias de grandes y peque\u00f1os. Apunta: del <strong>1 al 7 de agosto en el Hotel Montarto de 4 Estrellas<\/strong>, en <a href=\"http:\/\/www.baqueira.es\/\" target=\"_blank\" rel=\"noopener noreferrer\">Baqueira Beret<\/a>.<!--more--><\/p>\n<p>Ya desde <a href=\"http:\/\/www.hotelmontarto.cat\/\" target=\"_blank\" rel=\"noopener noreferrer\">el hotel<\/a> proponen much\u00edsimas<strong> actividades a un precio especial <\/strong>para los asistentes a la Trobada, como gu\u00edas por el valle o propuestas para entretener a los ni\u00f1os en el hotel. Adem\u00e1s, sus instalaciones tambi\u00e9n dan para mucho: piscina climatizada, spa, pistas de tenis, baloncesto, f\u00fatbol, gimnasio\u2026<\/p>\n<p>Por supuesto, no tienes por qu\u00e9 ir toda la semana, y puedes escoger los d\u00edas que mejor te convengan. Eso s\u00ed, desde el <a href=\"http:\/\/clubsubarutodocamino.com\/\" target=\"_blank\" rel=\"noopener noreferrer\">Club Subaru Todocamino<\/a> proponen dar cierta prioridad a estar el<strong> s\u00e1bado 6, que ya ha sido bautizado como el \u00abD\u00eda subarista\u00bb<\/strong>, con un encuentro entre todos los asistentes para hacer una ruta por el Valle (parece ser que este a\u00f1o adem\u00e1s va a ser muy especial), compartir una comida y hacer cena de despedida por la noche\u2026<\/p>\n<p>Tienes toda la informaci\u00f3n (con opciones de precios, etc.) en la <a href=\"http:\/\/clubsubarutodocamino.com\/events\/trobada-vacacional-baqueira\" target=\"_blank\" rel=\"noopener noreferrer\">web del Club Subaru Todocamino<\/a>, pero no esperes demasiado para reservar\u2026 \u00a1las plazas vuelan!<\/p>\n<p>Foto | <a href=\"http:\/\/clubsubarutodocamino.com\/photo\/ruta-de-ascenso-a-las-minas-de-5?context=album&amp;albumId=1356688%3AAlbum%3A142526\" target=\"_blank\" rel=\"noopener noreferrer\">Club Subaru Todocamino<\/a><\/p>\n","protected":false},"excerpt":{"rendered":"<p>De vez en cuando est\u00e1 bien encontrarse con otros subaristas y compartir experiencias, opiniones y pasar algo de tiempo juntos. Pues bien, un a\u00f1o m\u00e1s, desde el Club Subaru Todocamino han organizado un evento muy especial: se trata de la (ya) cuarta edici\u00f3n de la Trobada Vacacional Baqueira Beret. Suena bien, \u00bfverdad? Y, \u00bfen qu\u00e9 [&hellip;]<\/p>\n","protected":false},"author":21,"featured_media":4950,"comment_status":"closed","ping_status":"closed","sticky":false,"template":"","format":"standard","meta":{"_acf_changed":false,"_eb_attr":"","inline_featured_image":false,"footnotes":""},"categories":[4520],"tags":[2550,2774,3490],"class_list":["post-4949","post","type-post","status-publish","format-standard","has-post-thumbnail","hentry","category-subaru-lifestyle","tag-baqueira-beret","tag-club-subaru-todocamino","tag-cuarta-trobada-familiar"],"acf":[],"yoast_head":"<!-- This site is optimized with the Yoast SEO plugin v27.3 - https:\/\/yoast.com\/product\/yoast-seo-wordpress\/ -->\n<title>Encuentro de familias subaristas en agosto - Universo Subaru<\/title>\n<meta name=\"robots\" content=\"index, follow, max-snippet:-1, max-image-preview:large, max-video-preview:-1\" \/>\n<link rel=\"canonical\" href=\"https:\/\/www.subaru.es\/blog\/subaru-lifestyle\/encuentro-de-familias-subaristas-en-agosto\/\" \/>\n<meta property=\"og:locale\" content=\"es_ES\" \/>\n<meta property=\"og:type\" content=\"article\" \/>\n<meta property=\"og:title\" content=\"Encuentro de familias subaristas en agosto - Universo Subaru\" \/>\n<meta property=\"og:description\" content=\"De vez en cuando est\u00e1 bien encontrarse con otros subaristas y compartir experiencias, opiniones y pasar algo de tiempo juntos. Pues bien, un a\u00f1o m\u00e1s, desde el Club Subaru Todocamino han organizado un evento muy especial: se trata de la (ya) cuarta edici\u00f3n de la Trobada Vacacional Baqueira Beret. Suena bien, \u00bfverdad? Y, \u00bfen qu\u00e9 [&hellip;]\" \/>\n<meta property=\"og:url\" content=\"https:\/\/www.subaru.es\/blog\/subaru-lifestyle\/encuentro-de-familias-subaristas-en-agosto\/\" \/>\n<meta property=\"og:site_name\" content=\"Universo Subaru\" \/>\n<meta property=\"article:publisher\" content=\"https:\/\/www.facebook.com\/subaruespana\" \/>\n<meta property=\"article:published_time\" content=\"2011-07-13T11:17:40+00:00\" \/>\n<meta property=\"article:modified_time\" content=\"2020-08-12T09:54:50+00:00\" \/>\n<meta property=\"og:image\" content=\"https:\/\/www.subaru.es\/blog\/wp-content\/uploads\/2011\/06\/trobada.jpg\" \/>\n\t<meta property=\"og:image:width\" content=\"500\" \/>\n\t<meta property=\"og:image:height\" content=\"299\" \/>\n\t<meta property=\"og:image:type\" content=\"image\/jpeg\" \/>\n<meta name=\"author\" content=\"Subaru\" \/>\n<meta name=\"twitter:card\" content=\"summary_large_image\" \/>\n<meta name=\"twitter:label1\" content=\"Escrito por\" \/>\n\t<meta name=\"twitter:data1\" content=\"Subaru\" \/>\n\t<meta name=\"twitter:label2\" content=\"Tiempo de lectura\" \/>\n\t<meta name=\"twitter:data2\" content=\"1 minuto\" \/>\n<script type=\"application\/ld+json\" class=\"yoast-schema-graph\">{\"@context\":\"https:\\\/\\\/schema.org\",\"@graph\":[{\"@type\":\"Article\",\"@id\":\"https:\\\/\\\/www.subaru.es\\\/blog\\\/subaru-lifestyle\\\/encuentro-de-familias-subaristas-en-agosto\\\/#article\",\"isPartOf\":{\"@id\":\"https:\\\/\\\/www.subaru.es\\\/blog\\\/subaru-lifestyle\\\/encuentro-de-familias-subaristas-en-agosto\\\/\"},\"author\":{\"name\":\"Subaru\",\"@id\":\"https:\\\/\\\/www.subaru.es\\\/blog\\\/#\\\/schema\\\/person\\\/19a90b892230b8e0ec752704ddf4aa10\"},\"headline\":\"Encuentro de familias subaristas en agosto\",\"datePublished\":\"2011-07-13T11:17:40+00:00\",\"dateModified\":\"2020-08-12T09:54:50+00:00\",\"mainEntityOfPage\":{\"@id\":\"https:\\\/\\\/www.subaru.es\\\/blog\\\/subaru-lifestyle\\\/encuentro-de-familias-subaristas-en-agosto\\\/\"},\"wordCount\":299,\"publisher\":{\"@id\":\"https:\\\/\\\/www.subaru.es\\\/blog\\\/#organization\"},\"image\":{\"@id\":\"https:\\\/\\\/www.subaru.es\\\/blog\\\/subaru-lifestyle\\\/encuentro-de-familias-subaristas-en-agosto\\\/#primaryimage\"},\"thumbnailUrl\":\"https:\\\/\\\/www.subaru.es\\\/blog\\\/wp-content\\\/uploads\\\/2011\\\/06\\\/trobada.jpg\",\"keywords\":[\"Baqueira Beret\",\"Club Subaru Todocamino\",\"cuarta trobada familiar\"],\"articleSection\":[\"Subaru LifeStyle\"],\"inLanguage\":\"es\"},{\"@type\":\"WebPage\",\"@id\":\"https:\\\/\\\/www.subaru.es\\\/blog\\\/subaru-lifestyle\\\/encuentro-de-familias-subaristas-en-agosto\\\/\",\"url\":\"https:\\\/\\\/www.subaru.es\\\/blog\\\/subaru-lifestyle\\\/encuentro-de-familias-subaristas-en-agosto\\\/\",\"name\":\"Encuentro de familias subaristas en agosto - Universo Subaru\",\"isPartOf\":{\"@id\":\"https:\\\/\\\/www.subaru.es\\\/blog\\\/#website\"},\"primaryImageOfPage\":{\"@id\":\"https:\\\/\\\/www.subaru.es\\\/blog\\\/subaru-lifestyle\\\/encuentro-de-familias-subaristas-en-agosto\\\/#primaryimage\"},\"image\":{\"@id\":\"https:\\\/\\\/www.subaru.es\\\/blog\\\/subaru-lifestyle\\\/encuentro-de-familias-subaristas-en-agosto\\\/#primaryimage\"},\"thumbnailUrl\":\"https:\\\/\\\/www.subaru.es\\\/blog\\\/wp-content\\\/uploads\\\/2011\\\/06\\\/trobada.jpg\",\"datePublished\":\"2011-07-13T11:17:40+00:00\",\"dateModified\":\"2020-08-12T09:54:50+00:00\",\"breadcrumb\":{\"@id\":\"https:\\\/\\\/www.subaru.es\\\/blog\\\/subaru-lifestyle\\\/encuentro-de-familias-subaristas-en-agosto\\\/#breadcrumb\"},\"inLanguage\":\"es\",\"potentialAction\":[{\"@type\":\"ReadAction\",\"target\":[\"https:\\\/\\\/www.subaru.es\\\/blog\\\/subaru-lifestyle\\\/encuentro-de-familias-subaristas-en-agosto\\\/\"]}]},{\"@type\":\"ImageObject\",\"inLanguage\":\"es\",\"@id\":\"https:\\\/\\\/www.subaru.es\\\/blog\\\/subaru-lifestyle\\\/encuentro-de-familias-subaristas-en-agosto\\\/#primaryimage\",\"url\":\"https:\\\/\\\/www.subaru.es\\\/blog\\\/wp-content\\\/uploads\\\/2011\\\/06\\\/trobada.jpg\",\"contentUrl\":\"https:\\\/\\\/www.subaru.es\\\/blog\\\/wp-content\\\/uploads\\\/2011\\\/06\\\/trobada.jpg\",\"width\":500,\"height\":299,\"caption\":\"Trobada familiar Baqueira\"},{\"@type\":\"BreadcrumbList\",\"@id\":\"https:\\\/\\\/www.subaru.es\\\/blog\\\/subaru-lifestyle\\\/encuentro-de-familias-subaristas-en-agosto\\\/#breadcrumb\",\"itemListElement\":[{\"@type\":\"ListItem\",\"position\":1,\"name\":\"Portada\",\"item\":\"https:\\\/\\\/www.subaru.es\\\/blog\\\/\"},{\"@type\":\"ListItem\",\"position\":2,\"name\":\"Encuentro de familias subaristas en agosto\"}]},{\"@type\":\"WebSite\",\"@id\":\"https:\\\/\\\/www.subaru.es\\\/blog\\\/#website\",\"url\":\"https:\\\/\\\/www.subaru.es\\\/blog\\\/\",\"name\":\"Universo Subaru\",\"description\":\"Descubre este apasionante espacio de Subaru donde vas a conocer todo sobre nuestros coches y las experiencias que vivimos con ellos. Si est\u00e1s preparado para dejarte seducir por la filosof\u00eda Subaru, qu\u00e9date con nosotros.\",\"publisher\":{\"@id\":\"https:\\\/\\\/www.subaru.es\\\/blog\\\/#organization\"},\"potentialAction\":[{\"@type\":\"SearchAction\",\"target\":{\"@type\":\"EntryPoint\",\"urlTemplate\":\"https:\\\/\\\/www.subaru.es\\\/blog\\\/?s={search_term_string}\"},\"query-input\":{\"@type\":\"PropertyValueSpecification\",\"valueRequired\":true,\"valueName\":\"search_term_string\"}}],\"inLanguage\":\"es\"},{\"@type\":\"Organization\",\"@id\":\"https:\\\/\\\/www.subaru.es\\\/blog\\\/#organization\",\"name\":\"Subaru Espa\u00f1a S.A.\",\"url\":\"https:\\\/\\\/www.subaru.es\\\/blog\\\/\",\"logo\":{\"@type\":\"ImageObject\",\"inLanguage\":\"es\",\"@id\":\"https:\\\/\\\/www.subaru.es\\\/blog\\\/#\\\/schema\\\/logo\\\/image\\\/\",\"url\":\"https:\\\/\\\/www.subaru.es\\\/blog\\\/wp-content\\\/uploads\\\/2016\\\/12\\\/Logo-Subaru-TypeV_C300-scaled.jpg\",\"contentUrl\":\"https:\\\/\\\/www.subaru.es\\\/blog\\\/wp-content\\\/uploads\\\/2016\\\/12\\\/Logo-Subaru-TypeV_C300-scaled.jpg\",\"width\":2560,\"height\":1864,\"caption\":\"Subaru Espa\u00f1a S.A.\"},\"image\":{\"@id\":\"https:\\\/\\\/www.subaru.es\\\/blog\\\/#\\\/schema\\\/logo\\\/image\\\/\"},\"sameAs\":[\"https:\\\/\\\/www.facebook.com\\\/subaruespana\",\"https:\\\/\\\/www.instagram.com\\\/subarues\\\/\",\"https:\\\/\\\/www.youtube.com\\\/user\\\/subaruespana\"]},{\"@type\":\"Person\",\"@id\":\"https:\\\/\\\/www.subaru.es\\\/blog\\\/#\\\/schema\\\/person\\\/19a90b892230b8e0ec752704ddf4aa10\",\"name\":\"Subaru\",\"url\":\"https:\\\/\\\/www.subaru.es\\\/blog\\\/author\\\/subaria\\\/\"}]}<\/script>\n<!-- \/ Yoast SEO plugin. -->","yoast_head_json":{"title":"Encuentro de familias subaristas en agosto - Universo Subaru","robots":{"index":"index","follow":"follow","max-snippet":"max-snippet:-1","max-image-preview":"max-image-preview:large","max-video-preview":"max-video-preview:-1"},"canonical":"https:\/\/www.subaru.es\/blog\/subaru-lifestyle\/encuentro-de-familias-subaristas-en-agosto\/","og_locale":"es_ES","og_type":"article","og_title":"Encuentro de familias subaristas en agosto - Universo Subaru","og_description":"De vez en cuando est\u00e1 bien encontrarse con otros subaristas y compartir experiencias, opiniones y pasar algo de tiempo juntos. Pues bien, un a\u00f1o m\u00e1s, desde el Club Subaru Todocamino han organizado un evento muy especial: se trata de la (ya) cuarta edici\u00f3n de la Trobada Vacacional Baqueira Beret. Suena bien, \u00bfverdad? Y, \u00bfen qu\u00e9 [&hellip;]","og_url":"https:\/\/www.subaru.es\/blog\/subaru-lifestyle\/encuentro-de-familias-subaristas-en-agosto\/","og_site_name":"Universo Subaru","article_publisher":"https:\/\/www.facebook.com\/subaruespana","article_published_time":"2011-07-13T11:17:40+00:00","article_modified_time":"2020-08-12T09:54:50+00:00","og_image":[{"width":500,"height":299,"url":"https:\/\/www.subaru.es\/blog\/wp-content\/uploads\/2011\/06\/trobada.jpg","type":"image\/jpeg"}],"author":"Subaru","twitter_card":"summary_large_image","twitter_misc":{"Escrito por":"Subaru","Tiempo de lectura":"1 minuto"},"schema":{"@context":"https:\/\/schema.org","@graph":[{"@type":"Article","@id":"https:\/\/www.subaru.es\/blog\/subaru-lifestyle\/encuentro-de-familias-subaristas-en-agosto\/#article","isPartOf":{"@id":"https:\/\/www.subaru.es\/blog\/subaru-lifestyle\/encuentro-de-familias-subaristas-en-agosto\/"},"author":{"name":"Subaru","@id":"https:\/\/www.subaru.es\/blog\/#\/schema\/person\/19a90b892230b8e0ec752704ddf4aa10"},"headline":"Encuentro de familias subaristas en agosto","datePublished":"2011-07-13T11:17:40+00:00","dateModified":"2020-08-12T09:54:50+00:00","mainEntityOfPage":{"@id":"https:\/\/www.subaru.es\/blog\/subaru-lifestyle\/encuentro-de-familias-subaristas-en-agosto\/"},"wordCount":299,"publisher":{"@id":"https:\/\/www.subaru.es\/blog\/#organization"},"image":{"@id":"https:\/\/www.subaru.es\/blog\/subaru-lifestyle\/encuentro-de-familias-subaristas-en-agosto\/#primaryimage"},"thumbnailUrl":"https:\/\/www.subaru.es\/blog\/wp-content\/uploads\/2011\/06\/trobada.jpg","keywords":["Baqueira Beret","Club Subaru Todocamino","cuarta trobada familiar"],"articleSection":["Subaru LifeStyle"],"inLanguage":"es"},{"@type":"WebPage","@id":"https:\/\/www.subaru.es\/blog\/subaru-lifestyle\/encuentro-de-familias-subaristas-en-agosto\/","url":"https:\/\/www.subaru.es\/blog\/subaru-lifestyle\/encuentro-de-familias-subaristas-en-agosto\/","name":"Encuentro de familias subaristas en agosto - Universo Subaru","isPartOf":{"@id":"https:\/\/www.subaru.es\/blog\/#website"},"primaryImageOfPage":{"@id":"https:\/\/www.subaru.es\/blog\/subaru-lifestyle\/encuentro-de-familias-subaristas-en-agosto\/#primaryimage"},"image":{"@id":"https:\/\/www.subaru.es\/blog\/subaru-lifestyle\/encuentro-de-familias-subaristas-en-agosto\/#primaryimage"},"thumbnailUrl":"https:\/\/www.subaru.es\/blog\/wp-content\/uploads\/2011\/06\/trobada.jpg","datePublished":"2011-07-13T11:17:40+00:00","dateModified":"2020-08-12T09:54:50+00:00","breadcrumb":{"@id":"https:\/\/www.subaru.es\/blog\/subaru-lifestyle\/encuentro-de-familias-subaristas-en-agosto\/#breadcrumb"},"inLanguage":"es","potentialAction":[{"@type":"ReadAction","target":["https:\/\/www.subaru.es\/blog\/subaru-lifestyle\/encuentro-de-familias-subaristas-en-agosto\/"]}]},{"@type":"ImageObject","inLanguage":"es","@id":"https:\/\/www.subaru.es\/blog\/subaru-lifestyle\/encuentro-de-familias-subaristas-en-agosto\/#primaryimage","url":"https:\/\/www.subaru.es\/blog\/wp-content\/uploads\/2011\/06\/trobada.jpg","contentUrl":"https:\/\/www.subaru.es\/blog\/wp-content\/uploads\/2011\/06\/trobada.jpg","width":500,"height":299,"caption":"Trobada familiar Baqueira"},{"@type":"BreadcrumbList","@id":"https:\/\/www.subaru.es\/blog\/subaru-lifestyle\/encuentro-de-familias-subaristas-en-agosto\/#breadcrumb","itemListElement":[{"@type":"ListItem","position":1,"name":"Portada","item":"https:\/\/www.subaru.es\/blog\/"},{"@type":"ListItem","position":2,"name":"Encuentro de familias subaristas en agosto"}]},{"@type":"WebSite","@id":"https:\/\/www.subaru.es\/blog\/#website","url":"https:\/\/www.subaru.es\/blog\/","name":"Universo Subaru","description":"Descubre este apasionante espacio de Subaru donde vas a conocer todo sobre nuestros coches y las experiencias que vivimos con ellos. Si est\u00e1s preparado para dejarte seducir por la filosof\u00eda Subaru, qu\u00e9date con nosotros.","publisher":{"@id":"https:\/\/www.subaru.es\/blog\/#organization"},"potentialAction":[{"@type":"SearchAction","target":{"@type":"EntryPoint","urlTemplate":"https:\/\/www.subaru.es\/blog\/?s={search_term_string}"},"query-input":{"@type":"PropertyValueSpecification","valueRequired":true,"valueName":"search_term_string"}}],"inLanguage":"es"},{"@type":"Organization","@id":"https:\/\/www.subaru.es\/blog\/#organization","name":"Subaru Espa\u00f1a S.A.","url":"https:\/\/www.subaru.es\/blog\/","logo":{"@type":"ImageObject","inLanguage":"es","@id":"https:\/\/www.subaru.es\/blog\/#\/schema\/logo\/image\/","url":"https:\/\/www.subaru.es\/blog\/wp-content\/uploads\/2016\/12\/Logo-Subaru-TypeV_C300-scaled.jpg","contentUrl":"https:\/\/www.subaru.es\/blog\/wp-content\/uploads\/2016\/12\/Logo-Subaru-TypeV_C300-scaled.jpg","width":2560,"height":1864,"caption":"Subaru Espa\u00f1a S.A."},"image":{"@id":"https:\/\/www.subaru.es\/blog\/#\/schema\/logo\/image\/"},"sameAs":["https:\/\/www.facebook.com\/subaruespana","https:\/\/www.instagram.com\/subarues\/","https:\/\/www.youtube.com\/user\/subaruespana"]},{"@type":"Person","@id":"https:\/\/www.subaru.es\/blog\/#\/schema\/person\/19a90b892230b8e0ec752704ddf4aa10","name":"Subaru","url":"https:\/\/www.subaru.es\/blog\/author\/subaria\/"}]}},"_links":{"self":[{"href":"https:\/\/www.subaru.es\/blog\/wp-json\/wp\/v2\/posts\/4949","targetHints":{"allow":["GET"]}}],"collection":[{"href":"https:\/\/www.subaru.es\/blog\/wp-json\/wp\/v2\/posts"}],"about":[{"href":"https:\/\/www.subaru.es\/blog\/wp-json\/wp\/v2\/types\/post"}],"author":[{"embeddable":true,"href":"https:\/\/www.subaru.es\/blog\/wp-json\/wp\/v2\/users\/21"}],"replies":[{"embeddable":true,"href":"https:\/\/www.subaru.es\/blog\/wp-json\/wp\/v2\/comments?post=4949"}],"version-history":[{"count":3,"href":"https:\/\/www.subaru.es\/blog\/wp-json\/wp\/v2\/posts\/4949\/revisions"}],"predecessor-version":[{"id":22202,"href":"https:\/\/www.subaru.es\/blog\/wp-json\/wp\/v2\/posts\/4949\/revisions\/22202"}],"wp:featuredmedia":[{"embeddable":true,"href":"https:\/\/www.subaru.es\/blog\/wp-json\/wp\/v2\/media\/4950"}],"wp:attachment":[{"href":"https:\/\/www.subaru.es\/blog\/wp-json\/wp\/v2\/media?parent=4949"}],"wp:term":[{"taxonomy":"category","embeddable":true,"href":"https:\/\/www.subaru.es\/blog\/wp-json\/wp\/v2\/categories?post=4949"},{"taxonomy":"post_tag","embeddable":true,"href":"https:\/\/www.subaru.es\/blog\/wp-json\/wp\/v2\/tags?post=4949"}],"curies":[{"name":"wp","href":"https:\/\/api.w.org\/{rel}","templated":true}]}}