{"id":4745,"date":"2011-06-21T13:46:09","date_gmt":"2011-06-21T11:46:09","guid":{"rendered":"http:\/\/subaru.preproduccion.com\/blog\/?p=4745"},"modified":"2016-10-17T15:07:31","modified_gmt":"2016-10-17T13:07:31","slug":"el-cinturon-de-seguridad-salva-dos-campanas-impactantes","status":"publish","type":"post","link":"https:\/\/www.subaru.es\/blog\/nuestra-marca\/el-cinturon-de-seguridad-salva-dos-campanas-impactantes\/","title":{"rendered":"El cintur\u00f3n de seguridad salva, dos campa\u00f1as impactantes"},"content":{"rendered":"<p><a href=\"https:\/\/www.subaru.es\/blog\/wp-content\/uploads\/2011\/05\/cinturon-seguridad.jpg\"><img decoding=\"async\" data-src=\"https:\/\/www.subaru.es\/blog\/wp-content\/uploads\/2011\/05\/cinturon-seguridad.jpg\" alt=\"Campa\u00f1a pro cintur\u00f3n de seguridad\" title=\"cinturon-seguridad\" width=\"640\" height=\"357\" class=\"aligncenter size-full wp-image-4746 lazyload\" data-srcset=\"https:\/\/www.subaru.es\/blog\/wp-content\/uploads\/2011\/05\/cinturon-seguridad.jpg 640w, https:\/\/www.subaru.es\/blog\/wp-content\/uploads\/2011\/05\/cinturon-seguridad-560x312.jpg 560w\" data-sizes=\"(max-width: 640px) 100vw, 640px\" src=\"data:image\/svg+xml;base64,PHN2ZyB3aWR0aD0iMSIgaGVpZ2h0PSIxIiB4bWxucz0iaHR0cDovL3d3dy53My5vcmcvMjAwMC9zdmciPjwvc3ZnPg==\" style=\"--smush-placeholder-width: 640px; --smush-placeholder-aspect-ratio: 640\/357;\" \/><\/a><br \/>\n<strong>El cintur\u00f3n de seguridad es uno de los elementos de seguridad pasiva m\u00e1s efectivos<\/strong> y a la vez veteranos de entre todos los que podemos disfrutar hoy en d\u00eda en nuestros coches. Que <strong>salva vidas<\/strong> es evidente aunque hubiese alg\u00fan reducto de personas que opinaban lo contrario, y ante una colisi\u00f3n juega un importante papel en la conservaci\u00f3n de la vida junto con los airbag y, por qu\u00e9 no, con la conducci\u00f3n preventiva que deseamos todos.<\/p>\n<p>En esta campa\u00f1a nos impactan con lo que m\u00e1s queremos, nuestras familias. Lo que nos quieren, lo que nos protegen, lo que les debemos en cuanto a <strong>responsabilidad<\/strong> y a volver de una pieza a casa. Tienes que verlo para saber de qu\u00e9 hablamos, y estoy seguro de que no puede dejar indiferente a nadie.<br \/>\n<!--more--><br \/>\n<object style=\"height: 390px; width: 640px\"><param name=\"movie\" value=\"http:\/\/www.youtube.com\/v\/TWcG-leQISQ?version=3\"><param name=\"allowFullScreen\" value=\"true\"><param name=\"allowScriptAccess\" value=\"always\"><embed src=\"http:\/\/www.youtube.com\/v\/TWcG-leQISQ?version=3\" type=\"application\/x-shockwave-flash\" allowfullscreen=\"true\" allowScriptAccess=\"always\" width=\"640\" height=\"390\"><\/object><\/p>\n<p><strong>Me encanta el mensaje<\/strong> que se transmite en este v\u00eddeo. La sensaci\u00f3n de felicidad y compenetraci\u00f3n entre la familia; la sensaci\u00f3n de \u00abya esto llegando a casa\u00bb; la protecci\u00f3n del cintur\u00f3n enlazando directamente con las mujeres de su vida. Porque<strong> el cintur\u00f3n de seguridad no salva solo al conductor, si no a toda la familia<\/strong>, aunque no vaya dentro del coche. Es una de las conclusiones que saco de esta campa\u00f1a, y me parece muy sensibilizadora.<\/p>\n<h2>Una campa\u00f1a m\u00e1s dura sobre el uso del cintur\u00f3n de seguridad<\/h2>\n<p><object style=\"height: 390px; width: 640px\"><param name=\"movie\" value=\"http:\/\/www.youtube.com\/v\/pLhIHxlBlr8?version=3\"><param name=\"allowFullScreen\" value=\"true\"><param name=\"allowScriptAccess\" value=\"always\"><embed src=\"http:\/\/www.youtube.com\/v\/pLhIHxlBlr8?version=3\" type=\"application\/x-shockwave-flash\" allowfullscreen=\"true\" allowScriptAccess=\"always\" width=\"640\" height=\"390\"><\/object><\/p>\n<p>Este otro ejemplo es, sin duda, m\u00e1s crudo y <strong>nos hace reaccionar al trasladar estas im\u00e1genes a las de nuestro propio entorno<\/strong>. Adem\u00e1s creo que lo mejor del spot es la frase clave de \u00abes solo un momento\u00bb, o \u00absi vamos aqu\u00ed al lado\u00bb. Me impresiona porque una frase aparentemente tan inocua puede desembocar, y de hecho ha desembocado m\u00e1s de una vez y m\u00e1s de 100, en un accidente dentro de la ciudad. Y especialmente con nuestros ni\u00f1os, siempre <strong>debemos educarlos y protegerlos<\/strong> con todo lo que tengamos a mano.<\/p>\n<p>Son dos campa\u00f1as diferentes, las dos emocionales, pero con planteamientos que son claramente diametralmente opuestos. Una vez vistas las dos, \u00bfcu\u00e1l te parece que es m\u00e1s efectiva? \u00bfQu\u00e9 le pedir\u00edas a una campa\u00f1a en favor del uso del cintur\u00f3n de seguridad?<\/p>\n","protected":false},"excerpt":{"rendered":"<p>El cintur\u00f3n de seguridad es uno de los elementos de seguridad pasiva m\u00e1s efectivos y a la vez veteranos de entre todos los que podemos disfrutar hoy en d\u00eda en nuestros coches. Que salva vidas es evidente aunque hubiese alg\u00fan reducto de personas que opinaban lo contrario, y ante una colisi\u00f3n juega un importante papel [&hellip;]<\/p>\n","protected":false},"author":21,"featured_media":4746,"comment_status":"open","ping_status":"open","sticky":false,"template":"","format":"standard","meta":{"_acf_changed":false,"_eb_attr":"","inline_featured_image":false,"footnotes":""},"categories":[4401],"tags":[3452,3428,3453],"class_list":["post-4745","post","type-post","status-publish","format-standard","has-post-thumbnail","hentry","category-nuestra-marca","tag-campana-seguridad-vial","tag-cinturon-de-seguridad","tag-seguridad-pasiva"],"acf":[],"yoast_head":"<!-- This site is optimized with the Yoast SEO plugin v27.3 - https:\/\/yoast.com\/product\/yoast-seo-wordpress\/ -->\n<title>El cintur\u00f3n de seguridad salva, dos campa\u00f1as impactantes - Universo Subaru<\/title>\n<meta name=\"robots\" content=\"index, follow, max-snippet:-1, max-image-preview:large, max-video-preview:-1\" \/>\n<link rel=\"canonical\" href=\"https:\/\/www.subaru.es\/blog\/nuestra-marca\/el-cinturon-de-seguridad-salva-dos-campanas-impactantes\/\" \/>\n<meta property=\"og:locale\" content=\"es_ES\" \/>\n<meta property=\"og:type\" content=\"article\" \/>\n<meta property=\"og:title\" content=\"El cintur\u00f3n de seguridad salva, dos campa\u00f1as impactantes - Universo Subaru\" \/>\n<meta property=\"og:description\" content=\"El cintur\u00f3n de seguridad es uno de los elementos de seguridad pasiva m\u00e1s efectivos y a la vez veteranos de entre todos los que podemos disfrutar hoy en d\u00eda en nuestros coches. Que salva vidas es evidente aunque hubiese alg\u00fan reducto de personas que opinaban lo contrario, y ante una colisi\u00f3n juega un importante papel [&hellip;]\" \/>\n<meta property=\"og:url\" content=\"https:\/\/www.subaru.es\/blog\/nuestra-marca\/el-cinturon-de-seguridad-salva-dos-campanas-impactantes\/\" \/>\n<meta property=\"og:site_name\" content=\"Universo Subaru\" \/>\n<meta property=\"article:publisher\" content=\"https:\/\/www.facebook.com\/subaruespana\" \/>\n<meta property=\"article:published_time\" content=\"2011-06-21T11:46:09+00:00\" \/>\n<meta property=\"article:modified_time\" content=\"2016-10-17T13:07:31+00:00\" \/>\n<meta property=\"og:image\" content=\"https:\/\/www.subaru.es\/blog\/wp-content\/uploads\/2011\/05\/cinturon-seguridad.jpg\" \/>\n\t<meta property=\"og:image:width\" content=\"640\" \/>\n\t<meta property=\"og:image:height\" content=\"357\" \/>\n\t<meta property=\"og:image:type\" content=\"image\/jpeg\" \/>\n<meta name=\"author\" content=\"Subaru\" \/>\n<meta name=\"twitter:card\" content=\"summary_large_image\" \/>\n<meta name=\"twitter:label1\" content=\"Escrito por\" \/>\n\t<meta name=\"twitter:data1\" content=\"Subaru\" \/>\n\t<meta name=\"twitter:label2\" content=\"Tiempo de lectura\" \/>\n\t<meta name=\"twitter:data2\" content=\"2 minutos\" \/>\n<script type=\"application\/ld+json\" class=\"yoast-schema-graph\">{\"@context\":\"https:\\\/\\\/schema.org\",\"@graph\":[{\"@type\":\"Article\",\"@id\":\"https:\\\/\\\/www.subaru.es\\\/blog\\\/nuestra-marca\\\/el-cinturon-de-seguridad-salva-dos-campanas-impactantes\\\/#article\",\"isPartOf\":{\"@id\":\"https:\\\/\\\/www.subaru.es\\\/blog\\\/nuestra-marca\\\/el-cinturon-de-seguridad-salva-dos-campanas-impactantes\\\/\"},\"author\":{\"name\":\"Subaru\",\"@id\":\"https:\\\/\\\/www.subaru.es\\\/blog\\\/#\\\/schema\\\/person\\\/19a90b892230b8e0ec752704ddf4aa10\"},\"headline\":\"El cintur\u00f3n de seguridad salva, dos campa\u00f1as impactantes\",\"datePublished\":\"2011-06-21T11:46:09+00:00\",\"dateModified\":\"2016-10-17T13:07:31+00:00\",\"mainEntityOfPage\":{\"@id\":\"https:\\\/\\\/www.subaru.es\\\/blog\\\/nuestra-marca\\\/el-cinturon-de-seguridad-salva-dos-campanas-impactantes\\\/\"},\"wordCount\":391,\"commentCount\":0,\"publisher\":{\"@id\":\"https:\\\/\\\/www.subaru.es\\\/blog\\\/#organization\"},\"image\":{\"@id\":\"https:\\\/\\\/www.subaru.es\\\/blog\\\/nuestra-marca\\\/el-cinturon-de-seguridad-salva-dos-campanas-impactantes\\\/#primaryimage\"},\"thumbnailUrl\":\"https:\\\/\\\/www.subaru.es\\\/blog\\\/wp-content\\\/uploads\\\/2011\\\/05\\\/cinturon-seguridad.jpg\",\"keywords\":[\"Campa\u00f1a Seguridad Vial\",\"cintur\u00f3n de seguridad\",\"Seguridad pasiva\"],\"articleSection\":[\"Nuestra marca\"],\"inLanguage\":\"es\",\"potentialAction\":[{\"@type\":\"CommentAction\",\"name\":\"Comment\",\"target\":[\"https:\\\/\\\/www.subaru.es\\\/blog\\\/nuestra-marca\\\/el-cinturon-de-seguridad-salva-dos-campanas-impactantes\\\/#respond\"]}]},{\"@type\":\"WebPage\",\"@id\":\"https:\\\/\\\/www.subaru.es\\\/blog\\\/nuestra-marca\\\/el-cinturon-de-seguridad-salva-dos-campanas-impactantes\\\/\",\"url\":\"https:\\\/\\\/www.subaru.es\\\/blog\\\/nuestra-marca\\\/el-cinturon-de-seguridad-salva-dos-campanas-impactantes\\\/\",\"name\":\"El cintur\u00f3n de seguridad salva, dos campa\u00f1as impactantes - Universo Subaru\",\"isPartOf\":{\"@id\":\"https:\\\/\\\/www.subaru.es\\\/blog\\\/#website\"},\"primaryImageOfPage\":{\"@id\":\"https:\\\/\\\/www.subaru.es\\\/blog\\\/nuestra-marca\\\/el-cinturon-de-seguridad-salva-dos-campanas-impactantes\\\/#primaryimage\"},\"image\":{\"@id\":\"https:\\\/\\\/www.subaru.es\\\/blog\\\/nuestra-marca\\\/el-cinturon-de-seguridad-salva-dos-campanas-impactantes\\\/#primaryimage\"},\"thumbnailUrl\":\"https:\\\/\\\/www.subaru.es\\\/blog\\\/wp-content\\\/uploads\\\/2011\\\/05\\\/cinturon-seguridad.jpg\",\"datePublished\":\"2011-06-21T11:46:09+00:00\",\"dateModified\":\"2016-10-17T13:07:31+00:00\",\"breadcrumb\":{\"@id\":\"https:\\\/\\\/www.subaru.es\\\/blog\\\/nuestra-marca\\\/el-cinturon-de-seguridad-salva-dos-campanas-impactantes\\\/#breadcrumb\"},\"inLanguage\":\"es\",\"potentialAction\":[{\"@type\":\"ReadAction\",\"target\":[\"https:\\\/\\\/www.subaru.es\\\/blog\\\/nuestra-marca\\\/el-cinturon-de-seguridad-salva-dos-campanas-impactantes\\\/\"]}]},{\"@type\":\"ImageObject\",\"inLanguage\":\"es\",\"@id\":\"https:\\\/\\\/www.subaru.es\\\/blog\\\/nuestra-marca\\\/el-cinturon-de-seguridad-salva-dos-campanas-impactantes\\\/#primaryimage\",\"url\":\"https:\\\/\\\/www.subaru.es\\\/blog\\\/wp-content\\\/uploads\\\/2011\\\/05\\\/cinturon-seguridad.jpg\",\"contentUrl\":\"https:\\\/\\\/www.subaru.es\\\/blog\\\/wp-content\\\/uploads\\\/2011\\\/05\\\/cinturon-seguridad.jpg\",\"width\":640,\"height\":357,\"caption\":\"Campa\u00f1a pro cintur\u00f3n de seguridad\"},{\"@type\":\"BreadcrumbList\",\"@id\":\"https:\\\/\\\/www.subaru.es\\\/blog\\\/nuestra-marca\\\/el-cinturon-de-seguridad-salva-dos-campanas-impactantes\\\/#breadcrumb\",\"itemListElement\":[{\"@type\":\"ListItem\",\"position\":1,\"name\":\"Portada\",\"item\":\"https:\\\/\\\/www.subaru.es\\\/blog\\\/\"},{\"@type\":\"ListItem\",\"position\":2,\"name\":\"El cintur\u00f3n de seguridad salva, dos campa\u00f1as impactantes\"}]},{\"@type\":\"WebSite\",\"@id\":\"https:\\\/\\\/www.subaru.es\\\/blog\\\/#website\",\"url\":\"https:\\\/\\\/www.subaru.es\\\/blog\\\/\",\"name\":\"Universo Subaru\",\"description\":\"Descubre este apasionante espacio de Subaru donde vas a conocer todo sobre nuestros coches y las experiencias que vivimos con ellos. Si est\u00e1s preparado para dejarte seducir por la filosof\u00eda Subaru, qu\u00e9date con nosotros.\",\"publisher\":{\"@id\":\"https:\\\/\\\/www.subaru.es\\\/blog\\\/#organization\"},\"potentialAction\":[{\"@type\":\"SearchAction\",\"target\":{\"@type\":\"EntryPoint\",\"urlTemplate\":\"https:\\\/\\\/www.subaru.es\\\/blog\\\/?s={search_term_string}\"},\"query-input\":{\"@type\":\"PropertyValueSpecification\",\"valueRequired\":true,\"valueName\":\"search_term_string\"}}],\"inLanguage\":\"es\"},{\"@type\":\"Organization\",\"@id\":\"https:\\\/\\\/www.subaru.es\\\/blog\\\/#organization\",\"name\":\"Subaru Espa\u00f1a S.A.\",\"url\":\"https:\\\/\\\/www.subaru.es\\\/blog\\\/\",\"logo\":{\"@type\":\"ImageObject\",\"inLanguage\":\"es\",\"@id\":\"https:\\\/\\\/www.subaru.es\\\/blog\\\/#\\\/schema\\\/logo\\\/image\\\/\",\"url\":\"https:\\\/\\\/www.subaru.es\\\/blog\\\/wp-content\\\/uploads\\\/2016\\\/12\\\/Logo-Subaru-TypeV_C300-scaled.jpg\",\"contentUrl\":\"https:\\\/\\\/www.subaru.es\\\/blog\\\/wp-content\\\/uploads\\\/2016\\\/12\\\/Logo-Subaru-TypeV_C300-scaled.jpg\",\"width\":2560,\"height\":1864,\"caption\":\"Subaru Espa\u00f1a S.A.\"},\"image\":{\"@id\":\"https:\\\/\\\/www.subaru.es\\\/blog\\\/#\\\/schema\\\/logo\\\/image\\\/\"},\"sameAs\":[\"https:\\\/\\\/www.facebook.com\\\/subaruespana\",\"https:\\\/\\\/www.instagram.com\\\/subarues\\\/\",\"https:\\\/\\\/www.youtube.com\\\/user\\\/subaruespana\"]},{\"@type\":\"Person\",\"@id\":\"https:\\\/\\\/www.subaru.es\\\/blog\\\/#\\\/schema\\\/person\\\/19a90b892230b8e0ec752704ddf4aa10\",\"name\":\"Subaru\",\"url\":\"https:\\\/\\\/www.subaru.es\\\/blog\\\/author\\\/subaria\\\/\"}]}<\/script>\n<!-- \/ Yoast SEO plugin. -->","yoast_head_json":{"title":"El cintur\u00f3n de seguridad salva, dos campa\u00f1as impactantes - Universo Subaru","robots":{"index":"index","follow":"follow","max-snippet":"max-snippet:-1","max-image-preview":"max-image-preview:large","max-video-preview":"max-video-preview:-1"},"canonical":"https:\/\/www.subaru.es\/blog\/nuestra-marca\/el-cinturon-de-seguridad-salva-dos-campanas-impactantes\/","og_locale":"es_ES","og_type":"article","og_title":"El cintur\u00f3n de seguridad salva, dos campa\u00f1as impactantes - Universo Subaru","og_description":"El cintur\u00f3n de seguridad es uno de los elementos de seguridad pasiva m\u00e1s efectivos y a la vez veteranos de entre todos los que podemos disfrutar hoy en d\u00eda en nuestros coches. Que salva vidas es evidente aunque hubiese alg\u00fan reducto de personas que opinaban lo contrario, y ante una colisi\u00f3n juega un importante papel [&hellip;]","og_url":"https:\/\/www.subaru.es\/blog\/nuestra-marca\/el-cinturon-de-seguridad-salva-dos-campanas-impactantes\/","og_site_name":"Universo Subaru","article_publisher":"https:\/\/www.facebook.com\/subaruespana","article_published_time":"2011-06-21T11:46:09+00:00","article_modified_time":"2016-10-17T13:07:31+00:00","og_image":[{"width":640,"height":357,"url":"https:\/\/www.subaru.es\/blog\/wp-content\/uploads\/2011\/05\/cinturon-seguridad.jpg","type":"image\/jpeg"}],"author":"Subaru","twitter_card":"summary_large_image","twitter_misc":{"Escrito por":"Subaru","Tiempo de lectura":"2 minutos"},"schema":{"@context":"https:\/\/schema.org","@graph":[{"@type":"Article","@id":"https:\/\/www.subaru.es\/blog\/nuestra-marca\/el-cinturon-de-seguridad-salva-dos-campanas-impactantes\/#article","isPartOf":{"@id":"https:\/\/www.subaru.es\/blog\/nuestra-marca\/el-cinturon-de-seguridad-salva-dos-campanas-impactantes\/"},"author":{"name":"Subaru","@id":"https:\/\/www.subaru.es\/blog\/#\/schema\/person\/19a90b892230b8e0ec752704ddf4aa10"},"headline":"El cintur\u00f3n de seguridad salva, dos campa\u00f1as impactantes","datePublished":"2011-06-21T11:46:09+00:00","dateModified":"2016-10-17T13:07:31+00:00","mainEntityOfPage":{"@id":"https:\/\/www.subaru.es\/blog\/nuestra-marca\/el-cinturon-de-seguridad-salva-dos-campanas-impactantes\/"},"wordCount":391,"commentCount":0,"publisher":{"@id":"https:\/\/www.subaru.es\/blog\/#organization"},"image":{"@id":"https:\/\/www.subaru.es\/blog\/nuestra-marca\/el-cinturon-de-seguridad-salva-dos-campanas-impactantes\/#primaryimage"},"thumbnailUrl":"https:\/\/www.subaru.es\/blog\/wp-content\/uploads\/2011\/05\/cinturon-seguridad.jpg","keywords":["Campa\u00f1a Seguridad Vial","cintur\u00f3n de seguridad","Seguridad pasiva"],"articleSection":["Nuestra marca"],"inLanguage":"es","potentialAction":[{"@type":"CommentAction","name":"Comment","target":["https:\/\/www.subaru.es\/blog\/nuestra-marca\/el-cinturon-de-seguridad-salva-dos-campanas-impactantes\/#respond"]}]},{"@type":"WebPage","@id":"https:\/\/www.subaru.es\/blog\/nuestra-marca\/el-cinturon-de-seguridad-salva-dos-campanas-impactantes\/","url":"https:\/\/www.subaru.es\/blog\/nuestra-marca\/el-cinturon-de-seguridad-salva-dos-campanas-impactantes\/","name":"El cintur\u00f3n de seguridad salva, dos campa\u00f1as impactantes - Universo Subaru","isPartOf":{"@id":"https:\/\/www.subaru.es\/blog\/#website"},"primaryImageOfPage":{"@id":"https:\/\/www.subaru.es\/blog\/nuestra-marca\/el-cinturon-de-seguridad-salva-dos-campanas-impactantes\/#primaryimage"},"image":{"@id":"https:\/\/www.subaru.es\/blog\/nuestra-marca\/el-cinturon-de-seguridad-salva-dos-campanas-impactantes\/#primaryimage"},"thumbnailUrl":"https:\/\/www.subaru.es\/blog\/wp-content\/uploads\/2011\/05\/cinturon-seguridad.jpg","datePublished":"2011-06-21T11:46:09+00:00","dateModified":"2016-10-17T13:07:31+00:00","breadcrumb":{"@id":"https:\/\/www.subaru.es\/blog\/nuestra-marca\/el-cinturon-de-seguridad-salva-dos-campanas-impactantes\/#breadcrumb"},"inLanguage":"es","potentialAction":[{"@type":"ReadAction","target":["https:\/\/www.subaru.es\/blog\/nuestra-marca\/el-cinturon-de-seguridad-salva-dos-campanas-impactantes\/"]}]},{"@type":"ImageObject","inLanguage":"es","@id":"https:\/\/www.subaru.es\/blog\/nuestra-marca\/el-cinturon-de-seguridad-salva-dos-campanas-impactantes\/#primaryimage","url":"https:\/\/www.subaru.es\/blog\/wp-content\/uploads\/2011\/05\/cinturon-seguridad.jpg","contentUrl":"https:\/\/www.subaru.es\/blog\/wp-content\/uploads\/2011\/05\/cinturon-seguridad.jpg","width":640,"height":357,"caption":"Campa\u00f1a pro cintur\u00f3n de seguridad"},{"@type":"BreadcrumbList","@id":"https:\/\/www.subaru.es\/blog\/nuestra-marca\/el-cinturon-de-seguridad-salva-dos-campanas-impactantes\/#breadcrumb","itemListElement":[{"@type":"ListItem","position":1,"name":"Portada","item":"https:\/\/www.subaru.es\/blog\/"},{"@type":"ListItem","position":2,"name":"El cintur\u00f3n de seguridad salva, dos campa\u00f1as impactantes"}]},{"@type":"WebSite","@id":"https:\/\/www.subaru.es\/blog\/#website","url":"https:\/\/www.subaru.es\/blog\/","name":"Universo Subaru","description":"Descubre este apasionante espacio de Subaru donde vas a conocer todo sobre nuestros coches y las experiencias que vivimos con ellos. Si est\u00e1s preparado para dejarte seducir por la filosof\u00eda Subaru, qu\u00e9date con nosotros.","publisher":{"@id":"https:\/\/www.subaru.es\/blog\/#organization"},"potentialAction":[{"@type":"SearchAction","target":{"@type":"EntryPoint","urlTemplate":"https:\/\/www.subaru.es\/blog\/?s={search_term_string}"},"query-input":{"@type":"PropertyValueSpecification","valueRequired":true,"valueName":"search_term_string"}}],"inLanguage":"es"},{"@type":"Organization","@id":"https:\/\/www.subaru.es\/blog\/#organization","name":"Subaru Espa\u00f1a S.A.","url":"https:\/\/www.subaru.es\/blog\/","logo":{"@type":"ImageObject","inLanguage":"es","@id":"https:\/\/www.subaru.es\/blog\/#\/schema\/logo\/image\/","url":"https:\/\/www.subaru.es\/blog\/wp-content\/uploads\/2016\/12\/Logo-Subaru-TypeV_C300-scaled.jpg","contentUrl":"https:\/\/www.subaru.es\/blog\/wp-content\/uploads\/2016\/12\/Logo-Subaru-TypeV_C300-scaled.jpg","width":2560,"height":1864,"caption":"Subaru Espa\u00f1a S.A."},"image":{"@id":"https:\/\/www.subaru.es\/blog\/#\/schema\/logo\/image\/"},"sameAs":["https:\/\/www.facebook.com\/subaruespana","https:\/\/www.instagram.com\/subarues\/","https:\/\/www.youtube.com\/user\/subaruespana"]},{"@type":"Person","@id":"https:\/\/www.subaru.es\/blog\/#\/schema\/person\/19a90b892230b8e0ec752704ddf4aa10","name":"Subaru","url":"https:\/\/www.subaru.es\/blog\/author\/subaria\/"}]}},"_links":{"self":[{"href":"https:\/\/www.subaru.es\/blog\/wp-json\/wp\/v2\/posts\/4745","targetHints":{"allow":["GET"]}}],"collection":[{"href":"https:\/\/www.subaru.es\/blog\/wp-json\/wp\/v2\/posts"}],"about":[{"href":"https:\/\/www.subaru.es\/blog\/wp-json\/wp\/v2\/types\/post"}],"author":[{"embeddable":true,"href":"https:\/\/www.subaru.es\/blog\/wp-json\/wp\/v2\/users\/21"}],"replies":[{"embeddable":true,"href":"https:\/\/www.subaru.es\/blog\/wp-json\/wp\/v2\/comments?post=4745"}],"version-history":[{"count":1,"href":"https:\/\/www.subaru.es\/blog\/wp-json\/wp\/v2\/posts\/4745\/revisions"}],"predecessor-version":[{"id":14939,"href":"https:\/\/www.subaru.es\/blog\/wp-json\/wp\/v2\/posts\/4745\/revisions\/14939"}],"wp:featuredmedia":[{"embeddable":true,"href":"https:\/\/www.subaru.es\/blog\/wp-json\/wp\/v2\/media\/4746"}],"wp:attachment":[{"href":"https:\/\/www.subaru.es\/blog\/wp-json\/wp\/v2\/media?parent=4745"}],"wp:term":[{"taxonomy":"category","embeddable":true,"href":"https:\/\/www.subaru.es\/blog\/wp-json\/wp\/v2\/categories?post=4745"},{"taxonomy":"post_tag","embeddable":true,"href":"https:\/\/www.subaru.es\/blog\/wp-json\/wp\/v2\/tags?post=4745"}],"curies":[{"name":"wp","href":"https:\/\/api.w.org\/{rel}","templated":true}]}}