{"id":4548,"date":"2011-05-27T12:50:04","date_gmt":"2011-05-27T10:50:04","guid":{"rendered":"http:\/\/subaru.preproduccion.com\/blog\/?p=4548"},"modified":"2016-10-17T15:11:07","modified_gmt":"2016-10-17T13:11:07","slug":"google-maps-mostrara-las-estaciones-de-carga-de-coches-electricos","status":"publish","type":"post","link":"https:\/\/www.subaru.es\/blog\/nuestra-marca\/google-maps-mostrara-las-estaciones-de-carga-de-coches-electricos\/","title":{"rendered":"Google Maps mostrar\u00e1 las estaciones de carga de coches el\u00e9ctricos"},"content":{"rendered":"<p><center><a href=\"https:\/\/www.subaru.es\/blog\/wp-content\/uploads\/2011\/04\/charging.jpg\"><img decoding=\"async\" class=\"aligncenter size-full wp-image-4549 lazyload\" title=\"Estaci\u00f3n de carga\" data-src=\"https:\/\/www.subaru.es\/blog\/wp-content\/uploads\/2011\/04\/charging.jpg\" alt=\"Estaci\u00f3n de carga\" width=\"500\" height=\"375\" src=\"data:image\/svg+xml;base64,PHN2ZyB3aWR0aD0iMSIgaGVpZ2h0PSIxIiB4bWxucz0iaHR0cDovL3d3dy53My5vcmcvMjAwMC9zdmciPjwvc3ZnPg==\" style=\"--smush-placeholder-width: 500px; --smush-placeholder-aspect-ratio: 500\/375;\" \/><\/a><\/center><\/p>\n<p>Una de esas tonter\u00edas que nos preguntamos ahora que estamos en el inicio de la era de los coches el\u00e9ctricos es esa de <strong>c\u00f3mo saber d\u00f3nde podremos encontrar estaciones de carga<\/strong> o <a href=\"https:\/\/www.subaru.es\/blog\/eco-innovacion\/el-futuro-de-los-coches-electricos-pasa-por-la-inversion-en-electrolineras\/\" target=\"_blank\">electrolineras<\/a>, y decimos tonter\u00eda porque nadie se pregunta nervioso c\u00f3mo saber d\u00f3nde encontrar una gasolinera. Pero s\u00ed es cierto que durante los primeros a\u00f1os esto s\u00ed puede suponer un peque\u00f1o reto para los propietarios de coches el\u00e9ctricos, por lo que en Google han decidido ayudar: <strong>incluir\u00e1n las estaciones en Google Maps<\/strong>.<\/p>\n<p><!--more-->El proyecto, que empezar\u00e1 a materializarse en breve, est\u00e1 siendo desarrollado de forma conjunta entre Google y el Departamento de Energ\u00eda de Estados Unidos, y se basa en la <strong>creaci\u00f3n de una base de datos con todas las estaciones <\/strong>de carga de <a href=\"https:\/\/www.subaru.es\/blog\/subaru\/los-vehiculos-electricos-se-recargaran-en-15-minutos\/\" target=\"_blank\">veh\u00edculos el\u00e9ctricos<\/a> disponibles y su localizaci\u00f3n.<\/p>\n<p>El Departamento de Energ\u00eda podr\u00eda haber optado por cualquier otro m\u00e9todo para hacer que esta lista llegue a los ciudadanos (publicarla en su web, crear un mapa propio), pero seguro que <strong>su alcance ser\u00e1 mucho mayor al incluirla simplemente en <a href=\"http:\/\/vidadigitalx.blogspot.com\/2011\/04\/google-maps-ahora-puede-ser-editado-por.html\" target=\"_blank\">Google Maps<\/a><\/strong>, un servicio utilizado ya de forma general por mucha m\u00e1s gente.<\/p>\n<p>Por supuesto, al tratarse de un proyecto llevado a cabo con el Gobierno estadounidense de momento el servicio estar\u00e1 <strong>tan solo disponible en Estados Unidos<\/strong>. De todas formas, teniendo en cuenta que el \u00e9xito est\u00e1 bastante asegurado, lo m\u00e1s l\u00f3gico y natural es que Google acabe extendiendo el servicio a otros pa\u00edses del mundo. Tan solo tenemos que esperar nuestro turno.<\/p>\n<p>V\u00eda | <a href=\"http:\/\/www.motorpasionfuturo.com\/coches-electricos\/google-nos-dira-donde-recargar-nuestro-coche-electrico\" target=\"_blank\">Motorpasi\u00f3n Futuro<\/a><br \/>\nFoto | \u00a0<a href=\"http:\/\/www.flickr.com\/photos\/adventurespf\/3489887015\/\" target=\"_blank\">Adventures of Pam &amp; Frank<\/a><\/p>\n","protected":false},"excerpt":{"rendered":"<p>Una de esas tonter\u00edas que nos preguntamos ahora que estamos en el inicio de la era de los coches el\u00e9ctricos es esa de c\u00f3mo saber d\u00f3nde podremos encontrar estaciones de carga o electrolineras, y decimos tonter\u00eda porque nadie se pregunta nervioso c\u00f3mo saber d\u00f3nde encontrar una gasolinera. Pero s\u00ed es cierto que durante los primeros [&hellip;]<\/p>\n","protected":false},"author":21,"featured_media":4549,"comment_status":"open","ping_status":"open","sticky":false,"template":"","format":"standard","meta":{"_acf_changed":false,"_eb_attr":"","inline_featured_image":false,"footnotes":""},"categories":[4401],"tags":[3426,3264,3424,3425,690,3427],"class_list":["post-4548","post","type-post","status-publish","format-standard","has-post-thumbnail","hentry","category-nuestra-marca","tag-coches-ecologicos","tag-coches-electricos","tag-electrolineras","tag-estacion-de-carga","tag-estados-unidos","tag-google-maps"],"acf":[],"yoast_head":"<!-- This site is optimized with the Yoast SEO plugin v27.3 - https:\/\/yoast.com\/product\/yoast-seo-wordpress\/ -->\n<title>Google Maps mostrar\u00e1 las estaciones de carga de coches el\u00e9ctricos - Universo Subaru<\/title>\n<meta name=\"robots\" content=\"index, follow, max-snippet:-1, max-image-preview:large, max-video-preview:-1\" \/>\n<link rel=\"canonical\" href=\"https:\/\/www.subaru.es\/blog\/nuestra-marca\/google-maps-mostrara-las-estaciones-de-carga-de-coches-electricos\/\" \/>\n<meta property=\"og:locale\" content=\"es_ES\" \/>\n<meta property=\"og:type\" content=\"article\" \/>\n<meta property=\"og:title\" content=\"Google Maps mostrar\u00e1 las estaciones de carga de coches el\u00e9ctricos - Universo Subaru\" \/>\n<meta property=\"og:description\" content=\"Una de esas tonter\u00edas que nos preguntamos ahora que estamos en el inicio de la era de los coches el\u00e9ctricos es esa de c\u00f3mo saber d\u00f3nde podremos encontrar estaciones de carga o electrolineras, y decimos tonter\u00eda porque nadie se pregunta nervioso c\u00f3mo saber d\u00f3nde encontrar una gasolinera. Pero s\u00ed es cierto que durante los primeros [&hellip;]\" \/>\n<meta property=\"og:url\" content=\"https:\/\/www.subaru.es\/blog\/nuestra-marca\/google-maps-mostrara-las-estaciones-de-carga-de-coches-electricos\/\" \/>\n<meta property=\"og:site_name\" content=\"Universo Subaru\" \/>\n<meta property=\"article:publisher\" content=\"https:\/\/www.facebook.com\/subaruespana\" \/>\n<meta property=\"article:published_time\" content=\"2011-05-27T10:50:04+00:00\" \/>\n<meta property=\"article:modified_time\" content=\"2016-10-17T13:11:07+00:00\" \/>\n<meta property=\"og:image\" content=\"https:\/\/www.subaru.es\/blog\/wp-content\/uploads\/2011\/04\/charging.jpg\" \/>\n\t<meta property=\"og:image:width\" content=\"500\" \/>\n\t<meta property=\"og:image:height\" content=\"375\" \/>\n\t<meta property=\"og:image:type\" content=\"image\/jpeg\" \/>\n<meta name=\"author\" content=\"Subaru\" \/>\n<meta name=\"twitter:card\" content=\"summary_large_image\" \/>\n<meta name=\"twitter:label1\" content=\"Escrito por\" \/>\n\t<meta name=\"twitter:data1\" content=\"Subaru\" \/>\n\t<meta name=\"twitter:label2\" content=\"Tiempo de lectura\" \/>\n\t<meta name=\"twitter:data2\" content=\"1 minuto\" \/>\n<script type=\"application\/ld+json\" class=\"yoast-schema-graph\">{\"@context\":\"https:\\\/\\\/schema.org\",\"@graph\":[{\"@type\":\"Article\",\"@id\":\"https:\\\/\\\/www.subaru.es\\\/blog\\\/nuestra-marca\\\/google-maps-mostrara-las-estaciones-de-carga-de-coches-electricos\\\/#article\",\"isPartOf\":{\"@id\":\"https:\\\/\\\/www.subaru.es\\\/blog\\\/nuestra-marca\\\/google-maps-mostrara-las-estaciones-de-carga-de-coches-electricos\\\/\"},\"author\":{\"name\":\"Subaru\",\"@id\":\"https:\\\/\\\/www.subaru.es\\\/blog\\\/#\\\/schema\\\/person\\\/19a90b892230b8e0ec752704ddf4aa10\"},\"headline\":\"Google Maps mostrar\u00e1 las estaciones de carga de coches el\u00e9ctricos\",\"datePublished\":\"2011-05-27T10:50:04+00:00\",\"dateModified\":\"2016-10-17T13:11:07+00:00\",\"mainEntityOfPage\":{\"@id\":\"https:\\\/\\\/www.subaru.es\\\/blog\\\/nuestra-marca\\\/google-maps-mostrara-las-estaciones-de-carga-de-coches-electricos\\\/\"},\"wordCount\":290,\"commentCount\":0,\"publisher\":{\"@id\":\"https:\\\/\\\/www.subaru.es\\\/blog\\\/#organization\"},\"image\":{\"@id\":\"https:\\\/\\\/www.subaru.es\\\/blog\\\/nuestra-marca\\\/google-maps-mostrara-las-estaciones-de-carga-de-coches-electricos\\\/#primaryimage\"},\"thumbnailUrl\":\"https:\\\/\\\/www.subaru.es\\\/blog\\\/wp-content\\\/uploads\\\/2011\\\/04\\\/charging.jpg\",\"keywords\":[\"coches ecol\u00f3gicos\",\"Coches el\u00e9ctricos\",\"electrolineras\",\"estaci\u00f3n de carga\",\"estados unidos\",\"google maps\"],\"articleSection\":[\"Nuestra marca\"],\"inLanguage\":\"es\",\"potentialAction\":[{\"@type\":\"CommentAction\",\"name\":\"Comment\",\"target\":[\"https:\\\/\\\/www.subaru.es\\\/blog\\\/nuestra-marca\\\/google-maps-mostrara-las-estaciones-de-carga-de-coches-electricos\\\/#respond\"]}]},{\"@type\":\"WebPage\",\"@id\":\"https:\\\/\\\/www.subaru.es\\\/blog\\\/nuestra-marca\\\/google-maps-mostrara-las-estaciones-de-carga-de-coches-electricos\\\/\",\"url\":\"https:\\\/\\\/www.subaru.es\\\/blog\\\/nuestra-marca\\\/google-maps-mostrara-las-estaciones-de-carga-de-coches-electricos\\\/\",\"name\":\"Google Maps mostrar\u00e1 las estaciones de carga de coches el\u00e9ctricos - Universo Subaru\",\"isPartOf\":{\"@id\":\"https:\\\/\\\/www.subaru.es\\\/blog\\\/#website\"},\"primaryImageOfPage\":{\"@id\":\"https:\\\/\\\/www.subaru.es\\\/blog\\\/nuestra-marca\\\/google-maps-mostrara-las-estaciones-de-carga-de-coches-electricos\\\/#primaryimage\"},\"image\":{\"@id\":\"https:\\\/\\\/www.subaru.es\\\/blog\\\/nuestra-marca\\\/google-maps-mostrara-las-estaciones-de-carga-de-coches-electricos\\\/#primaryimage\"},\"thumbnailUrl\":\"https:\\\/\\\/www.subaru.es\\\/blog\\\/wp-content\\\/uploads\\\/2011\\\/04\\\/charging.jpg\",\"datePublished\":\"2011-05-27T10:50:04+00:00\",\"dateModified\":\"2016-10-17T13:11:07+00:00\",\"breadcrumb\":{\"@id\":\"https:\\\/\\\/www.subaru.es\\\/blog\\\/nuestra-marca\\\/google-maps-mostrara-las-estaciones-de-carga-de-coches-electricos\\\/#breadcrumb\"},\"inLanguage\":\"es\",\"potentialAction\":[{\"@type\":\"ReadAction\",\"target\":[\"https:\\\/\\\/www.subaru.es\\\/blog\\\/nuestra-marca\\\/google-maps-mostrara-las-estaciones-de-carga-de-coches-electricos\\\/\"]}]},{\"@type\":\"ImageObject\",\"inLanguage\":\"es\",\"@id\":\"https:\\\/\\\/www.subaru.es\\\/blog\\\/nuestra-marca\\\/google-maps-mostrara-las-estaciones-de-carga-de-coches-electricos\\\/#primaryimage\",\"url\":\"https:\\\/\\\/www.subaru.es\\\/blog\\\/wp-content\\\/uploads\\\/2011\\\/04\\\/charging.jpg\",\"contentUrl\":\"https:\\\/\\\/www.subaru.es\\\/blog\\\/wp-content\\\/uploads\\\/2011\\\/04\\\/charging.jpg\",\"width\":500,\"height\":375,\"caption\":\"Estaci\u00f3n de carga\"},{\"@type\":\"BreadcrumbList\",\"@id\":\"https:\\\/\\\/www.subaru.es\\\/blog\\\/nuestra-marca\\\/google-maps-mostrara-las-estaciones-de-carga-de-coches-electricos\\\/#breadcrumb\",\"itemListElement\":[{\"@type\":\"ListItem\",\"position\":1,\"name\":\"Portada\",\"item\":\"https:\\\/\\\/www.subaru.es\\\/blog\\\/\"},{\"@type\":\"ListItem\",\"position\":2,\"name\":\"Google Maps mostrar\u00e1 las estaciones de carga de coches el\u00e9ctricos\"}]},{\"@type\":\"WebSite\",\"@id\":\"https:\\\/\\\/www.subaru.es\\\/blog\\\/#website\",\"url\":\"https:\\\/\\\/www.subaru.es\\\/blog\\\/\",\"name\":\"Universo Subaru\",\"description\":\"Descubre este apasionante espacio de Subaru donde vas a conocer todo sobre nuestros coches y las experiencias que vivimos con ellos. Si est\u00e1s preparado para dejarte seducir por la filosof\u00eda Subaru, qu\u00e9date con nosotros.\",\"publisher\":{\"@id\":\"https:\\\/\\\/www.subaru.es\\\/blog\\\/#organization\"},\"potentialAction\":[{\"@type\":\"SearchAction\",\"target\":{\"@type\":\"EntryPoint\",\"urlTemplate\":\"https:\\\/\\\/www.subaru.es\\\/blog\\\/?s={search_term_string}\"},\"query-input\":{\"@type\":\"PropertyValueSpecification\",\"valueRequired\":true,\"valueName\":\"search_term_string\"}}],\"inLanguage\":\"es\"},{\"@type\":\"Organization\",\"@id\":\"https:\\\/\\\/www.subaru.es\\\/blog\\\/#organization\",\"name\":\"Subaru Espa\u00f1a S.A.\",\"url\":\"https:\\\/\\\/www.subaru.es\\\/blog\\\/\",\"logo\":{\"@type\":\"ImageObject\",\"inLanguage\":\"es\",\"@id\":\"https:\\\/\\\/www.subaru.es\\\/blog\\\/#\\\/schema\\\/logo\\\/image\\\/\",\"url\":\"https:\\\/\\\/www.subaru.es\\\/blog\\\/wp-content\\\/uploads\\\/2016\\\/12\\\/Logo-Subaru-TypeV_C300-scaled.jpg\",\"contentUrl\":\"https:\\\/\\\/www.subaru.es\\\/blog\\\/wp-content\\\/uploads\\\/2016\\\/12\\\/Logo-Subaru-TypeV_C300-scaled.jpg\",\"width\":2560,\"height\":1864,\"caption\":\"Subaru Espa\u00f1a S.A.\"},\"image\":{\"@id\":\"https:\\\/\\\/www.subaru.es\\\/blog\\\/#\\\/schema\\\/logo\\\/image\\\/\"},\"sameAs\":[\"https:\\\/\\\/www.facebook.com\\\/subaruespana\",\"https:\\\/\\\/www.instagram.com\\\/subarues\\\/\",\"https:\\\/\\\/www.youtube.com\\\/user\\\/subaruespana\"]},{\"@type\":\"Person\",\"@id\":\"https:\\\/\\\/www.subaru.es\\\/blog\\\/#\\\/schema\\\/person\\\/19a90b892230b8e0ec752704ddf4aa10\",\"name\":\"Subaru\",\"url\":\"https:\\\/\\\/www.subaru.es\\\/blog\\\/author\\\/subaria\\\/\"}]}<\/script>\n<!-- \/ Yoast SEO plugin. -->","yoast_head_json":{"title":"Google Maps mostrar\u00e1 las estaciones de carga de coches el\u00e9ctricos - Universo Subaru","robots":{"index":"index","follow":"follow","max-snippet":"max-snippet:-1","max-image-preview":"max-image-preview:large","max-video-preview":"max-video-preview:-1"},"canonical":"https:\/\/www.subaru.es\/blog\/nuestra-marca\/google-maps-mostrara-las-estaciones-de-carga-de-coches-electricos\/","og_locale":"es_ES","og_type":"article","og_title":"Google Maps mostrar\u00e1 las estaciones de carga de coches el\u00e9ctricos - Universo Subaru","og_description":"Una de esas tonter\u00edas que nos preguntamos ahora que estamos en el inicio de la era de los coches el\u00e9ctricos es esa de c\u00f3mo saber d\u00f3nde podremos encontrar estaciones de carga o electrolineras, y decimos tonter\u00eda porque nadie se pregunta nervioso c\u00f3mo saber d\u00f3nde encontrar una gasolinera. Pero s\u00ed es cierto que durante los primeros [&hellip;]","og_url":"https:\/\/www.subaru.es\/blog\/nuestra-marca\/google-maps-mostrara-las-estaciones-de-carga-de-coches-electricos\/","og_site_name":"Universo Subaru","article_publisher":"https:\/\/www.facebook.com\/subaruespana","article_published_time":"2011-05-27T10:50:04+00:00","article_modified_time":"2016-10-17T13:11:07+00:00","og_image":[{"width":500,"height":375,"url":"https:\/\/www.subaru.es\/blog\/wp-content\/uploads\/2011\/04\/charging.jpg","type":"image\/jpeg"}],"author":"Subaru","twitter_card":"summary_large_image","twitter_misc":{"Escrito por":"Subaru","Tiempo de lectura":"1 minuto"},"schema":{"@context":"https:\/\/schema.org","@graph":[{"@type":"Article","@id":"https:\/\/www.subaru.es\/blog\/nuestra-marca\/google-maps-mostrara-las-estaciones-de-carga-de-coches-electricos\/#article","isPartOf":{"@id":"https:\/\/www.subaru.es\/blog\/nuestra-marca\/google-maps-mostrara-las-estaciones-de-carga-de-coches-electricos\/"},"author":{"name":"Subaru","@id":"https:\/\/www.subaru.es\/blog\/#\/schema\/person\/19a90b892230b8e0ec752704ddf4aa10"},"headline":"Google Maps mostrar\u00e1 las estaciones de carga de coches el\u00e9ctricos","datePublished":"2011-05-27T10:50:04+00:00","dateModified":"2016-10-17T13:11:07+00:00","mainEntityOfPage":{"@id":"https:\/\/www.subaru.es\/blog\/nuestra-marca\/google-maps-mostrara-las-estaciones-de-carga-de-coches-electricos\/"},"wordCount":290,"commentCount":0,"publisher":{"@id":"https:\/\/www.subaru.es\/blog\/#organization"},"image":{"@id":"https:\/\/www.subaru.es\/blog\/nuestra-marca\/google-maps-mostrara-las-estaciones-de-carga-de-coches-electricos\/#primaryimage"},"thumbnailUrl":"https:\/\/www.subaru.es\/blog\/wp-content\/uploads\/2011\/04\/charging.jpg","keywords":["coches ecol\u00f3gicos","Coches el\u00e9ctricos","electrolineras","estaci\u00f3n de carga","estados unidos","google maps"],"articleSection":["Nuestra marca"],"inLanguage":"es","potentialAction":[{"@type":"CommentAction","name":"Comment","target":["https:\/\/www.subaru.es\/blog\/nuestra-marca\/google-maps-mostrara-las-estaciones-de-carga-de-coches-electricos\/#respond"]}]},{"@type":"WebPage","@id":"https:\/\/www.subaru.es\/blog\/nuestra-marca\/google-maps-mostrara-las-estaciones-de-carga-de-coches-electricos\/","url":"https:\/\/www.subaru.es\/blog\/nuestra-marca\/google-maps-mostrara-las-estaciones-de-carga-de-coches-electricos\/","name":"Google Maps mostrar\u00e1 las estaciones de carga de coches el\u00e9ctricos - Universo Subaru","isPartOf":{"@id":"https:\/\/www.subaru.es\/blog\/#website"},"primaryImageOfPage":{"@id":"https:\/\/www.subaru.es\/blog\/nuestra-marca\/google-maps-mostrara-las-estaciones-de-carga-de-coches-electricos\/#primaryimage"},"image":{"@id":"https:\/\/www.subaru.es\/blog\/nuestra-marca\/google-maps-mostrara-las-estaciones-de-carga-de-coches-electricos\/#primaryimage"},"thumbnailUrl":"https:\/\/www.subaru.es\/blog\/wp-content\/uploads\/2011\/04\/charging.jpg","datePublished":"2011-05-27T10:50:04+00:00","dateModified":"2016-10-17T13:11:07+00:00","breadcrumb":{"@id":"https:\/\/www.subaru.es\/blog\/nuestra-marca\/google-maps-mostrara-las-estaciones-de-carga-de-coches-electricos\/#breadcrumb"},"inLanguage":"es","potentialAction":[{"@type":"ReadAction","target":["https:\/\/www.subaru.es\/blog\/nuestra-marca\/google-maps-mostrara-las-estaciones-de-carga-de-coches-electricos\/"]}]},{"@type":"ImageObject","inLanguage":"es","@id":"https:\/\/www.subaru.es\/blog\/nuestra-marca\/google-maps-mostrara-las-estaciones-de-carga-de-coches-electricos\/#primaryimage","url":"https:\/\/www.subaru.es\/blog\/wp-content\/uploads\/2011\/04\/charging.jpg","contentUrl":"https:\/\/www.subaru.es\/blog\/wp-content\/uploads\/2011\/04\/charging.jpg","width":500,"height":375,"caption":"Estaci\u00f3n de carga"},{"@type":"BreadcrumbList","@id":"https:\/\/www.subaru.es\/blog\/nuestra-marca\/google-maps-mostrara-las-estaciones-de-carga-de-coches-electricos\/#breadcrumb","itemListElement":[{"@type":"ListItem","position":1,"name":"Portada","item":"https:\/\/www.subaru.es\/blog\/"},{"@type":"ListItem","position":2,"name":"Google Maps mostrar\u00e1 las estaciones de carga de coches el\u00e9ctricos"}]},{"@type":"WebSite","@id":"https:\/\/www.subaru.es\/blog\/#website","url":"https:\/\/www.subaru.es\/blog\/","name":"Universo Subaru","description":"Descubre este apasionante espacio de Subaru donde vas a conocer todo sobre nuestros coches y las experiencias que vivimos con ellos. Si est\u00e1s preparado para dejarte seducir por la filosof\u00eda Subaru, qu\u00e9date con nosotros.","publisher":{"@id":"https:\/\/www.subaru.es\/blog\/#organization"},"potentialAction":[{"@type":"SearchAction","target":{"@type":"EntryPoint","urlTemplate":"https:\/\/www.subaru.es\/blog\/?s={search_term_string}"},"query-input":{"@type":"PropertyValueSpecification","valueRequired":true,"valueName":"search_term_string"}}],"inLanguage":"es"},{"@type":"Organization","@id":"https:\/\/www.subaru.es\/blog\/#organization","name":"Subaru Espa\u00f1a S.A.","url":"https:\/\/www.subaru.es\/blog\/","logo":{"@type":"ImageObject","inLanguage":"es","@id":"https:\/\/www.subaru.es\/blog\/#\/schema\/logo\/image\/","url":"https:\/\/www.subaru.es\/blog\/wp-content\/uploads\/2016\/12\/Logo-Subaru-TypeV_C300-scaled.jpg","contentUrl":"https:\/\/www.subaru.es\/blog\/wp-content\/uploads\/2016\/12\/Logo-Subaru-TypeV_C300-scaled.jpg","width":2560,"height":1864,"caption":"Subaru Espa\u00f1a S.A."},"image":{"@id":"https:\/\/www.subaru.es\/blog\/#\/schema\/logo\/image\/"},"sameAs":["https:\/\/www.facebook.com\/subaruespana","https:\/\/www.instagram.com\/subarues\/","https:\/\/www.youtube.com\/user\/subaruespana"]},{"@type":"Person","@id":"https:\/\/www.subaru.es\/blog\/#\/schema\/person\/19a90b892230b8e0ec752704ddf4aa10","name":"Subaru","url":"https:\/\/www.subaru.es\/blog\/author\/subaria\/"}]}},"_links":{"self":[{"href":"https:\/\/www.subaru.es\/blog\/wp-json\/wp\/v2\/posts\/4548","targetHints":{"allow":["GET"]}}],"collection":[{"href":"https:\/\/www.subaru.es\/blog\/wp-json\/wp\/v2\/posts"}],"about":[{"href":"https:\/\/www.subaru.es\/blog\/wp-json\/wp\/v2\/types\/post"}],"author":[{"embeddable":true,"href":"https:\/\/www.subaru.es\/blog\/wp-json\/wp\/v2\/users\/21"}],"replies":[{"embeddable":true,"href":"https:\/\/www.subaru.es\/blog\/wp-json\/wp\/v2\/comments?post=4548"}],"version-history":[{"count":1,"href":"https:\/\/www.subaru.es\/blog\/wp-json\/wp\/v2\/posts\/4548\/revisions"}],"predecessor-version":[{"id":15920,"href":"https:\/\/www.subaru.es\/blog\/wp-json\/wp\/v2\/posts\/4548\/revisions\/15920"}],"wp:featuredmedia":[{"embeddable":true,"href":"https:\/\/www.subaru.es\/blog\/wp-json\/wp\/v2\/media\/4549"}],"wp:attachment":[{"href":"https:\/\/www.subaru.es\/blog\/wp-json\/wp\/v2\/media?parent=4548"}],"wp:term":[{"taxonomy":"category","embeddable":true,"href":"https:\/\/www.subaru.es\/blog\/wp-json\/wp\/v2\/categories?post=4548"},{"taxonomy":"post_tag","embeddable":true,"href":"https:\/\/www.subaru.es\/blog\/wp-json\/wp\/v2\/tags?post=4548"}],"curies":[{"name":"wp","href":"https:\/\/api.w.org\/{rel}","templated":true}]}}