{"id":449,"date":"2007-11-28T09:17:29","date_gmt":"2007-11-28T07:17:29","guid":{"rendered":"http:\/\/subaru.preproduccion.com\/blog\/wp-content\/2007\/11\/28\/la-gendarmeria-argelina-tambien-elige-subaru\/"},"modified":"2016-10-17T15:09:26","modified_gmt":"2016-10-17T13:09:26","slug":"la-gendarmeria-argelina-tambien-elige-subaru","status":"publish","type":"post","link":"https:\/\/www.subaru.es\/blog\/nuestra-marca\/la-gendarmeria-argelina-tambien-elige-subaru\/","title":{"rendered":"La Gendarmer\u00eda Argelina tambi\u00e9n elige Subaru"},"content":{"rendered":"<p>Ya hemos visto que <a href=\"https:\/\/www.subaru.es\/blog\/2007\/09\/23\/brigada-francesa-rapida-subaru\/\">distintas policias<\/a> <a href=\"https:\/\/www.subaru.es\/blog\/2007\/10\/17\/el-sheriff-conduce-subaru-legacy\/\">de diferentes paises<\/a>, han elegido modelos de Subaru para luchar contra los malos.<\/p>\n<p>Pues un nuevo pa\u00eds se ha sumado, se trata del mediterraneo pa\u00eds de Argelia, que ha <a href=\"http:\/\/www.autoalgerie.com\/article.php3?id_article=769\">adquirido de Subaru<\/a>, 247 Imprezas para mejorar su flota de autom\u00f3viles. La Gendarmeria argelina cuenta con 247 Imprezas como nueva herramienta de trabajo.<\/p>\n<p><img data-src='https:\/\/www.subaru.es\/blog\/wp-content\/uploads\/2007\/11\/impreza_gendarmerie_003.jpg' alt='impreza_gendarmerie_003.jpg' src='data:image\/svg+xml;base64,PHN2ZyB3aWR0aD0iMSIgaGVpZ2h0PSIxIiB4bWxucz0iaHR0cDovL3d3dy53My5vcmcvMjAwMC9zdmciPjwvc3ZnPg==' class='lazyload' style='--smush-placeholder-width: 485px; --smush-placeholder-aspect-ratio: 485\/266;' \/><\/p>\n<p>La verdad es que quedan bonitos los Impreza con el color blanco y verde de la bandera argelina, esperemos que les sean de utilidad para el proposito con el que han sido adquiridos.<\/p>\n","protected":false},"excerpt":{"rendered":"<p>Ya hemos visto que distintas policias de diferentes paises, han elegido modelos de Subaru para luchar contra los malos. Pues un nuevo pa\u00eds se ha sumado, se trata del mediterraneo pa\u00eds de Argelia, que ha adquirido de Subaru, 247 Imprezas para mejorar su flota de autom\u00f3viles. La Gendarmeria argelina cuenta con 247 Imprezas como nueva [&hellip;]<\/p>\n","protected":false},"author":21,"featured_media":450,"comment_status":"open","ping_status":"open","sticky":false,"template":"","format":"standard","meta":{"_acf_changed":false,"_eb_attr":"","inline_featured_image":false,"footnotes":""},"categories":[4401],"tags":[],"class_list":["post-449","post","type-post","status-publish","format-standard","has-post-thumbnail","hentry","category-nuestra-marca"],"acf":[],"yoast_head":"<!-- This site is optimized with the Yoast SEO plugin v27.3 - https:\/\/yoast.com\/product\/yoast-seo-wordpress\/ -->\n<title>La Gendarmer\u00eda Argelina tambi\u00e9n elige Subaru - Universo Subaru<\/title>\n<meta name=\"robots\" content=\"index, follow, max-snippet:-1, max-image-preview:large, max-video-preview:-1\" \/>\n<link rel=\"canonical\" href=\"https:\/\/www.subaru.es\/blog\/nuestra-marca\/la-gendarmeria-argelina-tambien-elige-subaru\/\" \/>\n<meta property=\"og:locale\" content=\"es_ES\" \/>\n<meta property=\"og:type\" content=\"article\" \/>\n<meta property=\"og:title\" content=\"La Gendarmer\u00eda Argelina tambi\u00e9n elige Subaru - Universo Subaru\" \/>\n<meta property=\"og:description\" content=\"Ya hemos visto que distintas policias de diferentes paises, han elegido modelos de Subaru para luchar contra los malos. Pues un nuevo pa\u00eds se ha sumado, se trata del mediterraneo pa\u00eds de Argelia, que ha adquirido de Subaru, 247 Imprezas para mejorar su flota de autom\u00f3viles. La Gendarmeria argelina cuenta con 247 Imprezas como nueva [&hellip;]\" \/>\n<meta property=\"og:url\" content=\"https:\/\/www.subaru.es\/blog\/nuestra-marca\/la-gendarmeria-argelina-tambien-elige-subaru\/\" \/>\n<meta property=\"og:site_name\" content=\"Universo Subaru\" \/>\n<meta property=\"article:publisher\" content=\"https:\/\/www.facebook.com\/subaruespana\" \/>\n<meta property=\"article:published_time\" content=\"2007-11-28T07:17:29+00:00\" \/>\n<meta property=\"article:modified_time\" content=\"2016-10-17T13:09:26+00:00\" \/>\n<meta property=\"og:image\" content=\"https:\/\/www.subaru.es\/blog\/wp-content\/uploads\/2007\/11\/impreza_gendarmerie_003.jpg\" \/>\n\t<meta property=\"og:image:width\" content=\"485\" \/>\n\t<meta property=\"og:image:height\" content=\"266\" \/>\n\t<meta property=\"og:image:type\" content=\"image\/jpeg\" \/>\n<meta name=\"author\" content=\"Subaru\" \/>\n<meta name=\"twitter:card\" content=\"summary_large_image\" \/>\n<meta name=\"twitter:label1\" content=\"Escrito por\" \/>\n\t<meta name=\"twitter:data1\" content=\"Subaru\" \/>\n<script type=\"application\/ld+json\" class=\"yoast-schema-graph\">{\"@context\":\"https:\\\/\\\/schema.org\",\"@graph\":[{\"@type\":\"Article\",\"@id\":\"https:\\\/\\\/www.subaru.es\\\/blog\\\/nuestra-marca\\\/la-gendarmeria-argelina-tambien-elige-subaru\\\/#article\",\"isPartOf\":{\"@id\":\"https:\\\/\\\/www.subaru.es\\\/blog\\\/nuestra-marca\\\/la-gendarmeria-argelina-tambien-elige-subaru\\\/\"},\"author\":{\"name\":\"Subaru\",\"@id\":\"https:\\\/\\\/www.subaru.es\\\/blog\\\/#\\\/schema\\\/person\\\/19a90b892230b8e0ec752704ddf4aa10\"},\"headline\":\"La Gendarmer\u00eda Argelina tambi\u00e9n elige Subaru\",\"datePublished\":\"2007-11-28T07:17:29+00:00\",\"dateModified\":\"2016-10-17T13:09:26+00:00\",\"mainEntityOfPage\":{\"@id\":\"https:\\\/\\\/www.subaru.es\\\/blog\\\/nuestra-marca\\\/la-gendarmeria-argelina-tambien-elige-subaru\\\/\"},\"wordCount\":100,\"commentCount\":0,\"publisher\":{\"@id\":\"https:\\\/\\\/www.subaru.es\\\/blog\\\/#organization\"},\"image\":{\"@id\":\"https:\\\/\\\/www.subaru.es\\\/blog\\\/nuestra-marca\\\/la-gendarmeria-argelina-tambien-elige-subaru\\\/#primaryimage\"},\"thumbnailUrl\":\"https:\\\/\\\/www.subaru.es\\\/blog\\\/wp-content\\\/uploads\\\/2007\\\/11\\\/impreza_gendarmerie_003.jpg\",\"articleSection\":[\"Nuestra marca\"],\"inLanguage\":\"es\",\"potentialAction\":[{\"@type\":\"CommentAction\",\"name\":\"Comment\",\"target\":[\"https:\\\/\\\/www.subaru.es\\\/blog\\\/nuestra-marca\\\/la-gendarmeria-argelina-tambien-elige-subaru\\\/#respond\"]}]},{\"@type\":\"WebPage\",\"@id\":\"https:\\\/\\\/www.subaru.es\\\/blog\\\/nuestra-marca\\\/la-gendarmeria-argelina-tambien-elige-subaru\\\/\",\"url\":\"https:\\\/\\\/www.subaru.es\\\/blog\\\/nuestra-marca\\\/la-gendarmeria-argelina-tambien-elige-subaru\\\/\",\"name\":\"La Gendarmer\u00eda Argelina tambi\u00e9n elige Subaru - Universo Subaru\",\"isPartOf\":{\"@id\":\"https:\\\/\\\/www.subaru.es\\\/blog\\\/#website\"},\"primaryImageOfPage\":{\"@id\":\"https:\\\/\\\/www.subaru.es\\\/blog\\\/nuestra-marca\\\/la-gendarmeria-argelina-tambien-elige-subaru\\\/#primaryimage\"},\"image\":{\"@id\":\"https:\\\/\\\/www.subaru.es\\\/blog\\\/nuestra-marca\\\/la-gendarmeria-argelina-tambien-elige-subaru\\\/#primaryimage\"},\"thumbnailUrl\":\"https:\\\/\\\/www.subaru.es\\\/blog\\\/wp-content\\\/uploads\\\/2007\\\/11\\\/impreza_gendarmerie_003.jpg\",\"datePublished\":\"2007-11-28T07:17:29+00:00\",\"dateModified\":\"2016-10-17T13:09:26+00:00\",\"breadcrumb\":{\"@id\":\"https:\\\/\\\/www.subaru.es\\\/blog\\\/nuestra-marca\\\/la-gendarmeria-argelina-tambien-elige-subaru\\\/#breadcrumb\"},\"inLanguage\":\"es\",\"potentialAction\":[{\"@type\":\"ReadAction\",\"target\":[\"https:\\\/\\\/www.subaru.es\\\/blog\\\/nuestra-marca\\\/la-gendarmeria-argelina-tambien-elige-subaru\\\/\"]}]},{\"@type\":\"ImageObject\",\"inLanguage\":\"es\",\"@id\":\"https:\\\/\\\/www.subaru.es\\\/blog\\\/nuestra-marca\\\/la-gendarmeria-argelina-tambien-elige-subaru\\\/#primaryimage\",\"url\":\"https:\\\/\\\/www.subaru.es\\\/blog\\\/wp-content\\\/uploads\\\/2007\\\/11\\\/impreza_gendarmerie_003.jpg\",\"contentUrl\":\"https:\\\/\\\/www.subaru.es\\\/blog\\\/wp-content\\\/uploads\\\/2007\\\/11\\\/impreza_gendarmerie_003.jpg\",\"width\":485,\"height\":266},{\"@type\":\"BreadcrumbList\",\"@id\":\"https:\\\/\\\/www.subaru.es\\\/blog\\\/nuestra-marca\\\/la-gendarmeria-argelina-tambien-elige-subaru\\\/#breadcrumb\",\"itemListElement\":[{\"@type\":\"ListItem\",\"position\":1,\"name\":\"Portada\",\"item\":\"https:\\\/\\\/www.subaru.es\\\/blog\\\/\"},{\"@type\":\"ListItem\",\"position\":2,\"name\":\"La Gendarmer\u00eda Argelina tambi\u00e9n elige Subaru\"}]},{\"@type\":\"WebSite\",\"@id\":\"https:\\\/\\\/www.subaru.es\\\/blog\\\/#website\",\"url\":\"https:\\\/\\\/www.subaru.es\\\/blog\\\/\",\"name\":\"Universo Subaru\",\"description\":\"Descubre este apasionante espacio de Subaru donde vas a conocer todo sobre nuestros coches y las experiencias que vivimos con ellos. Si est\u00e1s preparado para dejarte seducir por la filosof\u00eda Subaru, qu\u00e9date con nosotros.\",\"publisher\":{\"@id\":\"https:\\\/\\\/www.subaru.es\\\/blog\\\/#organization\"},\"potentialAction\":[{\"@type\":\"SearchAction\",\"target\":{\"@type\":\"EntryPoint\",\"urlTemplate\":\"https:\\\/\\\/www.subaru.es\\\/blog\\\/?s={search_term_string}\"},\"query-input\":{\"@type\":\"PropertyValueSpecification\",\"valueRequired\":true,\"valueName\":\"search_term_string\"}}],\"inLanguage\":\"es\"},{\"@type\":\"Organization\",\"@id\":\"https:\\\/\\\/www.subaru.es\\\/blog\\\/#organization\",\"name\":\"Subaru Espa\u00f1a S.A.\",\"url\":\"https:\\\/\\\/www.subaru.es\\\/blog\\\/\",\"logo\":{\"@type\":\"ImageObject\",\"inLanguage\":\"es\",\"@id\":\"https:\\\/\\\/www.subaru.es\\\/blog\\\/#\\\/schema\\\/logo\\\/image\\\/\",\"url\":\"https:\\\/\\\/www.subaru.es\\\/blog\\\/wp-content\\\/uploads\\\/2016\\\/12\\\/Logo-Subaru-TypeV_C300-scaled.jpg\",\"contentUrl\":\"https:\\\/\\\/www.subaru.es\\\/blog\\\/wp-content\\\/uploads\\\/2016\\\/12\\\/Logo-Subaru-TypeV_C300-scaled.jpg\",\"width\":2560,\"height\":1864,\"caption\":\"Subaru Espa\u00f1a S.A.\"},\"image\":{\"@id\":\"https:\\\/\\\/www.subaru.es\\\/blog\\\/#\\\/schema\\\/logo\\\/image\\\/\"},\"sameAs\":[\"https:\\\/\\\/www.facebook.com\\\/subaruespana\",\"https:\\\/\\\/www.instagram.com\\\/subarues\\\/\",\"https:\\\/\\\/www.youtube.com\\\/user\\\/subaruespana\"]},{\"@type\":\"Person\",\"@id\":\"https:\\\/\\\/www.subaru.es\\\/blog\\\/#\\\/schema\\\/person\\\/19a90b892230b8e0ec752704ddf4aa10\",\"name\":\"Subaru\",\"url\":\"https:\\\/\\\/www.subaru.es\\\/blog\\\/author\\\/subaria\\\/\"}]}<\/script>\n<!-- \/ Yoast SEO plugin. -->","yoast_head_json":{"title":"La Gendarmer\u00eda Argelina tambi\u00e9n elige Subaru - Universo Subaru","robots":{"index":"index","follow":"follow","max-snippet":"max-snippet:-1","max-image-preview":"max-image-preview:large","max-video-preview":"max-video-preview:-1"},"canonical":"https:\/\/www.subaru.es\/blog\/nuestra-marca\/la-gendarmeria-argelina-tambien-elige-subaru\/","og_locale":"es_ES","og_type":"article","og_title":"La Gendarmer\u00eda Argelina tambi\u00e9n elige Subaru - Universo Subaru","og_description":"Ya hemos visto que distintas policias de diferentes paises, han elegido modelos de Subaru para luchar contra los malos. Pues un nuevo pa\u00eds se ha sumado, se trata del mediterraneo pa\u00eds de Argelia, que ha adquirido de Subaru, 247 Imprezas para mejorar su flota de autom\u00f3viles. La Gendarmeria argelina cuenta con 247 Imprezas como nueva [&hellip;]","og_url":"https:\/\/www.subaru.es\/blog\/nuestra-marca\/la-gendarmeria-argelina-tambien-elige-subaru\/","og_site_name":"Universo Subaru","article_publisher":"https:\/\/www.facebook.com\/subaruespana","article_published_time":"2007-11-28T07:17:29+00:00","article_modified_time":"2016-10-17T13:09:26+00:00","og_image":[{"width":485,"height":266,"url":"https:\/\/www.subaru.es\/blog\/wp-content\/uploads\/2007\/11\/impreza_gendarmerie_003.jpg","type":"image\/jpeg"}],"author":"Subaru","twitter_card":"summary_large_image","twitter_misc":{"Escrito por":"Subaru"},"schema":{"@context":"https:\/\/schema.org","@graph":[{"@type":"Article","@id":"https:\/\/www.subaru.es\/blog\/nuestra-marca\/la-gendarmeria-argelina-tambien-elige-subaru\/#article","isPartOf":{"@id":"https:\/\/www.subaru.es\/blog\/nuestra-marca\/la-gendarmeria-argelina-tambien-elige-subaru\/"},"author":{"name":"Subaru","@id":"https:\/\/www.subaru.es\/blog\/#\/schema\/person\/19a90b892230b8e0ec752704ddf4aa10"},"headline":"La Gendarmer\u00eda Argelina tambi\u00e9n elige Subaru","datePublished":"2007-11-28T07:17:29+00:00","dateModified":"2016-10-17T13:09:26+00:00","mainEntityOfPage":{"@id":"https:\/\/www.subaru.es\/blog\/nuestra-marca\/la-gendarmeria-argelina-tambien-elige-subaru\/"},"wordCount":100,"commentCount":0,"publisher":{"@id":"https:\/\/www.subaru.es\/blog\/#organization"},"image":{"@id":"https:\/\/www.subaru.es\/blog\/nuestra-marca\/la-gendarmeria-argelina-tambien-elige-subaru\/#primaryimage"},"thumbnailUrl":"https:\/\/www.subaru.es\/blog\/wp-content\/uploads\/2007\/11\/impreza_gendarmerie_003.jpg","articleSection":["Nuestra marca"],"inLanguage":"es","potentialAction":[{"@type":"CommentAction","name":"Comment","target":["https:\/\/www.subaru.es\/blog\/nuestra-marca\/la-gendarmeria-argelina-tambien-elige-subaru\/#respond"]}]},{"@type":"WebPage","@id":"https:\/\/www.subaru.es\/blog\/nuestra-marca\/la-gendarmeria-argelina-tambien-elige-subaru\/","url":"https:\/\/www.subaru.es\/blog\/nuestra-marca\/la-gendarmeria-argelina-tambien-elige-subaru\/","name":"La Gendarmer\u00eda Argelina tambi\u00e9n elige Subaru - Universo Subaru","isPartOf":{"@id":"https:\/\/www.subaru.es\/blog\/#website"},"primaryImageOfPage":{"@id":"https:\/\/www.subaru.es\/blog\/nuestra-marca\/la-gendarmeria-argelina-tambien-elige-subaru\/#primaryimage"},"image":{"@id":"https:\/\/www.subaru.es\/blog\/nuestra-marca\/la-gendarmeria-argelina-tambien-elige-subaru\/#primaryimage"},"thumbnailUrl":"https:\/\/www.subaru.es\/blog\/wp-content\/uploads\/2007\/11\/impreza_gendarmerie_003.jpg","datePublished":"2007-11-28T07:17:29+00:00","dateModified":"2016-10-17T13:09:26+00:00","breadcrumb":{"@id":"https:\/\/www.subaru.es\/blog\/nuestra-marca\/la-gendarmeria-argelina-tambien-elige-subaru\/#breadcrumb"},"inLanguage":"es","potentialAction":[{"@type":"ReadAction","target":["https:\/\/www.subaru.es\/blog\/nuestra-marca\/la-gendarmeria-argelina-tambien-elige-subaru\/"]}]},{"@type":"ImageObject","inLanguage":"es","@id":"https:\/\/www.subaru.es\/blog\/nuestra-marca\/la-gendarmeria-argelina-tambien-elige-subaru\/#primaryimage","url":"https:\/\/www.subaru.es\/blog\/wp-content\/uploads\/2007\/11\/impreza_gendarmerie_003.jpg","contentUrl":"https:\/\/www.subaru.es\/blog\/wp-content\/uploads\/2007\/11\/impreza_gendarmerie_003.jpg","width":485,"height":266},{"@type":"BreadcrumbList","@id":"https:\/\/www.subaru.es\/blog\/nuestra-marca\/la-gendarmeria-argelina-tambien-elige-subaru\/#breadcrumb","itemListElement":[{"@type":"ListItem","position":1,"name":"Portada","item":"https:\/\/www.subaru.es\/blog\/"},{"@type":"ListItem","position":2,"name":"La Gendarmer\u00eda Argelina tambi\u00e9n elige Subaru"}]},{"@type":"WebSite","@id":"https:\/\/www.subaru.es\/blog\/#website","url":"https:\/\/www.subaru.es\/blog\/","name":"Universo Subaru","description":"Descubre este apasionante espacio de Subaru donde vas a conocer todo sobre nuestros coches y las experiencias que vivimos con ellos. Si est\u00e1s preparado para dejarte seducir por la filosof\u00eda Subaru, qu\u00e9date con nosotros.","publisher":{"@id":"https:\/\/www.subaru.es\/blog\/#organization"},"potentialAction":[{"@type":"SearchAction","target":{"@type":"EntryPoint","urlTemplate":"https:\/\/www.subaru.es\/blog\/?s={search_term_string}"},"query-input":{"@type":"PropertyValueSpecification","valueRequired":true,"valueName":"search_term_string"}}],"inLanguage":"es"},{"@type":"Organization","@id":"https:\/\/www.subaru.es\/blog\/#organization","name":"Subaru Espa\u00f1a S.A.","url":"https:\/\/www.subaru.es\/blog\/","logo":{"@type":"ImageObject","inLanguage":"es","@id":"https:\/\/www.subaru.es\/blog\/#\/schema\/logo\/image\/","url":"https:\/\/www.subaru.es\/blog\/wp-content\/uploads\/2016\/12\/Logo-Subaru-TypeV_C300-scaled.jpg","contentUrl":"https:\/\/www.subaru.es\/blog\/wp-content\/uploads\/2016\/12\/Logo-Subaru-TypeV_C300-scaled.jpg","width":2560,"height":1864,"caption":"Subaru Espa\u00f1a S.A."},"image":{"@id":"https:\/\/www.subaru.es\/blog\/#\/schema\/logo\/image\/"},"sameAs":["https:\/\/www.facebook.com\/subaruespana","https:\/\/www.instagram.com\/subarues\/","https:\/\/www.youtube.com\/user\/subaruespana"]},{"@type":"Person","@id":"https:\/\/www.subaru.es\/blog\/#\/schema\/person\/19a90b892230b8e0ec752704ddf4aa10","name":"Subaru","url":"https:\/\/www.subaru.es\/blog\/author\/subaria\/"}]}},"_links":{"self":[{"href":"https:\/\/www.subaru.es\/blog\/wp-json\/wp\/v2\/posts\/449","targetHints":{"allow":["GET"]}}],"collection":[{"href":"https:\/\/www.subaru.es\/blog\/wp-json\/wp\/v2\/posts"}],"about":[{"href":"https:\/\/www.subaru.es\/blog\/wp-json\/wp\/v2\/types\/post"}],"author":[{"embeddable":true,"href":"https:\/\/www.subaru.es\/blog\/wp-json\/wp\/v2\/users\/21"}],"replies":[{"embeddable":true,"href":"https:\/\/www.subaru.es\/blog\/wp-json\/wp\/v2\/comments?post=449"}],"version-history":[{"count":1,"href":"https:\/\/www.subaru.es\/blog\/wp-json\/wp\/v2\/posts\/449\/revisions"}],"predecessor-version":[{"id":15730,"href":"https:\/\/www.subaru.es\/blog\/wp-json\/wp\/v2\/posts\/449\/revisions\/15730"}],"wp:featuredmedia":[{"embeddable":true,"href":"https:\/\/www.subaru.es\/blog\/wp-json\/wp\/v2\/media\/450"}],"wp:attachment":[{"href":"https:\/\/www.subaru.es\/blog\/wp-json\/wp\/v2\/media?parent=449"}],"wp:term":[{"taxonomy":"category","embeddable":true,"href":"https:\/\/www.subaru.es\/blog\/wp-json\/wp\/v2\/categories?post=449"},{"taxonomy":"post_tag","embeddable":true,"href":"https:\/\/www.subaru.es\/blog\/wp-json\/wp\/v2\/tags?post=449"}],"curies":[{"name":"wp","href":"https:\/\/api.w.org\/{rel}","templated":true}]}}