{"id":4452,"date":"2011-05-24T17:40:36","date_gmt":"2011-05-24T15:40:36","guid":{"rendered":"http:\/\/subaru.preproduccion.com\/blog\/?p=4452"},"modified":"2020-08-06T11:05:45","modified_gmt":"2020-08-06T09:05:45","slug":"la-carretera-del-atlantico-noruega-una-de-las-mas-bonitas-del-mundo","status":"publish","type":"post","link":"https:\/\/www.subaru.es\/blog\/subaru-lifestyle\/la-carretera-del-atlantico-noruega-una-de-las-mas-bonitas-del-mundo\/","title":{"rendered":"La Carretera del Atl\u00e1ntico (Noruega), una de las m\u00e1s bonitas del mundo"},"content":{"rendered":"<p><center><a href=\"https:\/\/www.subaru.es\/blog\/wp-content\/uploads\/2011\/04\/atlanticroad.jpg\"><img decoding=\"async\" class=\"aligncenter size-full wp-image-4453 lazyload\" title=\"Carretera del Atl\u00e1ntico\" data-src=\"https:\/\/www.subaru.es\/blog\/wp-content\/uploads\/2011\/04\/atlanticroad.jpg\" alt=\"Carretera del Atl\u00e1ntico\" width=\"500\" height=\"375\" src=\"data:image\/svg+xml;base64,PHN2ZyB3aWR0aD0iMSIgaGVpZ2h0PSIxIiB4bWxucz0iaHR0cDovL3d3dy53My5vcmcvMjAwMC9zdmciPjwvc3ZnPg==\" style=\"--smush-placeholder-width: 500px; --smush-placeholder-aspect-ratio: 500\/375;\" \/><\/a><\/center><\/p>\n<p>\u00bfPlaneando vacaciones? Si eres de los que prefieren tirar hacia el norte, y lo piensas hacer con tu Subaru, te proponemos un destino en el que conducir ser\u00e1 todo un placer para tus sentidos: la <strong>Carretera del Atl\u00e1ntico, en Noruega<\/strong>, ocho kil\u00f3metros de curvas imposibles, puentes y naturaleza en todo su esplendor.<\/p>\n<p>La <em>Atlanterhavsveien<\/em>, como se llama esta carretera en noruego, est\u00e1 situada <strong>entre Molde y Kristiansund, en la zona de los <a href=\"http:\/\/es.tixik.com\/fiords-occidentales-de-noruega-2353678.htm\" target=\"_blank\" rel=\"noopener noreferrer\">fiordos occidentales<\/a><\/strong>, y empez\u00f3 a ser construida en 1983. Durante los seis a\u00f1os que dur\u00f3 su construcci\u00f3n, se enfrent\u00f3 a doce tormentas con categor\u00eda de hurac\u00e1n, dejando claro desde el principio el esp\u00edritu casi legendario que tendr\u00eda la carretera.<\/p>\n<p><!--more-->Y es que no hay m\u00e1s que ver el <a href=\"http:\/\/www.puentemania.com\/archives\/3713\" target=\"_blank\" rel=\"noopener noreferrer\">puente de Storseisundet<\/a>, el m\u00e1s largo de los ocho puentes que tiene la carretera, y su extra\u00f1a curva sobre el oc\u00e9ano, para saber que estamos ante una construcci\u00f3n de car\u00e1cter extraordinario. De hecho, en 2005 fue elegida \u00abla construcci\u00f3n noruega del siglo\u00bb, y el diario ingl\u00e9s de <a href=\"http:\/\/www.guardian.co.uk\/travel\/2006\/apr\/01\/fivebest.canada.australia\" target=\"_blank\" rel=\"noopener noreferrer\">The Guardian la escogi\u00f3 como<strong> el mejor viaje en coche del mundo<\/strong><\/a>.<\/p>\n<p>Si todav\u00eda necesitas m\u00e1s razones para visitar este rinc\u00f3n del mundo y conducir sobre sus islas y puentes, no tienes m\u00e1s que echar un vistazo a cualquier gu\u00eda de Noruega para descubrir que desde la carretera es <strong>bastante habitual <a href=\"http:\/\/alysu.wordpress.com\/2010\/12\/11\/de-puente-a-puente-noruega\/\" target=\"_blank\" rel=\"noopener noreferrer\">ver focas y ballenas<\/a><\/strong>, y que es una zona privilegiada para la pesca (que no te sorprenda encontrarte a gente pescando desde los puentes).<\/p>\n<p>Si quieres conducir por la Carretera del Atl\u00e1ntico ya sabes: \u00e1rmate de calendario y mapa y empieza a planear tu viaje. Te aseguramos que no te arrepentir\u00e1s.<\/p>\n<p>V\u00eda | <a href=\"http:\/\/www.diariodelviajero.com\/europa\/la-carretera-del-atlantico-noruega-un-viaje-de-ensueno\" target=\"_blank\" rel=\"noopener noreferrer\">Diario del viajero<\/a><br \/>\nFoto | <a href=\"http:\/\/www.flickr.com\/people\/uncle-leo\/\" target=\"_blank\" rel=\"noopener noreferrer\">Leo-set\u00e4<\/a><\/p>\n","protected":false},"excerpt":{"rendered":"<p>\u00bfPlaneando vacaciones? Si eres de los que prefieren tirar hacia el norte, y lo piensas hacer con tu Subaru, te proponemos un destino en el que conducir ser\u00e1 todo un placer para tus sentidos: la Carretera del Atl\u00e1ntico, en Noruega, ocho kil\u00f3metros de curvas imposibles, puentes y naturaleza en todo su esplendor. La Atlanterhavsveien, como [&hellip;]<\/p>\n","protected":false},"author":21,"featured_media":4453,"comment_status":"open","ping_status":"open","sticky":false,"template":"","format":"standard","meta":{"_acf_changed":false,"_eb_attr":"","inline_featured_image":false,"footnotes":""},"categories":[4520],"tags":[3416,3198,1921,2094,3318],"class_list":["post-4452","post","type-post","status-publish","format-standard","has-post-thumbnail","hentry","category-subaru-lifestyle","tag-carretera-del-atlantico","tag-carreteras-bonitas","tag-curvas","tag-noruega","tag-puentes"],"acf":[],"yoast_head":"<!-- This site is optimized with the Yoast SEO plugin v27.3 - https:\/\/yoast.com\/product\/yoast-seo-wordpress\/ -->\n<title>La Carretera del Atl\u00e1ntico (Noruega), una de las m\u00e1s bonitas del mundo - Universo Subaru<\/title>\n<meta name=\"robots\" content=\"index, follow, max-snippet:-1, max-image-preview:large, max-video-preview:-1\" \/>\n<link rel=\"canonical\" href=\"https:\/\/www.subaru.es\/blog\/subaru-lifestyle\/la-carretera-del-atlantico-noruega-una-de-las-mas-bonitas-del-mundo\/\" \/>\n<meta property=\"og:locale\" content=\"es_ES\" \/>\n<meta property=\"og:type\" content=\"article\" \/>\n<meta property=\"og:title\" content=\"La Carretera del Atl\u00e1ntico (Noruega), una de las m\u00e1s bonitas del mundo - Universo Subaru\" \/>\n<meta property=\"og:description\" content=\"\u00bfPlaneando vacaciones? Si eres de los que prefieren tirar hacia el norte, y lo piensas hacer con tu Subaru, te proponemos un destino en el que conducir ser\u00e1 todo un placer para tus sentidos: la Carretera del Atl\u00e1ntico, en Noruega, ocho kil\u00f3metros de curvas imposibles, puentes y naturaleza en todo su esplendor. La Atlanterhavsveien, como [&hellip;]\" \/>\n<meta property=\"og:url\" content=\"https:\/\/www.subaru.es\/blog\/subaru-lifestyle\/la-carretera-del-atlantico-noruega-una-de-las-mas-bonitas-del-mundo\/\" \/>\n<meta property=\"og:site_name\" content=\"Universo Subaru\" \/>\n<meta property=\"article:publisher\" content=\"https:\/\/www.facebook.com\/subaruespana\" \/>\n<meta property=\"article:published_time\" content=\"2011-05-24T15:40:36+00:00\" \/>\n<meta property=\"article:modified_time\" content=\"2020-08-06T09:05:45+00:00\" \/>\n<meta property=\"og:image\" content=\"https:\/\/www.subaru.es\/blog\/wp-content\/uploads\/2011\/04\/atlanticroad.jpg\" \/>\n\t<meta property=\"og:image:width\" content=\"500\" \/>\n\t<meta property=\"og:image:height\" content=\"375\" \/>\n\t<meta property=\"og:image:type\" content=\"image\/jpeg\" \/>\n<meta name=\"author\" content=\"Subaru\" \/>\n<meta name=\"twitter:card\" content=\"summary_large_image\" \/>\n<meta name=\"twitter:label1\" content=\"Escrito por\" \/>\n\t<meta name=\"twitter:data1\" content=\"Subaru\" \/>\n\t<meta name=\"twitter:label2\" content=\"Tiempo de lectura\" \/>\n\t<meta name=\"twitter:data2\" content=\"1 minuto\" \/>\n<script type=\"application\/ld+json\" class=\"yoast-schema-graph\">{\"@context\":\"https:\\\/\\\/schema.org\",\"@graph\":[{\"@type\":\"Article\",\"@id\":\"https:\\\/\\\/www.subaru.es\\\/blog\\\/subaru-lifestyle\\\/la-carretera-del-atlantico-noruega-una-de-las-mas-bonitas-del-mundo\\\/#article\",\"isPartOf\":{\"@id\":\"https:\\\/\\\/www.subaru.es\\\/blog\\\/subaru-lifestyle\\\/la-carretera-del-atlantico-noruega-una-de-las-mas-bonitas-del-mundo\\\/\"},\"author\":{\"name\":\"Subaru\",\"@id\":\"https:\\\/\\\/www.subaru.es\\\/blog\\\/#\\\/schema\\\/person\\\/19a90b892230b8e0ec752704ddf4aa10\"},\"headline\":\"La Carretera del Atl\u00e1ntico (Noruega), una de las m\u00e1s bonitas del mundo\",\"datePublished\":\"2011-05-24T15:40:36+00:00\",\"dateModified\":\"2020-08-06T09:05:45+00:00\",\"mainEntityOfPage\":{\"@id\":\"https:\\\/\\\/www.subaru.es\\\/blog\\\/subaru-lifestyle\\\/la-carretera-del-atlantico-noruega-una-de-las-mas-bonitas-del-mundo\\\/\"},\"wordCount\":311,\"commentCount\":0,\"publisher\":{\"@id\":\"https:\\\/\\\/www.subaru.es\\\/blog\\\/#organization\"},\"image\":{\"@id\":\"https:\\\/\\\/www.subaru.es\\\/blog\\\/subaru-lifestyle\\\/la-carretera-del-atlantico-noruega-una-de-las-mas-bonitas-del-mundo\\\/#primaryimage\"},\"thumbnailUrl\":\"https:\\\/\\\/www.subaru.es\\\/blog\\\/wp-content\\\/uploads\\\/2011\\\/04\\\/atlanticroad.jpg\",\"keywords\":[\"carretera del atl\u00e1ntico\",\"Carreteras bonitas\",\"curvas\",\"Noruega\",\"puentes\"],\"articleSection\":[\"Subaru LifeStyle\"],\"inLanguage\":\"es\",\"potentialAction\":[{\"@type\":\"CommentAction\",\"name\":\"Comment\",\"target\":[\"https:\\\/\\\/www.subaru.es\\\/blog\\\/subaru-lifestyle\\\/la-carretera-del-atlantico-noruega-una-de-las-mas-bonitas-del-mundo\\\/#respond\"]}]},{\"@type\":\"WebPage\",\"@id\":\"https:\\\/\\\/www.subaru.es\\\/blog\\\/subaru-lifestyle\\\/la-carretera-del-atlantico-noruega-una-de-las-mas-bonitas-del-mundo\\\/\",\"url\":\"https:\\\/\\\/www.subaru.es\\\/blog\\\/subaru-lifestyle\\\/la-carretera-del-atlantico-noruega-una-de-las-mas-bonitas-del-mundo\\\/\",\"name\":\"La Carretera del Atl\u00e1ntico (Noruega), una de las m\u00e1s bonitas del mundo - Universo Subaru\",\"isPartOf\":{\"@id\":\"https:\\\/\\\/www.subaru.es\\\/blog\\\/#website\"},\"primaryImageOfPage\":{\"@id\":\"https:\\\/\\\/www.subaru.es\\\/blog\\\/subaru-lifestyle\\\/la-carretera-del-atlantico-noruega-una-de-las-mas-bonitas-del-mundo\\\/#primaryimage\"},\"image\":{\"@id\":\"https:\\\/\\\/www.subaru.es\\\/blog\\\/subaru-lifestyle\\\/la-carretera-del-atlantico-noruega-una-de-las-mas-bonitas-del-mundo\\\/#primaryimage\"},\"thumbnailUrl\":\"https:\\\/\\\/www.subaru.es\\\/blog\\\/wp-content\\\/uploads\\\/2011\\\/04\\\/atlanticroad.jpg\",\"datePublished\":\"2011-05-24T15:40:36+00:00\",\"dateModified\":\"2020-08-06T09:05:45+00:00\",\"breadcrumb\":{\"@id\":\"https:\\\/\\\/www.subaru.es\\\/blog\\\/subaru-lifestyle\\\/la-carretera-del-atlantico-noruega-una-de-las-mas-bonitas-del-mundo\\\/#breadcrumb\"},\"inLanguage\":\"es\",\"potentialAction\":[{\"@type\":\"ReadAction\",\"target\":[\"https:\\\/\\\/www.subaru.es\\\/blog\\\/subaru-lifestyle\\\/la-carretera-del-atlantico-noruega-una-de-las-mas-bonitas-del-mundo\\\/\"]}]},{\"@type\":\"ImageObject\",\"inLanguage\":\"es\",\"@id\":\"https:\\\/\\\/www.subaru.es\\\/blog\\\/subaru-lifestyle\\\/la-carretera-del-atlantico-noruega-una-de-las-mas-bonitas-del-mundo\\\/#primaryimage\",\"url\":\"https:\\\/\\\/www.subaru.es\\\/blog\\\/wp-content\\\/uploads\\\/2011\\\/04\\\/atlanticroad.jpg\",\"contentUrl\":\"https:\\\/\\\/www.subaru.es\\\/blog\\\/wp-content\\\/uploads\\\/2011\\\/04\\\/atlanticroad.jpg\",\"width\":500,\"height\":375,\"caption\":\"Carretera del Atl\u00e1ntico\"},{\"@type\":\"BreadcrumbList\",\"@id\":\"https:\\\/\\\/www.subaru.es\\\/blog\\\/subaru-lifestyle\\\/la-carretera-del-atlantico-noruega-una-de-las-mas-bonitas-del-mundo\\\/#breadcrumb\",\"itemListElement\":[{\"@type\":\"ListItem\",\"position\":1,\"name\":\"Portada\",\"item\":\"https:\\\/\\\/www.subaru.es\\\/blog\\\/\"},{\"@type\":\"ListItem\",\"position\":2,\"name\":\"La Carretera del Atl\u00e1ntico (Noruega), una de las m\u00e1s bonitas del mundo\"}]},{\"@type\":\"WebSite\",\"@id\":\"https:\\\/\\\/www.subaru.es\\\/blog\\\/#website\",\"url\":\"https:\\\/\\\/www.subaru.es\\\/blog\\\/\",\"name\":\"Universo Subaru\",\"description\":\"Descubre este apasionante espacio de Subaru donde vas a conocer todo sobre nuestros coches y las experiencias que vivimos con ellos. Si est\u00e1s preparado para dejarte seducir por la filosof\u00eda Subaru, qu\u00e9date con nosotros.\",\"publisher\":{\"@id\":\"https:\\\/\\\/www.subaru.es\\\/blog\\\/#organization\"},\"potentialAction\":[{\"@type\":\"SearchAction\",\"target\":{\"@type\":\"EntryPoint\",\"urlTemplate\":\"https:\\\/\\\/www.subaru.es\\\/blog\\\/?s={search_term_string}\"},\"query-input\":{\"@type\":\"PropertyValueSpecification\",\"valueRequired\":true,\"valueName\":\"search_term_string\"}}],\"inLanguage\":\"es\"},{\"@type\":\"Organization\",\"@id\":\"https:\\\/\\\/www.subaru.es\\\/blog\\\/#organization\",\"name\":\"Subaru Espa\u00f1a S.A.\",\"url\":\"https:\\\/\\\/www.subaru.es\\\/blog\\\/\",\"logo\":{\"@type\":\"ImageObject\",\"inLanguage\":\"es\",\"@id\":\"https:\\\/\\\/www.subaru.es\\\/blog\\\/#\\\/schema\\\/logo\\\/image\\\/\",\"url\":\"https:\\\/\\\/www.subaru.es\\\/blog\\\/wp-content\\\/uploads\\\/2016\\\/12\\\/Logo-Subaru-TypeV_C300-scaled.jpg\",\"contentUrl\":\"https:\\\/\\\/www.subaru.es\\\/blog\\\/wp-content\\\/uploads\\\/2016\\\/12\\\/Logo-Subaru-TypeV_C300-scaled.jpg\",\"width\":2560,\"height\":1864,\"caption\":\"Subaru Espa\u00f1a S.A.\"},\"image\":{\"@id\":\"https:\\\/\\\/www.subaru.es\\\/blog\\\/#\\\/schema\\\/logo\\\/image\\\/\"},\"sameAs\":[\"https:\\\/\\\/www.facebook.com\\\/subaruespana\",\"https:\\\/\\\/www.instagram.com\\\/subarues\\\/\",\"https:\\\/\\\/www.youtube.com\\\/user\\\/subaruespana\"]},{\"@type\":\"Person\",\"@id\":\"https:\\\/\\\/www.subaru.es\\\/blog\\\/#\\\/schema\\\/person\\\/19a90b892230b8e0ec752704ddf4aa10\",\"name\":\"Subaru\",\"url\":\"https:\\\/\\\/www.subaru.es\\\/blog\\\/author\\\/subaria\\\/\"}]}<\/script>\n<!-- \/ Yoast SEO plugin. -->","yoast_head_json":{"title":"La Carretera del Atl\u00e1ntico (Noruega), una de las m\u00e1s bonitas del mundo - Universo Subaru","robots":{"index":"index","follow":"follow","max-snippet":"max-snippet:-1","max-image-preview":"max-image-preview:large","max-video-preview":"max-video-preview:-1"},"canonical":"https:\/\/www.subaru.es\/blog\/subaru-lifestyle\/la-carretera-del-atlantico-noruega-una-de-las-mas-bonitas-del-mundo\/","og_locale":"es_ES","og_type":"article","og_title":"La Carretera del Atl\u00e1ntico (Noruega), una de las m\u00e1s bonitas del mundo - Universo Subaru","og_description":"\u00bfPlaneando vacaciones? Si eres de los que prefieren tirar hacia el norte, y lo piensas hacer con tu Subaru, te proponemos un destino en el que conducir ser\u00e1 todo un placer para tus sentidos: la Carretera del Atl\u00e1ntico, en Noruega, ocho kil\u00f3metros de curvas imposibles, puentes y naturaleza en todo su esplendor. La Atlanterhavsveien, como [&hellip;]","og_url":"https:\/\/www.subaru.es\/blog\/subaru-lifestyle\/la-carretera-del-atlantico-noruega-una-de-las-mas-bonitas-del-mundo\/","og_site_name":"Universo Subaru","article_publisher":"https:\/\/www.facebook.com\/subaruespana","article_published_time":"2011-05-24T15:40:36+00:00","article_modified_time":"2020-08-06T09:05:45+00:00","og_image":[{"width":500,"height":375,"url":"https:\/\/www.subaru.es\/blog\/wp-content\/uploads\/2011\/04\/atlanticroad.jpg","type":"image\/jpeg"}],"author":"Subaru","twitter_card":"summary_large_image","twitter_misc":{"Escrito por":"Subaru","Tiempo de lectura":"1 minuto"},"schema":{"@context":"https:\/\/schema.org","@graph":[{"@type":"Article","@id":"https:\/\/www.subaru.es\/blog\/subaru-lifestyle\/la-carretera-del-atlantico-noruega-una-de-las-mas-bonitas-del-mundo\/#article","isPartOf":{"@id":"https:\/\/www.subaru.es\/blog\/subaru-lifestyle\/la-carretera-del-atlantico-noruega-una-de-las-mas-bonitas-del-mundo\/"},"author":{"name":"Subaru","@id":"https:\/\/www.subaru.es\/blog\/#\/schema\/person\/19a90b892230b8e0ec752704ddf4aa10"},"headline":"La Carretera del Atl\u00e1ntico (Noruega), una de las m\u00e1s bonitas del mundo","datePublished":"2011-05-24T15:40:36+00:00","dateModified":"2020-08-06T09:05:45+00:00","mainEntityOfPage":{"@id":"https:\/\/www.subaru.es\/blog\/subaru-lifestyle\/la-carretera-del-atlantico-noruega-una-de-las-mas-bonitas-del-mundo\/"},"wordCount":311,"commentCount":0,"publisher":{"@id":"https:\/\/www.subaru.es\/blog\/#organization"},"image":{"@id":"https:\/\/www.subaru.es\/blog\/subaru-lifestyle\/la-carretera-del-atlantico-noruega-una-de-las-mas-bonitas-del-mundo\/#primaryimage"},"thumbnailUrl":"https:\/\/www.subaru.es\/blog\/wp-content\/uploads\/2011\/04\/atlanticroad.jpg","keywords":["carretera del atl\u00e1ntico","Carreteras bonitas","curvas","Noruega","puentes"],"articleSection":["Subaru LifeStyle"],"inLanguage":"es","potentialAction":[{"@type":"CommentAction","name":"Comment","target":["https:\/\/www.subaru.es\/blog\/subaru-lifestyle\/la-carretera-del-atlantico-noruega-una-de-las-mas-bonitas-del-mundo\/#respond"]}]},{"@type":"WebPage","@id":"https:\/\/www.subaru.es\/blog\/subaru-lifestyle\/la-carretera-del-atlantico-noruega-una-de-las-mas-bonitas-del-mundo\/","url":"https:\/\/www.subaru.es\/blog\/subaru-lifestyle\/la-carretera-del-atlantico-noruega-una-de-las-mas-bonitas-del-mundo\/","name":"La Carretera del Atl\u00e1ntico (Noruega), una de las m\u00e1s bonitas del mundo - Universo Subaru","isPartOf":{"@id":"https:\/\/www.subaru.es\/blog\/#website"},"primaryImageOfPage":{"@id":"https:\/\/www.subaru.es\/blog\/subaru-lifestyle\/la-carretera-del-atlantico-noruega-una-de-las-mas-bonitas-del-mundo\/#primaryimage"},"image":{"@id":"https:\/\/www.subaru.es\/blog\/subaru-lifestyle\/la-carretera-del-atlantico-noruega-una-de-las-mas-bonitas-del-mundo\/#primaryimage"},"thumbnailUrl":"https:\/\/www.subaru.es\/blog\/wp-content\/uploads\/2011\/04\/atlanticroad.jpg","datePublished":"2011-05-24T15:40:36+00:00","dateModified":"2020-08-06T09:05:45+00:00","breadcrumb":{"@id":"https:\/\/www.subaru.es\/blog\/subaru-lifestyle\/la-carretera-del-atlantico-noruega-una-de-las-mas-bonitas-del-mundo\/#breadcrumb"},"inLanguage":"es","potentialAction":[{"@type":"ReadAction","target":["https:\/\/www.subaru.es\/blog\/subaru-lifestyle\/la-carretera-del-atlantico-noruega-una-de-las-mas-bonitas-del-mundo\/"]}]},{"@type":"ImageObject","inLanguage":"es","@id":"https:\/\/www.subaru.es\/blog\/subaru-lifestyle\/la-carretera-del-atlantico-noruega-una-de-las-mas-bonitas-del-mundo\/#primaryimage","url":"https:\/\/www.subaru.es\/blog\/wp-content\/uploads\/2011\/04\/atlanticroad.jpg","contentUrl":"https:\/\/www.subaru.es\/blog\/wp-content\/uploads\/2011\/04\/atlanticroad.jpg","width":500,"height":375,"caption":"Carretera del Atl\u00e1ntico"},{"@type":"BreadcrumbList","@id":"https:\/\/www.subaru.es\/blog\/subaru-lifestyle\/la-carretera-del-atlantico-noruega-una-de-las-mas-bonitas-del-mundo\/#breadcrumb","itemListElement":[{"@type":"ListItem","position":1,"name":"Portada","item":"https:\/\/www.subaru.es\/blog\/"},{"@type":"ListItem","position":2,"name":"La Carretera del Atl\u00e1ntico (Noruega), una de las m\u00e1s bonitas del mundo"}]},{"@type":"WebSite","@id":"https:\/\/www.subaru.es\/blog\/#website","url":"https:\/\/www.subaru.es\/blog\/","name":"Universo Subaru","description":"Descubre este apasionante espacio de Subaru donde vas a conocer todo sobre nuestros coches y las experiencias que vivimos con ellos. Si est\u00e1s preparado para dejarte seducir por la filosof\u00eda Subaru, qu\u00e9date con nosotros.","publisher":{"@id":"https:\/\/www.subaru.es\/blog\/#organization"},"potentialAction":[{"@type":"SearchAction","target":{"@type":"EntryPoint","urlTemplate":"https:\/\/www.subaru.es\/blog\/?s={search_term_string}"},"query-input":{"@type":"PropertyValueSpecification","valueRequired":true,"valueName":"search_term_string"}}],"inLanguage":"es"},{"@type":"Organization","@id":"https:\/\/www.subaru.es\/blog\/#organization","name":"Subaru Espa\u00f1a S.A.","url":"https:\/\/www.subaru.es\/blog\/","logo":{"@type":"ImageObject","inLanguage":"es","@id":"https:\/\/www.subaru.es\/blog\/#\/schema\/logo\/image\/","url":"https:\/\/www.subaru.es\/blog\/wp-content\/uploads\/2016\/12\/Logo-Subaru-TypeV_C300-scaled.jpg","contentUrl":"https:\/\/www.subaru.es\/blog\/wp-content\/uploads\/2016\/12\/Logo-Subaru-TypeV_C300-scaled.jpg","width":2560,"height":1864,"caption":"Subaru Espa\u00f1a S.A."},"image":{"@id":"https:\/\/www.subaru.es\/blog\/#\/schema\/logo\/image\/"},"sameAs":["https:\/\/www.facebook.com\/subaruespana","https:\/\/www.instagram.com\/subarues\/","https:\/\/www.youtube.com\/user\/subaruespana"]},{"@type":"Person","@id":"https:\/\/www.subaru.es\/blog\/#\/schema\/person\/19a90b892230b8e0ec752704ddf4aa10","name":"Subaru","url":"https:\/\/www.subaru.es\/blog\/author\/subaria\/"}]}},"_links":{"self":[{"href":"https:\/\/www.subaru.es\/blog\/wp-json\/wp\/v2\/posts\/4452","targetHints":{"allow":["GET"]}}],"collection":[{"href":"https:\/\/www.subaru.es\/blog\/wp-json\/wp\/v2\/posts"}],"about":[{"href":"https:\/\/www.subaru.es\/blog\/wp-json\/wp\/v2\/types\/post"}],"author":[{"embeddable":true,"href":"https:\/\/www.subaru.es\/blog\/wp-json\/wp\/v2\/users\/21"}],"replies":[{"embeddable":true,"href":"https:\/\/www.subaru.es\/blog\/wp-json\/wp\/v2\/comments?post=4452"}],"version-history":[{"count":2,"href":"https:\/\/www.subaru.es\/blog\/wp-json\/wp\/v2\/posts\/4452\/revisions"}],"predecessor-version":[{"id":22050,"href":"https:\/\/www.subaru.es\/blog\/wp-json\/wp\/v2\/posts\/4452\/revisions\/22050"}],"wp:featuredmedia":[{"embeddable":true,"href":"https:\/\/www.subaru.es\/blog\/wp-json\/wp\/v2\/media\/4453"}],"wp:attachment":[{"href":"https:\/\/www.subaru.es\/blog\/wp-json\/wp\/v2\/media?parent=4452"}],"wp:term":[{"taxonomy":"category","embeddable":true,"href":"https:\/\/www.subaru.es\/blog\/wp-json\/wp\/v2\/categories?post=4452"},{"taxonomy":"post_tag","embeddable":true,"href":"https:\/\/www.subaru.es\/blog\/wp-json\/wp\/v2\/tags?post=4452"}],"curies":[{"name":"wp","href":"https:\/\/api.w.org\/{rel}","templated":true}]}}