{"id":4448,"date":"2011-05-13T01:00:16","date_gmt":"2011-05-12T23:00:16","guid":{"rendered":"http:\/\/subaru.preproduccion.com\/blog\/?p=4448"},"modified":"2016-10-17T15:11:07","modified_gmt":"2016-10-17T13:11:07","slug":"el-examen-de-conducir-evaluara-la-conduccion-eficiente","status":"publish","type":"post","link":"https:\/\/www.subaru.es\/blog\/nuestra-marca\/el-examen-de-conducir-evaluara-la-conduccion-eficiente\/","title":{"rendered":"El examen de conducir evaluar\u00e1 la conducci\u00f3n eficiente"},"content":{"rendered":"<p><center><a href=\"https:\/\/www.subaru.es\/blog\/wp-content\/uploads\/2011\/04\/eficiente.jpg\"><img decoding=\"async\" class=\"aligncenter size-full wp-image-4449 lazyload\" title=\"Conducci\u00f3n eficiente\" data-src=\"https:\/\/www.subaru.es\/blog\/wp-content\/uploads\/2011\/04\/eficiente.jpg\" alt=\"Conducci\u00f3n eficiente\" width=\"600\" height=\"383\" src=\"data:image\/svg+xml;base64,PHN2ZyB3aWR0aD0iMSIgaGVpZ2h0PSIxIiB4bWxucz0iaHR0cDovL3d3dy53My5vcmcvMjAwMC9zdmciPjwvc3ZnPg==\" style=\"--smush-placeholder-width: 600px; --smush-placeholder-aspect-ratio: 600\/383;\" \/><\/a><\/center><\/p>\n<p>Finalmente la CNAE (Confederaci\u00f3n Nacional de Autoescuelas) se ha salido con la suya, y ha logrado que la DGT les haga caso en algo que ven\u00edan pidiendo desde hace unas semanas: que<strong> los ex\u00e1menes de conducir eval\u00faen tambi\u00e9n la conducci\u00f3n eficiente<\/strong>.<\/p>\n<p>La noticia la ha dado Pere Navarro, quien ha anunciado que a partir de 2012 el <a href=\"http:\/\/www.trafik.eu\/w\/31\/trafikconsejos---el-examen-practico\" target=\"_blank\">examen pr\u00e1ctico<\/a> empezar\u00e1 a incluir una parte espec\u00edfica que evaluar\u00e1 la eficiencia al volante. Aunque ha sorprendido la rapidez con la que la DGT se ha hecho eco de <a href=\"http:\/\/www.motorpasion.com\/otros\/las-autoescuelas-proponen-un-examen-de-conducir-mas-eficiente\" target=\"_blank\">esta petici\u00f3n<\/a>, no se trata de algo descabellado: el consumo es algo que afecta a todos los implicados en la conducci\u00f3n, y que repercute en <strong>dos \u00e1mbitos muy importantes, el medio ambiente y la econom\u00eda<\/strong>.<\/p>\n<p><!--more-->Los primeros en tener que ponerse al d\u00eda con las t\u00e9cnicas de conducci\u00f3n eficiente ser\u00e1n <a href=\"http:\/\/www.elmundo.es\/elmundomotor\/2010\/04\/13\/conductores\/1271149054.html\" target=\"_blank\">los examinadores<\/a> (unos 800 en toda Espa\u00f1a), que tendr\u00e1n que <strong>pasar una formaci\u00f3n espec\u00edfica<\/strong> para estar listos el a\u00f1o que viene y poder evaluar a los nuevos conductores en esta materia.<\/p>\n<p>Eso en el examen pr\u00e1ctico, ya que <strong>en el te\u00f3rico las cosas empezar\u00e1n antes <\/strong>y parece ser que ya se est\u00e1n incorporando algunas preguntas espec\u00edficas sobre conducci\u00f3n eficiente. Los ya conductores, mientras tanto, podemos intentar ponernos un poco al d\u00eda sobre este tema, ya que nunca est\u00e1 de m\u00e1s saber c\u00f3mo <a href=\"https:\/\/www.subaru.es\/blog\/puesta-a-punto\/trucos-para-ahorrar-combustible-%C2%A1esta-en-tus-manos\/\" target=\"_blank\">conducir consumiendo menos<\/a> aunque nadie nos vaya a examinar sobre el tema&#8230;<\/p>\n<p>V\u00eda | <a href=\"http:\/\/www.motorpasion.com\/otros\/la-conduccion-eficiente-llega-a-los-examenes-de-conducir\" target=\"_blank\">Motorpasi\u00f3n<\/a><br \/>\nFoto | <a href=\"http:\/\/www.flickr.com\/photos\/recphoto\/3592219977\/sizes\/m\/\" target=\"_blank\">The Intrepid Traveler<\/a><\/p>\n","protected":false},"excerpt":{"rendered":"<p>Finalmente la CNAE (Confederaci\u00f3n Nacional de Autoescuelas) se ha salido con la suya, y ha logrado que la DGT les haga caso en algo que ven\u00edan pidiendo desde hace unas semanas: que los ex\u00e1menes de conducir eval\u00faen tambi\u00e9n la conducci\u00f3n eficiente. La noticia la ha dado Pere Navarro, quien ha anunciado que a partir de [&hellip;]<\/p>\n","protected":false},"author":21,"featured_media":4449,"comment_status":"open","ping_status":"open","sticky":false,"template":"","format":"standard","meta":{"_acf_changed":false,"_eb_attr":"","inline_featured_image":false,"footnotes":""},"categories":[4401],"tags":[3415,3403,2175,3159,3404],"class_list":["post-4448","post","type-post","status-publish","format-standard","has-post-thumbnail","hentry","category-nuestra-marca","tag-ahorro-de-combustible","tag-cnae","tag-conduccion-eficiente","tag-dgt","tag-examen-de-conducir"],"acf":[],"yoast_head":"<!-- This site is optimized with the Yoast SEO plugin v27.3 - https:\/\/yoast.com\/product\/yoast-seo-wordpress\/ -->\n<title>El examen de conducir evaluar\u00e1 la conducci\u00f3n eficiente - Universo Subaru<\/title>\n<meta name=\"robots\" content=\"index, follow, max-snippet:-1, max-image-preview:large, max-video-preview:-1\" \/>\n<link rel=\"canonical\" href=\"https:\/\/www.subaru.es\/blog\/nuestra-marca\/el-examen-de-conducir-evaluara-la-conduccion-eficiente\/\" \/>\n<meta property=\"og:locale\" content=\"es_ES\" \/>\n<meta property=\"og:type\" content=\"article\" \/>\n<meta property=\"og:title\" content=\"El examen de conducir evaluar\u00e1 la conducci\u00f3n eficiente - Universo Subaru\" \/>\n<meta property=\"og:description\" content=\"Finalmente la CNAE (Confederaci\u00f3n Nacional de Autoescuelas) se ha salido con la suya, y ha logrado que la DGT les haga caso en algo que ven\u00edan pidiendo desde hace unas semanas: que los ex\u00e1menes de conducir eval\u00faen tambi\u00e9n la conducci\u00f3n eficiente. La noticia la ha dado Pere Navarro, quien ha anunciado que a partir de [&hellip;]\" \/>\n<meta property=\"og:url\" content=\"https:\/\/www.subaru.es\/blog\/nuestra-marca\/el-examen-de-conducir-evaluara-la-conduccion-eficiente\/\" \/>\n<meta property=\"og:site_name\" content=\"Universo Subaru\" \/>\n<meta property=\"article:publisher\" content=\"https:\/\/www.facebook.com\/subaruespana\" \/>\n<meta property=\"article:published_time\" content=\"2011-05-12T23:00:16+00:00\" \/>\n<meta property=\"article:modified_time\" content=\"2016-10-17T13:11:07+00:00\" \/>\n<meta property=\"og:image\" content=\"https:\/\/www.subaru.es\/blog\/wp-content\/uploads\/2011\/04\/eficiente.jpg\" \/>\n\t<meta property=\"og:image:width\" content=\"500\" \/>\n\t<meta property=\"og:image:height\" content=\"333\" \/>\n\t<meta property=\"og:image:type\" content=\"image\/jpeg\" \/>\n<meta name=\"author\" content=\"Subaru\" \/>\n<meta name=\"twitter:card\" content=\"summary_large_image\" \/>\n<meta name=\"twitter:label1\" content=\"Escrito por\" \/>\n\t<meta name=\"twitter:data1\" content=\"Subaru\" \/>\n\t<meta name=\"twitter:label2\" content=\"Tiempo de lectura\" \/>\n\t<meta name=\"twitter:data2\" content=\"1 minuto\" \/>\n<script type=\"application\/ld+json\" class=\"yoast-schema-graph\">{\"@context\":\"https:\\\/\\\/schema.org\",\"@graph\":[{\"@type\":\"Article\",\"@id\":\"https:\\\/\\\/www.subaru.es\\\/blog\\\/nuestra-marca\\\/el-examen-de-conducir-evaluara-la-conduccion-eficiente\\\/#article\",\"isPartOf\":{\"@id\":\"https:\\\/\\\/www.subaru.es\\\/blog\\\/nuestra-marca\\\/el-examen-de-conducir-evaluara-la-conduccion-eficiente\\\/\"},\"author\":{\"name\":\"Subaru\",\"@id\":\"https:\\\/\\\/www.subaru.es\\\/blog\\\/#\\\/schema\\\/person\\\/19a90b892230b8e0ec752704ddf4aa10\"},\"headline\":\"El examen de conducir evaluar\u00e1 la conducci\u00f3n eficiente\",\"datePublished\":\"2011-05-12T23:00:16+00:00\",\"dateModified\":\"2016-10-17T13:11:07+00:00\",\"mainEntityOfPage\":{\"@id\":\"https:\\\/\\\/www.subaru.es\\\/blog\\\/nuestra-marca\\\/el-examen-de-conducir-evaluara-la-conduccion-eficiente\\\/\"},\"wordCount\":274,\"commentCount\":0,\"publisher\":{\"@id\":\"https:\\\/\\\/www.subaru.es\\\/blog\\\/#organization\"},\"image\":{\"@id\":\"https:\\\/\\\/www.subaru.es\\\/blog\\\/nuestra-marca\\\/el-examen-de-conducir-evaluara-la-conduccion-eficiente\\\/#primaryimage\"},\"thumbnailUrl\":\"https:\\\/\\\/www.subaru.es\\\/blog\\\/wp-content\\\/uploads\\\/2011\\\/04\\\/eficiente.jpg\",\"keywords\":[\"ahorro de combustible\",\"CNAE\",\"conducci\u00f3n eficiente\",\"DGT\",\"Examen de conducir\"],\"articleSection\":[\"Nuestra marca\"],\"inLanguage\":\"es\",\"potentialAction\":[{\"@type\":\"CommentAction\",\"name\":\"Comment\",\"target\":[\"https:\\\/\\\/www.subaru.es\\\/blog\\\/nuestra-marca\\\/el-examen-de-conducir-evaluara-la-conduccion-eficiente\\\/#respond\"]}]},{\"@type\":\"WebPage\",\"@id\":\"https:\\\/\\\/www.subaru.es\\\/blog\\\/nuestra-marca\\\/el-examen-de-conducir-evaluara-la-conduccion-eficiente\\\/\",\"url\":\"https:\\\/\\\/www.subaru.es\\\/blog\\\/nuestra-marca\\\/el-examen-de-conducir-evaluara-la-conduccion-eficiente\\\/\",\"name\":\"El examen de conducir evaluar\u00e1 la conducci\u00f3n eficiente - Universo Subaru\",\"isPartOf\":{\"@id\":\"https:\\\/\\\/www.subaru.es\\\/blog\\\/#website\"},\"primaryImageOfPage\":{\"@id\":\"https:\\\/\\\/www.subaru.es\\\/blog\\\/nuestra-marca\\\/el-examen-de-conducir-evaluara-la-conduccion-eficiente\\\/#primaryimage\"},\"image\":{\"@id\":\"https:\\\/\\\/www.subaru.es\\\/blog\\\/nuestra-marca\\\/el-examen-de-conducir-evaluara-la-conduccion-eficiente\\\/#primaryimage\"},\"thumbnailUrl\":\"https:\\\/\\\/www.subaru.es\\\/blog\\\/wp-content\\\/uploads\\\/2011\\\/04\\\/eficiente.jpg\",\"datePublished\":\"2011-05-12T23:00:16+00:00\",\"dateModified\":\"2016-10-17T13:11:07+00:00\",\"breadcrumb\":{\"@id\":\"https:\\\/\\\/www.subaru.es\\\/blog\\\/nuestra-marca\\\/el-examen-de-conducir-evaluara-la-conduccion-eficiente\\\/#breadcrumb\"},\"inLanguage\":\"es\",\"potentialAction\":[{\"@type\":\"ReadAction\",\"target\":[\"https:\\\/\\\/www.subaru.es\\\/blog\\\/nuestra-marca\\\/el-examen-de-conducir-evaluara-la-conduccion-eficiente\\\/\"]}]},{\"@type\":\"ImageObject\",\"inLanguage\":\"es\",\"@id\":\"https:\\\/\\\/www.subaru.es\\\/blog\\\/nuestra-marca\\\/el-examen-de-conducir-evaluara-la-conduccion-eficiente\\\/#primaryimage\",\"url\":\"https:\\\/\\\/www.subaru.es\\\/blog\\\/wp-content\\\/uploads\\\/2011\\\/04\\\/eficiente.jpg\",\"contentUrl\":\"https:\\\/\\\/www.subaru.es\\\/blog\\\/wp-content\\\/uploads\\\/2011\\\/04\\\/eficiente.jpg\",\"width\":500,\"height\":333,\"caption\":\"Conducci\u00f3n eficiente\"},{\"@type\":\"BreadcrumbList\",\"@id\":\"https:\\\/\\\/www.subaru.es\\\/blog\\\/nuestra-marca\\\/el-examen-de-conducir-evaluara-la-conduccion-eficiente\\\/#breadcrumb\",\"itemListElement\":[{\"@type\":\"ListItem\",\"position\":1,\"name\":\"Portada\",\"item\":\"https:\\\/\\\/www.subaru.es\\\/blog\\\/\"},{\"@type\":\"ListItem\",\"position\":2,\"name\":\"El examen de conducir evaluar\u00e1 la conducci\u00f3n eficiente\"}]},{\"@type\":\"WebSite\",\"@id\":\"https:\\\/\\\/www.subaru.es\\\/blog\\\/#website\",\"url\":\"https:\\\/\\\/www.subaru.es\\\/blog\\\/\",\"name\":\"Universo Subaru\",\"description\":\"Descubre este apasionante espacio de Subaru donde vas a conocer todo sobre nuestros coches y las experiencias que vivimos con ellos. Si est\u00e1s preparado para dejarte seducir por la filosof\u00eda Subaru, qu\u00e9date con nosotros.\",\"publisher\":{\"@id\":\"https:\\\/\\\/www.subaru.es\\\/blog\\\/#organization\"},\"potentialAction\":[{\"@type\":\"SearchAction\",\"target\":{\"@type\":\"EntryPoint\",\"urlTemplate\":\"https:\\\/\\\/www.subaru.es\\\/blog\\\/?s={search_term_string}\"},\"query-input\":{\"@type\":\"PropertyValueSpecification\",\"valueRequired\":true,\"valueName\":\"search_term_string\"}}],\"inLanguage\":\"es\"},{\"@type\":\"Organization\",\"@id\":\"https:\\\/\\\/www.subaru.es\\\/blog\\\/#organization\",\"name\":\"Subaru Espa\u00f1a S.A.\",\"url\":\"https:\\\/\\\/www.subaru.es\\\/blog\\\/\",\"logo\":{\"@type\":\"ImageObject\",\"inLanguage\":\"es\",\"@id\":\"https:\\\/\\\/www.subaru.es\\\/blog\\\/#\\\/schema\\\/logo\\\/image\\\/\",\"url\":\"https:\\\/\\\/www.subaru.es\\\/blog\\\/wp-content\\\/uploads\\\/2016\\\/12\\\/Logo-Subaru-TypeV_C300-scaled.jpg\",\"contentUrl\":\"https:\\\/\\\/www.subaru.es\\\/blog\\\/wp-content\\\/uploads\\\/2016\\\/12\\\/Logo-Subaru-TypeV_C300-scaled.jpg\",\"width\":2560,\"height\":1864,\"caption\":\"Subaru Espa\u00f1a S.A.\"},\"image\":{\"@id\":\"https:\\\/\\\/www.subaru.es\\\/blog\\\/#\\\/schema\\\/logo\\\/image\\\/\"},\"sameAs\":[\"https:\\\/\\\/www.facebook.com\\\/subaruespana\",\"https:\\\/\\\/www.instagram.com\\\/subarues\\\/\",\"https:\\\/\\\/www.youtube.com\\\/user\\\/subaruespana\"]},{\"@type\":\"Person\",\"@id\":\"https:\\\/\\\/www.subaru.es\\\/blog\\\/#\\\/schema\\\/person\\\/19a90b892230b8e0ec752704ddf4aa10\",\"name\":\"Subaru\",\"url\":\"https:\\\/\\\/www.subaru.es\\\/blog\\\/author\\\/subaria\\\/\"}]}<\/script>\n<!-- \/ Yoast SEO plugin. -->","yoast_head_json":{"title":"El examen de conducir evaluar\u00e1 la conducci\u00f3n eficiente - Universo Subaru","robots":{"index":"index","follow":"follow","max-snippet":"max-snippet:-1","max-image-preview":"max-image-preview:large","max-video-preview":"max-video-preview:-1"},"canonical":"https:\/\/www.subaru.es\/blog\/nuestra-marca\/el-examen-de-conducir-evaluara-la-conduccion-eficiente\/","og_locale":"es_ES","og_type":"article","og_title":"El examen de conducir evaluar\u00e1 la conducci\u00f3n eficiente - Universo Subaru","og_description":"Finalmente la CNAE (Confederaci\u00f3n Nacional de Autoescuelas) se ha salido con la suya, y ha logrado que la DGT les haga caso en algo que ven\u00edan pidiendo desde hace unas semanas: que los ex\u00e1menes de conducir eval\u00faen tambi\u00e9n la conducci\u00f3n eficiente. La noticia la ha dado Pere Navarro, quien ha anunciado que a partir de [&hellip;]","og_url":"https:\/\/www.subaru.es\/blog\/nuestra-marca\/el-examen-de-conducir-evaluara-la-conduccion-eficiente\/","og_site_name":"Universo Subaru","article_publisher":"https:\/\/www.facebook.com\/subaruespana","article_published_time":"2011-05-12T23:00:16+00:00","article_modified_time":"2016-10-17T13:11:07+00:00","og_image":[{"width":500,"height":333,"url":"https:\/\/www.subaru.es\/blog\/wp-content\/uploads\/2011\/04\/eficiente.jpg","type":"image\/jpeg"}],"author":"Subaru","twitter_card":"summary_large_image","twitter_misc":{"Escrito por":"Subaru","Tiempo de lectura":"1 minuto"},"schema":{"@context":"https:\/\/schema.org","@graph":[{"@type":"Article","@id":"https:\/\/www.subaru.es\/blog\/nuestra-marca\/el-examen-de-conducir-evaluara-la-conduccion-eficiente\/#article","isPartOf":{"@id":"https:\/\/www.subaru.es\/blog\/nuestra-marca\/el-examen-de-conducir-evaluara-la-conduccion-eficiente\/"},"author":{"name":"Subaru","@id":"https:\/\/www.subaru.es\/blog\/#\/schema\/person\/19a90b892230b8e0ec752704ddf4aa10"},"headline":"El examen de conducir evaluar\u00e1 la conducci\u00f3n eficiente","datePublished":"2011-05-12T23:00:16+00:00","dateModified":"2016-10-17T13:11:07+00:00","mainEntityOfPage":{"@id":"https:\/\/www.subaru.es\/blog\/nuestra-marca\/el-examen-de-conducir-evaluara-la-conduccion-eficiente\/"},"wordCount":274,"commentCount":0,"publisher":{"@id":"https:\/\/www.subaru.es\/blog\/#organization"},"image":{"@id":"https:\/\/www.subaru.es\/blog\/nuestra-marca\/el-examen-de-conducir-evaluara-la-conduccion-eficiente\/#primaryimage"},"thumbnailUrl":"https:\/\/www.subaru.es\/blog\/wp-content\/uploads\/2011\/04\/eficiente.jpg","keywords":["ahorro de combustible","CNAE","conducci\u00f3n eficiente","DGT","Examen de conducir"],"articleSection":["Nuestra marca"],"inLanguage":"es","potentialAction":[{"@type":"CommentAction","name":"Comment","target":["https:\/\/www.subaru.es\/blog\/nuestra-marca\/el-examen-de-conducir-evaluara-la-conduccion-eficiente\/#respond"]}]},{"@type":"WebPage","@id":"https:\/\/www.subaru.es\/blog\/nuestra-marca\/el-examen-de-conducir-evaluara-la-conduccion-eficiente\/","url":"https:\/\/www.subaru.es\/blog\/nuestra-marca\/el-examen-de-conducir-evaluara-la-conduccion-eficiente\/","name":"El examen de conducir evaluar\u00e1 la conducci\u00f3n eficiente - Universo Subaru","isPartOf":{"@id":"https:\/\/www.subaru.es\/blog\/#website"},"primaryImageOfPage":{"@id":"https:\/\/www.subaru.es\/blog\/nuestra-marca\/el-examen-de-conducir-evaluara-la-conduccion-eficiente\/#primaryimage"},"image":{"@id":"https:\/\/www.subaru.es\/blog\/nuestra-marca\/el-examen-de-conducir-evaluara-la-conduccion-eficiente\/#primaryimage"},"thumbnailUrl":"https:\/\/www.subaru.es\/blog\/wp-content\/uploads\/2011\/04\/eficiente.jpg","datePublished":"2011-05-12T23:00:16+00:00","dateModified":"2016-10-17T13:11:07+00:00","breadcrumb":{"@id":"https:\/\/www.subaru.es\/blog\/nuestra-marca\/el-examen-de-conducir-evaluara-la-conduccion-eficiente\/#breadcrumb"},"inLanguage":"es","potentialAction":[{"@type":"ReadAction","target":["https:\/\/www.subaru.es\/blog\/nuestra-marca\/el-examen-de-conducir-evaluara-la-conduccion-eficiente\/"]}]},{"@type":"ImageObject","inLanguage":"es","@id":"https:\/\/www.subaru.es\/blog\/nuestra-marca\/el-examen-de-conducir-evaluara-la-conduccion-eficiente\/#primaryimage","url":"https:\/\/www.subaru.es\/blog\/wp-content\/uploads\/2011\/04\/eficiente.jpg","contentUrl":"https:\/\/www.subaru.es\/blog\/wp-content\/uploads\/2011\/04\/eficiente.jpg","width":500,"height":333,"caption":"Conducci\u00f3n eficiente"},{"@type":"BreadcrumbList","@id":"https:\/\/www.subaru.es\/blog\/nuestra-marca\/el-examen-de-conducir-evaluara-la-conduccion-eficiente\/#breadcrumb","itemListElement":[{"@type":"ListItem","position":1,"name":"Portada","item":"https:\/\/www.subaru.es\/blog\/"},{"@type":"ListItem","position":2,"name":"El examen de conducir evaluar\u00e1 la conducci\u00f3n eficiente"}]},{"@type":"WebSite","@id":"https:\/\/www.subaru.es\/blog\/#website","url":"https:\/\/www.subaru.es\/blog\/","name":"Universo Subaru","description":"Descubre este apasionante espacio de Subaru donde vas a conocer todo sobre nuestros coches y las experiencias que vivimos con ellos. Si est\u00e1s preparado para dejarte seducir por la filosof\u00eda Subaru, qu\u00e9date con nosotros.","publisher":{"@id":"https:\/\/www.subaru.es\/blog\/#organization"},"potentialAction":[{"@type":"SearchAction","target":{"@type":"EntryPoint","urlTemplate":"https:\/\/www.subaru.es\/blog\/?s={search_term_string}"},"query-input":{"@type":"PropertyValueSpecification","valueRequired":true,"valueName":"search_term_string"}}],"inLanguage":"es"},{"@type":"Organization","@id":"https:\/\/www.subaru.es\/blog\/#organization","name":"Subaru Espa\u00f1a S.A.","url":"https:\/\/www.subaru.es\/blog\/","logo":{"@type":"ImageObject","inLanguage":"es","@id":"https:\/\/www.subaru.es\/blog\/#\/schema\/logo\/image\/","url":"https:\/\/www.subaru.es\/blog\/wp-content\/uploads\/2016\/12\/Logo-Subaru-TypeV_C300-scaled.jpg","contentUrl":"https:\/\/www.subaru.es\/blog\/wp-content\/uploads\/2016\/12\/Logo-Subaru-TypeV_C300-scaled.jpg","width":2560,"height":1864,"caption":"Subaru Espa\u00f1a S.A."},"image":{"@id":"https:\/\/www.subaru.es\/blog\/#\/schema\/logo\/image\/"},"sameAs":["https:\/\/www.facebook.com\/subaruespana","https:\/\/www.instagram.com\/subarues\/","https:\/\/www.youtube.com\/user\/subaruespana"]},{"@type":"Person","@id":"https:\/\/www.subaru.es\/blog\/#\/schema\/person\/19a90b892230b8e0ec752704ddf4aa10","name":"Subaru","url":"https:\/\/www.subaru.es\/blog\/author\/subaria\/"}]}},"_links":{"self":[{"href":"https:\/\/www.subaru.es\/blog\/wp-json\/wp\/v2\/posts\/4448","targetHints":{"allow":["GET"]}}],"collection":[{"href":"https:\/\/www.subaru.es\/blog\/wp-json\/wp\/v2\/posts"}],"about":[{"href":"https:\/\/www.subaru.es\/blog\/wp-json\/wp\/v2\/types\/post"}],"author":[{"embeddable":true,"href":"https:\/\/www.subaru.es\/blog\/wp-json\/wp\/v2\/users\/21"}],"replies":[{"embeddable":true,"href":"https:\/\/www.subaru.es\/blog\/wp-json\/wp\/v2\/comments?post=4448"}],"version-history":[{"count":1,"href":"https:\/\/www.subaru.es\/blog\/wp-json\/wp\/v2\/posts\/4448\/revisions"}],"predecessor-version":[{"id":14949,"href":"https:\/\/www.subaru.es\/blog\/wp-json\/wp\/v2\/posts\/4448\/revisions\/14949"}],"wp:featuredmedia":[{"embeddable":true,"href":"https:\/\/www.subaru.es\/blog\/wp-json\/wp\/v2\/media\/4449"}],"wp:attachment":[{"href":"https:\/\/www.subaru.es\/blog\/wp-json\/wp\/v2\/media?parent=4448"}],"wp:term":[{"taxonomy":"category","embeddable":true,"href":"https:\/\/www.subaru.es\/blog\/wp-json\/wp\/v2\/categories?post=4448"},{"taxonomy":"post_tag","embeddable":true,"href":"https:\/\/www.subaru.es\/blog\/wp-json\/wp\/v2\/tags?post=4448"}],"curies":[{"name":"wp","href":"https:\/\/api.w.org\/{rel}","templated":true}]}}