{"id":4444,"date":"2011-04-27T10:36:33","date_gmt":"2011-04-27T08:36:33","guid":{"rendered":"http:\/\/subaru.preproduccion.com\/blog\/?p=4444"},"modified":"2020-08-06T11:39:33","modified_gmt":"2020-08-06T09:39:33","slug":"angela-vilarino-haciendo-historia-a-los-mandos-de-un-subaru-impreza","status":"publish","type":"post","link":"https:\/\/www.subaru.es\/blog\/nuestra-marca\/angela-vilarino-haciendo-historia-a-los-mandos-de-un-subaru-impreza\/","title":{"rendered":"\u00c1ngela Vilari\u00f1o, haciendo historia a los mandos de un Subaru Impreza"},"content":{"rendered":"<p><object classid=\"clsid:d27cdb6e-ae6d-11cf-96b8-444553540000\" width=\"640\" height=\"390\" codebase=\"http:\/\/download.macromedia.com\/pub\/shockwave\/cabs\/flash\/swflash.cab#version=6,0,40,0\"><param name=\"allowFullScreen\" value=\"true\" \/><param name=\"allowscriptaccess\" value=\"always\" \/><param name=\"src\" value=\"http:\/\/www.youtube.com\/v\/BsX38gE14NY?fs=1&amp;hl=es_ES\" \/><param name=\"allowfullscreen\" value=\"true\" \/><embed type=\"application\/x-shockwave-flash\" width=\"640\" height=\"390\" src=\"http:\/\/www.youtube.com\/v\/BsX38gE14NY?fs=1&amp;hl=es_ES\" allowscriptaccess=\"always\" allowfullscreen=\"true\"><\/embed><\/object><\/p>\n<p>Hasta hace poco tiempo, muchos segu\u00edan juzgando a <strong>\u00c1ngela Vilari\u00f1o<\/strong> por su apellido. No era una piloto m\u00e1s, como le hubiese gustado, sino que era la <strong>hija de Andr\u00e9s y hermana de Ander<\/strong>, dos personalidades indiscutibles en el mundo del automovilismo. Pero \u00c1ngela se ha ido labrando poco a poco y a base de victorias y premios su propio nombre en el mundillo. Y s\u00ed, conduce un Subaru.<!--more--><\/p>\n<p>Aunque <a href=\"http:\/\/enboxes.com\/?p=2495\" target=\"_blank\" rel=\"noopener noreferrer\">\u00c1ngela Vilari\u00f1o<\/a> lleva ya muchos a\u00f1os en el automovilismo (desde que en 1999 gan\u00f3 el Euskadi Karting Junior hasta su victoria en el Campeonato Vasco de Monta\u00f1a de 2010), no fue hasta hace cosa de un mes cuando su lugar en la historia empez\u00f3 a estar m\u00e1s claro, al convertirse en la<strong> primera mujer en ganar una prueba del calendario vasco<\/strong> de rallysprint.<\/p>\n<p><strong>Conduciendo un<a href=\"http:\/\/www.motoradictos.com\/subaru\/espana-subaru-impreza-rally-edition\" target=\"_blank\" rel=\"noopener noreferrer\"> Subaru Impreza<\/a><\/strong>, \u00c1ngela Vilari\u00f1o se impuso en el <a href=\"http:\/\/www.mfoto.es\/noticias\/?p=779\" target=\"_blank\" rel=\"noopener noreferrer\">Rallysprint de Hondarribia<\/a>, sac\u00e1ndole 14 segundos al segundo clasificado (Iker Galloso) y 17 al tercero (Mattin Villares). Adem\u00e1s, se trataba de un equipo \u00edntegramente femenino, ya que su copiloto para la ocasi\u00f3n era Ainhoa Sarasua.<\/p>\n<p>A nosotros, como no pod\u00eda ser de otra forma, nos embarga el orgullo cada vez que vemos a<strong> \u00c1ngela Vilari\u00f1o ganar pruebas a bordo de su Subaru Impreza<\/strong>. Porque s\u00ed, tener un buen veh\u00edculo como este es importante, pero no lo es todo a la hora de imponerse en un rallysprint: la pericia del piloto es tambi\u00e9n clave.<\/p>\n<p>En realidad, claro, ni siquiera nos deber\u00eda sorprender: <strong>la combinaci\u00f3n Subaru Impreza y \u00c1ngela Vilari\u00f1o<\/strong> es casi una apuesta segura.<\/p>\n","protected":false},"excerpt":{"rendered":"<p>Hasta hace poco tiempo, muchos segu\u00edan juzgando a \u00c1ngela Vilari\u00f1o por su apellido. No era una piloto m\u00e1s, como le hubiese gustado, sino que era la hija de Andr\u00e9s y hermana de Ander, dos personalidades indiscutibles en el mundo del automovilismo. Pero \u00c1ngela se ha ido labrando poco a poco y a base de victorias [&hellip;]<\/p>\n","protected":false},"author":21,"featured_media":0,"comment_status":"open","ping_status":"open","sticky":false,"template":"","format":"standard","meta":{"_acf_changed":false,"_eb_attr":"","inline_featured_image":false,"footnotes":""},"categories":[4401],"tags":[3413,3414,452,117],"class_list":["post-4444","post","type-post","status-publish","format-standard","hentry","category-nuestra-marca","tag-angela-vilarino","tag-hondarribia","tag-rallysprint","tag-subaru-impreza"],"acf":[],"yoast_head":"<!-- This site is optimized with the Yoast SEO plugin v27.3 - https:\/\/yoast.com\/product\/yoast-seo-wordpress\/ -->\n<title>\u00c1ngela Vilari\u00f1o, haciendo historia a los mandos de un Subaru Impreza - Universo Subaru<\/title>\n<meta name=\"robots\" content=\"index, follow, max-snippet:-1, max-image-preview:large, max-video-preview:-1\" \/>\n<link rel=\"canonical\" href=\"https:\/\/www.subaru.es\/blog\/nuestra-marca\/angela-vilarino-haciendo-historia-a-los-mandos-de-un-subaru-impreza\/\" \/>\n<meta property=\"og:locale\" content=\"es_ES\" \/>\n<meta property=\"og:type\" content=\"article\" \/>\n<meta property=\"og:title\" content=\"\u00c1ngela Vilari\u00f1o, haciendo historia a los mandos de un Subaru Impreza - Universo Subaru\" \/>\n<meta property=\"og:description\" content=\"Hasta hace poco tiempo, muchos segu\u00edan juzgando a \u00c1ngela Vilari\u00f1o por su apellido. No era una piloto m\u00e1s, como le hubiese gustado, sino que era la hija de Andr\u00e9s y hermana de Ander, dos personalidades indiscutibles en el mundo del automovilismo. Pero \u00c1ngela se ha ido labrando poco a poco y a base de victorias [&hellip;]\" \/>\n<meta property=\"og:url\" content=\"https:\/\/www.subaru.es\/blog\/nuestra-marca\/angela-vilarino-haciendo-historia-a-los-mandos-de-un-subaru-impreza\/\" \/>\n<meta property=\"og:site_name\" content=\"Universo Subaru\" \/>\n<meta property=\"article:publisher\" content=\"https:\/\/www.facebook.com\/subaruespana\" \/>\n<meta property=\"article:published_time\" content=\"2011-04-27T08:36:33+00:00\" \/>\n<meta property=\"article:modified_time\" content=\"2020-08-06T09:39:33+00:00\" \/>\n<meta name=\"author\" content=\"Subaru\" \/>\n<meta name=\"twitter:card\" content=\"summary_large_image\" \/>\n<meta name=\"twitter:label1\" content=\"Escrito por\" \/>\n\t<meta name=\"twitter:data1\" content=\"Subaru\" \/>\n\t<meta name=\"twitter:label2\" content=\"Tiempo de lectura\" \/>\n\t<meta name=\"twitter:data2\" content=\"1 minuto\" \/>\n<script type=\"application\/ld+json\" class=\"yoast-schema-graph\">{\"@context\":\"https:\\\/\\\/schema.org\",\"@graph\":[{\"@type\":\"Article\",\"@id\":\"https:\\\/\\\/www.subaru.es\\\/blog\\\/nuestra-marca\\\/angela-vilarino-haciendo-historia-a-los-mandos-de-un-subaru-impreza\\\/#article\",\"isPartOf\":{\"@id\":\"https:\\\/\\\/www.subaru.es\\\/blog\\\/nuestra-marca\\\/angela-vilarino-haciendo-historia-a-los-mandos-de-un-subaru-impreza\\\/\"},\"author\":{\"name\":\"Subaru\",\"@id\":\"https:\\\/\\\/www.subaru.es\\\/blog\\\/#\\\/schema\\\/person\\\/19a90b892230b8e0ec752704ddf4aa10\"},\"headline\":\"\u00c1ngela Vilari\u00f1o, haciendo historia a los mandos de un Subaru Impreza\",\"datePublished\":\"2011-04-27T08:36:33+00:00\",\"dateModified\":\"2020-08-06T09:39:33+00:00\",\"mainEntityOfPage\":{\"@id\":\"https:\\\/\\\/www.subaru.es\\\/blog\\\/nuestra-marca\\\/angela-vilarino-haciendo-historia-a-los-mandos-de-un-subaru-impreza\\\/\"},\"wordCount\":282,\"commentCount\":0,\"publisher\":{\"@id\":\"https:\\\/\\\/www.subaru.es\\\/blog\\\/#organization\"},\"keywords\":[\"\u00c1ngela Vilari\u00f1o\",\"Hondarribia\",\"rallysprint\",\"subaru impreza\"],\"articleSection\":[\"Nuestra marca\"],\"inLanguage\":\"es\",\"potentialAction\":[{\"@type\":\"CommentAction\",\"name\":\"Comment\",\"target\":[\"https:\\\/\\\/www.subaru.es\\\/blog\\\/nuestra-marca\\\/angela-vilarino-haciendo-historia-a-los-mandos-de-un-subaru-impreza\\\/#respond\"]}]},{\"@type\":\"WebPage\",\"@id\":\"https:\\\/\\\/www.subaru.es\\\/blog\\\/nuestra-marca\\\/angela-vilarino-haciendo-historia-a-los-mandos-de-un-subaru-impreza\\\/\",\"url\":\"https:\\\/\\\/www.subaru.es\\\/blog\\\/nuestra-marca\\\/angela-vilarino-haciendo-historia-a-los-mandos-de-un-subaru-impreza\\\/\",\"name\":\"\u00c1ngela Vilari\u00f1o, haciendo historia a los mandos de un Subaru Impreza - Universo Subaru\",\"isPartOf\":{\"@id\":\"https:\\\/\\\/www.subaru.es\\\/blog\\\/#website\"},\"datePublished\":\"2011-04-27T08:36:33+00:00\",\"dateModified\":\"2020-08-06T09:39:33+00:00\",\"breadcrumb\":{\"@id\":\"https:\\\/\\\/www.subaru.es\\\/blog\\\/nuestra-marca\\\/angela-vilarino-haciendo-historia-a-los-mandos-de-un-subaru-impreza\\\/#breadcrumb\"},\"inLanguage\":\"es\",\"potentialAction\":[{\"@type\":\"ReadAction\",\"target\":[\"https:\\\/\\\/www.subaru.es\\\/blog\\\/nuestra-marca\\\/angela-vilarino-haciendo-historia-a-los-mandos-de-un-subaru-impreza\\\/\"]}]},{\"@type\":\"BreadcrumbList\",\"@id\":\"https:\\\/\\\/www.subaru.es\\\/blog\\\/nuestra-marca\\\/angela-vilarino-haciendo-historia-a-los-mandos-de-un-subaru-impreza\\\/#breadcrumb\",\"itemListElement\":[{\"@type\":\"ListItem\",\"position\":1,\"name\":\"Portada\",\"item\":\"https:\\\/\\\/www.subaru.es\\\/blog\\\/\"},{\"@type\":\"ListItem\",\"position\":2,\"name\":\"\u00c1ngela Vilari\u00f1o, haciendo historia a los mandos de un Subaru Impreza\"}]},{\"@type\":\"WebSite\",\"@id\":\"https:\\\/\\\/www.subaru.es\\\/blog\\\/#website\",\"url\":\"https:\\\/\\\/www.subaru.es\\\/blog\\\/\",\"name\":\"Universo Subaru\",\"description\":\"Descubre este apasionante espacio de Subaru donde vas a conocer todo sobre nuestros coches y las experiencias que vivimos con ellos. Si est\u00e1s preparado para dejarte seducir por la filosof\u00eda Subaru, qu\u00e9date con nosotros.\",\"publisher\":{\"@id\":\"https:\\\/\\\/www.subaru.es\\\/blog\\\/#organization\"},\"potentialAction\":[{\"@type\":\"SearchAction\",\"target\":{\"@type\":\"EntryPoint\",\"urlTemplate\":\"https:\\\/\\\/www.subaru.es\\\/blog\\\/?s={search_term_string}\"},\"query-input\":{\"@type\":\"PropertyValueSpecification\",\"valueRequired\":true,\"valueName\":\"search_term_string\"}}],\"inLanguage\":\"es\"},{\"@type\":\"Organization\",\"@id\":\"https:\\\/\\\/www.subaru.es\\\/blog\\\/#organization\",\"name\":\"Subaru Espa\u00f1a S.A.\",\"url\":\"https:\\\/\\\/www.subaru.es\\\/blog\\\/\",\"logo\":{\"@type\":\"ImageObject\",\"inLanguage\":\"es\",\"@id\":\"https:\\\/\\\/www.subaru.es\\\/blog\\\/#\\\/schema\\\/logo\\\/image\\\/\",\"url\":\"https:\\\/\\\/www.subaru.es\\\/blog\\\/wp-content\\\/uploads\\\/2016\\\/12\\\/Logo-Subaru-TypeV_C300-scaled.jpg\",\"contentUrl\":\"https:\\\/\\\/www.subaru.es\\\/blog\\\/wp-content\\\/uploads\\\/2016\\\/12\\\/Logo-Subaru-TypeV_C300-scaled.jpg\",\"width\":2560,\"height\":1864,\"caption\":\"Subaru Espa\u00f1a S.A.\"},\"image\":{\"@id\":\"https:\\\/\\\/www.subaru.es\\\/blog\\\/#\\\/schema\\\/logo\\\/image\\\/\"},\"sameAs\":[\"https:\\\/\\\/www.facebook.com\\\/subaruespana\",\"https:\\\/\\\/www.instagram.com\\\/subarues\\\/\",\"https:\\\/\\\/www.youtube.com\\\/user\\\/subaruespana\"]},{\"@type\":\"Person\",\"@id\":\"https:\\\/\\\/www.subaru.es\\\/blog\\\/#\\\/schema\\\/person\\\/19a90b892230b8e0ec752704ddf4aa10\",\"name\":\"Subaru\",\"url\":\"https:\\\/\\\/www.subaru.es\\\/blog\\\/author\\\/subaria\\\/\"}]}<\/script>\n<!-- \/ Yoast SEO plugin. -->","yoast_head_json":{"title":"\u00c1ngela Vilari\u00f1o, haciendo historia a los mandos de un Subaru Impreza - Universo Subaru","robots":{"index":"index","follow":"follow","max-snippet":"max-snippet:-1","max-image-preview":"max-image-preview:large","max-video-preview":"max-video-preview:-1"},"canonical":"https:\/\/www.subaru.es\/blog\/nuestra-marca\/angela-vilarino-haciendo-historia-a-los-mandos-de-un-subaru-impreza\/","og_locale":"es_ES","og_type":"article","og_title":"\u00c1ngela Vilari\u00f1o, haciendo historia a los mandos de un Subaru Impreza - Universo Subaru","og_description":"Hasta hace poco tiempo, muchos segu\u00edan juzgando a \u00c1ngela Vilari\u00f1o por su apellido. No era una piloto m\u00e1s, como le hubiese gustado, sino que era la hija de Andr\u00e9s y hermana de Ander, dos personalidades indiscutibles en el mundo del automovilismo. Pero \u00c1ngela se ha ido labrando poco a poco y a base de victorias [&hellip;]","og_url":"https:\/\/www.subaru.es\/blog\/nuestra-marca\/angela-vilarino-haciendo-historia-a-los-mandos-de-un-subaru-impreza\/","og_site_name":"Universo Subaru","article_publisher":"https:\/\/www.facebook.com\/subaruespana","article_published_time":"2011-04-27T08:36:33+00:00","article_modified_time":"2020-08-06T09:39:33+00:00","author":"Subaru","twitter_card":"summary_large_image","twitter_misc":{"Escrito por":"Subaru","Tiempo de lectura":"1 minuto"},"schema":{"@context":"https:\/\/schema.org","@graph":[{"@type":"Article","@id":"https:\/\/www.subaru.es\/blog\/nuestra-marca\/angela-vilarino-haciendo-historia-a-los-mandos-de-un-subaru-impreza\/#article","isPartOf":{"@id":"https:\/\/www.subaru.es\/blog\/nuestra-marca\/angela-vilarino-haciendo-historia-a-los-mandos-de-un-subaru-impreza\/"},"author":{"name":"Subaru","@id":"https:\/\/www.subaru.es\/blog\/#\/schema\/person\/19a90b892230b8e0ec752704ddf4aa10"},"headline":"\u00c1ngela Vilari\u00f1o, haciendo historia a los mandos de un Subaru Impreza","datePublished":"2011-04-27T08:36:33+00:00","dateModified":"2020-08-06T09:39:33+00:00","mainEntityOfPage":{"@id":"https:\/\/www.subaru.es\/blog\/nuestra-marca\/angela-vilarino-haciendo-historia-a-los-mandos-de-un-subaru-impreza\/"},"wordCount":282,"commentCount":0,"publisher":{"@id":"https:\/\/www.subaru.es\/blog\/#organization"},"keywords":["\u00c1ngela Vilari\u00f1o","Hondarribia","rallysprint","subaru impreza"],"articleSection":["Nuestra marca"],"inLanguage":"es","potentialAction":[{"@type":"CommentAction","name":"Comment","target":["https:\/\/www.subaru.es\/blog\/nuestra-marca\/angela-vilarino-haciendo-historia-a-los-mandos-de-un-subaru-impreza\/#respond"]}]},{"@type":"WebPage","@id":"https:\/\/www.subaru.es\/blog\/nuestra-marca\/angela-vilarino-haciendo-historia-a-los-mandos-de-un-subaru-impreza\/","url":"https:\/\/www.subaru.es\/blog\/nuestra-marca\/angela-vilarino-haciendo-historia-a-los-mandos-de-un-subaru-impreza\/","name":"\u00c1ngela Vilari\u00f1o, haciendo historia a los mandos de un Subaru Impreza - Universo Subaru","isPartOf":{"@id":"https:\/\/www.subaru.es\/blog\/#website"},"datePublished":"2011-04-27T08:36:33+00:00","dateModified":"2020-08-06T09:39:33+00:00","breadcrumb":{"@id":"https:\/\/www.subaru.es\/blog\/nuestra-marca\/angela-vilarino-haciendo-historia-a-los-mandos-de-un-subaru-impreza\/#breadcrumb"},"inLanguage":"es","potentialAction":[{"@type":"ReadAction","target":["https:\/\/www.subaru.es\/blog\/nuestra-marca\/angela-vilarino-haciendo-historia-a-los-mandos-de-un-subaru-impreza\/"]}]},{"@type":"BreadcrumbList","@id":"https:\/\/www.subaru.es\/blog\/nuestra-marca\/angela-vilarino-haciendo-historia-a-los-mandos-de-un-subaru-impreza\/#breadcrumb","itemListElement":[{"@type":"ListItem","position":1,"name":"Portada","item":"https:\/\/www.subaru.es\/blog\/"},{"@type":"ListItem","position":2,"name":"\u00c1ngela Vilari\u00f1o, haciendo historia a los mandos de un Subaru Impreza"}]},{"@type":"WebSite","@id":"https:\/\/www.subaru.es\/blog\/#website","url":"https:\/\/www.subaru.es\/blog\/","name":"Universo Subaru","description":"Descubre este apasionante espacio de Subaru donde vas a conocer todo sobre nuestros coches y las experiencias que vivimos con ellos. Si est\u00e1s preparado para dejarte seducir por la filosof\u00eda Subaru, qu\u00e9date con nosotros.","publisher":{"@id":"https:\/\/www.subaru.es\/blog\/#organization"},"potentialAction":[{"@type":"SearchAction","target":{"@type":"EntryPoint","urlTemplate":"https:\/\/www.subaru.es\/blog\/?s={search_term_string}"},"query-input":{"@type":"PropertyValueSpecification","valueRequired":true,"valueName":"search_term_string"}}],"inLanguage":"es"},{"@type":"Organization","@id":"https:\/\/www.subaru.es\/blog\/#organization","name":"Subaru Espa\u00f1a S.A.","url":"https:\/\/www.subaru.es\/blog\/","logo":{"@type":"ImageObject","inLanguage":"es","@id":"https:\/\/www.subaru.es\/blog\/#\/schema\/logo\/image\/","url":"https:\/\/www.subaru.es\/blog\/wp-content\/uploads\/2016\/12\/Logo-Subaru-TypeV_C300-scaled.jpg","contentUrl":"https:\/\/www.subaru.es\/blog\/wp-content\/uploads\/2016\/12\/Logo-Subaru-TypeV_C300-scaled.jpg","width":2560,"height":1864,"caption":"Subaru Espa\u00f1a S.A."},"image":{"@id":"https:\/\/www.subaru.es\/blog\/#\/schema\/logo\/image\/"},"sameAs":["https:\/\/www.facebook.com\/subaruespana","https:\/\/www.instagram.com\/subarues\/","https:\/\/www.youtube.com\/user\/subaruespana"]},{"@type":"Person","@id":"https:\/\/www.subaru.es\/blog\/#\/schema\/person\/19a90b892230b8e0ec752704ddf4aa10","name":"Subaru","url":"https:\/\/www.subaru.es\/blog\/author\/subaria\/"}]}},"_links":{"self":[{"href":"https:\/\/www.subaru.es\/blog\/wp-json\/wp\/v2\/posts\/4444","targetHints":{"allow":["GET"]}}],"collection":[{"href":"https:\/\/www.subaru.es\/blog\/wp-json\/wp\/v2\/posts"}],"about":[{"href":"https:\/\/www.subaru.es\/blog\/wp-json\/wp\/v2\/types\/post"}],"author":[{"embeddable":true,"href":"https:\/\/www.subaru.es\/blog\/wp-json\/wp\/v2\/users\/21"}],"replies":[{"embeddable":true,"href":"https:\/\/www.subaru.es\/blog\/wp-json\/wp\/v2\/comments?post=4444"}],"version-history":[{"count":2,"href":"https:\/\/www.subaru.es\/blog\/wp-json\/wp\/v2\/posts\/4444\/revisions"}],"predecessor-version":[{"id":22127,"href":"https:\/\/www.subaru.es\/blog\/wp-json\/wp\/v2\/posts\/4444\/revisions\/22127"}],"wp:attachment":[{"href":"https:\/\/www.subaru.es\/blog\/wp-json\/wp\/v2\/media?parent=4444"}],"wp:term":[{"taxonomy":"category","embeddable":true,"href":"https:\/\/www.subaru.es\/blog\/wp-json\/wp\/v2\/categories?post=4444"},{"taxonomy":"post_tag","embeddable":true,"href":"https:\/\/www.subaru.es\/blog\/wp-json\/wp\/v2\/tags?post=4444"}],"curies":[{"name":"wp","href":"https:\/\/api.w.org\/{rel}","templated":true}]}}