{"id":438,"date":"2007-11-23T16:19:28","date_gmt":"2007-11-23T14:19:28","guid":{"rendered":"http:\/\/subaru.preproduccion.com\/blog\/wp-content\/2007\/11\/23\/travis-pastrana-espectaculo-garantizado\/"},"modified":"2016-10-17T15:09:26","modified_gmt":"2016-10-17T13:09:26","slug":"travis-pastrana-espectaculo-garantizado","status":"publish","type":"post","link":"https:\/\/www.subaru.es\/blog\/nuestra-marca\/travis-pastrana-espectaculo-garantizado\/","title":{"rendered":"Travis Pastrana, espect\u00e1culo garantizado"},"content":{"rendered":"<p>Es muy dif\u00edcil ser bueno en diferentes modalidades deportivas del mundo del motor, muy dif\u00edcil, sin embargo con <a href=\"http:\/\/www.r199.com\/\">Travis Pastrana<\/a>, nos encontramos ante una aut\u00e9ntica excepci\u00f3n. No s\u00f3lo es <strong>competitivo <\/strong>en la disciplina de <em>Freestyle <\/em>de motocross (on 14 a\u00f1os de edad fue proclamado <strong>campe\u00f3n del mundo <\/strong>de la modalidad: ni se sabe los records de victorias que lleva), sino que adem\u00e1s el mundo de los Rallys tampoco tiene <strong>secretos <\/strong>para \u00e9l, y menos desde que compite para el <a href=\"http:\/\/rally.subaru.com\/\">Subaru Rally Team Usa<\/a>, con el que no para de acaparar <strong>victorias<\/strong>.<\/p>\n<p><strong>Pastrana<\/strong> nacido en 1983 en Maryland ha obtenido <a href=\"http:\/\/www.terra.com\/autos\/articulo\/html\/aut15538.htm\">victorias<\/a> en modalidades deportivas tan diferentes como <strong>X Games, SuperCross, MotoCross, Freestyle MX y Rally<\/strong>. Y adem\u00e1s en todas los competiciones no s\u00f3lo es sinonimo de <strong>victoria <\/strong>sino de espectaculo garantizado. Lleva en la sangre hacer disfrutar al p\u00fablico que paga una entrada para verlo.<\/p>\n<p>Pastrana y su copiloto <strong>Edstrom<\/strong>, en el mundo de los Rallys siempre con <strong>Subaru<\/strong>, conquistaron el <strong>Rally Am\u00e9rica Nacional Series del 2006<\/strong> en la categor\u00eda general y el <strong>Open Class Championship<\/strong>. El equipo termin\u00f3 ese a\u00f1o ganando el <strong>Wild West Rally en Olimpia<\/strong>, Washington en Diciembre.<\/p>\n<p>Este a\u00f1o suman de nuevo muchas victorias siendo la \u00faltima este pasado mes de octubre en el <strong>Campeonato Nacional de Rally 2007, <\/strong>ganando la \u00faltima fecha en Michigan. Travis Pastrana ha anunciado que renunciar\u00e1 a cualquier otra competici\u00f3n para centrarse de momento en los Rallys.<\/p>\n<p>Os dejamos con el v\u00eddeo de su participaci\u00f3n de los <strong>X-Games <\/strong>americanos donde derrot\u00f3 al mism\u00edsimo <strong>Colin Mcrae <\/strong>(porque este volc\u00f3 poco antes de entrar en meta). Disfruten de Pastrana.<\/p>\n<p><center><object width=\"425\" height=\"355\"><param name=\"movie\" value=\"http:\/\/www.youtube.com\/v\/KjqAekNzfcw\"><\/param><param name=\"wmode\" value=\"transparent\"><\/param><embed src=\"http:\/\/www.youtube.com\/v\/KjqAekNzfcw\" type=\"application\/x-shockwave-flash\" wmode=\"transparent\" width=\"400\" height=\"320\"><\/embed><\/object><\/center><\/p>\n","protected":false},"excerpt":{"rendered":"<p>Es muy dif\u00edcil ser bueno en diferentes modalidades deportivas del mundo del motor, muy dif\u00edcil, sin embargo con Travis Pastrana, nos encontramos ante una aut\u00e9ntica excepci\u00f3n. No s\u00f3lo es competitivo en la disciplina de Freestyle de motocross (on 14 a\u00f1os de edad fue proclamado campe\u00f3n del mundo de la modalidad: ni se sabe los records [&hellip;]<\/p>\n","protected":false},"author":21,"featured_media":0,"comment_status":"open","ping_status":"open","sticky":false,"template":"","format":"standard","meta":{"_acf_changed":false,"_eb_attr":"","inline_featured_image":false,"footnotes":""},"categories":[4401],"tags":[],"class_list":["post-438","post","type-post","status-publish","format-standard","hentry","category-nuestra-marca"],"acf":[],"yoast_head":"<!-- This site is optimized with the Yoast SEO plugin v27.3 - https:\/\/yoast.com\/product\/yoast-seo-wordpress\/ -->\n<title>Travis Pastrana, espect\u00e1culo garantizado - Universo Subaru<\/title>\n<meta name=\"robots\" content=\"index, follow, max-snippet:-1, max-image-preview:large, max-video-preview:-1\" \/>\n<link rel=\"canonical\" href=\"https:\/\/www.subaru.es\/blog\/nuestra-marca\/travis-pastrana-espectaculo-garantizado\/\" \/>\n<meta property=\"og:locale\" content=\"es_ES\" \/>\n<meta property=\"og:type\" content=\"article\" \/>\n<meta property=\"og:title\" content=\"Travis Pastrana, espect\u00e1culo garantizado - Universo Subaru\" \/>\n<meta property=\"og:description\" content=\"Es muy dif\u00edcil ser bueno en diferentes modalidades deportivas del mundo del motor, muy dif\u00edcil, sin embargo con Travis Pastrana, nos encontramos ante una aut\u00e9ntica excepci\u00f3n. No s\u00f3lo es competitivo en la disciplina de Freestyle de motocross (on 14 a\u00f1os de edad fue proclamado campe\u00f3n del mundo de la modalidad: ni se sabe los records [&hellip;]\" \/>\n<meta property=\"og:url\" content=\"https:\/\/www.subaru.es\/blog\/nuestra-marca\/travis-pastrana-espectaculo-garantizado\/\" \/>\n<meta property=\"og:site_name\" content=\"Universo Subaru\" \/>\n<meta property=\"article:publisher\" content=\"https:\/\/www.facebook.com\/subaruespana\" \/>\n<meta property=\"article:published_time\" content=\"2007-11-23T14:19:28+00:00\" \/>\n<meta property=\"article:modified_time\" content=\"2016-10-17T13:09:26+00:00\" \/>\n<meta name=\"author\" content=\"Subaru\" \/>\n<meta name=\"twitter:card\" content=\"summary_large_image\" \/>\n<meta name=\"twitter:label1\" content=\"Escrito por\" \/>\n\t<meta name=\"twitter:data1\" content=\"Subaru\" \/>\n\t<meta name=\"twitter:label2\" content=\"Tiempo de lectura\" \/>\n\t<meta name=\"twitter:data2\" content=\"1 minuto\" \/>\n<script type=\"application\/ld+json\" class=\"yoast-schema-graph\">{\"@context\":\"https:\\\/\\\/schema.org\",\"@graph\":[{\"@type\":\"Article\",\"@id\":\"https:\\\/\\\/www.subaru.es\\\/blog\\\/nuestra-marca\\\/travis-pastrana-espectaculo-garantizado\\\/#article\",\"isPartOf\":{\"@id\":\"https:\\\/\\\/www.subaru.es\\\/blog\\\/nuestra-marca\\\/travis-pastrana-espectaculo-garantizado\\\/\"},\"author\":{\"name\":\"Subaru\",\"@id\":\"https:\\\/\\\/www.subaru.es\\\/blog\\\/#\\\/schema\\\/person\\\/19a90b892230b8e0ec752704ddf4aa10\"},\"headline\":\"Travis Pastrana, espect\u00e1culo garantizado\",\"datePublished\":\"2007-11-23T14:19:28+00:00\",\"dateModified\":\"2016-10-17T13:09:26+00:00\",\"mainEntityOfPage\":{\"@id\":\"https:\\\/\\\/www.subaru.es\\\/blog\\\/nuestra-marca\\\/travis-pastrana-espectaculo-garantizado\\\/\"},\"wordCount\":285,\"commentCount\":1,\"publisher\":{\"@id\":\"https:\\\/\\\/www.subaru.es\\\/blog\\\/#organization\"},\"articleSection\":[\"Nuestra marca\"],\"inLanguage\":\"es\",\"potentialAction\":[{\"@type\":\"CommentAction\",\"name\":\"Comment\",\"target\":[\"https:\\\/\\\/www.subaru.es\\\/blog\\\/nuestra-marca\\\/travis-pastrana-espectaculo-garantizado\\\/#respond\"]}]},{\"@type\":\"WebPage\",\"@id\":\"https:\\\/\\\/www.subaru.es\\\/blog\\\/nuestra-marca\\\/travis-pastrana-espectaculo-garantizado\\\/\",\"url\":\"https:\\\/\\\/www.subaru.es\\\/blog\\\/nuestra-marca\\\/travis-pastrana-espectaculo-garantizado\\\/\",\"name\":\"Travis Pastrana, espect\u00e1culo garantizado - Universo Subaru\",\"isPartOf\":{\"@id\":\"https:\\\/\\\/www.subaru.es\\\/blog\\\/#website\"},\"datePublished\":\"2007-11-23T14:19:28+00:00\",\"dateModified\":\"2016-10-17T13:09:26+00:00\",\"breadcrumb\":{\"@id\":\"https:\\\/\\\/www.subaru.es\\\/blog\\\/nuestra-marca\\\/travis-pastrana-espectaculo-garantizado\\\/#breadcrumb\"},\"inLanguage\":\"es\",\"potentialAction\":[{\"@type\":\"ReadAction\",\"target\":[\"https:\\\/\\\/www.subaru.es\\\/blog\\\/nuestra-marca\\\/travis-pastrana-espectaculo-garantizado\\\/\"]}]},{\"@type\":\"BreadcrumbList\",\"@id\":\"https:\\\/\\\/www.subaru.es\\\/blog\\\/nuestra-marca\\\/travis-pastrana-espectaculo-garantizado\\\/#breadcrumb\",\"itemListElement\":[{\"@type\":\"ListItem\",\"position\":1,\"name\":\"Portada\",\"item\":\"https:\\\/\\\/www.subaru.es\\\/blog\\\/\"},{\"@type\":\"ListItem\",\"position\":2,\"name\":\"Travis Pastrana, espect\u00e1culo garantizado\"}]},{\"@type\":\"WebSite\",\"@id\":\"https:\\\/\\\/www.subaru.es\\\/blog\\\/#website\",\"url\":\"https:\\\/\\\/www.subaru.es\\\/blog\\\/\",\"name\":\"Universo Subaru\",\"description\":\"Descubre este apasionante espacio de Subaru donde vas a conocer todo sobre nuestros coches y las experiencias que vivimos con ellos. Si est\u00e1s preparado para dejarte seducir por la filosof\u00eda Subaru, qu\u00e9date con nosotros.\",\"publisher\":{\"@id\":\"https:\\\/\\\/www.subaru.es\\\/blog\\\/#organization\"},\"potentialAction\":[{\"@type\":\"SearchAction\",\"target\":{\"@type\":\"EntryPoint\",\"urlTemplate\":\"https:\\\/\\\/www.subaru.es\\\/blog\\\/?s={search_term_string}\"},\"query-input\":{\"@type\":\"PropertyValueSpecification\",\"valueRequired\":true,\"valueName\":\"search_term_string\"}}],\"inLanguage\":\"es\"},{\"@type\":\"Organization\",\"@id\":\"https:\\\/\\\/www.subaru.es\\\/blog\\\/#organization\",\"name\":\"Subaru Espa\u00f1a S.A.\",\"url\":\"https:\\\/\\\/www.subaru.es\\\/blog\\\/\",\"logo\":{\"@type\":\"ImageObject\",\"inLanguage\":\"es\",\"@id\":\"https:\\\/\\\/www.subaru.es\\\/blog\\\/#\\\/schema\\\/logo\\\/image\\\/\",\"url\":\"https:\\\/\\\/www.subaru.es\\\/blog\\\/wp-content\\\/uploads\\\/2016\\\/12\\\/Logo-Subaru-TypeV_C300-scaled.jpg\",\"contentUrl\":\"https:\\\/\\\/www.subaru.es\\\/blog\\\/wp-content\\\/uploads\\\/2016\\\/12\\\/Logo-Subaru-TypeV_C300-scaled.jpg\",\"width\":2560,\"height\":1864,\"caption\":\"Subaru Espa\u00f1a S.A.\"},\"image\":{\"@id\":\"https:\\\/\\\/www.subaru.es\\\/blog\\\/#\\\/schema\\\/logo\\\/image\\\/\"},\"sameAs\":[\"https:\\\/\\\/www.facebook.com\\\/subaruespana\",\"https:\\\/\\\/www.instagram.com\\\/subarues\\\/\",\"https:\\\/\\\/www.youtube.com\\\/user\\\/subaruespana\"]},{\"@type\":\"Person\",\"@id\":\"https:\\\/\\\/www.subaru.es\\\/blog\\\/#\\\/schema\\\/person\\\/19a90b892230b8e0ec752704ddf4aa10\",\"name\":\"Subaru\",\"url\":\"https:\\\/\\\/www.subaru.es\\\/blog\\\/author\\\/subaria\\\/\"}]}<\/script>\n<!-- \/ Yoast SEO plugin. -->","yoast_head_json":{"title":"Travis Pastrana, espect\u00e1culo garantizado - Universo Subaru","robots":{"index":"index","follow":"follow","max-snippet":"max-snippet:-1","max-image-preview":"max-image-preview:large","max-video-preview":"max-video-preview:-1"},"canonical":"https:\/\/www.subaru.es\/blog\/nuestra-marca\/travis-pastrana-espectaculo-garantizado\/","og_locale":"es_ES","og_type":"article","og_title":"Travis Pastrana, espect\u00e1culo garantizado - Universo Subaru","og_description":"Es muy dif\u00edcil ser bueno en diferentes modalidades deportivas del mundo del motor, muy dif\u00edcil, sin embargo con Travis Pastrana, nos encontramos ante una aut\u00e9ntica excepci\u00f3n. No s\u00f3lo es competitivo en la disciplina de Freestyle de motocross (on 14 a\u00f1os de edad fue proclamado campe\u00f3n del mundo de la modalidad: ni se sabe los records [&hellip;]","og_url":"https:\/\/www.subaru.es\/blog\/nuestra-marca\/travis-pastrana-espectaculo-garantizado\/","og_site_name":"Universo Subaru","article_publisher":"https:\/\/www.facebook.com\/subaruespana","article_published_time":"2007-11-23T14:19:28+00:00","article_modified_time":"2016-10-17T13:09:26+00:00","author":"Subaru","twitter_card":"summary_large_image","twitter_misc":{"Escrito por":"Subaru","Tiempo de lectura":"1 minuto"},"schema":{"@context":"https:\/\/schema.org","@graph":[{"@type":"Article","@id":"https:\/\/www.subaru.es\/blog\/nuestra-marca\/travis-pastrana-espectaculo-garantizado\/#article","isPartOf":{"@id":"https:\/\/www.subaru.es\/blog\/nuestra-marca\/travis-pastrana-espectaculo-garantizado\/"},"author":{"name":"Subaru","@id":"https:\/\/www.subaru.es\/blog\/#\/schema\/person\/19a90b892230b8e0ec752704ddf4aa10"},"headline":"Travis Pastrana, espect\u00e1culo garantizado","datePublished":"2007-11-23T14:19:28+00:00","dateModified":"2016-10-17T13:09:26+00:00","mainEntityOfPage":{"@id":"https:\/\/www.subaru.es\/blog\/nuestra-marca\/travis-pastrana-espectaculo-garantizado\/"},"wordCount":285,"commentCount":1,"publisher":{"@id":"https:\/\/www.subaru.es\/blog\/#organization"},"articleSection":["Nuestra marca"],"inLanguage":"es","potentialAction":[{"@type":"CommentAction","name":"Comment","target":["https:\/\/www.subaru.es\/blog\/nuestra-marca\/travis-pastrana-espectaculo-garantizado\/#respond"]}]},{"@type":"WebPage","@id":"https:\/\/www.subaru.es\/blog\/nuestra-marca\/travis-pastrana-espectaculo-garantizado\/","url":"https:\/\/www.subaru.es\/blog\/nuestra-marca\/travis-pastrana-espectaculo-garantizado\/","name":"Travis Pastrana, espect\u00e1culo garantizado - Universo Subaru","isPartOf":{"@id":"https:\/\/www.subaru.es\/blog\/#website"},"datePublished":"2007-11-23T14:19:28+00:00","dateModified":"2016-10-17T13:09:26+00:00","breadcrumb":{"@id":"https:\/\/www.subaru.es\/blog\/nuestra-marca\/travis-pastrana-espectaculo-garantizado\/#breadcrumb"},"inLanguage":"es","potentialAction":[{"@type":"ReadAction","target":["https:\/\/www.subaru.es\/blog\/nuestra-marca\/travis-pastrana-espectaculo-garantizado\/"]}]},{"@type":"BreadcrumbList","@id":"https:\/\/www.subaru.es\/blog\/nuestra-marca\/travis-pastrana-espectaculo-garantizado\/#breadcrumb","itemListElement":[{"@type":"ListItem","position":1,"name":"Portada","item":"https:\/\/www.subaru.es\/blog\/"},{"@type":"ListItem","position":2,"name":"Travis Pastrana, espect\u00e1culo garantizado"}]},{"@type":"WebSite","@id":"https:\/\/www.subaru.es\/blog\/#website","url":"https:\/\/www.subaru.es\/blog\/","name":"Universo Subaru","description":"Descubre este apasionante espacio de Subaru donde vas a conocer todo sobre nuestros coches y las experiencias que vivimos con ellos. Si est\u00e1s preparado para dejarte seducir por la filosof\u00eda Subaru, qu\u00e9date con nosotros.","publisher":{"@id":"https:\/\/www.subaru.es\/blog\/#organization"},"potentialAction":[{"@type":"SearchAction","target":{"@type":"EntryPoint","urlTemplate":"https:\/\/www.subaru.es\/blog\/?s={search_term_string}"},"query-input":{"@type":"PropertyValueSpecification","valueRequired":true,"valueName":"search_term_string"}}],"inLanguage":"es"},{"@type":"Organization","@id":"https:\/\/www.subaru.es\/blog\/#organization","name":"Subaru Espa\u00f1a S.A.","url":"https:\/\/www.subaru.es\/blog\/","logo":{"@type":"ImageObject","inLanguage":"es","@id":"https:\/\/www.subaru.es\/blog\/#\/schema\/logo\/image\/","url":"https:\/\/www.subaru.es\/blog\/wp-content\/uploads\/2016\/12\/Logo-Subaru-TypeV_C300-scaled.jpg","contentUrl":"https:\/\/www.subaru.es\/blog\/wp-content\/uploads\/2016\/12\/Logo-Subaru-TypeV_C300-scaled.jpg","width":2560,"height":1864,"caption":"Subaru Espa\u00f1a S.A."},"image":{"@id":"https:\/\/www.subaru.es\/blog\/#\/schema\/logo\/image\/"},"sameAs":["https:\/\/www.facebook.com\/subaruespana","https:\/\/www.instagram.com\/subarues\/","https:\/\/www.youtube.com\/user\/subaruespana"]},{"@type":"Person","@id":"https:\/\/www.subaru.es\/blog\/#\/schema\/person\/19a90b892230b8e0ec752704ddf4aa10","name":"Subaru","url":"https:\/\/www.subaru.es\/blog\/author\/subaria\/"}]}},"_links":{"self":[{"href":"https:\/\/www.subaru.es\/blog\/wp-json\/wp\/v2\/posts\/438","targetHints":{"allow":["GET"]}}],"collection":[{"href":"https:\/\/www.subaru.es\/blog\/wp-json\/wp\/v2\/posts"}],"about":[{"href":"https:\/\/www.subaru.es\/blog\/wp-json\/wp\/v2\/types\/post"}],"author":[{"embeddable":true,"href":"https:\/\/www.subaru.es\/blog\/wp-json\/wp\/v2\/users\/21"}],"replies":[{"embeddable":true,"href":"https:\/\/www.subaru.es\/blog\/wp-json\/wp\/v2\/comments?post=438"}],"version-history":[{"count":1,"href":"https:\/\/www.subaru.es\/blog\/wp-json\/wp\/v2\/posts\/438\/revisions"}],"predecessor-version":[{"id":15734,"href":"https:\/\/www.subaru.es\/blog\/wp-json\/wp\/v2\/posts\/438\/revisions\/15734"}],"wp:attachment":[{"href":"https:\/\/www.subaru.es\/blog\/wp-json\/wp\/v2\/media?parent=438"}],"wp:term":[{"taxonomy":"category","embeddable":true,"href":"https:\/\/www.subaru.es\/blog\/wp-json\/wp\/v2\/categories?post=438"},{"taxonomy":"post_tag","embeddable":true,"href":"https:\/\/www.subaru.es\/blog\/wp-json\/wp\/v2\/tags?post=438"}],"curies":[{"name":"wp","href":"https:\/\/api.w.org\/{rel}","templated":true}]}}