{"id":436,"date":"2007-11-22T10:47:42","date_gmt":"2007-11-22T08:47:42","guid":{"rendered":"http:\/\/subaru.preproduccion.com\/blog\/wp-content\/2007\/11\/22\/subaru-sigue-recogiendo-halagos-en-alemania-ahora-de-la-adac\/"},"modified":"2016-10-17T15:09:26","modified_gmt":"2016-10-17T13:09:26","slug":"subaru-sigue-recogiendo-halagos-en-alemania-ahora-de-la-adac","status":"publish","type":"post","link":"https:\/\/www.subaru.es\/blog\/nuestra-marca\/subaru-sigue-recogiendo-halagos-en-alemania-ahora-de-la-adac\/","title":{"rendered":"Subaru sigue recogiendo halagos en Alemania, ahora de la ADAC"},"content":{"rendered":"<p>Primero fue el informe de la consultora <strong>JD Power<\/strong>, comentado <a href=\"https:\/\/www.subaru.es\/blog\/2007\/11\/15\/subaru-una-de-las-marcas-preferidas-por-los-alemanes\/\">aqui<\/a>, que situaba a la marca japonesa como la tercera favorita de los alemanes, pues ahora seg\u00fan el estudio semestral efectuado por <strong>AutoMarxX<\/strong>, elaborado por el Allgemeiner Deutscher Autom\u00f3vil Club (ADAC), prestigioso organismo donde los haya. Subaru es la marca con la que m\u00e1s <a href=\"http:\/\/www.autocosmos.com.ar\/noticias\/expand.asp?id=15216\">satisfechos<\/a> se encuentran sus clientes, seguido por  los de Toyota y Honda.<\/p>\n<p><center><img data-src='https:\/\/www.subaru.es\/blog\/wp-content\/uploads\/2007\/11\/adac.gif' alt='adac.gif' src='data:image\/svg+xml;base64,PHN2ZyB3aWR0aD0iMSIgaGVpZ2h0PSIxIiB4bWxucz0iaHR0cDovL3d3dy53My5vcmcvMjAwMC9zdmciPjwvc3ZnPg==' class='lazyload' style='--smush-placeholder-width: 250px; --smush-placeholder-aspect-ratio: 250\/99;' \/><\/center><\/p>\n<p>Este estudio toma en consideraci\u00f3n dos factores muy importantes y decisivos en la compra de un autom\u00f3vil, la <strong>calidad del producto<\/strong> y el <strong>servicio post venta<\/strong>. Y lo realmente importante de este estudio es quien evalua dichos factores, pues no lo hacen observadores \u00abextra\u00f1os\u00bb o especializados sino quien conduce a diario el veh\u00edculo y quien requiere del servicio post venta.<\/p>\n<p>Porque el <strong>AutoMarxX<\/strong>, que mide la evaluaci\u00f3n es el propio cliente respecto de su coche. <\/p>\n<p>Este estudio se publica cada seis meses y clasifica las <strong>33 marcas m\u00e1s vendidas del mercado alem\u00e1n<\/strong>, el m\u00e1s importante de toda la Uni\u00f3n Europea. Se basa en encuestas realizadas a <strong>55 mil conductores<\/strong>, propietarios de veh\u00edculos de todas las marcas contempladas en el universo vehicular germano.<\/p>\n","protected":false},"excerpt":{"rendered":"<p>Primero fue el informe de la consultora JD Power, comentado aqui, que situaba a la marca japonesa como la tercera favorita de los alemanes, pues ahora seg\u00fan el estudio semestral efectuado por AutoMarxX, elaborado por el Allgemeiner Deutscher Autom\u00f3vil Club (ADAC), prestigioso organismo donde los haya. Subaru es la marca con la que m\u00e1s satisfechos [&hellip;]<\/p>\n","protected":false},"author":21,"featured_media":437,"comment_status":"open","ping_status":"open","sticky":false,"template":"","format":"standard","meta":{"_acf_changed":false,"_eb_attr":"","inline_featured_image":false,"footnotes":""},"categories":[4401],"tags":[],"class_list":["post-436","post","type-post","status-publish","format-standard","has-post-thumbnail","hentry","category-nuestra-marca"],"acf":[],"yoast_head":"<!-- This site is optimized with the Yoast SEO plugin v27.3 - https:\/\/yoast.com\/product\/yoast-seo-wordpress\/ -->\n<title>Subaru sigue recogiendo halagos en Alemania, ahora de la ADAC - Universo Subaru<\/title>\n<meta name=\"robots\" content=\"index, follow, max-snippet:-1, max-image-preview:large, max-video-preview:-1\" \/>\n<link rel=\"canonical\" href=\"https:\/\/www.subaru.es\/blog\/nuestra-marca\/subaru-sigue-recogiendo-halagos-en-alemania-ahora-de-la-adac\/\" \/>\n<meta property=\"og:locale\" content=\"es_ES\" \/>\n<meta property=\"og:type\" content=\"article\" \/>\n<meta property=\"og:title\" content=\"Subaru sigue recogiendo halagos en Alemania, ahora de la ADAC - Universo Subaru\" \/>\n<meta property=\"og:description\" content=\"Primero fue el informe de la consultora JD Power, comentado aqui, que situaba a la marca japonesa como la tercera favorita de los alemanes, pues ahora seg\u00fan el estudio semestral efectuado por AutoMarxX, elaborado por el Allgemeiner Deutscher Autom\u00f3vil Club (ADAC), prestigioso organismo donde los haya. Subaru es la marca con la que m\u00e1s satisfechos [&hellip;]\" \/>\n<meta property=\"og:url\" content=\"https:\/\/www.subaru.es\/blog\/nuestra-marca\/subaru-sigue-recogiendo-halagos-en-alemania-ahora-de-la-adac\/\" \/>\n<meta property=\"og:site_name\" content=\"Universo Subaru\" \/>\n<meta property=\"article:publisher\" content=\"https:\/\/www.facebook.com\/subaruespana\" \/>\n<meta property=\"article:published_time\" content=\"2007-11-22T08:47:42+00:00\" \/>\n<meta property=\"article:modified_time\" content=\"2016-10-17T13:09:26+00:00\" \/>\n<meta property=\"og:image\" content=\"https:\/\/www.subaru.es\/blog\/wp-content\/uploads\/2007\/11\/adac.gif\" \/>\n\t<meta property=\"og:image:width\" content=\"250\" \/>\n\t<meta property=\"og:image:height\" content=\"99\" \/>\n\t<meta property=\"og:image:type\" content=\"image\/gif\" \/>\n<meta name=\"author\" content=\"Subaru\" \/>\n<meta name=\"twitter:card\" content=\"summary_large_image\" \/>\n<meta name=\"twitter:label1\" content=\"Escrito por\" \/>\n\t<meta name=\"twitter:data1\" content=\"Subaru\" \/>\n\t<meta name=\"twitter:label2\" content=\"Tiempo de lectura\" \/>\n\t<meta name=\"twitter:data2\" content=\"1 minuto\" \/>\n<script type=\"application\/ld+json\" class=\"yoast-schema-graph\">{\"@context\":\"https:\\\/\\\/schema.org\",\"@graph\":[{\"@type\":\"Article\",\"@id\":\"https:\\\/\\\/www.subaru.es\\\/blog\\\/nuestra-marca\\\/subaru-sigue-recogiendo-halagos-en-alemania-ahora-de-la-adac\\\/#article\",\"isPartOf\":{\"@id\":\"https:\\\/\\\/www.subaru.es\\\/blog\\\/nuestra-marca\\\/subaru-sigue-recogiendo-halagos-en-alemania-ahora-de-la-adac\\\/\"},\"author\":{\"name\":\"Subaru\",\"@id\":\"https:\\\/\\\/www.subaru.es\\\/blog\\\/#\\\/schema\\\/person\\\/19a90b892230b8e0ec752704ddf4aa10\"},\"headline\":\"Subaru sigue recogiendo halagos en Alemania, ahora de la ADAC\",\"datePublished\":\"2007-11-22T08:47:42+00:00\",\"dateModified\":\"2016-10-17T13:09:26+00:00\",\"mainEntityOfPage\":{\"@id\":\"https:\\\/\\\/www.subaru.es\\\/blog\\\/nuestra-marca\\\/subaru-sigue-recogiendo-halagos-en-alemania-ahora-de-la-adac\\\/\"},\"wordCount\":209,\"commentCount\":2,\"publisher\":{\"@id\":\"https:\\\/\\\/www.subaru.es\\\/blog\\\/#organization\"},\"image\":{\"@id\":\"https:\\\/\\\/www.subaru.es\\\/blog\\\/nuestra-marca\\\/subaru-sigue-recogiendo-halagos-en-alemania-ahora-de-la-adac\\\/#primaryimage\"},\"thumbnailUrl\":\"https:\\\/\\\/www.subaru.es\\\/blog\\\/wp-content\\\/uploads\\\/2007\\\/11\\\/adac.gif\",\"articleSection\":[\"Nuestra marca\"],\"inLanguage\":\"es\",\"potentialAction\":[{\"@type\":\"CommentAction\",\"name\":\"Comment\",\"target\":[\"https:\\\/\\\/www.subaru.es\\\/blog\\\/nuestra-marca\\\/subaru-sigue-recogiendo-halagos-en-alemania-ahora-de-la-adac\\\/#respond\"]}]},{\"@type\":\"WebPage\",\"@id\":\"https:\\\/\\\/www.subaru.es\\\/blog\\\/nuestra-marca\\\/subaru-sigue-recogiendo-halagos-en-alemania-ahora-de-la-adac\\\/\",\"url\":\"https:\\\/\\\/www.subaru.es\\\/blog\\\/nuestra-marca\\\/subaru-sigue-recogiendo-halagos-en-alemania-ahora-de-la-adac\\\/\",\"name\":\"Subaru sigue recogiendo halagos en Alemania, ahora de la ADAC - Universo Subaru\",\"isPartOf\":{\"@id\":\"https:\\\/\\\/www.subaru.es\\\/blog\\\/#website\"},\"primaryImageOfPage\":{\"@id\":\"https:\\\/\\\/www.subaru.es\\\/blog\\\/nuestra-marca\\\/subaru-sigue-recogiendo-halagos-en-alemania-ahora-de-la-adac\\\/#primaryimage\"},\"image\":{\"@id\":\"https:\\\/\\\/www.subaru.es\\\/blog\\\/nuestra-marca\\\/subaru-sigue-recogiendo-halagos-en-alemania-ahora-de-la-adac\\\/#primaryimage\"},\"thumbnailUrl\":\"https:\\\/\\\/www.subaru.es\\\/blog\\\/wp-content\\\/uploads\\\/2007\\\/11\\\/adac.gif\",\"datePublished\":\"2007-11-22T08:47:42+00:00\",\"dateModified\":\"2016-10-17T13:09:26+00:00\",\"breadcrumb\":{\"@id\":\"https:\\\/\\\/www.subaru.es\\\/blog\\\/nuestra-marca\\\/subaru-sigue-recogiendo-halagos-en-alemania-ahora-de-la-adac\\\/#breadcrumb\"},\"inLanguage\":\"es\",\"potentialAction\":[{\"@type\":\"ReadAction\",\"target\":[\"https:\\\/\\\/www.subaru.es\\\/blog\\\/nuestra-marca\\\/subaru-sigue-recogiendo-halagos-en-alemania-ahora-de-la-adac\\\/\"]}]},{\"@type\":\"ImageObject\",\"inLanguage\":\"es\",\"@id\":\"https:\\\/\\\/www.subaru.es\\\/blog\\\/nuestra-marca\\\/subaru-sigue-recogiendo-halagos-en-alemania-ahora-de-la-adac\\\/#primaryimage\",\"url\":\"https:\\\/\\\/www.subaru.es\\\/blog\\\/wp-content\\\/uploads\\\/2007\\\/11\\\/adac.gif\",\"contentUrl\":\"https:\\\/\\\/www.subaru.es\\\/blog\\\/wp-content\\\/uploads\\\/2007\\\/11\\\/adac.gif\",\"width\":250,\"height\":99},{\"@type\":\"BreadcrumbList\",\"@id\":\"https:\\\/\\\/www.subaru.es\\\/blog\\\/nuestra-marca\\\/subaru-sigue-recogiendo-halagos-en-alemania-ahora-de-la-adac\\\/#breadcrumb\",\"itemListElement\":[{\"@type\":\"ListItem\",\"position\":1,\"name\":\"Portada\",\"item\":\"https:\\\/\\\/www.subaru.es\\\/blog\\\/\"},{\"@type\":\"ListItem\",\"position\":2,\"name\":\"Subaru sigue recogiendo halagos en Alemania, ahora de la ADAC\"}]},{\"@type\":\"WebSite\",\"@id\":\"https:\\\/\\\/www.subaru.es\\\/blog\\\/#website\",\"url\":\"https:\\\/\\\/www.subaru.es\\\/blog\\\/\",\"name\":\"Universo Subaru\",\"description\":\"Descubre este apasionante espacio de Subaru donde vas a conocer todo sobre nuestros coches y las experiencias que vivimos con ellos. Si est\u00e1s preparado para dejarte seducir por la filosof\u00eda Subaru, qu\u00e9date con nosotros.\",\"publisher\":{\"@id\":\"https:\\\/\\\/www.subaru.es\\\/blog\\\/#organization\"},\"potentialAction\":[{\"@type\":\"SearchAction\",\"target\":{\"@type\":\"EntryPoint\",\"urlTemplate\":\"https:\\\/\\\/www.subaru.es\\\/blog\\\/?s={search_term_string}\"},\"query-input\":{\"@type\":\"PropertyValueSpecification\",\"valueRequired\":true,\"valueName\":\"search_term_string\"}}],\"inLanguage\":\"es\"},{\"@type\":\"Organization\",\"@id\":\"https:\\\/\\\/www.subaru.es\\\/blog\\\/#organization\",\"name\":\"Subaru Espa\u00f1a S.A.\",\"url\":\"https:\\\/\\\/www.subaru.es\\\/blog\\\/\",\"logo\":{\"@type\":\"ImageObject\",\"inLanguage\":\"es\",\"@id\":\"https:\\\/\\\/www.subaru.es\\\/blog\\\/#\\\/schema\\\/logo\\\/image\\\/\",\"url\":\"https:\\\/\\\/www.subaru.es\\\/blog\\\/wp-content\\\/uploads\\\/2016\\\/12\\\/Logo-Subaru-TypeV_C300-scaled.jpg\",\"contentUrl\":\"https:\\\/\\\/www.subaru.es\\\/blog\\\/wp-content\\\/uploads\\\/2016\\\/12\\\/Logo-Subaru-TypeV_C300-scaled.jpg\",\"width\":2560,\"height\":1864,\"caption\":\"Subaru Espa\u00f1a S.A.\"},\"image\":{\"@id\":\"https:\\\/\\\/www.subaru.es\\\/blog\\\/#\\\/schema\\\/logo\\\/image\\\/\"},\"sameAs\":[\"https:\\\/\\\/www.facebook.com\\\/subaruespana\",\"https:\\\/\\\/www.instagram.com\\\/subarues\\\/\",\"https:\\\/\\\/www.youtube.com\\\/user\\\/subaruespana\"]},{\"@type\":\"Person\",\"@id\":\"https:\\\/\\\/www.subaru.es\\\/blog\\\/#\\\/schema\\\/person\\\/19a90b892230b8e0ec752704ddf4aa10\",\"name\":\"Subaru\",\"url\":\"https:\\\/\\\/www.subaru.es\\\/blog\\\/author\\\/subaria\\\/\"}]}<\/script>\n<!-- \/ Yoast SEO plugin. -->","yoast_head_json":{"title":"Subaru sigue recogiendo halagos en Alemania, ahora de la ADAC - Universo Subaru","robots":{"index":"index","follow":"follow","max-snippet":"max-snippet:-1","max-image-preview":"max-image-preview:large","max-video-preview":"max-video-preview:-1"},"canonical":"https:\/\/www.subaru.es\/blog\/nuestra-marca\/subaru-sigue-recogiendo-halagos-en-alemania-ahora-de-la-adac\/","og_locale":"es_ES","og_type":"article","og_title":"Subaru sigue recogiendo halagos en Alemania, ahora de la ADAC - Universo Subaru","og_description":"Primero fue el informe de la consultora JD Power, comentado aqui, que situaba a la marca japonesa como la tercera favorita de los alemanes, pues ahora seg\u00fan el estudio semestral efectuado por AutoMarxX, elaborado por el Allgemeiner Deutscher Autom\u00f3vil Club (ADAC), prestigioso organismo donde los haya. Subaru es la marca con la que m\u00e1s satisfechos [&hellip;]","og_url":"https:\/\/www.subaru.es\/blog\/nuestra-marca\/subaru-sigue-recogiendo-halagos-en-alemania-ahora-de-la-adac\/","og_site_name":"Universo Subaru","article_publisher":"https:\/\/www.facebook.com\/subaruespana","article_published_time":"2007-11-22T08:47:42+00:00","article_modified_time":"2016-10-17T13:09:26+00:00","og_image":[{"width":250,"height":99,"url":"https:\/\/www.subaru.es\/blog\/wp-content\/uploads\/2007\/11\/adac.gif","type":"image\/gif"}],"author":"Subaru","twitter_card":"summary_large_image","twitter_misc":{"Escrito por":"Subaru","Tiempo de lectura":"1 minuto"},"schema":{"@context":"https:\/\/schema.org","@graph":[{"@type":"Article","@id":"https:\/\/www.subaru.es\/blog\/nuestra-marca\/subaru-sigue-recogiendo-halagos-en-alemania-ahora-de-la-adac\/#article","isPartOf":{"@id":"https:\/\/www.subaru.es\/blog\/nuestra-marca\/subaru-sigue-recogiendo-halagos-en-alemania-ahora-de-la-adac\/"},"author":{"name":"Subaru","@id":"https:\/\/www.subaru.es\/blog\/#\/schema\/person\/19a90b892230b8e0ec752704ddf4aa10"},"headline":"Subaru sigue recogiendo halagos en Alemania, ahora de la ADAC","datePublished":"2007-11-22T08:47:42+00:00","dateModified":"2016-10-17T13:09:26+00:00","mainEntityOfPage":{"@id":"https:\/\/www.subaru.es\/blog\/nuestra-marca\/subaru-sigue-recogiendo-halagos-en-alemania-ahora-de-la-adac\/"},"wordCount":209,"commentCount":2,"publisher":{"@id":"https:\/\/www.subaru.es\/blog\/#organization"},"image":{"@id":"https:\/\/www.subaru.es\/blog\/nuestra-marca\/subaru-sigue-recogiendo-halagos-en-alemania-ahora-de-la-adac\/#primaryimage"},"thumbnailUrl":"https:\/\/www.subaru.es\/blog\/wp-content\/uploads\/2007\/11\/adac.gif","articleSection":["Nuestra marca"],"inLanguage":"es","potentialAction":[{"@type":"CommentAction","name":"Comment","target":["https:\/\/www.subaru.es\/blog\/nuestra-marca\/subaru-sigue-recogiendo-halagos-en-alemania-ahora-de-la-adac\/#respond"]}]},{"@type":"WebPage","@id":"https:\/\/www.subaru.es\/blog\/nuestra-marca\/subaru-sigue-recogiendo-halagos-en-alemania-ahora-de-la-adac\/","url":"https:\/\/www.subaru.es\/blog\/nuestra-marca\/subaru-sigue-recogiendo-halagos-en-alemania-ahora-de-la-adac\/","name":"Subaru sigue recogiendo halagos en Alemania, ahora de la ADAC - Universo Subaru","isPartOf":{"@id":"https:\/\/www.subaru.es\/blog\/#website"},"primaryImageOfPage":{"@id":"https:\/\/www.subaru.es\/blog\/nuestra-marca\/subaru-sigue-recogiendo-halagos-en-alemania-ahora-de-la-adac\/#primaryimage"},"image":{"@id":"https:\/\/www.subaru.es\/blog\/nuestra-marca\/subaru-sigue-recogiendo-halagos-en-alemania-ahora-de-la-adac\/#primaryimage"},"thumbnailUrl":"https:\/\/www.subaru.es\/blog\/wp-content\/uploads\/2007\/11\/adac.gif","datePublished":"2007-11-22T08:47:42+00:00","dateModified":"2016-10-17T13:09:26+00:00","breadcrumb":{"@id":"https:\/\/www.subaru.es\/blog\/nuestra-marca\/subaru-sigue-recogiendo-halagos-en-alemania-ahora-de-la-adac\/#breadcrumb"},"inLanguage":"es","potentialAction":[{"@type":"ReadAction","target":["https:\/\/www.subaru.es\/blog\/nuestra-marca\/subaru-sigue-recogiendo-halagos-en-alemania-ahora-de-la-adac\/"]}]},{"@type":"ImageObject","inLanguage":"es","@id":"https:\/\/www.subaru.es\/blog\/nuestra-marca\/subaru-sigue-recogiendo-halagos-en-alemania-ahora-de-la-adac\/#primaryimage","url":"https:\/\/www.subaru.es\/blog\/wp-content\/uploads\/2007\/11\/adac.gif","contentUrl":"https:\/\/www.subaru.es\/blog\/wp-content\/uploads\/2007\/11\/adac.gif","width":250,"height":99},{"@type":"BreadcrumbList","@id":"https:\/\/www.subaru.es\/blog\/nuestra-marca\/subaru-sigue-recogiendo-halagos-en-alemania-ahora-de-la-adac\/#breadcrumb","itemListElement":[{"@type":"ListItem","position":1,"name":"Portada","item":"https:\/\/www.subaru.es\/blog\/"},{"@type":"ListItem","position":2,"name":"Subaru sigue recogiendo halagos en Alemania, ahora de la ADAC"}]},{"@type":"WebSite","@id":"https:\/\/www.subaru.es\/blog\/#website","url":"https:\/\/www.subaru.es\/blog\/","name":"Universo Subaru","description":"Descubre este apasionante espacio de Subaru donde vas a conocer todo sobre nuestros coches y las experiencias que vivimos con ellos. Si est\u00e1s preparado para dejarte seducir por la filosof\u00eda Subaru, qu\u00e9date con nosotros.","publisher":{"@id":"https:\/\/www.subaru.es\/blog\/#organization"},"potentialAction":[{"@type":"SearchAction","target":{"@type":"EntryPoint","urlTemplate":"https:\/\/www.subaru.es\/blog\/?s={search_term_string}"},"query-input":{"@type":"PropertyValueSpecification","valueRequired":true,"valueName":"search_term_string"}}],"inLanguage":"es"},{"@type":"Organization","@id":"https:\/\/www.subaru.es\/blog\/#organization","name":"Subaru Espa\u00f1a S.A.","url":"https:\/\/www.subaru.es\/blog\/","logo":{"@type":"ImageObject","inLanguage":"es","@id":"https:\/\/www.subaru.es\/blog\/#\/schema\/logo\/image\/","url":"https:\/\/www.subaru.es\/blog\/wp-content\/uploads\/2016\/12\/Logo-Subaru-TypeV_C300-scaled.jpg","contentUrl":"https:\/\/www.subaru.es\/blog\/wp-content\/uploads\/2016\/12\/Logo-Subaru-TypeV_C300-scaled.jpg","width":2560,"height":1864,"caption":"Subaru Espa\u00f1a S.A."},"image":{"@id":"https:\/\/www.subaru.es\/blog\/#\/schema\/logo\/image\/"},"sameAs":["https:\/\/www.facebook.com\/subaruespana","https:\/\/www.instagram.com\/subarues\/","https:\/\/www.youtube.com\/user\/subaruespana"]},{"@type":"Person","@id":"https:\/\/www.subaru.es\/blog\/#\/schema\/person\/19a90b892230b8e0ec752704ddf4aa10","name":"Subaru","url":"https:\/\/www.subaru.es\/blog\/author\/subaria\/"}]}},"_links":{"self":[{"href":"https:\/\/www.subaru.es\/blog\/wp-json\/wp\/v2\/posts\/436","targetHints":{"allow":["GET"]}}],"collection":[{"href":"https:\/\/www.subaru.es\/blog\/wp-json\/wp\/v2\/posts"}],"about":[{"href":"https:\/\/www.subaru.es\/blog\/wp-json\/wp\/v2\/types\/post"}],"author":[{"embeddable":true,"href":"https:\/\/www.subaru.es\/blog\/wp-json\/wp\/v2\/users\/21"}],"replies":[{"embeddable":true,"href":"https:\/\/www.subaru.es\/blog\/wp-json\/wp\/v2\/comments?post=436"}],"version-history":[{"count":1,"href":"https:\/\/www.subaru.es\/blog\/wp-json\/wp\/v2\/posts\/436\/revisions"}],"predecessor-version":[{"id":15735,"href":"https:\/\/www.subaru.es\/blog\/wp-json\/wp\/v2\/posts\/436\/revisions\/15735"}],"wp:featuredmedia":[{"embeddable":true,"href":"https:\/\/www.subaru.es\/blog\/wp-json\/wp\/v2\/media\/437"}],"wp:attachment":[{"href":"https:\/\/www.subaru.es\/blog\/wp-json\/wp\/v2\/media?parent=436"}],"wp:term":[{"taxonomy":"category","embeddable":true,"href":"https:\/\/www.subaru.es\/blog\/wp-json\/wp\/v2\/categories?post=436"},{"taxonomy":"post_tag","embeddable":true,"href":"https:\/\/www.subaru.es\/blog\/wp-json\/wp\/v2\/tags?post=436"}],"curies":[{"name":"wp","href":"https:\/\/api.w.org\/{rel}","templated":true}]}}