{"id":4282,"date":"2011-03-24T17:17:27","date_gmt":"2011-03-24T15:17:27","guid":{"rendered":"http:\/\/subaru.preproduccion.com\/blog\/?p=4282"},"modified":"2020-08-12T11:58:19","modified_gmt":"2020-08-12T09:58:19","slug":"subaru-y-fhi-con-las-victimas-de-japon","status":"publish","type":"post","link":"https:\/\/www.subaru.es\/blog\/nuestra-marca\/subaru-y-fhi-con-las-victimas-de-japon\/","title":{"rendered":"Subaru y FHI, con las v\u00edctimas de Jap\u00f3n"},"content":{"rendered":"<p><center><a href=\"https:\/\/www.subaru.es\/blog\/wp-content\/uploads\/2011\/03\/japon.jpg\"><img decoding=\"async\" class=\"aligncenter size-full wp-image-4283 lazyload\" title=\"Jap\u00f3n\" data-src=\"https:\/\/www.subaru.es\/blog\/wp-content\/uploads\/2011\/03\/japon.jpg\" alt=\"Jap\u00f3n\" width=\"500\" height=\"333\" src=\"data:image\/svg+xml;base64,PHN2ZyB3aWR0aD0iMSIgaGVpZ2h0PSIxIiB4bWxucz0iaHR0cDovL3d3dy53My5vcmcvMjAwMC9zdmciPjwvc3ZnPg==\" style=\"--smush-placeholder-width: 500px; --smush-placeholder-aspect-ratio: 500\/333;\"><\/a><\/center><\/p>\n<p>El terremoto que sacudi\u00f3 Jap\u00f3n hace ya casi dos semanas nos ha dejado a todos bastante impactados. No obstante, esa no es raz\u00f3n para quedarse tambi\u00e9n paralizados, y las <strong>reacciones de apoyo y ayuda a las v\u00edctimas<\/strong> han empezado a surgir desde todos los rincones del planeta. <strong>Subaru tambi\u00e9n ha querido unirse<\/strong> a las labores de ayuda, para lo que ha lanzado una acci\u00f3n conjunta con Fuji Heavy Industries.<\/p>\n<p><!--more--><\/p>\n<p>El objetivo es <strong>recaudar fondos<\/strong> para ayudar en las tareas de reconstrucci\u00f3n de los lugares da\u00f1ados, para lo que <a href=\"http:\/\/www.subaru.com\/company\/news\/2011_march.html#2011marchjapanrelief\" target=\"_blank\" rel=\"noopener noreferrer\">Subaru America ha anunciado <\/a>que ofrecer\u00e1 donaciones que igualen las contribuciones que los concesionarios afiliados hagan a la Cruz Roja de Estados Unidos.<\/p>\n<p><a href=\"http:\/\/www.fhi.co.jp\/english\/\" target=\"_blank\" rel=\"noopener noreferrer\">FHI<\/a>, por su parte, ya ha hecho una<strong> donaci\u00f3n de 50 millones de yenes <\/strong>(casi 500.000 euros), adem\u00e1s de otros 10 millones recaudados entre sus empleados. Adem\u00e1s, han donado otros 50 millones de yenes en material como generadores o bombas de agua.<\/p>\n<p>Desde Subaru Espa\u00f1a queremos tambi\u00e9n <strong>agradecer a los clubs Subaru<\/strong> (el <a href=\"http:\/\/www.clubsubaru.es\/\" target=\"_blank\" rel=\"noopener noreferrer\">Club Subaru Espa\u00f1a<\/a> y el <a href=\"http:\/\/clubsubarutodocamino.com\/\" target=\"_blank\" rel=\"noopener noreferrer\">Club Subaru Todocamino<\/a>) su apoyo a estas acciones y la carta que, en nombre de sus miembros, han enviado a Ikuo Mori para expresar sus condolencias y apoyo al pueblo japon\u00e9s.<\/p>\n<p>Puedes descargarte la carta aqu\u00ed:&nbsp;<a href=\"https:\/\/www.subaru.es\/blog\/wp-content\/uploads\/2011\/03\/110323_Carta-Clubs-Subaru-Japon1.pdf\">110323_Carta Clubs Subaru Japon<\/a><\/p>\n<p>Foto | <a href=\"http:\/\/www.flickr.com\/people\/oimax\/\" target=\"_blank\" rel=\"noopener noreferrer\">Toshihiro Oimatsu<\/a><\/p>\n","protected":false},"excerpt":{"rendered":"<p>El terremoto que sacudi\u00f3 Jap\u00f3n hace ya casi dos semanas nos ha dejado a todos bastante impactados. No obstante, esa no es raz\u00f3n para quedarse tambi\u00e9n paralizados, y las reacciones de apoyo y ayuda a las v\u00edctimas han empezado a surgir desde todos los rincones del planeta. Subaru tambi\u00e9n ha querido unirse a las labores [&hellip;]<\/p>\n","protected":false},"author":21,"featured_media":4283,"comment_status":"open","ping_status":"open","sticky":false,"template":"","format":"standard","meta":{"_acf_changed":false,"_eb_attr":"","inline_featured_image":false,"footnotes":""},"categories":[4401],"tags":[3394,3209,2774,1498,1496,540,3395,3267,3393],"class_list":["post-4282","post","type-post","status-publish","format-standard","has-post-thumbnail","hentry","category-nuestra-marca","tag-ayuda","tag-club-subaru-espana","tag-club-subaru-todocamino","tag-fhi","tag-ikuo-mori","tag-japon","tag-recaudacion-de-fondos","tag-subaru-america","tag-terremoto"],"acf":[],"yoast_head":"<!-- This site is optimized with the Yoast SEO plugin v27.3 - https:\/\/yoast.com\/product\/yoast-seo-wordpress\/ -->\n<title>Subaru y FHI, con las v\u00edctimas de Jap\u00f3n - Universo Subaru<\/title>\n<meta name=\"robots\" content=\"index, follow, max-snippet:-1, max-image-preview:large, max-video-preview:-1\" \/>\n<link rel=\"canonical\" href=\"https:\/\/www.subaru.es\/blog\/nuestra-marca\/subaru-y-fhi-con-las-victimas-de-japon\/\" \/>\n<meta property=\"og:locale\" content=\"es_ES\" \/>\n<meta property=\"og:type\" content=\"article\" \/>\n<meta property=\"og:title\" content=\"Subaru y FHI, con las v\u00edctimas de Jap\u00f3n - Universo Subaru\" \/>\n<meta property=\"og:description\" content=\"El terremoto que sacudi\u00f3 Jap\u00f3n hace ya casi dos semanas nos ha dejado a todos bastante impactados. No obstante, esa no es raz\u00f3n para quedarse tambi\u00e9n paralizados, y las reacciones de apoyo y ayuda a las v\u00edctimas han empezado a surgir desde todos los rincones del planeta. Subaru tambi\u00e9n ha querido unirse a las labores [&hellip;]\" \/>\n<meta property=\"og:url\" content=\"https:\/\/www.subaru.es\/blog\/nuestra-marca\/subaru-y-fhi-con-las-victimas-de-japon\/\" \/>\n<meta property=\"og:site_name\" content=\"Universo Subaru\" \/>\n<meta property=\"article:publisher\" content=\"https:\/\/www.facebook.com\/subaruespana\" \/>\n<meta property=\"article:published_time\" content=\"2011-03-24T15:17:27+00:00\" \/>\n<meta property=\"article:modified_time\" content=\"2020-08-12T09:58:19+00:00\" \/>\n<meta property=\"og:image\" content=\"https:\/\/www.subaru.es\/blog\/wp-content\/uploads\/2011\/03\/japon.jpg\" \/>\n\t<meta property=\"og:image:width\" content=\"500\" \/>\n\t<meta property=\"og:image:height\" content=\"333\" \/>\n\t<meta property=\"og:image:type\" content=\"image\/jpeg\" \/>\n<meta name=\"author\" content=\"Subaru\" \/>\n<meta name=\"twitter:card\" content=\"summary_large_image\" \/>\n<meta name=\"twitter:label1\" content=\"Escrito por\" \/>\n\t<meta name=\"twitter:data1\" content=\"Subaru\" \/>\n\t<meta name=\"twitter:label2\" content=\"Tiempo de lectura\" \/>\n\t<meta name=\"twitter:data2\" content=\"1 minuto\" \/>\n<script type=\"application\/ld+json\" class=\"yoast-schema-graph\">{\"@context\":\"https:\\\/\\\/schema.org\",\"@graph\":[{\"@type\":\"Article\",\"@id\":\"https:\\\/\\\/www.subaru.es\\\/blog\\\/nuestra-marca\\\/subaru-y-fhi-con-las-victimas-de-japon\\\/#article\",\"isPartOf\":{\"@id\":\"https:\\\/\\\/www.subaru.es\\\/blog\\\/nuestra-marca\\\/subaru-y-fhi-con-las-victimas-de-japon\\\/\"},\"author\":{\"name\":\"Subaru\",\"@id\":\"https:\\\/\\\/www.subaru.es\\\/blog\\\/#\\\/schema\\\/person\\\/19a90b892230b8e0ec752704ddf4aa10\"},\"headline\":\"Subaru y FHI, con las v\u00edctimas de Jap\u00f3n\",\"datePublished\":\"2011-03-24T15:17:27+00:00\",\"dateModified\":\"2020-08-12T09:58:19+00:00\",\"mainEntityOfPage\":{\"@id\":\"https:\\\/\\\/www.subaru.es\\\/blog\\\/nuestra-marca\\\/subaru-y-fhi-con-las-victimas-de-japon\\\/\"},\"wordCount\":234,\"commentCount\":1,\"publisher\":{\"@id\":\"https:\\\/\\\/www.subaru.es\\\/blog\\\/#organization\"},\"image\":{\"@id\":\"https:\\\/\\\/www.subaru.es\\\/blog\\\/nuestra-marca\\\/subaru-y-fhi-con-las-victimas-de-japon\\\/#primaryimage\"},\"thumbnailUrl\":\"https:\\\/\\\/www.subaru.es\\\/blog\\\/wp-content\\\/uploads\\\/2011\\\/03\\\/japon.jpg\",\"keywords\":[\"Ayuda\",\"Club Subaru Espa\u00f1a\",\"Club Subaru Todocamino\",\"FHI\",\"Ikuo Mori\",\"japon\",\"Recaudaci\u00f3n de fondos\",\"subaru america\",\"Terremoto\"],\"articleSection\":[\"Nuestra marca\"],\"inLanguage\":\"es\",\"potentialAction\":[{\"@type\":\"CommentAction\",\"name\":\"Comment\",\"target\":[\"https:\\\/\\\/www.subaru.es\\\/blog\\\/nuestra-marca\\\/subaru-y-fhi-con-las-victimas-de-japon\\\/#respond\"]}]},{\"@type\":\"WebPage\",\"@id\":\"https:\\\/\\\/www.subaru.es\\\/blog\\\/nuestra-marca\\\/subaru-y-fhi-con-las-victimas-de-japon\\\/\",\"url\":\"https:\\\/\\\/www.subaru.es\\\/blog\\\/nuestra-marca\\\/subaru-y-fhi-con-las-victimas-de-japon\\\/\",\"name\":\"Subaru y FHI, con las v\u00edctimas de Jap\u00f3n - Universo Subaru\",\"isPartOf\":{\"@id\":\"https:\\\/\\\/www.subaru.es\\\/blog\\\/#website\"},\"primaryImageOfPage\":{\"@id\":\"https:\\\/\\\/www.subaru.es\\\/blog\\\/nuestra-marca\\\/subaru-y-fhi-con-las-victimas-de-japon\\\/#primaryimage\"},\"image\":{\"@id\":\"https:\\\/\\\/www.subaru.es\\\/blog\\\/nuestra-marca\\\/subaru-y-fhi-con-las-victimas-de-japon\\\/#primaryimage\"},\"thumbnailUrl\":\"https:\\\/\\\/www.subaru.es\\\/blog\\\/wp-content\\\/uploads\\\/2011\\\/03\\\/japon.jpg\",\"datePublished\":\"2011-03-24T15:17:27+00:00\",\"dateModified\":\"2020-08-12T09:58:19+00:00\",\"breadcrumb\":{\"@id\":\"https:\\\/\\\/www.subaru.es\\\/blog\\\/nuestra-marca\\\/subaru-y-fhi-con-las-victimas-de-japon\\\/#breadcrumb\"},\"inLanguage\":\"es\",\"potentialAction\":[{\"@type\":\"ReadAction\",\"target\":[\"https:\\\/\\\/www.subaru.es\\\/blog\\\/nuestra-marca\\\/subaru-y-fhi-con-las-victimas-de-japon\\\/\"]}]},{\"@type\":\"ImageObject\",\"inLanguage\":\"es\",\"@id\":\"https:\\\/\\\/www.subaru.es\\\/blog\\\/nuestra-marca\\\/subaru-y-fhi-con-las-victimas-de-japon\\\/#primaryimage\",\"url\":\"https:\\\/\\\/www.subaru.es\\\/blog\\\/wp-content\\\/uploads\\\/2011\\\/03\\\/japon.jpg\",\"contentUrl\":\"https:\\\/\\\/www.subaru.es\\\/blog\\\/wp-content\\\/uploads\\\/2011\\\/03\\\/japon.jpg\",\"width\":500,\"height\":333,\"caption\":\"Jap\u00f3n\"},{\"@type\":\"BreadcrumbList\",\"@id\":\"https:\\\/\\\/www.subaru.es\\\/blog\\\/nuestra-marca\\\/subaru-y-fhi-con-las-victimas-de-japon\\\/#breadcrumb\",\"itemListElement\":[{\"@type\":\"ListItem\",\"position\":1,\"name\":\"Portada\",\"item\":\"https:\\\/\\\/www.subaru.es\\\/blog\\\/\"},{\"@type\":\"ListItem\",\"position\":2,\"name\":\"Subaru y FHI, con las v\u00edctimas de Jap\u00f3n\"}]},{\"@type\":\"WebSite\",\"@id\":\"https:\\\/\\\/www.subaru.es\\\/blog\\\/#website\",\"url\":\"https:\\\/\\\/www.subaru.es\\\/blog\\\/\",\"name\":\"Universo Subaru\",\"description\":\"Descubre este apasionante espacio de Subaru donde vas a conocer todo sobre nuestros coches y las experiencias que vivimos con ellos. Si est\u00e1s preparado para dejarte seducir por la filosof\u00eda Subaru, qu\u00e9date con nosotros.\",\"publisher\":{\"@id\":\"https:\\\/\\\/www.subaru.es\\\/blog\\\/#organization\"},\"potentialAction\":[{\"@type\":\"SearchAction\",\"target\":{\"@type\":\"EntryPoint\",\"urlTemplate\":\"https:\\\/\\\/www.subaru.es\\\/blog\\\/?s={search_term_string}\"},\"query-input\":{\"@type\":\"PropertyValueSpecification\",\"valueRequired\":true,\"valueName\":\"search_term_string\"}}],\"inLanguage\":\"es\"},{\"@type\":\"Organization\",\"@id\":\"https:\\\/\\\/www.subaru.es\\\/blog\\\/#organization\",\"name\":\"Subaru Espa\u00f1a S.A.\",\"url\":\"https:\\\/\\\/www.subaru.es\\\/blog\\\/\",\"logo\":{\"@type\":\"ImageObject\",\"inLanguage\":\"es\",\"@id\":\"https:\\\/\\\/www.subaru.es\\\/blog\\\/#\\\/schema\\\/logo\\\/image\\\/\",\"url\":\"https:\\\/\\\/www.subaru.es\\\/blog\\\/wp-content\\\/uploads\\\/2016\\\/12\\\/Logo-Subaru-TypeV_C300-scaled.jpg\",\"contentUrl\":\"https:\\\/\\\/www.subaru.es\\\/blog\\\/wp-content\\\/uploads\\\/2016\\\/12\\\/Logo-Subaru-TypeV_C300-scaled.jpg\",\"width\":2560,\"height\":1864,\"caption\":\"Subaru Espa\u00f1a S.A.\"},\"image\":{\"@id\":\"https:\\\/\\\/www.subaru.es\\\/blog\\\/#\\\/schema\\\/logo\\\/image\\\/\"},\"sameAs\":[\"https:\\\/\\\/www.facebook.com\\\/subaruespana\",\"https:\\\/\\\/www.instagram.com\\\/subarues\\\/\",\"https:\\\/\\\/www.youtube.com\\\/user\\\/subaruespana\"]},{\"@type\":\"Person\",\"@id\":\"https:\\\/\\\/www.subaru.es\\\/blog\\\/#\\\/schema\\\/person\\\/19a90b892230b8e0ec752704ddf4aa10\",\"name\":\"Subaru\",\"url\":\"https:\\\/\\\/www.subaru.es\\\/blog\\\/author\\\/subaria\\\/\"}]}<\/script>\n<!-- \/ Yoast SEO plugin. -->","yoast_head_json":{"title":"Subaru y FHI, con las v\u00edctimas de Jap\u00f3n - Universo Subaru","robots":{"index":"index","follow":"follow","max-snippet":"max-snippet:-1","max-image-preview":"max-image-preview:large","max-video-preview":"max-video-preview:-1"},"canonical":"https:\/\/www.subaru.es\/blog\/nuestra-marca\/subaru-y-fhi-con-las-victimas-de-japon\/","og_locale":"es_ES","og_type":"article","og_title":"Subaru y FHI, con las v\u00edctimas de Jap\u00f3n - Universo Subaru","og_description":"El terremoto que sacudi\u00f3 Jap\u00f3n hace ya casi dos semanas nos ha dejado a todos bastante impactados. No obstante, esa no es raz\u00f3n para quedarse tambi\u00e9n paralizados, y las reacciones de apoyo y ayuda a las v\u00edctimas han empezado a surgir desde todos los rincones del planeta. Subaru tambi\u00e9n ha querido unirse a las labores [&hellip;]","og_url":"https:\/\/www.subaru.es\/blog\/nuestra-marca\/subaru-y-fhi-con-las-victimas-de-japon\/","og_site_name":"Universo Subaru","article_publisher":"https:\/\/www.facebook.com\/subaruespana","article_published_time":"2011-03-24T15:17:27+00:00","article_modified_time":"2020-08-12T09:58:19+00:00","og_image":[{"width":500,"height":333,"url":"https:\/\/www.subaru.es\/blog\/wp-content\/uploads\/2011\/03\/japon.jpg","type":"image\/jpeg"}],"author":"Subaru","twitter_card":"summary_large_image","twitter_misc":{"Escrito por":"Subaru","Tiempo de lectura":"1 minuto"},"schema":{"@context":"https:\/\/schema.org","@graph":[{"@type":"Article","@id":"https:\/\/www.subaru.es\/blog\/nuestra-marca\/subaru-y-fhi-con-las-victimas-de-japon\/#article","isPartOf":{"@id":"https:\/\/www.subaru.es\/blog\/nuestra-marca\/subaru-y-fhi-con-las-victimas-de-japon\/"},"author":{"name":"Subaru","@id":"https:\/\/www.subaru.es\/blog\/#\/schema\/person\/19a90b892230b8e0ec752704ddf4aa10"},"headline":"Subaru y FHI, con las v\u00edctimas de Jap\u00f3n","datePublished":"2011-03-24T15:17:27+00:00","dateModified":"2020-08-12T09:58:19+00:00","mainEntityOfPage":{"@id":"https:\/\/www.subaru.es\/blog\/nuestra-marca\/subaru-y-fhi-con-las-victimas-de-japon\/"},"wordCount":234,"commentCount":1,"publisher":{"@id":"https:\/\/www.subaru.es\/blog\/#organization"},"image":{"@id":"https:\/\/www.subaru.es\/blog\/nuestra-marca\/subaru-y-fhi-con-las-victimas-de-japon\/#primaryimage"},"thumbnailUrl":"https:\/\/www.subaru.es\/blog\/wp-content\/uploads\/2011\/03\/japon.jpg","keywords":["Ayuda","Club Subaru Espa\u00f1a","Club Subaru Todocamino","FHI","Ikuo Mori","japon","Recaudaci\u00f3n de fondos","subaru america","Terremoto"],"articleSection":["Nuestra marca"],"inLanguage":"es","potentialAction":[{"@type":"CommentAction","name":"Comment","target":["https:\/\/www.subaru.es\/blog\/nuestra-marca\/subaru-y-fhi-con-las-victimas-de-japon\/#respond"]}]},{"@type":"WebPage","@id":"https:\/\/www.subaru.es\/blog\/nuestra-marca\/subaru-y-fhi-con-las-victimas-de-japon\/","url":"https:\/\/www.subaru.es\/blog\/nuestra-marca\/subaru-y-fhi-con-las-victimas-de-japon\/","name":"Subaru y FHI, con las v\u00edctimas de Jap\u00f3n - Universo Subaru","isPartOf":{"@id":"https:\/\/www.subaru.es\/blog\/#website"},"primaryImageOfPage":{"@id":"https:\/\/www.subaru.es\/blog\/nuestra-marca\/subaru-y-fhi-con-las-victimas-de-japon\/#primaryimage"},"image":{"@id":"https:\/\/www.subaru.es\/blog\/nuestra-marca\/subaru-y-fhi-con-las-victimas-de-japon\/#primaryimage"},"thumbnailUrl":"https:\/\/www.subaru.es\/blog\/wp-content\/uploads\/2011\/03\/japon.jpg","datePublished":"2011-03-24T15:17:27+00:00","dateModified":"2020-08-12T09:58:19+00:00","breadcrumb":{"@id":"https:\/\/www.subaru.es\/blog\/nuestra-marca\/subaru-y-fhi-con-las-victimas-de-japon\/#breadcrumb"},"inLanguage":"es","potentialAction":[{"@type":"ReadAction","target":["https:\/\/www.subaru.es\/blog\/nuestra-marca\/subaru-y-fhi-con-las-victimas-de-japon\/"]}]},{"@type":"ImageObject","inLanguage":"es","@id":"https:\/\/www.subaru.es\/blog\/nuestra-marca\/subaru-y-fhi-con-las-victimas-de-japon\/#primaryimage","url":"https:\/\/www.subaru.es\/blog\/wp-content\/uploads\/2011\/03\/japon.jpg","contentUrl":"https:\/\/www.subaru.es\/blog\/wp-content\/uploads\/2011\/03\/japon.jpg","width":500,"height":333,"caption":"Jap\u00f3n"},{"@type":"BreadcrumbList","@id":"https:\/\/www.subaru.es\/blog\/nuestra-marca\/subaru-y-fhi-con-las-victimas-de-japon\/#breadcrumb","itemListElement":[{"@type":"ListItem","position":1,"name":"Portada","item":"https:\/\/www.subaru.es\/blog\/"},{"@type":"ListItem","position":2,"name":"Subaru y FHI, con las v\u00edctimas de Jap\u00f3n"}]},{"@type":"WebSite","@id":"https:\/\/www.subaru.es\/blog\/#website","url":"https:\/\/www.subaru.es\/blog\/","name":"Universo Subaru","description":"Descubre este apasionante espacio de Subaru donde vas a conocer todo sobre nuestros coches y las experiencias que vivimos con ellos. Si est\u00e1s preparado para dejarte seducir por la filosof\u00eda Subaru, qu\u00e9date con nosotros.","publisher":{"@id":"https:\/\/www.subaru.es\/blog\/#organization"},"potentialAction":[{"@type":"SearchAction","target":{"@type":"EntryPoint","urlTemplate":"https:\/\/www.subaru.es\/blog\/?s={search_term_string}"},"query-input":{"@type":"PropertyValueSpecification","valueRequired":true,"valueName":"search_term_string"}}],"inLanguage":"es"},{"@type":"Organization","@id":"https:\/\/www.subaru.es\/blog\/#organization","name":"Subaru Espa\u00f1a S.A.","url":"https:\/\/www.subaru.es\/blog\/","logo":{"@type":"ImageObject","inLanguage":"es","@id":"https:\/\/www.subaru.es\/blog\/#\/schema\/logo\/image\/","url":"https:\/\/www.subaru.es\/blog\/wp-content\/uploads\/2016\/12\/Logo-Subaru-TypeV_C300-scaled.jpg","contentUrl":"https:\/\/www.subaru.es\/blog\/wp-content\/uploads\/2016\/12\/Logo-Subaru-TypeV_C300-scaled.jpg","width":2560,"height":1864,"caption":"Subaru Espa\u00f1a S.A."},"image":{"@id":"https:\/\/www.subaru.es\/blog\/#\/schema\/logo\/image\/"},"sameAs":["https:\/\/www.facebook.com\/subaruespana","https:\/\/www.instagram.com\/subarues\/","https:\/\/www.youtube.com\/user\/subaruespana"]},{"@type":"Person","@id":"https:\/\/www.subaru.es\/blog\/#\/schema\/person\/19a90b892230b8e0ec752704ddf4aa10","name":"Subaru","url":"https:\/\/www.subaru.es\/blog\/author\/subaria\/"}]}},"_links":{"self":[{"href":"https:\/\/www.subaru.es\/blog\/wp-json\/wp\/v2\/posts\/4282","targetHints":{"allow":["GET"]}}],"collection":[{"href":"https:\/\/www.subaru.es\/blog\/wp-json\/wp\/v2\/posts"}],"about":[{"href":"https:\/\/www.subaru.es\/blog\/wp-json\/wp\/v2\/types\/post"}],"author":[{"embeddable":true,"href":"https:\/\/www.subaru.es\/blog\/wp-json\/wp\/v2\/users\/21"}],"replies":[{"embeddable":true,"href":"https:\/\/www.subaru.es\/blog\/wp-json\/wp\/v2\/comments?post=4282"}],"version-history":[{"count":3,"href":"https:\/\/www.subaru.es\/blog\/wp-json\/wp\/v2\/posts\/4282\/revisions"}],"predecessor-version":[{"id":22208,"href":"https:\/\/www.subaru.es\/blog\/wp-json\/wp\/v2\/posts\/4282\/revisions\/22208"}],"wp:featuredmedia":[{"embeddable":true,"href":"https:\/\/www.subaru.es\/blog\/wp-json\/wp\/v2\/media\/4283"}],"wp:attachment":[{"href":"https:\/\/www.subaru.es\/blog\/wp-json\/wp\/v2\/media?parent=4282"}],"wp:term":[{"taxonomy":"category","embeddable":true,"href":"https:\/\/www.subaru.es\/blog\/wp-json\/wp\/v2\/categories?post=4282"},{"taxonomy":"post_tag","embeddable":true,"href":"https:\/\/www.subaru.es\/blog\/wp-json\/wp\/v2\/tags?post=4282"}],"curies":[{"name":"wp","href":"https:\/\/api.w.org\/{rel}","templated":true}]}}