{"id":426,"date":"2007-11-18T12:57:52","date_gmt":"2007-11-18T10:57:52","guid":{"rendered":"http:\/\/subaru.preproduccion.com\/blog\/wp-content\/2007\/11\/18\/el-primer-ejemplar-del-impreza-rb320-vuelve-a-la-familia-burns\/"},"modified":"2016-10-17T15:09:27","modified_gmt":"2016-10-17T13:09:27","slug":"el-primer-ejemplar-del-impreza-rb320-vuelve-a-la-familia-burns","status":"publish","type":"post","link":"https:\/\/www.subaru.es\/blog\/nuestra-marca\/el-primer-ejemplar-del-impreza-rb320-vuelve-a-la-familia-burns\/","title":{"rendered":"El primer ejemplar del IMPREZA RB320 vuelve a la familia Burns"},"content":{"rendered":"<p>Como muchos de vosotros ya sab\u00e9is, el <strong>IMPREZA RB320 <\/strong>es la edici\u00f3n limitada que la marca SUBARU lanz\u00f3 en el mercado ingl\u00e9s en Noviembre 2006 para recordar despu\u00e9s de un a\u00f1o la muerte del campe\u00f3n de Rally <a href=\"https:\/\/www.subaru.es\/blog\/2007\/11\/08\/richard-burns-la-otra-gran-perdida-de-subaru\/\">Richard Burns<\/a>, que falleci\u00f3 de c\u00e1ncer a una temprana edad.<\/p>\n<p>Los ejemplares del <strong>RB320<\/strong> se vendieron en pocas semanas. Entre los compradores se encontraba el padre de Richard, <strong>Alex<\/strong>, que adquiri\u00f3 el ejemplar numero <strong>117<\/strong> para ampliar la colecci\u00f3n de su hijo desaparecido. Por cierto, la colecci\u00f3n est\u00e1 forma parte de la <strong>Fundaci\u00f3n Richard Burns<\/strong>, constituida en junio de 2006 para dar ayuda y soporte a quien sufre de enfermedades graves).<\/p>\n<p><img data-src='https:\/\/www.subaru.es\/blog\/wp-content\/uploads\/2007\/11\/padreburns.jpg' alt='padreburns.jpg' src='data:image\/svg+xml;base64,PHN2ZyB3aWR0aD0iMSIgaGVpZ2h0PSIxIiB4bWxucz0iaHR0cDovL3d3dy53My5vcmcvMjAwMC9zdmciPjwvc3ZnPg==' class='lazyload' style='--smush-placeholder-width: 490px; --smush-placeholder-aspect-ratio: 490\/268;' \/><\/p>\n<p>El primer ejemplar puesto a la venta fue adjudicado a un tal <strong>Paul Flitton<\/strong>, titular de la empresa Slip and Garage Ltd. Paul, miembro de la fundaci\u00f3n Burns, se puso en contacto tiempo despu\u00e9s, en un gesto que le honrar\u00e1 siempre, con el padre de Richard para comentarle la disponibilidad de cambiar su coche y restituir a la familia Burns el numero <strong>001<\/strong> de la edici\u00f3n limitada. <\/p>\n<p>El 117 ha sido llevado por el Se\u00f1or Flitton al <strong>\u00abFestival of Speed\u00bb, <\/strong>el evento de autos que tiene lugar cada verano en Goodwood, donde se dejan ver algunos de entre los m\u00e1s importantes campeones del rally. El coche ha sido vendido en subasta y se dio la importante cantidad de 10 mil libras a la fundaci\u00f3n.<\/p>\n<p>En el mismo tiempo se inaugur\u00f3 cerca de Birmingham un nuevo edificio general de la <strong>Subaru UK<\/strong>, donde se mont\u00f3 una sala para recordar la p\u00e9rdida del campe\u00f3n del mundo. <\/p>\n","protected":false},"excerpt":{"rendered":"<p>Como muchos de vosotros ya sab\u00e9is, el IMPREZA RB320 es la edici\u00f3n limitada que la marca SUBARU lanz\u00f3 en el mercado ingl\u00e9s en Noviembre 2006 para recordar despu\u00e9s de un a\u00f1o la muerte del campe\u00f3n de Rally Richard Burns, que falleci\u00f3 de c\u00e1ncer a una temprana edad. Los ejemplares del RB320 se vendieron en pocas [&hellip;]<\/p>\n","protected":false},"author":21,"featured_media":427,"comment_status":"open","ping_status":"open","sticky":false,"template":"","format":"standard","meta":{"_acf_changed":false,"_eb_attr":"","inline_featured_image":false,"footnotes":""},"categories":[4401],"tags":[],"class_list":["post-426","post","type-post","status-publish","format-standard","has-post-thumbnail","hentry","category-nuestra-marca"],"acf":[],"yoast_head":"<!-- This site is optimized with the Yoast SEO plugin v27.3 - https:\/\/yoast.com\/product\/yoast-seo-wordpress\/ -->\n<title>El primer ejemplar del IMPREZA RB320 vuelve a la familia Burns - Universo Subaru<\/title>\n<meta name=\"robots\" content=\"index, follow, max-snippet:-1, max-image-preview:large, max-video-preview:-1\" \/>\n<link rel=\"canonical\" href=\"https:\/\/www.subaru.es\/blog\/nuestra-marca\/el-primer-ejemplar-del-impreza-rb320-vuelve-a-la-familia-burns\/\" \/>\n<meta property=\"og:locale\" content=\"es_ES\" \/>\n<meta property=\"og:type\" content=\"article\" \/>\n<meta property=\"og:title\" content=\"El primer ejemplar del IMPREZA RB320 vuelve a la familia Burns - Universo Subaru\" \/>\n<meta property=\"og:description\" content=\"Como muchos de vosotros ya sab\u00e9is, el IMPREZA RB320 es la edici\u00f3n limitada que la marca SUBARU lanz\u00f3 en el mercado ingl\u00e9s en Noviembre 2006 para recordar despu\u00e9s de un a\u00f1o la muerte del campe\u00f3n de Rally Richard Burns, que falleci\u00f3 de c\u00e1ncer a una temprana edad. Los ejemplares del RB320 se vendieron en pocas [&hellip;]\" \/>\n<meta property=\"og:url\" content=\"https:\/\/www.subaru.es\/blog\/nuestra-marca\/el-primer-ejemplar-del-impreza-rb320-vuelve-a-la-familia-burns\/\" \/>\n<meta property=\"og:site_name\" content=\"Universo Subaru\" \/>\n<meta property=\"article:publisher\" content=\"https:\/\/www.facebook.com\/subaruespana\" \/>\n<meta property=\"article:published_time\" content=\"2007-11-18T10:57:52+00:00\" \/>\n<meta property=\"article:modified_time\" content=\"2016-10-17T13:09:27+00:00\" \/>\n<meta property=\"og:image\" content=\"https:\/\/www.subaru.es\/blog\/wp-content\/uploads\/2007\/11\/padreburns.jpg\" \/>\n\t<meta property=\"og:image:width\" content=\"490\" \/>\n\t<meta property=\"og:image:height\" content=\"268\" \/>\n\t<meta property=\"og:image:type\" content=\"image\/jpeg\" \/>\n<meta name=\"author\" content=\"Subaru\" \/>\n<meta name=\"twitter:card\" content=\"summary_large_image\" \/>\n<meta name=\"twitter:label1\" content=\"Escrito por\" \/>\n\t<meta name=\"twitter:data1\" content=\"Subaru\" \/>\n\t<meta name=\"twitter:label2\" content=\"Tiempo de lectura\" \/>\n\t<meta name=\"twitter:data2\" content=\"1 minuto\" \/>\n<script type=\"application\/ld+json\" class=\"yoast-schema-graph\">{\"@context\":\"https:\\\/\\\/schema.org\",\"@graph\":[{\"@type\":\"Article\",\"@id\":\"https:\\\/\\\/www.subaru.es\\\/blog\\\/nuestra-marca\\\/el-primer-ejemplar-del-impreza-rb320-vuelve-a-la-familia-burns\\\/#article\",\"isPartOf\":{\"@id\":\"https:\\\/\\\/www.subaru.es\\\/blog\\\/nuestra-marca\\\/el-primer-ejemplar-del-impreza-rb320-vuelve-a-la-familia-burns\\\/\"},\"author\":{\"name\":\"Subaru\",\"@id\":\"https:\\\/\\\/www.subaru.es\\\/blog\\\/#\\\/schema\\\/person\\\/19a90b892230b8e0ec752704ddf4aa10\"},\"headline\":\"El primer ejemplar del IMPREZA RB320 vuelve a la familia Burns\",\"datePublished\":\"2007-11-18T10:57:52+00:00\",\"dateModified\":\"2016-10-17T13:09:27+00:00\",\"mainEntityOfPage\":{\"@id\":\"https:\\\/\\\/www.subaru.es\\\/blog\\\/nuestra-marca\\\/el-primer-ejemplar-del-impreza-rb320-vuelve-a-la-familia-burns\\\/\"},\"wordCount\":285,\"commentCount\":2,\"publisher\":{\"@id\":\"https:\\\/\\\/www.subaru.es\\\/blog\\\/#organization\"},\"image\":{\"@id\":\"https:\\\/\\\/www.subaru.es\\\/blog\\\/nuestra-marca\\\/el-primer-ejemplar-del-impreza-rb320-vuelve-a-la-familia-burns\\\/#primaryimage\"},\"thumbnailUrl\":\"https:\\\/\\\/www.subaru.es\\\/blog\\\/wp-content\\\/uploads\\\/2007\\\/11\\\/padreburns.jpg\",\"articleSection\":[\"Nuestra marca\"],\"inLanguage\":\"es\",\"potentialAction\":[{\"@type\":\"CommentAction\",\"name\":\"Comment\",\"target\":[\"https:\\\/\\\/www.subaru.es\\\/blog\\\/nuestra-marca\\\/el-primer-ejemplar-del-impreza-rb320-vuelve-a-la-familia-burns\\\/#respond\"]}]},{\"@type\":\"WebPage\",\"@id\":\"https:\\\/\\\/www.subaru.es\\\/blog\\\/nuestra-marca\\\/el-primer-ejemplar-del-impreza-rb320-vuelve-a-la-familia-burns\\\/\",\"url\":\"https:\\\/\\\/www.subaru.es\\\/blog\\\/nuestra-marca\\\/el-primer-ejemplar-del-impreza-rb320-vuelve-a-la-familia-burns\\\/\",\"name\":\"El primer ejemplar del IMPREZA RB320 vuelve a la familia Burns - Universo Subaru\",\"isPartOf\":{\"@id\":\"https:\\\/\\\/www.subaru.es\\\/blog\\\/#website\"},\"primaryImageOfPage\":{\"@id\":\"https:\\\/\\\/www.subaru.es\\\/blog\\\/nuestra-marca\\\/el-primer-ejemplar-del-impreza-rb320-vuelve-a-la-familia-burns\\\/#primaryimage\"},\"image\":{\"@id\":\"https:\\\/\\\/www.subaru.es\\\/blog\\\/nuestra-marca\\\/el-primer-ejemplar-del-impreza-rb320-vuelve-a-la-familia-burns\\\/#primaryimage\"},\"thumbnailUrl\":\"https:\\\/\\\/www.subaru.es\\\/blog\\\/wp-content\\\/uploads\\\/2007\\\/11\\\/padreburns.jpg\",\"datePublished\":\"2007-11-18T10:57:52+00:00\",\"dateModified\":\"2016-10-17T13:09:27+00:00\",\"breadcrumb\":{\"@id\":\"https:\\\/\\\/www.subaru.es\\\/blog\\\/nuestra-marca\\\/el-primer-ejemplar-del-impreza-rb320-vuelve-a-la-familia-burns\\\/#breadcrumb\"},\"inLanguage\":\"es\",\"potentialAction\":[{\"@type\":\"ReadAction\",\"target\":[\"https:\\\/\\\/www.subaru.es\\\/blog\\\/nuestra-marca\\\/el-primer-ejemplar-del-impreza-rb320-vuelve-a-la-familia-burns\\\/\"]}]},{\"@type\":\"ImageObject\",\"inLanguage\":\"es\",\"@id\":\"https:\\\/\\\/www.subaru.es\\\/blog\\\/nuestra-marca\\\/el-primer-ejemplar-del-impreza-rb320-vuelve-a-la-familia-burns\\\/#primaryimage\",\"url\":\"https:\\\/\\\/www.subaru.es\\\/blog\\\/wp-content\\\/uploads\\\/2007\\\/11\\\/padreburns.jpg\",\"contentUrl\":\"https:\\\/\\\/www.subaru.es\\\/blog\\\/wp-content\\\/uploads\\\/2007\\\/11\\\/padreburns.jpg\",\"width\":490,\"height\":268},{\"@type\":\"BreadcrumbList\",\"@id\":\"https:\\\/\\\/www.subaru.es\\\/blog\\\/nuestra-marca\\\/el-primer-ejemplar-del-impreza-rb320-vuelve-a-la-familia-burns\\\/#breadcrumb\",\"itemListElement\":[{\"@type\":\"ListItem\",\"position\":1,\"name\":\"Portada\",\"item\":\"https:\\\/\\\/www.subaru.es\\\/blog\\\/\"},{\"@type\":\"ListItem\",\"position\":2,\"name\":\"El primer ejemplar del IMPREZA RB320 vuelve a la familia Burns\"}]},{\"@type\":\"WebSite\",\"@id\":\"https:\\\/\\\/www.subaru.es\\\/blog\\\/#website\",\"url\":\"https:\\\/\\\/www.subaru.es\\\/blog\\\/\",\"name\":\"Universo Subaru\",\"description\":\"Descubre este apasionante espacio de Subaru donde vas a conocer todo sobre nuestros coches y las experiencias que vivimos con ellos. Si est\u00e1s preparado para dejarte seducir por la filosof\u00eda Subaru, qu\u00e9date con nosotros.\",\"publisher\":{\"@id\":\"https:\\\/\\\/www.subaru.es\\\/blog\\\/#organization\"},\"potentialAction\":[{\"@type\":\"SearchAction\",\"target\":{\"@type\":\"EntryPoint\",\"urlTemplate\":\"https:\\\/\\\/www.subaru.es\\\/blog\\\/?s={search_term_string}\"},\"query-input\":{\"@type\":\"PropertyValueSpecification\",\"valueRequired\":true,\"valueName\":\"search_term_string\"}}],\"inLanguage\":\"es\"},{\"@type\":\"Organization\",\"@id\":\"https:\\\/\\\/www.subaru.es\\\/blog\\\/#organization\",\"name\":\"Subaru Espa\u00f1a S.A.\",\"url\":\"https:\\\/\\\/www.subaru.es\\\/blog\\\/\",\"logo\":{\"@type\":\"ImageObject\",\"inLanguage\":\"es\",\"@id\":\"https:\\\/\\\/www.subaru.es\\\/blog\\\/#\\\/schema\\\/logo\\\/image\\\/\",\"url\":\"https:\\\/\\\/www.subaru.es\\\/blog\\\/wp-content\\\/uploads\\\/2016\\\/12\\\/Logo-Subaru-TypeV_C300-scaled.jpg\",\"contentUrl\":\"https:\\\/\\\/www.subaru.es\\\/blog\\\/wp-content\\\/uploads\\\/2016\\\/12\\\/Logo-Subaru-TypeV_C300-scaled.jpg\",\"width\":2560,\"height\":1864,\"caption\":\"Subaru Espa\u00f1a S.A.\"},\"image\":{\"@id\":\"https:\\\/\\\/www.subaru.es\\\/blog\\\/#\\\/schema\\\/logo\\\/image\\\/\"},\"sameAs\":[\"https:\\\/\\\/www.facebook.com\\\/subaruespana\",\"https:\\\/\\\/www.instagram.com\\\/subarues\\\/\",\"https:\\\/\\\/www.youtube.com\\\/user\\\/subaruespana\"]},{\"@type\":\"Person\",\"@id\":\"https:\\\/\\\/www.subaru.es\\\/blog\\\/#\\\/schema\\\/person\\\/19a90b892230b8e0ec752704ddf4aa10\",\"name\":\"Subaru\",\"url\":\"https:\\\/\\\/www.subaru.es\\\/blog\\\/author\\\/subaria\\\/\"}]}<\/script>\n<!-- \/ Yoast SEO plugin. -->","yoast_head_json":{"title":"El primer ejemplar del IMPREZA RB320 vuelve a la familia Burns - Universo Subaru","robots":{"index":"index","follow":"follow","max-snippet":"max-snippet:-1","max-image-preview":"max-image-preview:large","max-video-preview":"max-video-preview:-1"},"canonical":"https:\/\/www.subaru.es\/blog\/nuestra-marca\/el-primer-ejemplar-del-impreza-rb320-vuelve-a-la-familia-burns\/","og_locale":"es_ES","og_type":"article","og_title":"El primer ejemplar del IMPREZA RB320 vuelve a la familia Burns - Universo Subaru","og_description":"Como muchos de vosotros ya sab\u00e9is, el IMPREZA RB320 es la edici\u00f3n limitada que la marca SUBARU lanz\u00f3 en el mercado ingl\u00e9s en Noviembre 2006 para recordar despu\u00e9s de un a\u00f1o la muerte del campe\u00f3n de Rally Richard Burns, que falleci\u00f3 de c\u00e1ncer a una temprana edad. Los ejemplares del RB320 se vendieron en pocas [&hellip;]","og_url":"https:\/\/www.subaru.es\/blog\/nuestra-marca\/el-primer-ejemplar-del-impreza-rb320-vuelve-a-la-familia-burns\/","og_site_name":"Universo Subaru","article_publisher":"https:\/\/www.facebook.com\/subaruespana","article_published_time":"2007-11-18T10:57:52+00:00","article_modified_time":"2016-10-17T13:09:27+00:00","og_image":[{"width":490,"height":268,"url":"https:\/\/www.subaru.es\/blog\/wp-content\/uploads\/2007\/11\/padreburns.jpg","type":"image\/jpeg"}],"author":"Subaru","twitter_card":"summary_large_image","twitter_misc":{"Escrito por":"Subaru","Tiempo de lectura":"1 minuto"},"schema":{"@context":"https:\/\/schema.org","@graph":[{"@type":"Article","@id":"https:\/\/www.subaru.es\/blog\/nuestra-marca\/el-primer-ejemplar-del-impreza-rb320-vuelve-a-la-familia-burns\/#article","isPartOf":{"@id":"https:\/\/www.subaru.es\/blog\/nuestra-marca\/el-primer-ejemplar-del-impreza-rb320-vuelve-a-la-familia-burns\/"},"author":{"name":"Subaru","@id":"https:\/\/www.subaru.es\/blog\/#\/schema\/person\/19a90b892230b8e0ec752704ddf4aa10"},"headline":"El primer ejemplar del IMPREZA RB320 vuelve a la familia Burns","datePublished":"2007-11-18T10:57:52+00:00","dateModified":"2016-10-17T13:09:27+00:00","mainEntityOfPage":{"@id":"https:\/\/www.subaru.es\/blog\/nuestra-marca\/el-primer-ejemplar-del-impreza-rb320-vuelve-a-la-familia-burns\/"},"wordCount":285,"commentCount":2,"publisher":{"@id":"https:\/\/www.subaru.es\/blog\/#organization"},"image":{"@id":"https:\/\/www.subaru.es\/blog\/nuestra-marca\/el-primer-ejemplar-del-impreza-rb320-vuelve-a-la-familia-burns\/#primaryimage"},"thumbnailUrl":"https:\/\/www.subaru.es\/blog\/wp-content\/uploads\/2007\/11\/padreburns.jpg","articleSection":["Nuestra marca"],"inLanguage":"es","potentialAction":[{"@type":"CommentAction","name":"Comment","target":["https:\/\/www.subaru.es\/blog\/nuestra-marca\/el-primer-ejemplar-del-impreza-rb320-vuelve-a-la-familia-burns\/#respond"]}]},{"@type":"WebPage","@id":"https:\/\/www.subaru.es\/blog\/nuestra-marca\/el-primer-ejemplar-del-impreza-rb320-vuelve-a-la-familia-burns\/","url":"https:\/\/www.subaru.es\/blog\/nuestra-marca\/el-primer-ejemplar-del-impreza-rb320-vuelve-a-la-familia-burns\/","name":"El primer ejemplar del IMPREZA RB320 vuelve a la familia Burns - Universo Subaru","isPartOf":{"@id":"https:\/\/www.subaru.es\/blog\/#website"},"primaryImageOfPage":{"@id":"https:\/\/www.subaru.es\/blog\/nuestra-marca\/el-primer-ejemplar-del-impreza-rb320-vuelve-a-la-familia-burns\/#primaryimage"},"image":{"@id":"https:\/\/www.subaru.es\/blog\/nuestra-marca\/el-primer-ejemplar-del-impreza-rb320-vuelve-a-la-familia-burns\/#primaryimage"},"thumbnailUrl":"https:\/\/www.subaru.es\/blog\/wp-content\/uploads\/2007\/11\/padreburns.jpg","datePublished":"2007-11-18T10:57:52+00:00","dateModified":"2016-10-17T13:09:27+00:00","breadcrumb":{"@id":"https:\/\/www.subaru.es\/blog\/nuestra-marca\/el-primer-ejemplar-del-impreza-rb320-vuelve-a-la-familia-burns\/#breadcrumb"},"inLanguage":"es","potentialAction":[{"@type":"ReadAction","target":["https:\/\/www.subaru.es\/blog\/nuestra-marca\/el-primer-ejemplar-del-impreza-rb320-vuelve-a-la-familia-burns\/"]}]},{"@type":"ImageObject","inLanguage":"es","@id":"https:\/\/www.subaru.es\/blog\/nuestra-marca\/el-primer-ejemplar-del-impreza-rb320-vuelve-a-la-familia-burns\/#primaryimage","url":"https:\/\/www.subaru.es\/blog\/wp-content\/uploads\/2007\/11\/padreburns.jpg","contentUrl":"https:\/\/www.subaru.es\/blog\/wp-content\/uploads\/2007\/11\/padreburns.jpg","width":490,"height":268},{"@type":"BreadcrumbList","@id":"https:\/\/www.subaru.es\/blog\/nuestra-marca\/el-primer-ejemplar-del-impreza-rb320-vuelve-a-la-familia-burns\/#breadcrumb","itemListElement":[{"@type":"ListItem","position":1,"name":"Portada","item":"https:\/\/www.subaru.es\/blog\/"},{"@type":"ListItem","position":2,"name":"El primer ejemplar del IMPREZA RB320 vuelve a la familia Burns"}]},{"@type":"WebSite","@id":"https:\/\/www.subaru.es\/blog\/#website","url":"https:\/\/www.subaru.es\/blog\/","name":"Universo Subaru","description":"Descubre este apasionante espacio de Subaru donde vas a conocer todo sobre nuestros coches y las experiencias que vivimos con ellos. Si est\u00e1s preparado para dejarte seducir por la filosof\u00eda Subaru, qu\u00e9date con nosotros.","publisher":{"@id":"https:\/\/www.subaru.es\/blog\/#organization"},"potentialAction":[{"@type":"SearchAction","target":{"@type":"EntryPoint","urlTemplate":"https:\/\/www.subaru.es\/blog\/?s={search_term_string}"},"query-input":{"@type":"PropertyValueSpecification","valueRequired":true,"valueName":"search_term_string"}}],"inLanguage":"es"},{"@type":"Organization","@id":"https:\/\/www.subaru.es\/blog\/#organization","name":"Subaru Espa\u00f1a S.A.","url":"https:\/\/www.subaru.es\/blog\/","logo":{"@type":"ImageObject","inLanguage":"es","@id":"https:\/\/www.subaru.es\/blog\/#\/schema\/logo\/image\/","url":"https:\/\/www.subaru.es\/blog\/wp-content\/uploads\/2016\/12\/Logo-Subaru-TypeV_C300-scaled.jpg","contentUrl":"https:\/\/www.subaru.es\/blog\/wp-content\/uploads\/2016\/12\/Logo-Subaru-TypeV_C300-scaled.jpg","width":2560,"height":1864,"caption":"Subaru Espa\u00f1a S.A."},"image":{"@id":"https:\/\/www.subaru.es\/blog\/#\/schema\/logo\/image\/"},"sameAs":["https:\/\/www.facebook.com\/subaruespana","https:\/\/www.instagram.com\/subarues\/","https:\/\/www.youtube.com\/user\/subaruespana"]},{"@type":"Person","@id":"https:\/\/www.subaru.es\/blog\/#\/schema\/person\/19a90b892230b8e0ec752704ddf4aa10","name":"Subaru","url":"https:\/\/www.subaru.es\/blog\/author\/subaria\/"}]}},"_links":{"self":[{"href":"https:\/\/www.subaru.es\/blog\/wp-json\/wp\/v2\/posts\/426","targetHints":{"allow":["GET"]}}],"collection":[{"href":"https:\/\/www.subaru.es\/blog\/wp-json\/wp\/v2\/posts"}],"about":[{"href":"https:\/\/www.subaru.es\/blog\/wp-json\/wp\/v2\/types\/post"}],"author":[{"embeddable":true,"href":"https:\/\/www.subaru.es\/blog\/wp-json\/wp\/v2\/users\/21"}],"replies":[{"embeddable":true,"href":"https:\/\/www.subaru.es\/blog\/wp-json\/wp\/v2\/comments?post=426"}],"version-history":[{"count":1,"href":"https:\/\/www.subaru.es\/blog\/wp-json\/wp\/v2\/posts\/426\/revisions"}],"predecessor-version":[{"id":15740,"href":"https:\/\/www.subaru.es\/blog\/wp-json\/wp\/v2\/posts\/426\/revisions\/15740"}],"wp:featuredmedia":[{"embeddable":true,"href":"https:\/\/www.subaru.es\/blog\/wp-json\/wp\/v2\/media\/427"}],"wp:attachment":[{"href":"https:\/\/www.subaru.es\/blog\/wp-json\/wp\/v2\/media?parent=426"}],"wp:term":[{"taxonomy":"category","embeddable":true,"href":"https:\/\/www.subaru.es\/blog\/wp-json\/wp\/v2\/categories?post=426"},{"taxonomy":"post_tag","embeddable":true,"href":"https:\/\/www.subaru.es\/blog\/wp-json\/wp\/v2\/tags?post=426"}],"curies":[{"name":"wp","href":"https:\/\/api.w.org\/{rel}","templated":true}]}}