{"id":42,"date":"2007-09-11T09:34:02","date_gmt":"2007-09-11T07:34:02","guid":{"rendered":"http:\/\/subaru.preproduccion.com\/blog\/wp-content\/2007\/09\/11\/finlandia-el-pais-de-los-rallyes\/"},"modified":"2020-08-06T11:54:03","modified_gmt":"2020-08-06T09:54:03","slug":"finlandia-el-pais-de-los-rallyes","status":"publish","type":"post","link":"https:\/\/www.subaru.es\/blog\/nuestra-marca\/finlandia-el-pais-de-los-rallyes\/","title":{"rendered":"Finlandia, el pa\u00eds de los rallies"},"content":{"rendered":"<p>Y m\u00e1s concretamente <a href=\"http:\/\/es.wikipedia.org\/wiki\/Jyv%C3%A4skyl%C3%A4\">Jyvaskyla<\/a>, si todo el pa\u00eds respira a pasi\u00f3n por los coches esta ciudad de nombre impronunciable es la que cuenta con m\u00e1s conductores de rally por Km. cuadrado del mundo, cuna del gran <strong>Rovanpera<\/strong>. Estos n\u00f3rdicos aman los rallyes y nosotros amamos la belleza de sus pinares y sus lagos cristalinos y helados.<\/p>\n<p><center><a href='https:\/\/www.subaru.es\/blog\/wp-content\/uploads\/2007\/09\/savonlinna.jpg' title='savonlinna.jpg'><img data-src='https:\/\/www.subaru.es\/blog\/wp-content\/uploads\/2007\/09\/savonlinna.jpg' alt='savonlinna.jpg' src='data:image\/svg+xml;base64,PHN2ZyB3aWR0aD0iMSIgaGVpZ2h0PSIxIiB4bWxucz0iaHR0cDovL3d3dy53My5vcmcvMjAwMC9zdmciPjwvc3ZnPg==' class='lazyload' style='--smush-placeholder-width: 313px; --smush-placeholder-aspect-ratio: 313\/155;' \/><\/a><\/center><\/p>\n<p>El verano, agosto y su periodo vacacional sobre todo, ya ha pasado y ese es el momento en que se celebra el m\u00edtico <strong>rally de Finlandia<\/strong>, una gran ocasi\u00f3n para <a href=\"http:\/\/es.wikipedia.org\/wiki\/Finlandia\">visitar un pa\u00eds <\/a>que destaca no s\u00f3lo por su <strong>belleza<\/strong> sin parang\u00f3n, sino tambi\u00e9n por un amor sin limites hac\u00eda los deportes de las cuatro ruedas, y ojo desde la pr\u00e1ctica, Por eso queremos animaros para que el a\u00f1o que viene, si os apetece alejaros de la playita, visitar un pa\u00eds con una cultura diferente, degustar la cocina n\u00f3rdica, extasiaros con <strong>paisajes de postal <\/strong>y sobre todo y ante todo vivir como en ninguna otra parte el campeonato del mundo de rallyes, id preparando unas vacaciones por<br \/>\n<strong>Finlandia<\/strong>.<\/p>\n<p>El <strong>dise\u00f1o mobiliario <\/strong>con continuas ferias y los <strong>actos culturales<\/strong>, la m\u00fasica es su otra gran pasi\u00f3n destacan siempre en las agendas de las visitas a esta tierra.<\/p>\n<p>En esta <a href=\"http:\/\/www.visitafinlandia.com\/w5\/es\/index.nsf\/(pages)\/index\">p\u00e1gina de turismo del pa\u00eds<\/a>, pod\u00e9is encontrar las claves para unas buenas vacaciones. Ahora nos animan a ir en oto\u00f1o o incluso en el invierno, pero nos gustar\u00eda m\u00e1s ir cuando hay carreras, \u00bfverdad?.<\/p>\n<p>Respecto a <a href=\"http:\/\/www.teletica.com\/archivo\/td7\/motores\/2007\/08\/victoria.htm\">la edici\u00f3n de este a\u00f1o del rallye<\/a>, el dominador de siempre ha vuelto a ganar, precisamente es un fines, como no pod\u00eda ser menos, Marcus Gronholm quien ha conseguido una nueva victoria, ya van siete en este rallye, en ocho ediciones que gana Gronholm. Otro finland\u00e9s tambi\u00e9n con Ford, Hirvonen fue segundo, mientras que <strong>los pilotos de Subaru, Chris Atkinson y el espa\u00f1ol Xavier Pons s\u00f3lo pudieron ser 4\u00ba y 6\u00ba respectivamente.<\/strong><\/p>\n","protected":false},"excerpt":{"rendered":"<p>Y m\u00e1s concretamente Jyvaskyla, si todo el pa\u00eds respira a pasi\u00f3n por los coches esta ciudad de nombre impronunciable es la que cuenta con m\u00e1s conductores de rally por Km. cuadrado del mundo, cuna del gran Rovanpera. Estos n\u00f3rdicos aman los rallyes y nosotros amamos la belleza de sus pinares y sus lagos cristalinos y [&hellip;]<\/p>\n","protected":false},"author":21,"featured_media":43,"comment_status":"open","ping_status":"open","sticky":false,"template":"","format":"standard","meta":{"_acf_changed":false,"_eb_attr":"","inline_featured_image":false,"footnotes":""},"categories":[4401],"tags":[],"class_list":["post-42","post","type-post","status-publish","format-standard","has-post-thumbnail","hentry","category-nuestra-marca"],"acf":[],"yoast_head":"<!-- This site is optimized with the Yoast SEO plugin v27.3 - https:\/\/yoast.com\/product\/yoast-seo-wordpress\/ -->\n<title>Finlandia, el pa\u00eds de los rallies - Universo Subaru<\/title>\n<meta name=\"robots\" content=\"index, follow, max-snippet:-1, max-image-preview:large, max-video-preview:-1\" \/>\n<link rel=\"canonical\" href=\"https:\/\/www.subaru.es\/blog\/nuestra-marca\/finlandia-el-pais-de-los-rallyes\/\" \/>\n<meta property=\"og:locale\" content=\"es_ES\" \/>\n<meta property=\"og:type\" content=\"article\" \/>\n<meta property=\"og:title\" content=\"Finlandia, el pa\u00eds de los rallies - Universo Subaru\" \/>\n<meta property=\"og:description\" content=\"Y m\u00e1s concretamente Jyvaskyla, si todo el pa\u00eds respira a pasi\u00f3n por los coches esta ciudad de nombre impronunciable es la que cuenta con m\u00e1s conductores de rally por Km. cuadrado del mundo, cuna del gran Rovanpera. Estos n\u00f3rdicos aman los rallyes y nosotros amamos la belleza de sus pinares y sus lagos cristalinos y [&hellip;]\" \/>\n<meta property=\"og:url\" content=\"https:\/\/www.subaru.es\/blog\/nuestra-marca\/finlandia-el-pais-de-los-rallyes\/\" \/>\n<meta property=\"og:site_name\" content=\"Universo Subaru\" \/>\n<meta property=\"article:publisher\" content=\"https:\/\/www.facebook.com\/subaruespana\" \/>\n<meta property=\"article:published_time\" content=\"2007-09-11T07:34:02+00:00\" \/>\n<meta property=\"article:modified_time\" content=\"2020-08-06T09:54:03+00:00\" \/>\n<meta property=\"og:image\" content=\"https:\/\/www.subaru.es\/blog\/wp-content\/uploads\/2007\/09\/savonlinna.jpg\" \/>\n\t<meta property=\"og:image:width\" content=\"313\" \/>\n\t<meta property=\"og:image:height\" content=\"155\" \/>\n\t<meta property=\"og:image:type\" content=\"image\/jpeg\" \/>\n<meta name=\"author\" content=\"Subaru\" \/>\n<meta name=\"twitter:card\" content=\"summary_large_image\" \/>\n<meta name=\"twitter:label1\" content=\"Escrito por\" \/>\n\t<meta name=\"twitter:data1\" content=\"Subaru\" \/>\n\t<meta name=\"twitter:label2\" content=\"Tiempo de lectura\" \/>\n\t<meta name=\"twitter:data2\" content=\"2 minutos\" \/>\n<script type=\"application\/ld+json\" class=\"yoast-schema-graph\">{\"@context\":\"https:\\\/\\\/schema.org\",\"@graph\":[{\"@type\":\"Article\",\"@id\":\"https:\\\/\\\/www.subaru.es\\\/blog\\\/nuestra-marca\\\/finlandia-el-pais-de-los-rallyes\\\/#article\",\"isPartOf\":{\"@id\":\"https:\\\/\\\/www.subaru.es\\\/blog\\\/nuestra-marca\\\/finlandia-el-pais-de-los-rallyes\\\/\"},\"author\":{\"name\":\"Subaru\",\"@id\":\"https:\\\/\\\/www.subaru.es\\\/blog\\\/#\\\/schema\\\/person\\\/19a90b892230b8e0ec752704ddf4aa10\"},\"headline\":\"Finlandia, el pa\u00eds de los rallies\",\"datePublished\":\"2007-09-11T07:34:02+00:00\",\"dateModified\":\"2020-08-06T09:54:03+00:00\",\"mainEntityOfPage\":{\"@id\":\"https:\\\/\\\/www.subaru.es\\\/blog\\\/nuestra-marca\\\/finlandia-el-pais-de-los-rallyes\\\/\"},\"wordCount\":349,\"commentCount\":1,\"publisher\":{\"@id\":\"https:\\\/\\\/www.subaru.es\\\/blog\\\/#organization\"},\"image\":{\"@id\":\"https:\\\/\\\/www.subaru.es\\\/blog\\\/nuestra-marca\\\/finlandia-el-pais-de-los-rallyes\\\/#primaryimage\"},\"thumbnailUrl\":\"https:\\\/\\\/www.subaru.es\\\/blog\\\/wp-content\\\/uploads\\\/2007\\\/09\\\/savonlinna.jpg\",\"articleSection\":[\"Nuestra marca\"],\"inLanguage\":\"es\",\"potentialAction\":[{\"@type\":\"CommentAction\",\"name\":\"Comment\",\"target\":[\"https:\\\/\\\/www.subaru.es\\\/blog\\\/nuestra-marca\\\/finlandia-el-pais-de-los-rallyes\\\/#respond\"]}]},{\"@type\":\"WebPage\",\"@id\":\"https:\\\/\\\/www.subaru.es\\\/blog\\\/nuestra-marca\\\/finlandia-el-pais-de-los-rallyes\\\/\",\"url\":\"https:\\\/\\\/www.subaru.es\\\/blog\\\/nuestra-marca\\\/finlandia-el-pais-de-los-rallyes\\\/\",\"name\":\"Finlandia, el pa\u00eds de los rallies - Universo Subaru\",\"isPartOf\":{\"@id\":\"https:\\\/\\\/www.subaru.es\\\/blog\\\/#website\"},\"primaryImageOfPage\":{\"@id\":\"https:\\\/\\\/www.subaru.es\\\/blog\\\/nuestra-marca\\\/finlandia-el-pais-de-los-rallyes\\\/#primaryimage\"},\"image\":{\"@id\":\"https:\\\/\\\/www.subaru.es\\\/blog\\\/nuestra-marca\\\/finlandia-el-pais-de-los-rallyes\\\/#primaryimage\"},\"thumbnailUrl\":\"https:\\\/\\\/www.subaru.es\\\/blog\\\/wp-content\\\/uploads\\\/2007\\\/09\\\/savonlinna.jpg\",\"datePublished\":\"2007-09-11T07:34:02+00:00\",\"dateModified\":\"2020-08-06T09:54:03+00:00\",\"breadcrumb\":{\"@id\":\"https:\\\/\\\/www.subaru.es\\\/blog\\\/nuestra-marca\\\/finlandia-el-pais-de-los-rallyes\\\/#breadcrumb\"},\"inLanguage\":\"es\",\"potentialAction\":[{\"@type\":\"ReadAction\",\"target\":[\"https:\\\/\\\/www.subaru.es\\\/blog\\\/nuestra-marca\\\/finlandia-el-pais-de-los-rallyes\\\/\"]}]},{\"@type\":\"ImageObject\",\"inLanguage\":\"es\",\"@id\":\"https:\\\/\\\/www.subaru.es\\\/blog\\\/nuestra-marca\\\/finlandia-el-pais-de-los-rallyes\\\/#primaryimage\",\"url\":\"https:\\\/\\\/www.subaru.es\\\/blog\\\/wp-content\\\/uploads\\\/2007\\\/09\\\/savonlinna.jpg\",\"contentUrl\":\"https:\\\/\\\/www.subaru.es\\\/blog\\\/wp-content\\\/uploads\\\/2007\\\/09\\\/savonlinna.jpg\",\"width\":313,\"height\":155},{\"@type\":\"BreadcrumbList\",\"@id\":\"https:\\\/\\\/www.subaru.es\\\/blog\\\/nuestra-marca\\\/finlandia-el-pais-de-los-rallyes\\\/#breadcrumb\",\"itemListElement\":[{\"@type\":\"ListItem\",\"position\":1,\"name\":\"Portada\",\"item\":\"https:\\\/\\\/www.subaru.es\\\/blog\\\/\"},{\"@type\":\"ListItem\",\"position\":2,\"name\":\"Finlandia, el pa\u00eds de los rallies\"}]},{\"@type\":\"WebSite\",\"@id\":\"https:\\\/\\\/www.subaru.es\\\/blog\\\/#website\",\"url\":\"https:\\\/\\\/www.subaru.es\\\/blog\\\/\",\"name\":\"Universo Subaru\",\"description\":\"Descubre este apasionante espacio de Subaru donde vas a conocer todo sobre nuestros coches y las experiencias que vivimos con ellos. Si est\u00e1s preparado para dejarte seducir por la filosof\u00eda Subaru, qu\u00e9date con nosotros.\",\"publisher\":{\"@id\":\"https:\\\/\\\/www.subaru.es\\\/blog\\\/#organization\"},\"potentialAction\":[{\"@type\":\"SearchAction\",\"target\":{\"@type\":\"EntryPoint\",\"urlTemplate\":\"https:\\\/\\\/www.subaru.es\\\/blog\\\/?s={search_term_string}\"},\"query-input\":{\"@type\":\"PropertyValueSpecification\",\"valueRequired\":true,\"valueName\":\"search_term_string\"}}],\"inLanguage\":\"es\"},{\"@type\":\"Organization\",\"@id\":\"https:\\\/\\\/www.subaru.es\\\/blog\\\/#organization\",\"name\":\"Subaru Espa\u00f1a S.A.\",\"url\":\"https:\\\/\\\/www.subaru.es\\\/blog\\\/\",\"logo\":{\"@type\":\"ImageObject\",\"inLanguage\":\"es\",\"@id\":\"https:\\\/\\\/www.subaru.es\\\/blog\\\/#\\\/schema\\\/logo\\\/image\\\/\",\"url\":\"https:\\\/\\\/www.subaru.es\\\/blog\\\/wp-content\\\/uploads\\\/2016\\\/12\\\/Logo-Subaru-TypeV_C300-scaled.jpg\",\"contentUrl\":\"https:\\\/\\\/www.subaru.es\\\/blog\\\/wp-content\\\/uploads\\\/2016\\\/12\\\/Logo-Subaru-TypeV_C300-scaled.jpg\",\"width\":2560,\"height\":1864,\"caption\":\"Subaru Espa\u00f1a S.A.\"},\"image\":{\"@id\":\"https:\\\/\\\/www.subaru.es\\\/blog\\\/#\\\/schema\\\/logo\\\/image\\\/\"},\"sameAs\":[\"https:\\\/\\\/www.facebook.com\\\/subaruespana\",\"https:\\\/\\\/www.instagram.com\\\/subarues\\\/\",\"https:\\\/\\\/www.youtube.com\\\/user\\\/subaruespana\"]},{\"@type\":\"Person\",\"@id\":\"https:\\\/\\\/www.subaru.es\\\/blog\\\/#\\\/schema\\\/person\\\/19a90b892230b8e0ec752704ddf4aa10\",\"name\":\"Subaru\",\"url\":\"https:\\\/\\\/www.subaru.es\\\/blog\\\/author\\\/subaria\\\/\"}]}<\/script>\n<!-- \/ Yoast SEO plugin. -->","yoast_head_json":{"title":"Finlandia, el pa\u00eds de los rallies - Universo Subaru","robots":{"index":"index","follow":"follow","max-snippet":"max-snippet:-1","max-image-preview":"max-image-preview:large","max-video-preview":"max-video-preview:-1"},"canonical":"https:\/\/www.subaru.es\/blog\/nuestra-marca\/finlandia-el-pais-de-los-rallyes\/","og_locale":"es_ES","og_type":"article","og_title":"Finlandia, el pa\u00eds de los rallies - Universo Subaru","og_description":"Y m\u00e1s concretamente Jyvaskyla, si todo el pa\u00eds respira a pasi\u00f3n por los coches esta ciudad de nombre impronunciable es la que cuenta con m\u00e1s conductores de rally por Km. cuadrado del mundo, cuna del gran Rovanpera. Estos n\u00f3rdicos aman los rallyes y nosotros amamos la belleza de sus pinares y sus lagos cristalinos y [&hellip;]","og_url":"https:\/\/www.subaru.es\/blog\/nuestra-marca\/finlandia-el-pais-de-los-rallyes\/","og_site_name":"Universo Subaru","article_publisher":"https:\/\/www.facebook.com\/subaruespana","article_published_time":"2007-09-11T07:34:02+00:00","article_modified_time":"2020-08-06T09:54:03+00:00","og_image":[{"width":313,"height":155,"url":"https:\/\/www.subaru.es\/blog\/wp-content\/uploads\/2007\/09\/savonlinna.jpg","type":"image\/jpeg"}],"author":"Subaru","twitter_card":"summary_large_image","twitter_misc":{"Escrito por":"Subaru","Tiempo de lectura":"2 minutos"},"schema":{"@context":"https:\/\/schema.org","@graph":[{"@type":"Article","@id":"https:\/\/www.subaru.es\/blog\/nuestra-marca\/finlandia-el-pais-de-los-rallyes\/#article","isPartOf":{"@id":"https:\/\/www.subaru.es\/blog\/nuestra-marca\/finlandia-el-pais-de-los-rallyes\/"},"author":{"name":"Subaru","@id":"https:\/\/www.subaru.es\/blog\/#\/schema\/person\/19a90b892230b8e0ec752704ddf4aa10"},"headline":"Finlandia, el pa\u00eds de los rallies","datePublished":"2007-09-11T07:34:02+00:00","dateModified":"2020-08-06T09:54:03+00:00","mainEntityOfPage":{"@id":"https:\/\/www.subaru.es\/blog\/nuestra-marca\/finlandia-el-pais-de-los-rallyes\/"},"wordCount":349,"commentCount":1,"publisher":{"@id":"https:\/\/www.subaru.es\/blog\/#organization"},"image":{"@id":"https:\/\/www.subaru.es\/blog\/nuestra-marca\/finlandia-el-pais-de-los-rallyes\/#primaryimage"},"thumbnailUrl":"https:\/\/www.subaru.es\/blog\/wp-content\/uploads\/2007\/09\/savonlinna.jpg","articleSection":["Nuestra marca"],"inLanguage":"es","potentialAction":[{"@type":"CommentAction","name":"Comment","target":["https:\/\/www.subaru.es\/blog\/nuestra-marca\/finlandia-el-pais-de-los-rallyes\/#respond"]}]},{"@type":"WebPage","@id":"https:\/\/www.subaru.es\/blog\/nuestra-marca\/finlandia-el-pais-de-los-rallyes\/","url":"https:\/\/www.subaru.es\/blog\/nuestra-marca\/finlandia-el-pais-de-los-rallyes\/","name":"Finlandia, el pa\u00eds de los rallies - Universo Subaru","isPartOf":{"@id":"https:\/\/www.subaru.es\/blog\/#website"},"primaryImageOfPage":{"@id":"https:\/\/www.subaru.es\/blog\/nuestra-marca\/finlandia-el-pais-de-los-rallyes\/#primaryimage"},"image":{"@id":"https:\/\/www.subaru.es\/blog\/nuestra-marca\/finlandia-el-pais-de-los-rallyes\/#primaryimage"},"thumbnailUrl":"https:\/\/www.subaru.es\/blog\/wp-content\/uploads\/2007\/09\/savonlinna.jpg","datePublished":"2007-09-11T07:34:02+00:00","dateModified":"2020-08-06T09:54:03+00:00","breadcrumb":{"@id":"https:\/\/www.subaru.es\/blog\/nuestra-marca\/finlandia-el-pais-de-los-rallyes\/#breadcrumb"},"inLanguage":"es","potentialAction":[{"@type":"ReadAction","target":["https:\/\/www.subaru.es\/blog\/nuestra-marca\/finlandia-el-pais-de-los-rallyes\/"]}]},{"@type":"ImageObject","inLanguage":"es","@id":"https:\/\/www.subaru.es\/blog\/nuestra-marca\/finlandia-el-pais-de-los-rallyes\/#primaryimage","url":"https:\/\/www.subaru.es\/blog\/wp-content\/uploads\/2007\/09\/savonlinna.jpg","contentUrl":"https:\/\/www.subaru.es\/blog\/wp-content\/uploads\/2007\/09\/savonlinna.jpg","width":313,"height":155},{"@type":"BreadcrumbList","@id":"https:\/\/www.subaru.es\/blog\/nuestra-marca\/finlandia-el-pais-de-los-rallyes\/#breadcrumb","itemListElement":[{"@type":"ListItem","position":1,"name":"Portada","item":"https:\/\/www.subaru.es\/blog\/"},{"@type":"ListItem","position":2,"name":"Finlandia, el pa\u00eds de los rallies"}]},{"@type":"WebSite","@id":"https:\/\/www.subaru.es\/blog\/#website","url":"https:\/\/www.subaru.es\/blog\/","name":"Universo Subaru","description":"Descubre este apasionante espacio de Subaru donde vas a conocer todo sobre nuestros coches y las experiencias que vivimos con ellos. Si est\u00e1s preparado para dejarte seducir por la filosof\u00eda Subaru, qu\u00e9date con nosotros.","publisher":{"@id":"https:\/\/www.subaru.es\/blog\/#organization"},"potentialAction":[{"@type":"SearchAction","target":{"@type":"EntryPoint","urlTemplate":"https:\/\/www.subaru.es\/blog\/?s={search_term_string}"},"query-input":{"@type":"PropertyValueSpecification","valueRequired":true,"valueName":"search_term_string"}}],"inLanguage":"es"},{"@type":"Organization","@id":"https:\/\/www.subaru.es\/blog\/#organization","name":"Subaru Espa\u00f1a S.A.","url":"https:\/\/www.subaru.es\/blog\/","logo":{"@type":"ImageObject","inLanguage":"es","@id":"https:\/\/www.subaru.es\/blog\/#\/schema\/logo\/image\/","url":"https:\/\/www.subaru.es\/blog\/wp-content\/uploads\/2016\/12\/Logo-Subaru-TypeV_C300-scaled.jpg","contentUrl":"https:\/\/www.subaru.es\/blog\/wp-content\/uploads\/2016\/12\/Logo-Subaru-TypeV_C300-scaled.jpg","width":2560,"height":1864,"caption":"Subaru Espa\u00f1a S.A."},"image":{"@id":"https:\/\/www.subaru.es\/blog\/#\/schema\/logo\/image\/"},"sameAs":["https:\/\/www.facebook.com\/subaruespana","https:\/\/www.instagram.com\/subarues\/","https:\/\/www.youtube.com\/user\/subaruespana"]},{"@type":"Person","@id":"https:\/\/www.subaru.es\/blog\/#\/schema\/person\/19a90b892230b8e0ec752704ddf4aa10","name":"Subaru","url":"https:\/\/www.subaru.es\/blog\/author\/subaria\/"}]}},"_links":{"self":[{"href":"https:\/\/www.subaru.es\/blog\/wp-json\/wp\/v2\/posts\/42","targetHints":{"allow":["GET"]}}],"collection":[{"href":"https:\/\/www.subaru.es\/blog\/wp-json\/wp\/v2\/posts"}],"about":[{"href":"https:\/\/www.subaru.es\/blog\/wp-json\/wp\/v2\/types\/post"}],"author":[{"embeddable":true,"href":"https:\/\/www.subaru.es\/blog\/wp-json\/wp\/v2\/users\/21"}],"replies":[{"embeddable":true,"href":"https:\/\/www.subaru.es\/blog\/wp-json\/wp\/v2\/comments?post=42"}],"version-history":[{"count":1,"href":"https:\/\/www.subaru.es\/blog\/wp-json\/wp\/v2\/posts\/42\/revisions"}],"predecessor-version":[{"id":15809,"href":"https:\/\/www.subaru.es\/blog\/wp-json\/wp\/v2\/posts\/42\/revisions\/15809"}],"wp:featuredmedia":[{"embeddable":true,"href":"https:\/\/www.subaru.es\/blog\/wp-json\/wp\/v2\/media\/43"}],"wp:attachment":[{"href":"https:\/\/www.subaru.es\/blog\/wp-json\/wp\/v2\/media?parent=42"}],"wp:term":[{"taxonomy":"category","embeddable":true,"href":"https:\/\/www.subaru.es\/blog\/wp-json\/wp\/v2\/categories?post=42"},{"taxonomy":"post_tag","embeddable":true,"href":"https:\/\/www.subaru.es\/blog\/wp-json\/wp\/v2\/tags?post=42"}],"curies":[{"name":"wp","href":"https:\/\/api.w.org\/{rel}","templated":true}]}}