{"id":4184,"date":"2011-04-06T19:02:30","date_gmt":"2011-04-06T17:02:30","guid":{"rendered":"http:\/\/subaru.preproduccion.com\/blog\/?p=4184"},"modified":"2016-10-17T15:07:32","modified_gmt":"2016-10-17T13:07:32","slug":"se-suprimiran-las-ayudas-a-la-compra-de-vehiculos-nuevos","status":"publish","type":"post","link":"https:\/\/www.subaru.es\/blog\/nuestra-marca\/se-suprimiran-las-ayudas-a-la-compra-de-vehiculos-nuevos\/","title":{"rendered":"Se suprimir\u00e1n las ayudas a la compra de veh\u00edculos nuevos"},"content":{"rendered":"<p><img decoding=\"async\" class=\"aligncenter size-full wp-image-4188 lazyload\" title=\"cochesViejos\" data-src=\"https:\/\/www.subaru.es\/blog\/wp-content\/uploads\/2011\/03\/cochesViejos.jpg\" alt=\"Se termina el Plan 200E\" width=\"590\" height=\"368\" data-srcset=\"https:\/\/www.subaru.es\/blog\/wp-content\/uploads\/2011\/03\/cochesViejos.jpg 590w, https:\/\/www.subaru.es\/blog\/wp-content\/uploads\/2011\/03\/cochesViejos-560x349.jpg 560w\" data-sizes=\"(max-width: 590px) 100vw, 590px\" src=\"data:image\/svg+xml;base64,PHN2ZyB3aWR0aD0iMSIgaGVpZ2h0PSIxIiB4bWxucz0iaHR0cDovL3d3dy53My5vcmcvMjAwMC9zdmciPjwvc3ZnPg==\" style=\"--smush-placeholder-width: 590px; --smush-placeholder-aspect-ratio: 590\/368;\" \/><br \/>\n<strong>El Plan 2000E se termina<\/strong>, no volver\u00e1. Las ayudas econ\u00f3micas que incentivaban la adquisici\u00f3n de veh\u00edculos nuevos no volver\u00e1n a renovarse. La raz\u00f3n seg\u00fan el Gobierno es que en todos los pa\u00edses europeos en los que se hab\u00edan desplegado ayudas de esta \u00edndole no se han continuado, as\u00ed que ahora mismo, a la hora de renovar nuestro autom\u00f3vil, <strong>no podremos disponer de los 2000 euros de subvenci\u00f3n<\/strong>.<\/p>\n<p>Existen algunas razones por las que no se incentive el cambio de veh\u00edculo. A priori, el Gobierno est\u00e1 inmerso en una etapa de medidas anticrisis como la de subvencionar los cambios de neum\u00e1ticos o la de reducir la velocidad m\u00e1xima en autov\u00edas y autopistas de forma que se consiga un ahorro personal (de cada conductor) en cuanto a combustible, y un ahorro global del pa\u00eds en cuanto a importaci\u00f3n de crudo.<br \/>\n<!--more--><br \/>\nPor otro lado, <strong>el coche el\u00e9ctrico y los modelos h\u00edbridos son el futuro<\/strong> m\u00e1s inmediato, y aunque nadie ha dicho que se vayan a subvencionar a nivel nacional las compras de este tipo de veh\u00edculos, s\u00ed que se conocen ya incentivos locales y provinciales o auton\u00f3micos. Sin ir m\u00e1s lejos <a href=\"http:\/\/www.vehiculoselectricos.com\/blog\/cuenca-bonificara-a-los-vehiculos-electricos\/\">Cuenca incentivar\u00e1 el uso de el\u00e9ctricos con descuentos en los impuestos<\/a> que los gravan, y en <a href=\"http:\/\/blog.consumoteca.com\/motor\/ayudas\/se-aprueban-subvenciones-para-comprar-vehiculos-hibridos-y-motos-electricas-en-extremadura\">Extremadura existen tambi\u00e9n apoyos a la compra de coches y motos el\u00e9ctricas e h\u00edbridos<\/a>.<\/p>\n<p>Adem\u00e1s lo m\u00e1s seguro es que se pondr\u00e1n en marcha campa\u00f1as publicitarias de apoyo a estas tecnolog\u00edas, campa\u00f1as de concienciaci\u00f3n en los ayuntamientos y lo que deber\u00eda ser una campa\u00f1a general de informaci\u00f3n al ciudadano de las ventajas de tecnolog\u00edas de coches el\u00e9ctricos e h\u00edbridos.<\/p>\n<p>Con todo esto, y suponiendo que el Gobierno est\u00e9 satisfecho con los resultados de la campa\u00f1a del Plan200E, no tendr\u00eda mucho sentido continuar con el famoso plan de los 2000 euros, que desaparecer\u00eda de la \u00aboferta\u00bb de subvenciones estatales a la compra. Eso s\u00ed, si tienes alguna duda en cuanto a las ayudas existentes, los incentivos por comprar veh\u00edculos el\u00e9ctricos o h\u00edbridos, no dudes en preguntarnos.<\/p>\n<p>Fuente | <a href=\"http:\/\/noticias.terra.es\/2011\/local\/0307\/actualidad\/sebastian-descarta-poner-en-marcha-de-nuevo-el-plan-2000e-a-la-espera-de-la-evolucion-de-la-demanda.aspx\">Terra<\/a><br \/>\nFoto | <a href=\"http:\/\/www.flickr.com\/photos\/calvinshmelvin\/5404561674\/lightbox\/\">Tobias Mandt<\/a><\/p>\n","protected":false},"excerpt":{"rendered":"<p>Termina el Plan 2000E de ayudas a la compra de veh\u00edculos nuevos. El Gobierno suprime esta ayuda, pero inf\u00f3rmate acerca de otras ayudas interesantes para compras de h\u00edbridos o el\u00e9ctricos<\/p>\n","protected":false},"author":21,"featured_media":4188,"comment_status":"open","ping_status":"open","sticky":false,"template":"","format":"standard","meta":{"_acf_changed":false,"_eb_attr":"","inline_featured_image":false,"footnotes":""},"categories":[4401],"tags":[3382,3264,3381,2425,2498],"class_list":["post-4184","post","type-post","status-publish","format-standard","has-post-thumbnail","hentry","category-nuestra-marca","tag-ayudas-a-la-compra","tag-coches-electricos","tag-coches-hibridos","tag-nuevo-plan-2000e","tag-subvencion"],"acf":[],"yoast_head":"<!-- This site is optimized with the Yoast SEO plugin v27.3 - https:\/\/yoast.com\/product\/yoast-seo-wordpress\/ -->\n<title>Se suprimir\u00e1n las ayudas a la compra de veh\u00edculos nuevos - Universo Subaru<\/title>\n<meta name=\"robots\" content=\"index, follow, max-snippet:-1, max-image-preview:large, max-video-preview:-1\" \/>\n<link rel=\"canonical\" href=\"https:\/\/www.subaru.es\/blog\/nuestra-marca\/se-suprimiran-las-ayudas-a-la-compra-de-vehiculos-nuevos\/\" \/>\n<meta property=\"og:locale\" content=\"es_ES\" \/>\n<meta property=\"og:type\" content=\"article\" \/>\n<meta property=\"og:title\" content=\"Se suprimir\u00e1n las ayudas a la compra de veh\u00edculos nuevos - Universo Subaru\" \/>\n<meta property=\"og:description\" content=\"Termina el Plan 2000E de ayudas a la compra de veh\u00edculos nuevos. El Gobierno suprime esta ayuda, pero inf\u00f3rmate acerca de otras ayudas interesantes para compras de h\u00edbridos o el\u00e9ctricos\" \/>\n<meta property=\"og:url\" content=\"https:\/\/www.subaru.es\/blog\/nuestra-marca\/se-suprimiran-las-ayudas-a-la-compra-de-vehiculos-nuevos\/\" \/>\n<meta property=\"og:site_name\" content=\"Universo Subaru\" \/>\n<meta property=\"article:publisher\" content=\"https:\/\/www.facebook.com\/subaruespana\" \/>\n<meta property=\"article:published_time\" content=\"2011-04-06T17:02:30+00:00\" \/>\n<meta property=\"article:modified_time\" content=\"2016-10-17T13:07:32+00:00\" \/>\n<meta property=\"og:image\" content=\"https:\/\/www.subaru.es\/blog\/wp-content\/uploads\/2011\/03\/cochesViejos.jpg\" \/>\n\t<meta property=\"og:image:width\" content=\"590\" \/>\n\t<meta property=\"og:image:height\" content=\"368\" \/>\n\t<meta property=\"og:image:type\" content=\"image\/jpeg\" \/>\n<meta name=\"author\" content=\"Subaru\" \/>\n<meta name=\"twitter:card\" content=\"summary_large_image\" \/>\n<meta name=\"twitter:label1\" content=\"Escrito por\" \/>\n\t<meta name=\"twitter:data1\" content=\"Subaru\" \/>\n\t<meta name=\"twitter:label2\" content=\"Tiempo de lectura\" \/>\n\t<meta name=\"twitter:data2\" content=\"2 minutos\" \/>\n<script type=\"application\/ld+json\" class=\"yoast-schema-graph\">{\"@context\":\"https:\\\/\\\/schema.org\",\"@graph\":[{\"@type\":\"Article\",\"@id\":\"https:\\\/\\\/www.subaru.es\\\/blog\\\/nuestra-marca\\\/se-suprimiran-las-ayudas-a-la-compra-de-vehiculos-nuevos\\\/#article\",\"isPartOf\":{\"@id\":\"https:\\\/\\\/www.subaru.es\\\/blog\\\/nuestra-marca\\\/se-suprimiran-las-ayudas-a-la-compra-de-vehiculos-nuevos\\\/\"},\"author\":{\"name\":\"Subaru\",\"@id\":\"https:\\\/\\\/www.subaru.es\\\/blog\\\/#\\\/schema\\\/person\\\/19a90b892230b8e0ec752704ddf4aa10\"},\"headline\":\"Se suprimir\u00e1n las ayudas a la compra de veh\u00edculos nuevos\",\"datePublished\":\"2011-04-06T17:02:30+00:00\",\"dateModified\":\"2016-10-17T13:07:32+00:00\",\"mainEntityOfPage\":{\"@id\":\"https:\\\/\\\/www.subaru.es\\\/blog\\\/nuestra-marca\\\/se-suprimiran-las-ayudas-a-la-compra-de-vehiculos-nuevos\\\/\"},\"wordCount\":390,\"commentCount\":0,\"publisher\":{\"@id\":\"https:\\\/\\\/www.subaru.es\\\/blog\\\/#organization\"},\"image\":{\"@id\":\"https:\\\/\\\/www.subaru.es\\\/blog\\\/nuestra-marca\\\/se-suprimiran-las-ayudas-a-la-compra-de-vehiculos-nuevos\\\/#primaryimage\"},\"thumbnailUrl\":\"https:\\\/\\\/www.subaru.es\\\/blog\\\/wp-content\\\/uploads\\\/2011\\\/03\\\/cochesViejos.jpg\",\"keywords\":[\"Ayudas a la compra\",\"Coches el\u00e9ctricos\",\"Coches h\u00edbridos\",\"nuevo Plan 2000E\",\"subvenci\u00f3n\"],\"articleSection\":[\"Nuestra marca\"],\"inLanguage\":\"es\",\"potentialAction\":[{\"@type\":\"CommentAction\",\"name\":\"Comment\",\"target\":[\"https:\\\/\\\/www.subaru.es\\\/blog\\\/nuestra-marca\\\/se-suprimiran-las-ayudas-a-la-compra-de-vehiculos-nuevos\\\/#respond\"]}]},{\"@type\":\"WebPage\",\"@id\":\"https:\\\/\\\/www.subaru.es\\\/blog\\\/nuestra-marca\\\/se-suprimiran-las-ayudas-a-la-compra-de-vehiculos-nuevos\\\/\",\"url\":\"https:\\\/\\\/www.subaru.es\\\/blog\\\/nuestra-marca\\\/se-suprimiran-las-ayudas-a-la-compra-de-vehiculos-nuevos\\\/\",\"name\":\"Se suprimir\u00e1n las ayudas a la compra de veh\u00edculos nuevos - Universo Subaru\",\"isPartOf\":{\"@id\":\"https:\\\/\\\/www.subaru.es\\\/blog\\\/#website\"},\"primaryImageOfPage\":{\"@id\":\"https:\\\/\\\/www.subaru.es\\\/blog\\\/nuestra-marca\\\/se-suprimiran-las-ayudas-a-la-compra-de-vehiculos-nuevos\\\/#primaryimage\"},\"image\":{\"@id\":\"https:\\\/\\\/www.subaru.es\\\/blog\\\/nuestra-marca\\\/se-suprimiran-las-ayudas-a-la-compra-de-vehiculos-nuevos\\\/#primaryimage\"},\"thumbnailUrl\":\"https:\\\/\\\/www.subaru.es\\\/blog\\\/wp-content\\\/uploads\\\/2011\\\/03\\\/cochesViejos.jpg\",\"datePublished\":\"2011-04-06T17:02:30+00:00\",\"dateModified\":\"2016-10-17T13:07:32+00:00\",\"breadcrumb\":{\"@id\":\"https:\\\/\\\/www.subaru.es\\\/blog\\\/nuestra-marca\\\/se-suprimiran-las-ayudas-a-la-compra-de-vehiculos-nuevos\\\/#breadcrumb\"},\"inLanguage\":\"es\",\"potentialAction\":[{\"@type\":\"ReadAction\",\"target\":[\"https:\\\/\\\/www.subaru.es\\\/blog\\\/nuestra-marca\\\/se-suprimiran-las-ayudas-a-la-compra-de-vehiculos-nuevos\\\/\"]}]},{\"@type\":\"ImageObject\",\"inLanguage\":\"es\",\"@id\":\"https:\\\/\\\/www.subaru.es\\\/blog\\\/nuestra-marca\\\/se-suprimiran-las-ayudas-a-la-compra-de-vehiculos-nuevos\\\/#primaryimage\",\"url\":\"https:\\\/\\\/www.subaru.es\\\/blog\\\/wp-content\\\/uploads\\\/2011\\\/03\\\/cochesViejos.jpg\",\"contentUrl\":\"https:\\\/\\\/www.subaru.es\\\/blog\\\/wp-content\\\/uploads\\\/2011\\\/03\\\/cochesViejos.jpg\",\"width\":590,\"height\":368,\"caption\":\"Se termina el Plan 200E\"},{\"@type\":\"BreadcrumbList\",\"@id\":\"https:\\\/\\\/www.subaru.es\\\/blog\\\/nuestra-marca\\\/se-suprimiran-las-ayudas-a-la-compra-de-vehiculos-nuevos\\\/#breadcrumb\",\"itemListElement\":[{\"@type\":\"ListItem\",\"position\":1,\"name\":\"Portada\",\"item\":\"https:\\\/\\\/www.subaru.es\\\/blog\\\/\"},{\"@type\":\"ListItem\",\"position\":2,\"name\":\"Se suprimir\u00e1n las ayudas a la compra de veh\u00edculos nuevos\"}]},{\"@type\":\"WebSite\",\"@id\":\"https:\\\/\\\/www.subaru.es\\\/blog\\\/#website\",\"url\":\"https:\\\/\\\/www.subaru.es\\\/blog\\\/\",\"name\":\"Universo Subaru\",\"description\":\"Descubre este apasionante espacio de Subaru donde vas a conocer todo sobre nuestros coches y las experiencias que vivimos con ellos. Si est\u00e1s preparado para dejarte seducir por la filosof\u00eda Subaru, qu\u00e9date con nosotros.\",\"publisher\":{\"@id\":\"https:\\\/\\\/www.subaru.es\\\/blog\\\/#organization\"},\"potentialAction\":[{\"@type\":\"SearchAction\",\"target\":{\"@type\":\"EntryPoint\",\"urlTemplate\":\"https:\\\/\\\/www.subaru.es\\\/blog\\\/?s={search_term_string}\"},\"query-input\":{\"@type\":\"PropertyValueSpecification\",\"valueRequired\":true,\"valueName\":\"search_term_string\"}}],\"inLanguage\":\"es\"},{\"@type\":\"Organization\",\"@id\":\"https:\\\/\\\/www.subaru.es\\\/blog\\\/#organization\",\"name\":\"Subaru Espa\u00f1a S.A.\",\"url\":\"https:\\\/\\\/www.subaru.es\\\/blog\\\/\",\"logo\":{\"@type\":\"ImageObject\",\"inLanguage\":\"es\",\"@id\":\"https:\\\/\\\/www.subaru.es\\\/blog\\\/#\\\/schema\\\/logo\\\/image\\\/\",\"url\":\"https:\\\/\\\/www.subaru.es\\\/blog\\\/wp-content\\\/uploads\\\/2016\\\/12\\\/Logo-Subaru-TypeV_C300-scaled.jpg\",\"contentUrl\":\"https:\\\/\\\/www.subaru.es\\\/blog\\\/wp-content\\\/uploads\\\/2016\\\/12\\\/Logo-Subaru-TypeV_C300-scaled.jpg\",\"width\":2560,\"height\":1864,\"caption\":\"Subaru Espa\u00f1a S.A.\"},\"image\":{\"@id\":\"https:\\\/\\\/www.subaru.es\\\/blog\\\/#\\\/schema\\\/logo\\\/image\\\/\"},\"sameAs\":[\"https:\\\/\\\/www.facebook.com\\\/subaruespana\",\"https:\\\/\\\/www.instagram.com\\\/subarues\\\/\",\"https:\\\/\\\/www.youtube.com\\\/user\\\/subaruespana\"]},{\"@type\":\"Person\",\"@id\":\"https:\\\/\\\/www.subaru.es\\\/blog\\\/#\\\/schema\\\/person\\\/19a90b892230b8e0ec752704ddf4aa10\",\"name\":\"Subaru\",\"url\":\"https:\\\/\\\/www.subaru.es\\\/blog\\\/author\\\/subaria\\\/\"}]}<\/script>\n<!-- \/ Yoast SEO plugin. -->","yoast_head_json":{"title":"Se suprimir\u00e1n las ayudas a la compra de veh\u00edculos nuevos - Universo Subaru","robots":{"index":"index","follow":"follow","max-snippet":"max-snippet:-1","max-image-preview":"max-image-preview:large","max-video-preview":"max-video-preview:-1"},"canonical":"https:\/\/www.subaru.es\/blog\/nuestra-marca\/se-suprimiran-las-ayudas-a-la-compra-de-vehiculos-nuevos\/","og_locale":"es_ES","og_type":"article","og_title":"Se suprimir\u00e1n las ayudas a la compra de veh\u00edculos nuevos - Universo Subaru","og_description":"Termina el Plan 2000E de ayudas a la compra de veh\u00edculos nuevos. El Gobierno suprime esta ayuda, pero inf\u00f3rmate acerca de otras ayudas interesantes para compras de h\u00edbridos o el\u00e9ctricos","og_url":"https:\/\/www.subaru.es\/blog\/nuestra-marca\/se-suprimiran-las-ayudas-a-la-compra-de-vehiculos-nuevos\/","og_site_name":"Universo Subaru","article_publisher":"https:\/\/www.facebook.com\/subaruespana","article_published_time":"2011-04-06T17:02:30+00:00","article_modified_time":"2016-10-17T13:07:32+00:00","og_image":[{"width":590,"height":368,"url":"https:\/\/www.subaru.es\/blog\/wp-content\/uploads\/2011\/03\/cochesViejos.jpg","type":"image\/jpeg"}],"author":"Subaru","twitter_card":"summary_large_image","twitter_misc":{"Escrito por":"Subaru","Tiempo de lectura":"2 minutos"},"schema":{"@context":"https:\/\/schema.org","@graph":[{"@type":"Article","@id":"https:\/\/www.subaru.es\/blog\/nuestra-marca\/se-suprimiran-las-ayudas-a-la-compra-de-vehiculos-nuevos\/#article","isPartOf":{"@id":"https:\/\/www.subaru.es\/blog\/nuestra-marca\/se-suprimiran-las-ayudas-a-la-compra-de-vehiculos-nuevos\/"},"author":{"name":"Subaru","@id":"https:\/\/www.subaru.es\/blog\/#\/schema\/person\/19a90b892230b8e0ec752704ddf4aa10"},"headline":"Se suprimir\u00e1n las ayudas a la compra de veh\u00edculos nuevos","datePublished":"2011-04-06T17:02:30+00:00","dateModified":"2016-10-17T13:07:32+00:00","mainEntityOfPage":{"@id":"https:\/\/www.subaru.es\/blog\/nuestra-marca\/se-suprimiran-las-ayudas-a-la-compra-de-vehiculos-nuevos\/"},"wordCount":390,"commentCount":0,"publisher":{"@id":"https:\/\/www.subaru.es\/blog\/#organization"},"image":{"@id":"https:\/\/www.subaru.es\/blog\/nuestra-marca\/se-suprimiran-las-ayudas-a-la-compra-de-vehiculos-nuevos\/#primaryimage"},"thumbnailUrl":"https:\/\/www.subaru.es\/blog\/wp-content\/uploads\/2011\/03\/cochesViejos.jpg","keywords":["Ayudas a la compra","Coches el\u00e9ctricos","Coches h\u00edbridos","nuevo Plan 2000E","subvenci\u00f3n"],"articleSection":["Nuestra marca"],"inLanguage":"es","potentialAction":[{"@type":"CommentAction","name":"Comment","target":["https:\/\/www.subaru.es\/blog\/nuestra-marca\/se-suprimiran-las-ayudas-a-la-compra-de-vehiculos-nuevos\/#respond"]}]},{"@type":"WebPage","@id":"https:\/\/www.subaru.es\/blog\/nuestra-marca\/se-suprimiran-las-ayudas-a-la-compra-de-vehiculos-nuevos\/","url":"https:\/\/www.subaru.es\/blog\/nuestra-marca\/se-suprimiran-las-ayudas-a-la-compra-de-vehiculos-nuevos\/","name":"Se suprimir\u00e1n las ayudas a la compra de veh\u00edculos nuevos - Universo Subaru","isPartOf":{"@id":"https:\/\/www.subaru.es\/blog\/#website"},"primaryImageOfPage":{"@id":"https:\/\/www.subaru.es\/blog\/nuestra-marca\/se-suprimiran-las-ayudas-a-la-compra-de-vehiculos-nuevos\/#primaryimage"},"image":{"@id":"https:\/\/www.subaru.es\/blog\/nuestra-marca\/se-suprimiran-las-ayudas-a-la-compra-de-vehiculos-nuevos\/#primaryimage"},"thumbnailUrl":"https:\/\/www.subaru.es\/blog\/wp-content\/uploads\/2011\/03\/cochesViejos.jpg","datePublished":"2011-04-06T17:02:30+00:00","dateModified":"2016-10-17T13:07:32+00:00","breadcrumb":{"@id":"https:\/\/www.subaru.es\/blog\/nuestra-marca\/se-suprimiran-las-ayudas-a-la-compra-de-vehiculos-nuevos\/#breadcrumb"},"inLanguage":"es","potentialAction":[{"@type":"ReadAction","target":["https:\/\/www.subaru.es\/blog\/nuestra-marca\/se-suprimiran-las-ayudas-a-la-compra-de-vehiculos-nuevos\/"]}]},{"@type":"ImageObject","inLanguage":"es","@id":"https:\/\/www.subaru.es\/blog\/nuestra-marca\/se-suprimiran-las-ayudas-a-la-compra-de-vehiculos-nuevos\/#primaryimage","url":"https:\/\/www.subaru.es\/blog\/wp-content\/uploads\/2011\/03\/cochesViejos.jpg","contentUrl":"https:\/\/www.subaru.es\/blog\/wp-content\/uploads\/2011\/03\/cochesViejos.jpg","width":590,"height":368,"caption":"Se termina el Plan 200E"},{"@type":"BreadcrumbList","@id":"https:\/\/www.subaru.es\/blog\/nuestra-marca\/se-suprimiran-las-ayudas-a-la-compra-de-vehiculos-nuevos\/#breadcrumb","itemListElement":[{"@type":"ListItem","position":1,"name":"Portada","item":"https:\/\/www.subaru.es\/blog\/"},{"@type":"ListItem","position":2,"name":"Se suprimir\u00e1n las ayudas a la compra de veh\u00edculos nuevos"}]},{"@type":"WebSite","@id":"https:\/\/www.subaru.es\/blog\/#website","url":"https:\/\/www.subaru.es\/blog\/","name":"Universo Subaru","description":"Descubre este apasionante espacio de Subaru donde vas a conocer todo sobre nuestros coches y las experiencias que vivimos con ellos. Si est\u00e1s preparado para dejarte seducir por la filosof\u00eda Subaru, qu\u00e9date con nosotros.","publisher":{"@id":"https:\/\/www.subaru.es\/blog\/#organization"},"potentialAction":[{"@type":"SearchAction","target":{"@type":"EntryPoint","urlTemplate":"https:\/\/www.subaru.es\/blog\/?s={search_term_string}"},"query-input":{"@type":"PropertyValueSpecification","valueRequired":true,"valueName":"search_term_string"}}],"inLanguage":"es"},{"@type":"Organization","@id":"https:\/\/www.subaru.es\/blog\/#organization","name":"Subaru Espa\u00f1a S.A.","url":"https:\/\/www.subaru.es\/blog\/","logo":{"@type":"ImageObject","inLanguage":"es","@id":"https:\/\/www.subaru.es\/blog\/#\/schema\/logo\/image\/","url":"https:\/\/www.subaru.es\/blog\/wp-content\/uploads\/2016\/12\/Logo-Subaru-TypeV_C300-scaled.jpg","contentUrl":"https:\/\/www.subaru.es\/blog\/wp-content\/uploads\/2016\/12\/Logo-Subaru-TypeV_C300-scaled.jpg","width":2560,"height":1864,"caption":"Subaru Espa\u00f1a S.A."},"image":{"@id":"https:\/\/www.subaru.es\/blog\/#\/schema\/logo\/image\/"},"sameAs":["https:\/\/www.facebook.com\/subaruespana","https:\/\/www.instagram.com\/subarues\/","https:\/\/www.youtube.com\/user\/subaruespana"]},{"@type":"Person","@id":"https:\/\/www.subaru.es\/blog\/#\/schema\/person\/19a90b892230b8e0ec752704ddf4aa10","name":"Subaru","url":"https:\/\/www.subaru.es\/blog\/author\/subaria\/"}]}},"_links":{"self":[{"href":"https:\/\/www.subaru.es\/blog\/wp-json\/wp\/v2\/posts\/4184","targetHints":{"allow":["GET"]}}],"collection":[{"href":"https:\/\/www.subaru.es\/blog\/wp-json\/wp\/v2\/posts"}],"about":[{"href":"https:\/\/www.subaru.es\/blog\/wp-json\/wp\/v2\/types\/post"}],"author":[{"embeddable":true,"href":"https:\/\/www.subaru.es\/blog\/wp-json\/wp\/v2\/users\/21"}],"replies":[{"embeddable":true,"href":"https:\/\/www.subaru.es\/blog\/wp-json\/wp\/v2\/comments?post=4184"}],"version-history":[{"count":1,"href":"https:\/\/www.subaru.es\/blog\/wp-json\/wp\/v2\/posts\/4184\/revisions"}],"predecessor-version":[{"id":14960,"href":"https:\/\/www.subaru.es\/blog\/wp-json\/wp\/v2\/posts\/4184\/revisions\/14960"}],"wp:featuredmedia":[{"embeddable":true,"href":"https:\/\/www.subaru.es\/blog\/wp-json\/wp\/v2\/media\/4188"}],"wp:attachment":[{"href":"https:\/\/www.subaru.es\/blog\/wp-json\/wp\/v2\/media?parent=4184"}],"wp:term":[{"taxonomy":"category","embeddable":true,"href":"https:\/\/www.subaru.es\/blog\/wp-json\/wp\/v2\/categories?post=4184"},{"taxonomy":"post_tag","embeddable":true,"href":"https:\/\/www.subaru.es\/blog\/wp-json\/wp\/v2\/tags?post=4184"}],"curies":[{"name":"wp","href":"https:\/\/api.w.org\/{rel}","templated":true}]}}