{"id":405,"date":"2007-11-14T12:23:36","date_gmt":"2007-11-14T10:23:36","guid":{"rendered":"http:\/\/subaru.preproduccion.com\/blog\/wp-content\/2007\/11\/14\/joan-vinyes-con-impreza-gana-la-ultima-prueba-pero-se-queda-a-las-puertas-del-titulo\/"},"modified":"2016-10-17T15:09:27","modified_gmt":"2016-10-17T13:09:27","slug":"joan-vinyes-con-impreza-gana-la-ultima-prueba-pero-se-queda-a-las-puertas-del-titulo","status":"publish","type":"post","link":"https:\/\/www.subaru.es\/blog\/nuestra-marca\/joan-vinyes-con-impreza-gana-la-ultima-prueba-pero-se-queda-a-las-puertas-del-titulo\/","title":{"rendered":"Joan Vinyes, con Impreza, gana la \u00faltima prueba pero se queda a las puertas del t\u00edtulo"},"content":{"rendered":"<p>El piloto de Subaru, conduce un Impreza, ha llegado hasta la \u00faltima prueba del <strong>Campeonato Nacional de Rallys de Tierra<\/strong> con opciones de lograr el t\u00edtulo, y en esta \u00faltima carrera disputada en<strong> Cabanas<\/strong>, Galicia, ha hecho lo que era su obligaci\u00f3n, <a href=\"http:\/\/www.fotoesport.com\/FitxersNoticies\/2007\/0715EVFe2c.htm\">vencer<\/a>. Pero a pesar de eso, necesitaba que Dani Sol\u00e1, un piloto de quien Vinyes se confiesa admirador, <a href=\"http:\/\/www.as.com\/motor\/articulo\/sola-gana-titulo-le-quedaba\/dasmot\/20071111dasdaimot_6\/Tes\">no deb\u00eda<\/a> quedar entre los cinco primeros, cosa que ha sucedido.<\/p>\n<p>El <a href=\"http:\/\/www.equipvinyesdabad.com\/web\/cas\/palmares.asp\">andorrano <\/a>ha demostrado durante toda la competici\u00f3n que ha conseguido sacar un m\u00e1ximo rendimiento de su <strong>Subaru Impreza<\/strong> y por lo tanto debe estar satisfecho, un <strong>segundo puesto en el Campeonato<\/strong> y \u00e9sta \u00faltima victoria parcial lo merecen, victoria que por cierto es la <strong>tercera<\/strong> en total, nada mal desde luego.<\/p>\n<p><img data-src='https:\/\/www.subaru.es\/blog\/wp-content\/uploads\/2007\/11\/vinyes-1.jpg' alt='vinyes-1.jpg' src='data:image\/svg+xml;base64,PHN2ZyB3aWR0aD0iMSIgaGVpZ2h0PSIxIiB4bWxucz0iaHR0cDovL3d3dy53My5vcmcvMjAwMC9zdmciPjwvc3ZnPg==' class='lazyload' style='--smush-placeholder-width: 500px; --smush-placeholder-aspect-ratio: 500\/261;' \/><\/p>\n<p>El propio Vinyes nos explica en palabras las sensaciones percibidas en Cabanas: <em>\u00ab<strong>Aqu\u00ed en Cabanas hemos hecho lo que ten\u00edamos que hacer, es decir ganar, pero \u00e9ramos conscientes que no depend\u00edamos de nosotros y en este caso nuestros rivales no han fallado. El titulo se ha escapado, pero mirando un poco para atr\u00e1s, creo que no ha sido en la parte final del campeonato<\/strong>\u00ab<\/em>.<\/p>\n","protected":false},"excerpt":{"rendered":"<p>El piloto de Subaru, conduce un Impreza, ha llegado hasta la \u00faltima prueba del Campeonato Nacional de Rallys de Tierra con opciones de lograr el t\u00edtulo, y en esta \u00faltima carrera disputada en Cabanas, Galicia, ha hecho lo que era su obligaci\u00f3n, vencer. Pero a pesar de eso, necesitaba que Dani Sol\u00e1, un piloto de [&hellip;]<\/p>\n","protected":false},"author":21,"featured_media":406,"comment_status":"open","ping_status":"open","sticky":false,"template":"","format":"standard","meta":{"_acf_changed":false,"_eb_attr":"","inline_featured_image":false,"footnotes":""},"categories":[4401],"tags":[],"class_list":["post-405","post","type-post","status-publish","format-standard","has-post-thumbnail","hentry","category-nuestra-marca"],"acf":[],"yoast_head":"<!-- This site is optimized with the Yoast SEO plugin v27.3 - https:\/\/yoast.com\/product\/yoast-seo-wordpress\/ -->\n<title>Joan Vinyes, con Impreza, gana la \u00faltima prueba pero se queda a las puertas del t\u00edtulo - Universo Subaru<\/title>\n<meta name=\"robots\" content=\"index, follow, max-snippet:-1, max-image-preview:large, max-video-preview:-1\" \/>\n<link rel=\"canonical\" href=\"https:\/\/www.subaru.es\/blog\/nuestra-marca\/joan-vinyes-con-impreza-gana-la-ultima-prueba-pero-se-queda-a-las-puertas-del-titulo\/\" \/>\n<meta property=\"og:locale\" content=\"es_ES\" \/>\n<meta property=\"og:type\" content=\"article\" \/>\n<meta property=\"og:title\" content=\"Joan Vinyes, con Impreza, gana la \u00faltima prueba pero se queda a las puertas del t\u00edtulo - Universo Subaru\" \/>\n<meta property=\"og:description\" content=\"El piloto de Subaru, conduce un Impreza, ha llegado hasta la \u00faltima prueba del Campeonato Nacional de Rallys de Tierra con opciones de lograr el t\u00edtulo, y en esta \u00faltima carrera disputada en Cabanas, Galicia, ha hecho lo que era su obligaci\u00f3n, vencer. Pero a pesar de eso, necesitaba que Dani Sol\u00e1, un piloto de [&hellip;]\" \/>\n<meta property=\"og:url\" content=\"https:\/\/www.subaru.es\/blog\/nuestra-marca\/joan-vinyes-con-impreza-gana-la-ultima-prueba-pero-se-queda-a-las-puertas-del-titulo\/\" \/>\n<meta property=\"og:site_name\" content=\"Universo Subaru\" \/>\n<meta property=\"article:publisher\" content=\"https:\/\/www.facebook.com\/subaruespana\" \/>\n<meta property=\"article:published_time\" content=\"2007-11-14T10:23:36+00:00\" \/>\n<meta property=\"article:modified_time\" content=\"2016-10-17T13:09:27+00:00\" \/>\n<meta property=\"og:image\" content=\"https:\/\/www.subaru.es\/blog\/wp-content\/uploads\/2007\/11\/vinyes_salto.jpg\" \/>\n\t<meta property=\"og:image:width\" content=\"620\" \/>\n\t<meta property=\"og:image:height\" content=\"412\" \/>\n\t<meta property=\"og:image:type\" content=\"image\/jpeg\" \/>\n<meta name=\"author\" content=\"Subaru\" \/>\n<meta name=\"twitter:card\" content=\"summary_large_image\" \/>\n<meta name=\"twitter:label1\" content=\"Escrito por\" \/>\n\t<meta name=\"twitter:data1\" content=\"Subaru\" \/>\n\t<meta name=\"twitter:label2\" content=\"Tiempo de lectura\" \/>\n\t<meta name=\"twitter:data2\" content=\"1 minuto\" \/>\n<script type=\"application\/ld+json\" class=\"yoast-schema-graph\">{\"@context\":\"https:\\\/\\\/schema.org\",\"@graph\":[{\"@type\":\"Article\",\"@id\":\"https:\\\/\\\/www.subaru.es\\\/blog\\\/nuestra-marca\\\/joan-vinyes-con-impreza-gana-la-ultima-prueba-pero-se-queda-a-las-puertas-del-titulo\\\/#article\",\"isPartOf\":{\"@id\":\"https:\\\/\\\/www.subaru.es\\\/blog\\\/nuestra-marca\\\/joan-vinyes-con-impreza-gana-la-ultima-prueba-pero-se-queda-a-las-puertas-del-titulo\\\/\"},\"author\":{\"name\":\"Subaru\",\"@id\":\"https:\\\/\\\/www.subaru.es\\\/blog\\\/#\\\/schema\\\/person\\\/19a90b892230b8e0ec752704ddf4aa10\"},\"headline\":\"Joan Vinyes, con Impreza, gana la \u00faltima prueba pero se queda a las puertas del t\u00edtulo\",\"datePublished\":\"2007-11-14T10:23:36+00:00\",\"dateModified\":\"2016-10-17T13:09:27+00:00\",\"mainEntityOfPage\":{\"@id\":\"https:\\\/\\\/www.subaru.es\\\/blog\\\/nuestra-marca\\\/joan-vinyes-con-impreza-gana-la-ultima-prueba-pero-se-queda-a-las-puertas-del-titulo\\\/\"},\"wordCount\":212,\"commentCount\":0,\"publisher\":{\"@id\":\"https:\\\/\\\/www.subaru.es\\\/blog\\\/#organization\"},\"image\":{\"@id\":\"https:\\\/\\\/www.subaru.es\\\/blog\\\/nuestra-marca\\\/joan-vinyes-con-impreza-gana-la-ultima-prueba-pero-se-queda-a-las-puertas-del-titulo\\\/#primaryimage\"},\"thumbnailUrl\":\"https:\\\/\\\/www.subaru.es\\\/blog\\\/wp-content\\\/uploads\\\/2007\\\/11\\\/vinyes_salto.jpg\",\"articleSection\":[\"Nuestra marca\"],\"inLanguage\":\"es\",\"potentialAction\":[{\"@type\":\"CommentAction\",\"name\":\"Comment\",\"target\":[\"https:\\\/\\\/www.subaru.es\\\/blog\\\/nuestra-marca\\\/joan-vinyes-con-impreza-gana-la-ultima-prueba-pero-se-queda-a-las-puertas-del-titulo\\\/#respond\"]}]},{\"@type\":\"WebPage\",\"@id\":\"https:\\\/\\\/www.subaru.es\\\/blog\\\/nuestra-marca\\\/joan-vinyes-con-impreza-gana-la-ultima-prueba-pero-se-queda-a-las-puertas-del-titulo\\\/\",\"url\":\"https:\\\/\\\/www.subaru.es\\\/blog\\\/nuestra-marca\\\/joan-vinyes-con-impreza-gana-la-ultima-prueba-pero-se-queda-a-las-puertas-del-titulo\\\/\",\"name\":\"Joan Vinyes, con Impreza, gana la \u00faltima prueba pero se queda a las puertas del t\u00edtulo - Universo Subaru\",\"isPartOf\":{\"@id\":\"https:\\\/\\\/www.subaru.es\\\/blog\\\/#website\"},\"primaryImageOfPage\":{\"@id\":\"https:\\\/\\\/www.subaru.es\\\/blog\\\/nuestra-marca\\\/joan-vinyes-con-impreza-gana-la-ultima-prueba-pero-se-queda-a-las-puertas-del-titulo\\\/#primaryimage\"},\"image\":{\"@id\":\"https:\\\/\\\/www.subaru.es\\\/blog\\\/nuestra-marca\\\/joan-vinyes-con-impreza-gana-la-ultima-prueba-pero-se-queda-a-las-puertas-del-titulo\\\/#primaryimage\"},\"thumbnailUrl\":\"https:\\\/\\\/www.subaru.es\\\/blog\\\/wp-content\\\/uploads\\\/2007\\\/11\\\/vinyes_salto.jpg\",\"datePublished\":\"2007-11-14T10:23:36+00:00\",\"dateModified\":\"2016-10-17T13:09:27+00:00\",\"breadcrumb\":{\"@id\":\"https:\\\/\\\/www.subaru.es\\\/blog\\\/nuestra-marca\\\/joan-vinyes-con-impreza-gana-la-ultima-prueba-pero-se-queda-a-las-puertas-del-titulo\\\/#breadcrumb\"},\"inLanguage\":\"es\",\"potentialAction\":[{\"@type\":\"ReadAction\",\"target\":[\"https:\\\/\\\/www.subaru.es\\\/blog\\\/nuestra-marca\\\/joan-vinyes-con-impreza-gana-la-ultima-prueba-pero-se-queda-a-las-puertas-del-titulo\\\/\"]}]},{\"@type\":\"ImageObject\",\"inLanguage\":\"es\",\"@id\":\"https:\\\/\\\/www.subaru.es\\\/blog\\\/nuestra-marca\\\/joan-vinyes-con-impreza-gana-la-ultima-prueba-pero-se-queda-a-las-puertas-del-titulo\\\/#primaryimage\",\"url\":\"https:\\\/\\\/www.subaru.es\\\/blog\\\/wp-content\\\/uploads\\\/2007\\\/11\\\/vinyes_salto.jpg\",\"contentUrl\":\"https:\\\/\\\/www.subaru.es\\\/blog\\\/wp-content\\\/uploads\\\/2007\\\/11\\\/vinyes_salto.jpg\",\"width\":620,\"height\":412},{\"@type\":\"BreadcrumbList\",\"@id\":\"https:\\\/\\\/www.subaru.es\\\/blog\\\/nuestra-marca\\\/joan-vinyes-con-impreza-gana-la-ultima-prueba-pero-se-queda-a-las-puertas-del-titulo\\\/#breadcrumb\",\"itemListElement\":[{\"@type\":\"ListItem\",\"position\":1,\"name\":\"Portada\",\"item\":\"https:\\\/\\\/www.subaru.es\\\/blog\\\/\"},{\"@type\":\"ListItem\",\"position\":2,\"name\":\"Joan Vinyes, con Impreza, gana la \u00faltima prueba pero se queda a las puertas del t\u00edtulo\"}]},{\"@type\":\"WebSite\",\"@id\":\"https:\\\/\\\/www.subaru.es\\\/blog\\\/#website\",\"url\":\"https:\\\/\\\/www.subaru.es\\\/blog\\\/\",\"name\":\"Universo Subaru\",\"description\":\"Descubre este apasionante espacio de Subaru donde vas a conocer todo sobre nuestros coches y las experiencias que vivimos con ellos. Si est\u00e1s preparado para dejarte seducir por la filosof\u00eda Subaru, qu\u00e9date con nosotros.\",\"publisher\":{\"@id\":\"https:\\\/\\\/www.subaru.es\\\/blog\\\/#organization\"},\"potentialAction\":[{\"@type\":\"SearchAction\",\"target\":{\"@type\":\"EntryPoint\",\"urlTemplate\":\"https:\\\/\\\/www.subaru.es\\\/blog\\\/?s={search_term_string}\"},\"query-input\":{\"@type\":\"PropertyValueSpecification\",\"valueRequired\":true,\"valueName\":\"search_term_string\"}}],\"inLanguage\":\"es\"},{\"@type\":\"Organization\",\"@id\":\"https:\\\/\\\/www.subaru.es\\\/blog\\\/#organization\",\"name\":\"Subaru Espa\u00f1a S.A.\",\"url\":\"https:\\\/\\\/www.subaru.es\\\/blog\\\/\",\"logo\":{\"@type\":\"ImageObject\",\"inLanguage\":\"es\",\"@id\":\"https:\\\/\\\/www.subaru.es\\\/blog\\\/#\\\/schema\\\/logo\\\/image\\\/\",\"url\":\"https:\\\/\\\/www.subaru.es\\\/blog\\\/wp-content\\\/uploads\\\/2016\\\/12\\\/Logo-Subaru-TypeV_C300-scaled.jpg\",\"contentUrl\":\"https:\\\/\\\/www.subaru.es\\\/blog\\\/wp-content\\\/uploads\\\/2016\\\/12\\\/Logo-Subaru-TypeV_C300-scaled.jpg\",\"width\":2560,\"height\":1864,\"caption\":\"Subaru Espa\u00f1a S.A.\"},\"image\":{\"@id\":\"https:\\\/\\\/www.subaru.es\\\/blog\\\/#\\\/schema\\\/logo\\\/image\\\/\"},\"sameAs\":[\"https:\\\/\\\/www.facebook.com\\\/subaruespana\",\"https:\\\/\\\/www.instagram.com\\\/subarues\\\/\",\"https:\\\/\\\/www.youtube.com\\\/user\\\/subaruespana\"]},{\"@type\":\"Person\",\"@id\":\"https:\\\/\\\/www.subaru.es\\\/blog\\\/#\\\/schema\\\/person\\\/19a90b892230b8e0ec752704ddf4aa10\",\"name\":\"Subaru\",\"url\":\"https:\\\/\\\/www.subaru.es\\\/blog\\\/author\\\/subaria\\\/\"}]}<\/script>\n<!-- \/ Yoast SEO plugin. -->","yoast_head_json":{"title":"Joan Vinyes, con Impreza, gana la \u00faltima prueba pero se queda a las puertas del t\u00edtulo - Universo Subaru","robots":{"index":"index","follow":"follow","max-snippet":"max-snippet:-1","max-image-preview":"max-image-preview:large","max-video-preview":"max-video-preview:-1"},"canonical":"https:\/\/www.subaru.es\/blog\/nuestra-marca\/joan-vinyes-con-impreza-gana-la-ultima-prueba-pero-se-queda-a-las-puertas-del-titulo\/","og_locale":"es_ES","og_type":"article","og_title":"Joan Vinyes, con Impreza, gana la \u00faltima prueba pero se queda a las puertas del t\u00edtulo - Universo Subaru","og_description":"El piloto de Subaru, conduce un Impreza, ha llegado hasta la \u00faltima prueba del Campeonato Nacional de Rallys de Tierra con opciones de lograr el t\u00edtulo, y en esta \u00faltima carrera disputada en Cabanas, Galicia, ha hecho lo que era su obligaci\u00f3n, vencer. Pero a pesar de eso, necesitaba que Dani Sol\u00e1, un piloto de [&hellip;]","og_url":"https:\/\/www.subaru.es\/blog\/nuestra-marca\/joan-vinyes-con-impreza-gana-la-ultima-prueba-pero-se-queda-a-las-puertas-del-titulo\/","og_site_name":"Universo Subaru","article_publisher":"https:\/\/www.facebook.com\/subaruespana","article_published_time":"2007-11-14T10:23:36+00:00","article_modified_time":"2016-10-17T13:09:27+00:00","og_image":[{"width":620,"height":412,"url":"https:\/\/www.subaru.es\/blog\/wp-content\/uploads\/2007\/11\/vinyes_salto.jpg","type":"image\/jpeg"}],"author":"Subaru","twitter_card":"summary_large_image","twitter_misc":{"Escrito por":"Subaru","Tiempo de lectura":"1 minuto"},"schema":{"@context":"https:\/\/schema.org","@graph":[{"@type":"Article","@id":"https:\/\/www.subaru.es\/blog\/nuestra-marca\/joan-vinyes-con-impreza-gana-la-ultima-prueba-pero-se-queda-a-las-puertas-del-titulo\/#article","isPartOf":{"@id":"https:\/\/www.subaru.es\/blog\/nuestra-marca\/joan-vinyes-con-impreza-gana-la-ultima-prueba-pero-se-queda-a-las-puertas-del-titulo\/"},"author":{"name":"Subaru","@id":"https:\/\/www.subaru.es\/blog\/#\/schema\/person\/19a90b892230b8e0ec752704ddf4aa10"},"headline":"Joan Vinyes, con Impreza, gana la \u00faltima prueba pero se queda a las puertas del t\u00edtulo","datePublished":"2007-11-14T10:23:36+00:00","dateModified":"2016-10-17T13:09:27+00:00","mainEntityOfPage":{"@id":"https:\/\/www.subaru.es\/blog\/nuestra-marca\/joan-vinyes-con-impreza-gana-la-ultima-prueba-pero-se-queda-a-las-puertas-del-titulo\/"},"wordCount":212,"commentCount":0,"publisher":{"@id":"https:\/\/www.subaru.es\/blog\/#organization"},"image":{"@id":"https:\/\/www.subaru.es\/blog\/nuestra-marca\/joan-vinyes-con-impreza-gana-la-ultima-prueba-pero-se-queda-a-las-puertas-del-titulo\/#primaryimage"},"thumbnailUrl":"https:\/\/www.subaru.es\/blog\/wp-content\/uploads\/2007\/11\/vinyes_salto.jpg","articleSection":["Nuestra marca"],"inLanguage":"es","potentialAction":[{"@type":"CommentAction","name":"Comment","target":["https:\/\/www.subaru.es\/blog\/nuestra-marca\/joan-vinyes-con-impreza-gana-la-ultima-prueba-pero-se-queda-a-las-puertas-del-titulo\/#respond"]}]},{"@type":"WebPage","@id":"https:\/\/www.subaru.es\/blog\/nuestra-marca\/joan-vinyes-con-impreza-gana-la-ultima-prueba-pero-se-queda-a-las-puertas-del-titulo\/","url":"https:\/\/www.subaru.es\/blog\/nuestra-marca\/joan-vinyes-con-impreza-gana-la-ultima-prueba-pero-se-queda-a-las-puertas-del-titulo\/","name":"Joan Vinyes, con Impreza, gana la \u00faltima prueba pero se queda a las puertas del t\u00edtulo - Universo Subaru","isPartOf":{"@id":"https:\/\/www.subaru.es\/blog\/#website"},"primaryImageOfPage":{"@id":"https:\/\/www.subaru.es\/blog\/nuestra-marca\/joan-vinyes-con-impreza-gana-la-ultima-prueba-pero-se-queda-a-las-puertas-del-titulo\/#primaryimage"},"image":{"@id":"https:\/\/www.subaru.es\/blog\/nuestra-marca\/joan-vinyes-con-impreza-gana-la-ultima-prueba-pero-se-queda-a-las-puertas-del-titulo\/#primaryimage"},"thumbnailUrl":"https:\/\/www.subaru.es\/blog\/wp-content\/uploads\/2007\/11\/vinyes_salto.jpg","datePublished":"2007-11-14T10:23:36+00:00","dateModified":"2016-10-17T13:09:27+00:00","breadcrumb":{"@id":"https:\/\/www.subaru.es\/blog\/nuestra-marca\/joan-vinyes-con-impreza-gana-la-ultima-prueba-pero-se-queda-a-las-puertas-del-titulo\/#breadcrumb"},"inLanguage":"es","potentialAction":[{"@type":"ReadAction","target":["https:\/\/www.subaru.es\/blog\/nuestra-marca\/joan-vinyes-con-impreza-gana-la-ultima-prueba-pero-se-queda-a-las-puertas-del-titulo\/"]}]},{"@type":"ImageObject","inLanguage":"es","@id":"https:\/\/www.subaru.es\/blog\/nuestra-marca\/joan-vinyes-con-impreza-gana-la-ultima-prueba-pero-se-queda-a-las-puertas-del-titulo\/#primaryimage","url":"https:\/\/www.subaru.es\/blog\/wp-content\/uploads\/2007\/11\/vinyes_salto.jpg","contentUrl":"https:\/\/www.subaru.es\/blog\/wp-content\/uploads\/2007\/11\/vinyes_salto.jpg","width":620,"height":412},{"@type":"BreadcrumbList","@id":"https:\/\/www.subaru.es\/blog\/nuestra-marca\/joan-vinyes-con-impreza-gana-la-ultima-prueba-pero-se-queda-a-las-puertas-del-titulo\/#breadcrumb","itemListElement":[{"@type":"ListItem","position":1,"name":"Portada","item":"https:\/\/www.subaru.es\/blog\/"},{"@type":"ListItem","position":2,"name":"Joan Vinyes, con Impreza, gana la \u00faltima prueba pero se queda a las puertas del t\u00edtulo"}]},{"@type":"WebSite","@id":"https:\/\/www.subaru.es\/blog\/#website","url":"https:\/\/www.subaru.es\/blog\/","name":"Universo Subaru","description":"Descubre este apasionante espacio de Subaru donde vas a conocer todo sobre nuestros coches y las experiencias que vivimos con ellos. Si est\u00e1s preparado para dejarte seducir por la filosof\u00eda Subaru, qu\u00e9date con nosotros.","publisher":{"@id":"https:\/\/www.subaru.es\/blog\/#organization"},"potentialAction":[{"@type":"SearchAction","target":{"@type":"EntryPoint","urlTemplate":"https:\/\/www.subaru.es\/blog\/?s={search_term_string}"},"query-input":{"@type":"PropertyValueSpecification","valueRequired":true,"valueName":"search_term_string"}}],"inLanguage":"es"},{"@type":"Organization","@id":"https:\/\/www.subaru.es\/blog\/#organization","name":"Subaru Espa\u00f1a S.A.","url":"https:\/\/www.subaru.es\/blog\/","logo":{"@type":"ImageObject","inLanguage":"es","@id":"https:\/\/www.subaru.es\/blog\/#\/schema\/logo\/image\/","url":"https:\/\/www.subaru.es\/blog\/wp-content\/uploads\/2016\/12\/Logo-Subaru-TypeV_C300-scaled.jpg","contentUrl":"https:\/\/www.subaru.es\/blog\/wp-content\/uploads\/2016\/12\/Logo-Subaru-TypeV_C300-scaled.jpg","width":2560,"height":1864,"caption":"Subaru Espa\u00f1a S.A."},"image":{"@id":"https:\/\/www.subaru.es\/blog\/#\/schema\/logo\/image\/"},"sameAs":["https:\/\/www.facebook.com\/subaruespana","https:\/\/www.instagram.com\/subarues\/","https:\/\/www.youtube.com\/user\/subaruespana"]},{"@type":"Person","@id":"https:\/\/www.subaru.es\/blog\/#\/schema\/person\/19a90b892230b8e0ec752704ddf4aa10","name":"Subaru","url":"https:\/\/www.subaru.es\/blog\/author\/subaria\/"}]}},"_links":{"self":[{"href":"https:\/\/www.subaru.es\/blog\/wp-json\/wp\/v2\/posts\/405","targetHints":{"allow":["GET"]}}],"collection":[{"href":"https:\/\/www.subaru.es\/blog\/wp-json\/wp\/v2\/posts"}],"about":[{"href":"https:\/\/www.subaru.es\/blog\/wp-json\/wp\/v2\/types\/post"}],"author":[{"embeddable":true,"href":"https:\/\/www.subaru.es\/blog\/wp-json\/wp\/v2\/users\/21"}],"replies":[{"embeddable":true,"href":"https:\/\/www.subaru.es\/blog\/wp-json\/wp\/v2\/comments?post=405"}],"version-history":[{"count":1,"href":"https:\/\/www.subaru.es\/blog\/wp-json\/wp\/v2\/posts\/405\/revisions"}],"predecessor-version":[{"id":15746,"href":"https:\/\/www.subaru.es\/blog\/wp-json\/wp\/v2\/posts\/405\/revisions\/15746"}],"wp:featuredmedia":[{"embeddable":true,"href":"https:\/\/www.subaru.es\/blog\/wp-json\/wp\/v2\/media\/406"}],"wp:attachment":[{"href":"https:\/\/www.subaru.es\/blog\/wp-json\/wp\/v2\/media?parent=405"}],"wp:term":[{"taxonomy":"category","embeddable":true,"href":"https:\/\/www.subaru.es\/blog\/wp-json\/wp\/v2\/categories?post=405"},{"taxonomy":"post_tag","embeddable":true,"href":"https:\/\/www.subaru.es\/blog\/wp-json\/wp\/v2\/tags?post=405"}],"curies":[{"name":"wp","href":"https:\/\/api.w.org\/{rel}","templated":true}]}}