{"id":400,"date":"2007-11-14T16:25:14","date_gmt":"2007-11-14T14:25:14","guid":{"rendered":"http:\/\/subaru.preproduccion.com\/blog\/wp-content\/2007\/11\/14\/b9x-el-primer-subaru-para-siete-pasajeros\/"},"modified":"2016-10-17T15:09:27","modified_gmt":"2016-10-17T13:09:27","slug":"b9-el-primer-subaru-para-siete-pasajeros","status":"publish","type":"post","link":"https:\/\/www.subaru.es\/blog\/nuestra-marca\/b9-el-primer-subaru-para-siete-pasajeros\/","title":{"rendered":"B9, el primer Subaru para siete pasajeros"},"content":{"rendered":"<p>Desde hace mucho tiempo el mercado norteamericano tiene el \u201cpastel\u201d del sector de venta de autom\u00f3viles en los llamados veh\u00edculos familiares, utilitarios todo terreno o <strong>SUV<\/strong>, coches de espectacular dise\u00f1o que a la vez cuentan con gran capacidad de carga y de cabida para pasajeros. Conscientes de ello en Subaru lanzaron su propuesta para este nicho del sector en el a\u00f1o 2006, su propuesta fue la del modelo <strong>Subaru B9 2006<\/strong> que adem\u00e1s se fabricar\u00eda en los propios<strong> Estados Unidos<\/strong>, en la planta de Subaru ubicada en Lafayette, Indiana.<\/p>\n<p><img data-src='https:\/\/www.subaru.es\/blog\/wp-content\/uploads\/2007\/11\/b9x.jpg' alt='b9x.jpg' src='data:image\/svg+xml;base64,PHN2ZyB3aWR0aD0iMSIgaGVpZ2h0PSIxIiB4bWxucz0iaHR0cDovL3d3dy53My5vcmcvMjAwMC9zdmciPjwvc3ZnPg==' class='lazyload' style='--smush-placeholder-width: 470px; --smush-placeholder-aspect-ratio: 470\/275;' \/><\/p>\n<p>As\u00ed naci\u00f3 el <a href=\"http:\/\/www.elextranewspaper.com\/news.php?nid=3188&#038;pag=0\">Subaru B9<\/a>, el primer coche de la marca japonesa con capacidad para 7 pasajeros.<\/p>\n<p>El <a href=\"http:\/\/elmundomotor.elmundo.es\/elmundomotor\/especiales\/2005\/01\/salondetroit\/coches\/subaru\/tribeca\/index.html\">vehiculo<\/a> fue impulsado por <a href=\"https:\/\/www.subaru.es\/blog\/2007\/10\/02\/kunio-ishigami-el-adios-de-un-gestor-de-exito\/\">Kunio Ishigami<\/a>, de quien ya hemos hablado en alguna ocasi\u00f3n, que en su presentaci\u00f3n en la Exposici\u00f3n internacional de Florida dijo las siguientes palabras: <strong>\u201cEl B9 de Subaru combina un nuevo dise\u00f1o atractivo con el sistema de Tracci\u00f3n Sim\u00e9trica en las Cuatro Ruedas con marca registrada Subaru, y es nuestro primer veh\u00edculo para siete pasajeros\u00bb.<br \/>\n<\/strong><br \/>\nDesde luego que el Subaru B9 compagina la habitual capacidad mec\u00e1nica de Subaru en coches de gran potencia, con un sistema de f\u00e1cil manejo para conseguir de este coche \u201cgrande\u201d un uso diario.<\/p>\n","protected":false},"excerpt":{"rendered":"<p>Desde hace mucho tiempo el mercado norteamericano tiene el \u201cpastel\u201d del sector de venta de autom\u00f3viles en los llamados veh\u00edculos familiares, utilitarios todo terreno o SUV, coches de espectacular dise\u00f1o que a la vez cuentan con gran capacidad de carga y de cabida para pasajeros. Conscientes de ello en Subaru lanzaron su propuesta para este [&hellip;]<\/p>\n","protected":false},"author":21,"featured_media":401,"comment_status":"open","ping_status":"open","sticky":false,"template":"","format":"standard","meta":{"_acf_changed":false,"_eb_attr":"","inline_featured_image":false,"footnotes":""},"categories":[4401],"tags":[],"class_list":["post-400","post","type-post","status-publish","format-standard","has-post-thumbnail","hentry","category-nuestra-marca"],"acf":[],"yoast_head":"<!-- This site is optimized with the Yoast SEO plugin v27.3 - https:\/\/yoast.com\/product\/yoast-seo-wordpress\/ -->\n<title>B9, el primer Subaru para siete pasajeros - Universo Subaru<\/title>\n<meta name=\"robots\" content=\"index, follow, max-snippet:-1, max-image-preview:large, max-video-preview:-1\" \/>\n<link rel=\"canonical\" href=\"https:\/\/www.subaru.es\/blog\/nuestra-marca\/b9-el-primer-subaru-para-siete-pasajeros\/\" \/>\n<meta property=\"og:locale\" content=\"es_ES\" \/>\n<meta property=\"og:type\" content=\"article\" \/>\n<meta property=\"og:title\" content=\"B9, el primer Subaru para siete pasajeros - Universo Subaru\" \/>\n<meta property=\"og:description\" content=\"Desde hace mucho tiempo el mercado norteamericano tiene el \u201cpastel\u201d del sector de venta de autom\u00f3viles en los llamados veh\u00edculos familiares, utilitarios todo terreno o SUV, coches de espectacular dise\u00f1o que a la vez cuentan con gran capacidad de carga y de cabida para pasajeros. Conscientes de ello en Subaru lanzaron su propuesta para este [&hellip;]\" \/>\n<meta property=\"og:url\" content=\"https:\/\/www.subaru.es\/blog\/nuestra-marca\/b9-el-primer-subaru-para-siete-pasajeros\/\" \/>\n<meta property=\"og:site_name\" content=\"Universo Subaru\" \/>\n<meta property=\"article:publisher\" content=\"https:\/\/www.facebook.com\/subaruespana\" \/>\n<meta property=\"article:published_time\" content=\"2007-11-14T14:25:14+00:00\" \/>\n<meta property=\"article:modified_time\" content=\"2016-10-17T13:09:27+00:00\" \/>\n<meta property=\"og:image\" content=\"https:\/\/www.subaru.es\/blog\/wp-content\/uploads\/2007\/11\/b9x.jpg\" \/>\n\t<meta property=\"og:image:width\" content=\"470\" \/>\n\t<meta property=\"og:image:height\" content=\"275\" \/>\n\t<meta property=\"og:image:type\" content=\"image\/jpeg\" \/>\n<meta name=\"author\" content=\"Subaru\" \/>\n<meta name=\"twitter:card\" content=\"summary_large_image\" \/>\n<meta name=\"twitter:label1\" content=\"Escrito por\" \/>\n\t<meta name=\"twitter:data1\" content=\"Subaru\" \/>\n\t<meta name=\"twitter:label2\" content=\"Tiempo de lectura\" \/>\n\t<meta name=\"twitter:data2\" content=\"1 minuto\" \/>\n<script type=\"application\/ld+json\" class=\"yoast-schema-graph\">{\"@context\":\"https:\\\/\\\/schema.org\",\"@graph\":[{\"@type\":\"Article\",\"@id\":\"https:\\\/\\\/www.subaru.es\\\/blog\\\/nuestra-marca\\\/b9-el-primer-subaru-para-siete-pasajeros\\\/#article\",\"isPartOf\":{\"@id\":\"https:\\\/\\\/www.subaru.es\\\/blog\\\/nuestra-marca\\\/b9-el-primer-subaru-para-siete-pasajeros\\\/\"},\"author\":{\"name\":\"Subaru\",\"@id\":\"https:\\\/\\\/www.subaru.es\\\/blog\\\/#\\\/schema\\\/person\\\/19a90b892230b8e0ec752704ddf4aa10\"},\"headline\":\"B9, el primer Subaru para siete pasajeros\",\"datePublished\":\"2007-11-14T14:25:14+00:00\",\"dateModified\":\"2016-10-17T13:09:27+00:00\",\"mainEntityOfPage\":{\"@id\":\"https:\\\/\\\/www.subaru.es\\\/blog\\\/nuestra-marca\\\/b9-el-primer-subaru-para-siete-pasajeros\\\/\"},\"wordCount\":218,\"commentCount\":2,\"publisher\":{\"@id\":\"https:\\\/\\\/www.subaru.es\\\/blog\\\/#organization\"},\"image\":{\"@id\":\"https:\\\/\\\/www.subaru.es\\\/blog\\\/nuestra-marca\\\/b9-el-primer-subaru-para-siete-pasajeros\\\/#primaryimage\"},\"thumbnailUrl\":\"https:\\\/\\\/www.subaru.es\\\/blog\\\/wp-content\\\/uploads\\\/2007\\\/11\\\/b9x.jpg\",\"articleSection\":[\"Nuestra marca\"],\"inLanguage\":\"es\",\"potentialAction\":[{\"@type\":\"CommentAction\",\"name\":\"Comment\",\"target\":[\"https:\\\/\\\/www.subaru.es\\\/blog\\\/nuestra-marca\\\/b9-el-primer-subaru-para-siete-pasajeros\\\/#respond\"]}]},{\"@type\":\"WebPage\",\"@id\":\"https:\\\/\\\/www.subaru.es\\\/blog\\\/nuestra-marca\\\/b9-el-primer-subaru-para-siete-pasajeros\\\/\",\"url\":\"https:\\\/\\\/www.subaru.es\\\/blog\\\/nuestra-marca\\\/b9-el-primer-subaru-para-siete-pasajeros\\\/\",\"name\":\"B9, el primer Subaru para siete pasajeros - Universo Subaru\",\"isPartOf\":{\"@id\":\"https:\\\/\\\/www.subaru.es\\\/blog\\\/#website\"},\"primaryImageOfPage\":{\"@id\":\"https:\\\/\\\/www.subaru.es\\\/blog\\\/nuestra-marca\\\/b9-el-primer-subaru-para-siete-pasajeros\\\/#primaryimage\"},\"image\":{\"@id\":\"https:\\\/\\\/www.subaru.es\\\/blog\\\/nuestra-marca\\\/b9-el-primer-subaru-para-siete-pasajeros\\\/#primaryimage\"},\"thumbnailUrl\":\"https:\\\/\\\/www.subaru.es\\\/blog\\\/wp-content\\\/uploads\\\/2007\\\/11\\\/b9x.jpg\",\"datePublished\":\"2007-11-14T14:25:14+00:00\",\"dateModified\":\"2016-10-17T13:09:27+00:00\",\"breadcrumb\":{\"@id\":\"https:\\\/\\\/www.subaru.es\\\/blog\\\/nuestra-marca\\\/b9-el-primer-subaru-para-siete-pasajeros\\\/#breadcrumb\"},\"inLanguage\":\"es\",\"potentialAction\":[{\"@type\":\"ReadAction\",\"target\":[\"https:\\\/\\\/www.subaru.es\\\/blog\\\/nuestra-marca\\\/b9-el-primer-subaru-para-siete-pasajeros\\\/\"]}]},{\"@type\":\"ImageObject\",\"inLanguage\":\"es\",\"@id\":\"https:\\\/\\\/www.subaru.es\\\/blog\\\/nuestra-marca\\\/b9-el-primer-subaru-para-siete-pasajeros\\\/#primaryimage\",\"url\":\"https:\\\/\\\/www.subaru.es\\\/blog\\\/wp-content\\\/uploads\\\/2007\\\/11\\\/b9x.jpg\",\"contentUrl\":\"https:\\\/\\\/www.subaru.es\\\/blog\\\/wp-content\\\/uploads\\\/2007\\\/11\\\/b9x.jpg\",\"width\":470,\"height\":275},{\"@type\":\"BreadcrumbList\",\"@id\":\"https:\\\/\\\/www.subaru.es\\\/blog\\\/nuestra-marca\\\/b9-el-primer-subaru-para-siete-pasajeros\\\/#breadcrumb\",\"itemListElement\":[{\"@type\":\"ListItem\",\"position\":1,\"name\":\"Portada\",\"item\":\"https:\\\/\\\/www.subaru.es\\\/blog\\\/\"},{\"@type\":\"ListItem\",\"position\":2,\"name\":\"B9, el primer Subaru para siete pasajeros\"}]},{\"@type\":\"WebSite\",\"@id\":\"https:\\\/\\\/www.subaru.es\\\/blog\\\/#website\",\"url\":\"https:\\\/\\\/www.subaru.es\\\/blog\\\/\",\"name\":\"Universo Subaru\",\"description\":\"Descubre este apasionante espacio de Subaru donde vas a conocer todo sobre nuestros coches y las experiencias que vivimos con ellos. Si est\u00e1s preparado para dejarte seducir por la filosof\u00eda Subaru, qu\u00e9date con nosotros.\",\"publisher\":{\"@id\":\"https:\\\/\\\/www.subaru.es\\\/blog\\\/#organization\"},\"potentialAction\":[{\"@type\":\"SearchAction\",\"target\":{\"@type\":\"EntryPoint\",\"urlTemplate\":\"https:\\\/\\\/www.subaru.es\\\/blog\\\/?s={search_term_string}\"},\"query-input\":{\"@type\":\"PropertyValueSpecification\",\"valueRequired\":true,\"valueName\":\"search_term_string\"}}],\"inLanguage\":\"es\"},{\"@type\":\"Organization\",\"@id\":\"https:\\\/\\\/www.subaru.es\\\/blog\\\/#organization\",\"name\":\"Subaru Espa\u00f1a S.A.\",\"url\":\"https:\\\/\\\/www.subaru.es\\\/blog\\\/\",\"logo\":{\"@type\":\"ImageObject\",\"inLanguage\":\"es\",\"@id\":\"https:\\\/\\\/www.subaru.es\\\/blog\\\/#\\\/schema\\\/logo\\\/image\\\/\",\"url\":\"https:\\\/\\\/www.subaru.es\\\/blog\\\/wp-content\\\/uploads\\\/2016\\\/12\\\/Logo-Subaru-TypeV_C300-scaled.jpg\",\"contentUrl\":\"https:\\\/\\\/www.subaru.es\\\/blog\\\/wp-content\\\/uploads\\\/2016\\\/12\\\/Logo-Subaru-TypeV_C300-scaled.jpg\",\"width\":2560,\"height\":1864,\"caption\":\"Subaru Espa\u00f1a S.A.\"},\"image\":{\"@id\":\"https:\\\/\\\/www.subaru.es\\\/blog\\\/#\\\/schema\\\/logo\\\/image\\\/\"},\"sameAs\":[\"https:\\\/\\\/www.facebook.com\\\/subaruespana\",\"https:\\\/\\\/www.instagram.com\\\/subarues\\\/\",\"https:\\\/\\\/www.youtube.com\\\/user\\\/subaruespana\"]},{\"@type\":\"Person\",\"@id\":\"https:\\\/\\\/www.subaru.es\\\/blog\\\/#\\\/schema\\\/person\\\/19a90b892230b8e0ec752704ddf4aa10\",\"name\":\"Subaru\",\"url\":\"https:\\\/\\\/www.subaru.es\\\/blog\\\/author\\\/subaria\\\/\"}]}<\/script>\n<!-- \/ Yoast SEO plugin. -->","yoast_head_json":{"title":"B9, el primer Subaru para siete pasajeros - Universo Subaru","robots":{"index":"index","follow":"follow","max-snippet":"max-snippet:-1","max-image-preview":"max-image-preview:large","max-video-preview":"max-video-preview:-1"},"canonical":"https:\/\/www.subaru.es\/blog\/nuestra-marca\/b9-el-primer-subaru-para-siete-pasajeros\/","og_locale":"es_ES","og_type":"article","og_title":"B9, el primer Subaru para siete pasajeros - Universo Subaru","og_description":"Desde hace mucho tiempo el mercado norteamericano tiene el \u201cpastel\u201d del sector de venta de autom\u00f3viles en los llamados veh\u00edculos familiares, utilitarios todo terreno o SUV, coches de espectacular dise\u00f1o que a la vez cuentan con gran capacidad de carga y de cabida para pasajeros. Conscientes de ello en Subaru lanzaron su propuesta para este [&hellip;]","og_url":"https:\/\/www.subaru.es\/blog\/nuestra-marca\/b9-el-primer-subaru-para-siete-pasajeros\/","og_site_name":"Universo Subaru","article_publisher":"https:\/\/www.facebook.com\/subaruespana","article_published_time":"2007-11-14T14:25:14+00:00","article_modified_time":"2016-10-17T13:09:27+00:00","og_image":[{"width":470,"height":275,"url":"https:\/\/www.subaru.es\/blog\/wp-content\/uploads\/2007\/11\/b9x.jpg","type":"image\/jpeg"}],"author":"Subaru","twitter_card":"summary_large_image","twitter_misc":{"Escrito por":"Subaru","Tiempo de lectura":"1 minuto"},"schema":{"@context":"https:\/\/schema.org","@graph":[{"@type":"Article","@id":"https:\/\/www.subaru.es\/blog\/nuestra-marca\/b9-el-primer-subaru-para-siete-pasajeros\/#article","isPartOf":{"@id":"https:\/\/www.subaru.es\/blog\/nuestra-marca\/b9-el-primer-subaru-para-siete-pasajeros\/"},"author":{"name":"Subaru","@id":"https:\/\/www.subaru.es\/blog\/#\/schema\/person\/19a90b892230b8e0ec752704ddf4aa10"},"headline":"B9, el primer Subaru para siete pasajeros","datePublished":"2007-11-14T14:25:14+00:00","dateModified":"2016-10-17T13:09:27+00:00","mainEntityOfPage":{"@id":"https:\/\/www.subaru.es\/blog\/nuestra-marca\/b9-el-primer-subaru-para-siete-pasajeros\/"},"wordCount":218,"commentCount":2,"publisher":{"@id":"https:\/\/www.subaru.es\/blog\/#organization"},"image":{"@id":"https:\/\/www.subaru.es\/blog\/nuestra-marca\/b9-el-primer-subaru-para-siete-pasajeros\/#primaryimage"},"thumbnailUrl":"https:\/\/www.subaru.es\/blog\/wp-content\/uploads\/2007\/11\/b9x.jpg","articleSection":["Nuestra marca"],"inLanguage":"es","potentialAction":[{"@type":"CommentAction","name":"Comment","target":["https:\/\/www.subaru.es\/blog\/nuestra-marca\/b9-el-primer-subaru-para-siete-pasajeros\/#respond"]}]},{"@type":"WebPage","@id":"https:\/\/www.subaru.es\/blog\/nuestra-marca\/b9-el-primer-subaru-para-siete-pasajeros\/","url":"https:\/\/www.subaru.es\/blog\/nuestra-marca\/b9-el-primer-subaru-para-siete-pasajeros\/","name":"B9, el primer Subaru para siete pasajeros - Universo Subaru","isPartOf":{"@id":"https:\/\/www.subaru.es\/blog\/#website"},"primaryImageOfPage":{"@id":"https:\/\/www.subaru.es\/blog\/nuestra-marca\/b9-el-primer-subaru-para-siete-pasajeros\/#primaryimage"},"image":{"@id":"https:\/\/www.subaru.es\/blog\/nuestra-marca\/b9-el-primer-subaru-para-siete-pasajeros\/#primaryimage"},"thumbnailUrl":"https:\/\/www.subaru.es\/blog\/wp-content\/uploads\/2007\/11\/b9x.jpg","datePublished":"2007-11-14T14:25:14+00:00","dateModified":"2016-10-17T13:09:27+00:00","breadcrumb":{"@id":"https:\/\/www.subaru.es\/blog\/nuestra-marca\/b9-el-primer-subaru-para-siete-pasajeros\/#breadcrumb"},"inLanguage":"es","potentialAction":[{"@type":"ReadAction","target":["https:\/\/www.subaru.es\/blog\/nuestra-marca\/b9-el-primer-subaru-para-siete-pasajeros\/"]}]},{"@type":"ImageObject","inLanguage":"es","@id":"https:\/\/www.subaru.es\/blog\/nuestra-marca\/b9-el-primer-subaru-para-siete-pasajeros\/#primaryimage","url":"https:\/\/www.subaru.es\/blog\/wp-content\/uploads\/2007\/11\/b9x.jpg","contentUrl":"https:\/\/www.subaru.es\/blog\/wp-content\/uploads\/2007\/11\/b9x.jpg","width":470,"height":275},{"@type":"BreadcrumbList","@id":"https:\/\/www.subaru.es\/blog\/nuestra-marca\/b9-el-primer-subaru-para-siete-pasajeros\/#breadcrumb","itemListElement":[{"@type":"ListItem","position":1,"name":"Portada","item":"https:\/\/www.subaru.es\/blog\/"},{"@type":"ListItem","position":2,"name":"B9, el primer Subaru para siete pasajeros"}]},{"@type":"WebSite","@id":"https:\/\/www.subaru.es\/blog\/#website","url":"https:\/\/www.subaru.es\/blog\/","name":"Universo Subaru","description":"Descubre este apasionante espacio de Subaru donde vas a conocer todo sobre nuestros coches y las experiencias que vivimos con ellos. Si est\u00e1s preparado para dejarte seducir por la filosof\u00eda Subaru, qu\u00e9date con nosotros.","publisher":{"@id":"https:\/\/www.subaru.es\/blog\/#organization"},"potentialAction":[{"@type":"SearchAction","target":{"@type":"EntryPoint","urlTemplate":"https:\/\/www.subaru.es\/blog\/?s={search_term_string}"},"query-input":{"@type":"PropertyValueSpecification","valueRequired":true,"valueName":"search_term_string"}}],"inLanguage":"es"},{"@type":"Organization","@id":"https:\/\/www.subaru.es\/blog\/#organization","name":"Subaru Espa\u00f1a S.A.","url":"https:\/\/www.subaru.es\/blog\/","logo":{"@type":"ImageObject","inLanguage":"es","@id":"https:\/\/www.subaru.es\/blog\/#\/schema\/logo\/image\/","url":"https:\/\/www.subaru.es\/blog\/wp-content\/uploads\/2016\/12\/Logo-Subaru-TypeV_C300-scaled.jpg","contentUrl":"https:\/\/www.subaru.es\/blog\/wp-content\/uploads\/2016\/12\/Logo-Subaru-TypeV_C300-scaled.jpg","width":2560,"height":1864,"caption":"Subaru Espa\u00f1a S.A."},"image":{"@id":"https:\/\/www.subaru.es\/blog\/#\/schema\/logo\/image\/"},"sameAs":["https:\/\/www.facebook.com\/subaruespana","https:\/\/www.instagram.com\/subarues\/","https:\/\/www.youtube.com\/user\/subaruespana"]},{"@type":"Person","@id":"https:\/\/www.subaru.es\/blog\/#\/schema\/person\/19a90b892230b8e0ec752704ddf4aa10","name":"Subaru","url":"https:\/\/www.subaru.es\/blog\/author\/subaria\/"}]}},"_links":{"self":[{"href":"https:\/\/www.subaru.es\/blog\/wp-json\/wp\/v2\/posts\/400","targetHints":{"allow":["GET"]}}],"collection":[{"href":"https:\/\/www.subaru.es\/blog\/wp-json\/wp\/v2\/posts"}],"about":[{"href":"https:\/\/www.subaru.es\/blog\/wp-json\/wp\/v2\/types\/post"}],"author":[{"embeddable":true,"href":"https:\/\/www.subaru.es\/blog\/wp-json\/wp\/v2\/users\/21"}],"replies":[{"embeddable":true,"href":"https:\/\/www.subaru.es\/blog\/wp-json\/wp\/v2\/comments?post=400"}],"version-history":[{"count":1,"href":"https:\/\/www.subaru.es\/blog\/wp-json\/wp\/v2\/posts\/400\/revisions"}],"predecessor-version":[{"id":15744,"href":"https:\/\/www.subaru.es\/blog\/wp-json\/wp\/v2\/posts\/400\/revisions\/15744"}],"wp:featuredmedia":[{"embeddable":true,"href":"https:\/\/www.subaru.es\/blog\/wp-json\/wp\/v2\/media\/401"}],"wp:attachment":[{"href":"https:\/\/www.subaru.es\/blog\/wp-json\/wp\/v2\/media?parent=400"}],"wp:term":[{"taxonomy":"category","embeddable":true,"href":"https:\/\/www.subaru.es\/blog\/wp-json\/wp\/v2\/categories?post=400"},{"taxonomy":"post_tag","embeddable":true,"href":"https:\/\/www.subaru.es\/blog\/wp-json\/wp\/v2\/tags?post=400"}],"curies":[{"name":"wp","href":"https:\/\/api.w.org\/{rel}","templated":true}]}}