{"id":3974,"date":"2011-02-21T12:05:05","date_gmt":"2011-02-21T10:05:05","guid":{"rendered":"http:\/\/subaru.preproduccion.com\/blog\/?p=3974"},"modified":"2020-08-06T11:39:34","modified_gmt":"2020-08-06T09:39:34","slug":"nueva-generacion-de-consolas-de-comunicaciones-para-el-coche","status":"publish","type":"post","link":"https:\/\/www.subaru.es\/blog\/nuestra-marca\/nueva-generacion-de-consolas-de-comunicaciones-para-el-coche\/","title":{"rendered":"Nueva generaci\u00f3n de consolas de comunicaciones para el coche"},"content":{"rendered":"<div><img decoding=\"async\" class=\"aligncenter size-full wp-image-3978 lazyload\" title=\"navegadoresGPS\" data-src=\"https:\/\/www.subaru.es\/blog\/wp-content\/uploads\/2011\/02\/navegadoresGPS.jpg\" alt=\"\" width=\"570\" height=\"428\" data-srcset=\"https:\/\/www.subaru.es\/blog\/wp-content\/uploads\/2011\/02\/navegadoresGPS.jpg 600w, https:\/\/www.subaru.es\/blog\/wp-content\/uploads\/2011\/02\/navegadoresGPS-560x420.jpg 560w\" data-sizes=\"(max-width: 570px) 100vw, 570px\" src=\"data:image\/svg+xml;base64,PHN2ZyB3aWR0aD0iMSIgaGVpZ2h0PSIxIiB4bWxucz0iaHR0cDovL3d3dy53My5vcmcvMjAwMC9zdmciPjwvc3ZnPg==\" style=\"--smush-placeholder-width: 570px; --smush-placeholder-aspect-ratio: 570\/428;\" \/><\/div>\n<p>Las <strong>comunicaciones dentro del coche<\/strong>, mientras conducimos, son objeto de debate constante. La prohibici\u00f3n de utilizar el tel\u00e9fono m\u00f3vil en movimiento, la necesidad de instalar un manos libres que nos permita atender llamadas sin sacar las manos del volante, las recomendaciones de no atender llamadas largas o bien las que requieran de nuestra concentraci\u00f3n, son algunos de los temas m\u00e1s comentados a lo largo del tiempo.<\/p>\n<p>Sin embargo los avances en comunicaciones, y en soluciones para el conductor no paran, tenemos los dispositivos GPS, los ordenadores de a bordo con cada vez m\u00e1s funcionalidades o las ayudas activas a la conducci\u00f3n (ayuda al estacionamiento, detecci\u00f3n de carril o temas casi de ciencia-ficci\u00f3n como <a href=\"http:\/\/www.smartplanet.com\/technology\/blog\/thinking-tech\/googles-self-driving-car\/5445\/\">la conducci\u00f3n aut\u00f3noma<\/a>). Todos estos dispositivos no son otra cosa que elementos de seguridad, siempre que los utilicemos con sentido com\u00fan, y por eso suponen un gran avance en esta materia. Poco a poco estamos llegando a ver el ansiado coche del futuro, que nunca llegaba.<\/p>\n<p><!--more--><\/p>\n<div><img decoding=\"async\" class=\"aligncenter size-full wp-image-3977 lazyload\" title=\"consolaComunicaciones\" data-src=\"https:\/\/www.subaru.es\/blog\/wp-content\/uploads\/2011\/02\/consolaComunicaciones.jpg\" alt=\"Consola de comunicaciones para el coche\" width=\"570\" height=\"439\" data-srcset=\"https:\/\/www.subaru.es\/blog\/wp-content\/uploads\/2011\/02\/consolaComunicaciones.jpg 600w, https:\/\/www.subaru.es\/blog\/wp-content\/uploads\/2011\/02\/consolaComunicaciones-560x431.jpg 560w\" data-sizes=\"(max-width: 570px) 100vw, 570px\" src=\"data:image\/svg+xml;base64,PHN2ZyB3aWR0aD0iMSIgaGVpZ2h0PSIxIiB4bWxucz0iaHR0cDovL3d3dy53My5vcmcvMjAwMC9zdmciPjwvc3ZnPg==\" style=\"--smush-placeholder-width: 570px; --smush-placeholder-aspect-ratio: 570\/439;\" \/><\/div>\n<p>Hay muchos modelos, pero el que vemos e esta imagen es un aparato de fabricaci\u00f3n isarael\u00ed que, aparte de la tecnolog\u00eda incorporada, est\u00e1 dise\u00f1ado en mi opini\u00f3n con mucho acierto. La concepci\u00f3n de esta consola es que <strong>se integra completamente en el sistema el\u00e9ctrico<\/strong> y de sonido del coche, sustituyendo al sistema de tel\u00e9fono del coche y \u00abtomando posesi\u00f3n\u00bb del sistema de audio.<\/p>\n<p>Esto puede ser bastante est\u00e1ndar, pero con ello quiero ejemplificar hacia d\u00f3nde vamos en cuesti\u00f3n de funcionalidades y servicios al conductor. Este y otros sistemas de nueva generaci\u00f3n est\u00e1n dotados de una <strong>c\u00e1mara de v\u00eddeo trasera<\/strong>, que se activa cuando engranamos la marcha atr\u00e1s, al estilo de los autobuses de largo recorrido o los camiones de transporte, de manera que tendremos una perspectiva mucho m\u00e1s real y detallada que con los espejos retrovisores.<\/p>\n<p>A las <strong>decenas de servicios basados en la web<\/strong> (accesibles v\u00eda 3G mediante nuestra tarifa de datos) podremos tener a un golpe de vista datos del tiempo, del estado de las carreteras, del <a href=\"https:\/\/www.subaru.es\/blog\/actualidad\/alternativas-a-la-subida-del-precio-del-combustible\">precio del combustible<\/a> y un sin fin de opciones. Incluso los pasajeros pueden beneficiarse de los servicios, aunque es recomendable no distraer nunca al conductor. Adem\u00e1s, el aparato no reproducir\u00e1 v\u00eddeos si el coche est\u00e1 en movimiento.<\/p>\n<p>\u00bfHacia d\u00f3nde va la tecnolog\u00eda en la conducci\u00f3n? Como poco nos aporta <strong>mayor seguridad<\/strong> al volante, una mayor capacidad de comunicaci\u00f3n y posicionamiento (y orientaci\u00f3n), ayudas a la conducci\u00f3n y muchas m\u00e1s opciones. Tan solo hay que tener presente que la tecnolog\u00eda nunca va a poder sustituir al sentido com\u00fan, pero lo que nos queda por delante es sin duda, muy emocionante.<\/p>\n<p>Sitio oficial | <a href=\"http:\/\/www.comodoconsole.com\/contact\/emailmenu.asp\">Comodo Console<\/a><br \/>\nV\u00eda | <a href=\"http:\/\/www.canalpda.com\/2011\/02\/15\/12012-global+unveiling+revolutionary+car+console+mcw+2011\">CanalPDA<\/a><br \/>\nFoto | <a href=\"http:\/\/www.flickr.com\/photos\/mroach\/2765757383\/\">mroach<\/a><\/p>\n","protected":false},"excerpt":{"rendered":"<p>Las comunicaciones dentro del coche, mientras conducimos, son objeto de debate constante. La prohibici\u00f3n de utilizar el tel\u00e9fono m\u00f3vil en movimiento, la necesidad de instalar un manos libres que nos permita atender llamadas sin sacar las manos del volante, las recomendaciones de no atender llamadas largas o bien las que requieran de nuestra concentraci\u00f3n, son [&hellip;]<\/p>\n","protected":false},"author":21,"featured_media":3977,"comment_status":"open","ping_status":"open","sticky":false,"template":"","format":"standard","meta":{"_acf_changed":false,"_eb_attr":"","inline_featured_image":false,"footnotes":""},"categories":[4401],"tags":[2331,164],"class_list":["post-3974","post","type-post","status-publish","format-standard","has-post-thumbnail","hentry","category-nuestra-marca","tag-gps","tag-seguridad"],"acf":[],"yoast_head":"<!-- This site is optimized with the Yoast SEO plugin v27.3 - https:\/\/yoast.com\/product\/yoast-seo-wordpress\/ -->\n<title>Nueva generaci\u00f3n de consolas de comunicaciones para el coche - Universo Subaru<\/title>\n<meta name=\"robots\" content=\"index, follow, max-snippet:-1, max-image-preview:large, max-video-preview:-1\" \/>\n<link rel=\"canonical\" href=\"https:\/\/www.subaru.es\/blog\/nuestra-marca\/nueva-generacion-de-consolas-de-comunicaciones-para-el-coche\/\" \/>\n<meta property=\"og:locale\" content=\"es_ES\" \/>\n<meta property=\"og:type\" content=\"article\" \/>\n<meta property=\"og:title\" content=\"Nueva generaci\u00f3n de consolas de comunicaciones para el coche - Universo Subaru\" \/>\n<meta property=\"og:description\" content=\"Las comunicaciones dentro del coche, mientras conducimos, son objeto de debate constante. La prohibici\u00f3n de utilizar el tel\u00e9fono m\u00f3vil en movimiento, la necesidad de instalar un manos libres que nos permita atender llamadas sin sacar las manos del volante, las recomendaciones de no atender llamadas largas o bien las que requieran de nuestra concentraci\u00f3n, son [&hellip;]\" \/>\n<meta property=\"og:url\" content=\"https:\/\/www.subaru.es\/blog\/nuestra-marca\/nueva-generacion-de-consolas-de-comunicaciones-para-el-coche\/\" \/>\n<meta property=\"og:site_name\" content=\"Universo Subaru\" \/>\n<meta property=\"article:publisher\" content=\"https:\/\/www.facebook.com\/subaruespana\" \/>\n<meta property=\"article:published_time\" content=\"2011-02-21T10:05:05+00:00\" \/>\n<meta property=\"article:modified_time\" content=\"2020-08-06T09:39:34+00:00\" \/>\n<meta property=\"og:image\" content=\"https:\/\/www.subaru.es\/blog\/wp-content\/uploads\/2011\/02\/consolaComunicaciones.jpg\" \/>\n\t<meta property=\"og:image:width\" content=\"600\" \/>\n\t<meta property=\"og:image:height\" content=\"462\" \/>\n\t<meta property=\"og:image:type\" content=\"image\/jpeg\" \/>\n<meta name=\"author\" content=\"Subaru\" \/>\n<meta name=\"twitter:card\" content=\"summary_large_image\" \/>\n<meta name=\"twitter:label1\" content=\"Escrito por\" \/>\n\t<meta name=\"twitter:data1\" content=\"Subaru\" \/>\n\t<meta name=\"twitter:label2\" content=\"Tiempo de lectura\" \/>\n\t<meta name=\"twitter:data2\" content=\"2 minutos\" \/>\n<script type=\"application\/ld+json\" class=\"yoast-schema-graph\">{\"@context\":\"https:\\\/\\\/schema.org\",\"@graph\":[{\"@type\":\"Article\",\"@id\":\"https:\\\/\\\/www.subaru.es\\\/blog\\\/nuestra-marca\\\/nueva-generacion-de-consolas-de-comunicaciones-para-el-coche\\\/#article\",\"isPartOf\":{\"@id\":\"https:\\\/\\\/www.subaru.es\\\/blog\\\/nuestra-marca\\\/nueva-generacion-de-consolas-de-comunicaciones-para-el-coche\\\/\"},\"author\":{\"name\":\"Subaru\",\"@id\":\"https:\\\/\\\/www.subaru.es\\\/blog\\\/#\\\/schema\\\/person\\\/19a90b892230b8e0ec752704ddf4aa10\"},\"headline\":\"Nueva generaci\u00f3n de consolas de comunicaciones para el coche\",\"datePublished\":\"2011-02-21T10:05:05+00:00\",\"dateModified\":\"2020-08-06T09:39:34+00:00\",\"mainEntityOfPage\":{\"@id\":\"https:\\\/\\\/www.subaru.es\\\/blog\\\/nuestra-marca\\\/nueva-generacion-de-consolas-de-comunicaciones-para-el-coche\\\/\"},\"wordCount\":487,\"commentCount\":0,\"publisher\":{\"@id\":\"https:\\\/\\\/www.subaru.es\\\/blog\\\/#organization\"},\"image\":{\"@id\":\"https:\\\/\\\/www.subaru.es\\\/blog\\\/nuestra-marca\\\/nueva-generacion-de-consolas-de-comunicaciones-para-el-coche\\\/#primaryimage\"},\"thumbnailUrl\":\"https:\\\/\\\/www.subaru.es\\\/blog\\\/wp-content\\\/uploads\\\/2011\\\/02\\\/consolaComunicaciones.jpg\",\"keywords\":[\"GPS\",\"seguridad\"],\"articleSection\":[\"Nuestra marca\"],\"inLanguage\":\"es\",\"potentialAction\":[{\"@type\":\"CommentAction\",\"name\":\"Comment\",\"target\":[\"https:\\\/\\\/www.subaru.es\\\/blog\\\/nuestra-marca\\\/nueva-generacion-de-consolas-de-comunicaciones-para-el-coche\\\/#respond\"]}]},{\"@type\":\"WebPage\",\"@id\":\"https:\\\/\\\/www.subaru.es\\\/blog\\\/nuestra-marca\\\/nueva-generacion-de-consolas-de-comunicaciones-para-el-coche\\\/\",\"url\":\"https:\\\/\\\/www.subaru.es\\\/blog\\\/nuestra-marca\\\/nueva-generacion-de-consolas-de-comunicaciones-para-el-coche\\\/\",\"name\":\"Nueva generaci\u00f3n de consolas de comunicaciones para el coche - Universo Subaru\",\"isPartOf\":{\"@id\":\"https:\\\/\\\/www.subaru.es\\\/blog\\\/#website\"},\"primaryImageOfPage\":{\"@id\":\"https:\\\/\\\/www.subaru.es\\\/blog\\\/nuestra-marca\\\/nueva-generacion-de-consolas-de-comunicaciones-para-el-coche\\\/#primaryimage\"},\"image\":{\"@id\":\"https:\\\/\\\/www.subaru.es\\\/blog\\\/nuestra-marca\\\/nueva-generacion-de-consolas-de-comunicaciones-para-el-coche\\\/#primaryimage\"},\"thumbnailUrl\":\"https:\\\/\\\/www.subaru.es\\\/blog\\\/wp-content\\\/uploads\\\/2011\\\/02\\\/consolaComunicaciones.jpg\",\"datePublished\":\"2011-02-21T10:05:05+00:00\",\"dateModified\":\"2020-08-06T09:39:34+00:00\",\"breadcrumb\":{\"@id\":\"https:\\\/\\\/www.subaru.es\\\/blog\\\/nuestra-marca\\\/nueva-generacion-de-consolas-de-comunicaciones-para-el-coche\\\/#breadcrumb\"},\"inLanguage\":\"es\",\"potentialAction\":[{\"@type\":\"ReadAction\",\"target\":[\"https:\\\/\\\/www.subaru.es\\\/blog\\\/nuestra-marca\\\/nueva-generacion-de-consolas-de-comunicaciones-para-el-coche\\\/\"]}]},{\"@type\":\"ImageObject\",\"inLanguage\":\"es\",\"@id\":\"https:\\\/\\\/www.subaru.es\\\/blog\\\/nuestra-marca\\\/nueva-generacion-de-consolas-de-comunicaciones-para-el-coche\\\/#primaryimage\",\"url\":\"https:\\\/\\\/www.subaru.es\\\/blog\\\/wp-content\\\/uploads\\\/2011\\\/02\\\/consolaComunicaciones.jpg\",\"contentUrl\":\"https:\\\/\\\/www.subaru.es\\\/blog\\\/wp-content\\\/uploads\\\/2011\\\/02\\\/consolaComunicaciones.jpg\",\"width\":600,\"height\":462,\"caption\":\"Consola de comunicaciones para el coche\"},{\"@type\":\"BreadcrumbList\",\"@id\":\"https:\\\/\\\/www.subaru.es\\\/blog\\\/nuestra-marca\\\/nueva-generacion-de-consolas-de-comunicaciones-para-el-coche\\\/#breadcrumb\",\"itemListElement\":[{\"@type\":\"ListItem\",\"position\":1,\"name\":\"Portada\",\"item\":\"https:\\\/\\\/www.subaru.es\\\/blog\\\/\"},{\"@type\":\"ListItem\",\"position\":2,\"name\":\"Nueva generaci\u00f3n de consolas de comunicaciones para el coche\"}]},{\"@type\":\"WebSite\",\"@id\":\"https:\\\/\\\/www.subaru.es\\\/blog\\\/#website\",\"url\":\"https:\\\/\\\/www.subaru.es\\\/blog\\\/\",\"name\":\"Universo Subaru\",\"description\":\"Descubre este apasionante espacio de Subaru donde vas a conocer todo sobre nuestros coches y las experiencias que vivimos con ellos. Si est\u00e1s preparado para dejarte seducir por la filosof\u00eda Subaru, qu\u00e9date con nosotros.\",\"publisher\":{\"@id\":\"https:\\\/\\\/www.subaru.es\\\/blog\\\/#organization\"},\"potentialAction\":[{\"@type\":\"SearchAction\",\"target\":{\"@type\":\"EntryPoint\",\"urlTemplate\":\"https:\\\/\\\/www.subaru.es\\\/blog\\\/?s={search_term_string}\"},\"query-input\":{\"@type\":\"PropertyValueSpecification\",\"valueRequired\":true,\"valueName\":\"search_term_string\"}}],\"inLanguage\":\"es\"},{\"@type\":\"Organization\",\"@id\":\"https:\\\/\\\/www.subaru.es\\\/blog\\\/#organization\",\"name\":\"Subaru Espa\u00f1a S.A.\",\"url\":\"https:\\\/\\\/www.subaru.es\\\/blog\\\/\",\"logo\":{\"@type\":\"ImageObject\",\"inLanguage\":\"es\",\"@id\":\"https:\\\/\\\/www.subaru.es\\\/blog\\\/#\\\/schema\\\/logo\\\/image\\\/\",\"url\":\"https:\\\/\\\/www.subaru.es\\\/blog\\\/wp-content\\\/uploads\\\/2016\\\/12\\\/Logo-Subaru-TypeV_C300-scaled.jpg\",\"contentUrl\":\"https:\\\/\\\/www.subaru.es\\\/blog\\\/wp-content\\\/uploads\\\/2016\\\/12\\\/Logo-Subaru-TypeV_C300-scaled.jpg\",\"width\":2560,\"height\":1864,\"caption\":\"Subaru Espa\u00f1a S.A.\"},\"image\":{\"@id\":\"https:\\\/\\\/www.subaru.es\\\/blog\\\/#\\\/schema\\\/logo\\\/image\\\/\"},\"sameAs\":[\"https:\\\/\\\/www.facebook.com\\\/subaruespana\",\"https:\\\/\\\/www.instagram.com\\\/subarues\\\/\",\"https:\\\/\\\/www.youtube.com\\\/user\\\/subaruespana\"]},{\"@type\":\"Person\",\"@id\":\"https:\\\/\\\/www.subaru.es\\\/blog\\\/#\\\/schema\\\/person\\\/19a90b892230b8e0ec752704ddf4aa10\",\"name\":\"Subaru\",\"url\":\"https:\\\/\\\/www.subaru.es\\\/blog\\\/author\\\/subaria\\\/\"}]}<\/script>\n<!-- \/ Yoast SEO plugin. -->","yoast_head_json":{"title":"Nueva generaci\u00f3n de consolas de comunicaciones para el coche - Universo Subaru","robots":{"index":"index","follow":"follow","max-snippet":"max-snippet:-1","max-image-preview":"max-image-preview:large","max-video-preview":"max-video-preview:-1"},"canonical":"https:\/\/www.subaru.es\/blog\/nuestra-marca\/nueva-generacion-de-consolas-de-comunicaciones-para-el-coche\/","og_locale":"es_ES","og_type":"article","og_title":"Nueva generaci\u00f3n de consolas de comunicaciones para el coche - Universo Subaru","og_description":"Las comunicaciones dentro del coche, mientras conducimos, son objeto de debate constante. La prohibici\u00f3n de utilizar el tel\u00e9fono m\u00f3vil en movimiento, la necesidad de instalar un manos libres que nos permita atender llamadas sin sacar las manos del volante, las recomendaciones de no atender llamadas largas o bien las que requieran de nuestra concentraci\u00f3n, son [&hellip;]","og_url":"https:\/\/www.subaru.es\/blog\/nuestra-marca\/nueva-generacion-de-consolas-de-comunicaciones-para-el-coche\/","og_site_name":"Universo Subaru","article_publisher":"https:\/\/www.facebook.com\/subaruespana","article_published_time":"2011-02-21T10:05:05+00:00","article_modified_time":"2020-08-06T09:39:34+00:00","og_image":[{"width":600,"height":462,"url":"https:\/\/www.subaru.es\/blog\/wp-content\/uploads\/2011\/02\/consolaComunicaciones.jpg","type":"image\/jpeg"}],"author":"Subaru","twitter_card":"summary_large_image","twitter_misc":{"Escrito por":"Subaru","Tiempo de lectura":"2 minutos"},"schema":{"@context":"https:\/\/schema.org","@graph":[{"@type":"Article","@id":"https:\/\/www.subaru.es\/blog\/nuestra-marca\/nueva-generacion-de-consolas-de-comunicaciones-para-el-coche\/#article","isPartOf":{"@id":"https:\/\/www.subaru.es\/blog\/nuestra-marca\/nueva-generacion-de-consolas-de-comunicaciones-para-el-coche\/"},"author":{"name":"Subaru","@id":"https:\/\/www.subaru.es\/blog\/#\/schema\/person\/19a90b892230b8e0ec752704ddf4aa10"},"headline":"Nueva generaci\u00f3n de consolas de comunicaciones para el coche","datePublished":"2011-02-21T10:05:05+00:00","dateModified":"2020-08-06T09:39:34+00:00","mainEntityOfPage":{"@id":"https:\/\/www.subaru.es\/blog\/nuestra-marca\/nueva-generacion-de-consolas-de-comunicaciones-para-el-coche\/"},"wordCount":487,"commentCount":0,"publisher":{"@id":"https:\/\/www.subaru.es\/blog\/#organization"},"image":{"@id":"https:\/\/www.subaru.es\/blog\/nuestra-marca\/nueva-generacion-de-consolas-de-comunicaciones-para-el-coche\/#primaryimage"},"thumbnailUrl":"https:\/\/www.subaru.es\/blog\/wp-content\/uploads\/2011\/02\/consolaComunicaciones.jpg","keywords":["GPS","seguridad"],"articleSection":["Nuestra marca"],"inLanguage":"es","potentialAction":[{"@type":"CommentAction","name":"Comment","target":["https:\/\/www.subaru.es\/blog\/nuestra-marca\/nueva-generacion-de-consolas-de-comunicaciones-para-el-coche\/#respond"]}]},{"@type":"WebPage","@id":"https:\/\/www.subaru.es\/blog\/nuestra-marca\/nueva-generacion-de-consolas-de-comunicaciones-para-el-coche\/","url":"https:\/\/www.subaru.es\/blog\/nuestra-marca\/nueva-generacion-de-consolas-de-comunicaciones-para-el-coche\/","name":"Nueva generaci\u00f3n de consolas de comunicaciones para el coche - Universo Subaru","isPartOf":{"@id":"https:\/\/www.subaru.es\/blog\/#website"},"primaryImageOfPage":{"@id":"https:\/\/www.subaru.es\/blog\/nuestra-marca\/nueva-generacion-de-consolas-de-comunicaciones-para-el-coche\/#primaryimage"},"image":{"@id":"https:\/\/www.subaru.es\/blog\/nuestra-marca\/nueva-generacion-de-consolas-de-comunicaciones-para-el-coche\/#primaryimage"},"thumbnailUrl":"https:\/\/www.subaru.es\/blog\/wp-content\/uploads\/2011\/02\/consolaComunicaciones.jpg","datePublished":"2011-02-21T10:05:05+00:00","dateModified":"2020-08-06T09:39:34+00:00","breadcrumb":{"@id":"https:\/\/www.subaru.es\/blog\/nuestra-marca\/nueva-generacion-de-consolas-de-comunicaciones-para-el-coche\/#breadcrumb"},"inLanguage":"es","potentialAction":[{"@type":"ReadAction","target":["https:\/\/www.subaru.es\/blog\/nuestra-marca\/nueva-generacion-de-consolas-de-comunicaciones-para-el-coche\/"]}]},{"@type":"ImageObject","inLanguage":"es","@id":"https:\/\/www.subaru.es\/blog\/nuestra-marca\/nueva-generacion-de-consolas-de-comunicaciones-para-el-coche\/#primaryimage","url":"https:\/\/www.subaru.es\/blog\/wp-content\/uploads\/2011\/02\/consolaComunicaciones.jpg","contentUrl":"https:\/\/www.subaru.es\/blog\/wp-content\/uploads\/2011\/02\/consolaComunicaciones.jpg","width":600,"height":462,"caption":"Consola de comunicaciones para el coche"},{"@type":"BreadcrumbList","@id":"https:\/\/www.subaru.es\/blog\/nuestra-marca\/nueva-generacion-de-consolas-de-comunicaciones-para-el-coche\/#breadcrumb","itemListElement":[{"@type":"ListItem","position":1,"name":"Portada","item":"https:\/\/www.subaru.es\/blog\/"},{"@type":"ListItem","position":2,"name":"Nueva generaci\u00f3n de consolas de comunicaciones para el coche"}]},{"@type":"WebSite","@id":"https:\/\/www.subaru.es\/blog\/#website","url":"https:\/\/www.subaru.es\/blog\/","name":"Universo Subaru","description":"Descubre este apasionante espacio de Subaru donde vas a conocer todo sobre nuestros coches y las experiencias que vivimos con ellos. Si est\u00e1s preparado para dejarte seducir por la filosof\u00eda Subaru, qu\u00e9date con nosotros.","publisher":{"@id":"https:\/\/www.subaru.es\/blog\/#organization"},"potentialAction":[{"@type":"SearchAction","target":{"@type":"EntryPoint","urlTemplate":"https:\/\/www.subaru.es\/blog\/?s={search_term_string}"},"query-input":{"@type":"PropertyValueSpecification","valueRequired":true,"valueName":"search_term_string"}}],"inLanguage":"es"},{"@type":"Organization","@id":"https:\/\/www.subaru.es\/blog\/#organization","name":"Subaru Espa\u00f1a S.A.","url":"https:\/\/www.subaru.es\/blog\/","logo":{"@type":"ImageObject","inLanguage":"es","@id":"https:\/\/www.subaru.es\/blog\/#\/schema\/logo\/image\/","url":"https:\/\/www.subaru.es\/blog\/wp-content\/uploads\/2016\/12\/Logo-Subaru-TypeV_C300-scaled.jpg","contentUrl":"https:\/\/www.subaru.es\/blog\/wp-content\/uploads\/2016\/12\/Logo-Subaru-TypeV_C300-scaled.jpg","width":2560,"height":1864,"caption":"Subaru Espa\u00f1a S.A."},"image":{"@id":"https:\/\/www.subaru.es\/blog\/#\/schema\/logo\/image\/"},"sameAs":["https:\/\/www.facebook.com\/subaruespana","https:\/\/www.instagram.com\/subarues\/","https:\/\/www.youtube.com\/user\/subaruespana"]},{"@type":"Person","@id":"https:\/\/www.subaru.es\/blog\/#\/schema\/person\/19a90b892230b8e0ec752704ddf4aa10","name":"Subaru","url":"https:\/\/www.subaru.es\/blog\/author\/subaria\/"}]}},"_links":{"self":[{"href":"https:\/\/www.subaru.es\/blog\/wp-json\/wp\/v2\/posts\/3974","targetHints":{"allow":["GET"]}}],"collection":[{"href":"https:\/\/www.subaru.es\/blog\/wp-json\/wp\/v2\/posts"}],"about":[{"href":"https:\/\/www.subaru.es\/blog\/wp-json\/wp\/v2\/types\/post"}],"author":[{"embeddable":true,"href":"https:\/\/www.subaru.es\/blog\/wp-json\/wp\/v2\/users\/21"}],"replies":[{"embeddable":true,"href":"https:\/\/www.subaru.es\/blog\/wp-json\/wp\/v2\/comments?post=3974"}],"version-history":[{"count":1,"href":"https:\/\/www.subaru.es\/blog\/wp-json\/wp\/v2\/posts\/3974\/revisions"}],"predecessor-version":[{"id":16153,"href":"https:\/\/www.subaru.es\/blog\/wp-json\/wp\/v2\/posts\/3974\/revisions\/16153"}],"wp:featuredmedia":[{"embeddable":true,"href":"https:\/\/www.subaru.es\/blog\/wp-json\/wp\/v2\/media\/3977"}],"wp:attachment":[{"href":"https:\/\/www.subaru.es\/blog\/wp-json\/wp\/v2\/media?parent=3974"}],"wp:term":[{"taxonomy":"category","embeddable":true,"href":"https:\/\/www.subaru.es\/blog\/wp-json\/wp\/v2\/categories?post=3974"},{"taxonomy":"post_tag","embeddable":true,"href":"https:\/\/www.subaru.es\/blog\/wp-json\/wp\/v2\/tags?post=3974"}],"curies":[{"name":"wp","href":"https:\/\/api.w.org\/{rel}","templated":true}]}}