{"id":3964,"date":"2011-02-18T13:27:39","date_gmt":"2011-02-18T11:27:39","guid":{"rendered":"http:\/\/subaru.preproduccion.com\/blog\/?p=3964"},"modified":"2020-08-12T11:59:49","modified_gmt":"2020-08-12T09:59:49","slug":"subaru-patrocinador-oficial-del-venatoria-2011","status":"publish","type":"post","link":"https:\/\/www.subaru.es\/blog\/subaru-lifestyle\/subaru-patrocinador-oficial-del-venatoria-2011\/","title":{"rendered":"Subaru, patrocinador oficial del Venatoria 2011"},"content":{"rendered":"<p style=\"text-align: center;\"><a href=\"https:\/\/www.subaru.es\/blog\/wp-content\/uploads\/2011\/02\/subaru.jpg\"><img decoding=\"async\" class=\"size-full wp-image-3965  aligncenter lazyload\" title=\"Subaru Forester\" data-src=\"https:\/\/www.subaru.es\/blog\/wp-content\/uploads\/2011\/02\/subaru.jpg\" alt=\"Subaru Forester\" width=\"500\" height=\"280\" src=\"data:image\/svg+xml;base64,PHN2ZyB3aWR0aD0iMSIgaGVpZ2h0PSIxIiB4bWxucz0iaHR0cDovL3d3dy53My5vcmcvMjAwMC9zdmciPjwvc3ZnPg==\" style=\"--smush-placeholder-width: 500px; --smush-placeholder-aspect-ratio: 500\/280;\"><\/a><\/p>\n<p>Se acerca marzo y con \u00e9l una de las citas m\u00e1s esperadas por los subaristas: la <strong>feria de caza Venatoria<\/strong>. Y, un a\u00f1o m\u00e1s (y ya van seis), Subaru muestra su implicaci\u00f3n con el mundo de la caza (y, ya de paso, con todas las actividades al aire libre) convirti\u00e9ndose en patrocinador oficial de la feria.<!--more--><\/p>\n<p>Seguro que a estas alturas ya lo sabes, pero nosotros no nos cansaremos de record\u00e1rtelo: los modelos de Subaru tienen unas caracter\u00edsticas muy especiales, como la<strong> tracci\u00f3n total permanente o la mayor altura libre al suelo<\/strong> del Forester y el Outback, que los hacen perfectos para cubrir las exigencias de clientes aficionados a la caza u otros deportes al aire libre.<\/p>\n<p>As\u00ed que all\u00ed estaremos un a\u00f1o m\u00e1s. Esta vez podr\u00e1s encontrarnos en nuestro stand Subaru, de 200 metros cuadrados, en el que se mostrar\u00e1 toda la gama de la marca japonesa (y ya sabes, este \u00faltimo a\u00f1o <a href=\"http:\/\/www.nitro.pe\/noticias\/moda-auto\/2320-subaru-logra-records-de-venta-historicos-en-el-2010.html\" target=\"_blank\" rel=\"noopener noreferrer\">no ha estado falto de novedades<\/a> en Subaru, por lo que podr\u00e1s ver <strong>una gama totalmente renovada<\/strong>).<\/p>\n<p>\u00bfQuieres alg\u00fan ejemplo? Te damos dos: por un lado, el <strong>nuevo Subaru Outback<\/strong>, que hace un a\u00f1o present\u00f3 su cuarta generaci\u00f3n con un motor Boxer Diesel de 150 cv, y dos gasolina de 167  cv y 260 cv. Por otro lado, estar\u00e1 el <strong><a href=\"https:\/\/www.subaru.es\/blog\/subaru\/subaru-presenta-nuevas-versiones-del-forester\/\" target=\"_blank\" rel=\"noopener noreferrer\">nuevo Forester<\/a><\/strong>, un SUV renovado tanto en dise\u00f1o, con m\u00e1s altura libre al suelo, como con su nuevo motor Boxer Diesel y su nuevo acabado Sport.<\/p>\n<p>Ap\u00fantalo en tu agenda: los <strong>pr\u00f3ximos 3, 4 y 5 de marzo<\/strong> en la XIVI\u00aa edici\u00f3n del <a href=\"http:\/\/www.venatoria.com.es\/index.html\" target=\"_blank\" rel=\"noopener noreferrer\">Venatoria Subaru &amp; Fitac<\/a>, en el Ifema. \u00a1Esperamos verte all\u00ed!<\/p>\n<p>Foto | <a href=\"http:\/\/www.subaru.es\/CMS\/home.html\" target=\"_blank\" rel=\"noopener noreferrer\">Subaru<\/a><\/p>\n","protected":false},"excerpt":{"rendered":"<p>Se acerca marzo y con \u00e9l una de las citas m\u00e1s esperadas por los subaristas: la feria de caza Venatoria. Y, un a\u00f1o m\u00e1s (y ya van seis), Subaru muestra su implicaci\u00f3n con el mundo de la caza (y, ya de paso, con todas las actividades al aire libre) convirti\u00e9ndose en patrocinador oficial de la [&hellip;]<\/p>\n","protected":false},"author":21,"featured_media":3965,"comment_status":"open","ping_status":"open","sticky":false,"template":"","format":"standard","meta":{"_acf_changed":false,"_eb_attr":"","inline_featured_image":false,"footnotes":""},"categories":[4520],"tags":[2782,3342,4390,491,1076,3341],"class_list":["post-3964","post","type-post","status-publish","format-standard","has-post-thumbnail","hentry","category-subaru-lifestyle","tag-caza","tag-patrocinio","tag-subaru","tag-subaru-forester","tag-subaru-outback","tag-venatoria-subaru-fitac-2011"],"acf":[],"yoast_head":"<!-- This site is optimized with the Yoast SEO plugin v27.3 - https:\/\/yoast.com\/product\/yoast-seo-wordpress\/ -->\n<title>Subaru, patrocinador oficial del Venatoria 2011 - Universo Subaru<\/title>\n<meta name=\"robots\" content=\"index, follow, max-snippet:-1, max-image-preview:large, max-video-preview:-1\" \/>\n<link rel=\"canonical\" href=\"https:\/\/www.subaru.es\/blog\/subaru-lifestyle\/subaru-patrocinador-oficial-del-venatoria-2011\/\" \/>\n<meta property=\"og:locale\" content=\"es_ES\" \/>\n<meta property=\"og:type\" content=\"article\" \/>\n<meta property=\"og:title\" content=\"Subaru, patrocinador oficial del Venatoria 2011 - Universo Subaru\" \/>\n<meta property=\"og:description\" content=\"Se acerca marzo y con \u00e9l una de las citas m\u00e1s esperadas por los subaristas: la feria de caza Venatoria. Y, un a\u00f1o m\u00e1s (y ya van seis), Subaru muestra su implicaci\u00f3n con el mundo de la caza (y, ya de paso, con todas las actividades al aire libre) convirti\u00e9ndose en patrocinador oficial de la [&hellip;]\" \/>\n<meta property=\"og:url\" content=\"https:\/\/www.subaru.es\/blog\/subaru-lifestyle\/subaru-patrocinador-oficial-del-venatoria-2011\/\" \/>\n<meta property=\"og:site_name\" content=\"Universo Subaru\" \/>\n<meta property=\"article:publisher\" content=\"https:\/\/www.facebook.com\/subaruespana\" \/>\n<meta property=\"article:published_time\" content=\"2011-02-18T11:27:39+00:00\" \/>\n<meta property=\"article:modified_time\" content=\"2020-08-12T09:59:49+00:00\" \/>\n<meta property=\"og:image\" content=\"https:\/\/www.subaru.es\/blog\/wp-content\/uploads\/2011\/02\/subaru.jpg\" \/>\n\t<meta property=\"og:image:width\" content=\"500\" \/>\n\t<meta property=\"og:image:height\" content=\"280\" \/>\n\t<meta property=\"og:image:type\" content=\"image\/jpeg\" \/>\n<meta name=\"author\" content=\"Subaru\" \/>\n<meta name=\"twitter:card\" content=\"summary_large_image\" \/>\n<meta name=\"twitter:label1\" content=\"Escrito por\" \/>\n\t<meta name=\"twitter:data1\" content=\"Subaru\" \/>\n\t<meta name=\"twitter:label2\" content=\"Tiempo de lectura\" \/>\n\t<meta name=\"twitter:data2\" content=\"1 minuto\" \/>\n<script type=\"application\/ld+json\" class=\"yoast-schema-graph\">{\"@context\":\"https:\\\/\\\/schema.org\",\"@graph\":[{\"@type\":\"Article\",\"@id\":\"https:\\\/\\\/www.subaru.es\\\/blog\\\/subaru-lifestyle\\\/subaru-patrocinador-oficial-del-venatoria-2011\\\/#article\",\"isPartOf\":{\"@id\":\"https:\\\/\\\/www.subaru.es\\\/blog\\\/subaru-lifestyle\\\/subaru-patrocinador-oficial-del-venatoria-2011\\\/\"},\"author\":{\"name\":\"Subaru\",\"@id\":\"https:\\\/\\\/www.subaru.es\\\/blog\\\/#\\\/schema\\\/person\\\/19a90b892230b8e0ec752704ddf4aa10\"},\"headline\":\"Subaru, patrocinador oficial del Venatoria 2011\",\"datePublished\":\"2011-02-18T11:27:39+00:00\",\"dateModified\":\"2020-08-12T09:59:49+00:00\",\"mainEntityOfPage\":{\"@id\":\"https:\\\/\\\/www.subaru.es\\\/blog\\\/subaru-lifestyle\\\/subaru-patrocinador-oficial-del-venatoria-2011\\\/\"},\"wordCount\":288,\"commentCount\":0,\"publisher\":{\"@id\":\"https:\\\/\\\/www.subaru.es\\\/blog\\\/#organization\"},\"image\":{\"@id\":\"https:\\\/\\\/www.subaru.es\\\/blog\\\/subaru-lifestyle\\\/subaru-patrocinador-oficial-del-venatoria-2011\\\/#primaryimage\"},\"thumbnailUrl\":\"https:\\\/\\\/www.subaru.es\\\/blog\\\/wp-content\\\/uploads\\\/2011\\\/02\\\/subaru.jpg\",\"keywords\":[\"Caza\",\"Patrocinio\",\"Subaru\",\"subaru forester\",\"subaru outback\",\"VENATORIA SUBARU &amp; FITAC 2011\"],\"articleSection\":[\"Subaru LifeStyle\"],\"inLanguage\":\"es\",\"potentialAction\":[{\"@type\":\"CommentAction\",\"name\":\"Comment\",\"target\":[\"https:\\\/\\\/www.subaru.es\\\/blog\\\/subaru-lifestyle\\\/subaru-patrocinador-oficial-del-venatoria-2011\\\/#respond\"]}]},{\"@type\":\"WebPage\",\"@id\":\"https:\\\/\\\/www.subaru.es\\\/blog\\\/subaru-lifestyle\\\/subaru-patrocinador-oficial-del-venatoria-2011\\\/\",\"url\":\"https:\\\/\\\/www.subaru.es\\\/blog\\\/subaru-lifestyle\\\/subaru-patrocinador-oficial-del-venatoria-2011\\\/\",\"name\":\"Subaru, patrocinador oficial del Venatoria 2011 - Universo Subaru\",\"isPartOf\":{\"@id\":\"https:\\\/\\\/www.subaru.es\\\/blog\\\/#website\"},\"primaryImageOfPage\":{\"@id\":\"https:\\\/\\\/www.subaru.es\\\/blog\\\/subaru-lifestyle\\\/subaru-patrocinador-oficial-del-venatoria-2011\\\/#primaryimage\"},\"image\":{\"@id\":\"https:\\\/\\\/www.subaru.es\\\/blog\\\/subaru-lifestyle\\\/subaru-patrocinador-oficial-del-venatoria-2011\\\/#primaryimage\"},\"thumbnailUrl\":\"https:\\\/\\\/www.subaru.es\\\/blog\\\/wp-content\\\/uploads\\\/2011\\\/02\\\/subaru.jpg\",\"datePublished\":\"2011-02-18T11:27:39+00:00\",\"dateModified\":\"2020-08-12T09:59:49+00:00\",\"breadcrumb\":{\"@id\":\"https:\\\/\\\/www.subaru.es\\\/blog\\\/subaru-lifestyle\\\/subaru-patrocinador-oficial-del-venatoria-2011\\\/#breadcrumb\"},\"inLanguage\":\"es\",\"potentialAction\":[{\"@type\":\"ReadAction\",\"target\":[\"https:\\\/\\\/www.subaru.es\\\/blog\\\/subaru-lifestyle\\\/subaru-patrocinador-oficial-del-venatoria-2011\\\/\"]}]},{\"@type\":\"ImageObject\",\"inLanguage\":\"es\",\"@id\":\"https:\\\/\\\/www.subaru.es\\\/blog\\\/subaru-lifestyle\\\/subaru-patrocinador-oficial-del-venatoria-2011\\\/#primaryimage\",\"url\":\"https:\\\/\\\/www.subaru.es\\\/blog\\\/wp-content\\\/uploads\\\/2011\\\/02\\\/subaru.jpg\",\"contentUrl\":\"https:\\\/\\\/www.subaru.es\\\/blog\\\/wp-content\\\/uploads\\\/2011\\\/02\\\/subaru.jpg\",\"width\":500,\"height\":280,\"caption\":\"Subaru Forester\"},{\"@type\":\"BreadcrumbList\",\"@id\":\"https:\\\/\\\/www.subaru.es\\\/blog\\\/subaru-lifestyle\\\/subaru-patrocinador-oficial-del-venatoria-2011\\\/#breadcrumb\",\"itemListElement\":[{\"@type\":\"ListItem\",\"position\":1,\"name\":\"Portada\",\"item\":\"https:\\\/\\\/www.subaru.es\\\/blog\\\/\"},{\"@type\":\"ListItem\",\"position\":2,\"name\":\"Subaru, patrocinador oficial del Venatoria 2011\"}]},{\"@type\":\"WebSite\",\"@id\":\"https:\\\/\\\/www.subaru.es\\\/blog\\\/#website\",\"url\":\"https:\\\/\\\/www.subaru.es\\\/blog\\\/\",\"name\":\"Universo Subaru\",\"description\":\"Descubre este apasionante espacio de Subaru donde vas a conocer todo sobre nuestros coches y las experiencias que vivimos con ellos. Si est\u00e1s preparado para dejarte seducir por la filosof\u00eda Subaru, qu\u00e9date con nosotros.\",\"publisher\":{\"@id\":\"https:\\\/\\\/www.subaru.es\\\/blog\\\/#organization\"},\"potentialAction\":[{\"@type\":\"SearchAction\",\"target\":{\"@type\":\"EntryPoint\",\"urlTemplate\":\"https:\\\/\\\/www.subaru.es\\\/blog\\\/?s={search_term_string}\"},\"query-input\":{\"@type\":\"PropertyValueSpecification\",\"valueRequired\":true,\"valueName\":\"search_term_string\"}}],\"inLanguage\":\"es\"},{\"@type\":\"Organization\",\"@id\":\"https:\\\/\\\/www.subaru.es\\\/blog\\\/#organization\",\"name\":\"Subaru Espa\u00f1a S.A.\",\"url\":\"https:\\\/\\\/www.subaru.es\\\/blog\\\/\",\"logo\":{\"@type\":\"ImageObject\",\"inLanguage\":\"es\",\"@id\":\"https:\\\/\\\/www.subaru.es\\\/blog\\\/#\\\/schema\\\/logo\\\/image\\\/\",\"url\":\"https:\\\/\\\/www.subaru.es\\\/blog\\\/wp-content\\\/uploads\\\/2016\\\/12\\\/Logo-Subaru-TypeV_C300-scaled.jpg\",\"contentUrl\":\"https:\\\/\\\/www.subaru.es\\\/blog\\\/wp-content\\\/uploads\\\/2016\\\/12\\\/Logo-Subaru-TypeV_C300-scaled.jpg\",\"width\":2560,\"height\":1864,\"caption\":\"Subaru Espa\u00f1a S.A.\"},\"image\":{\"@id\":\"https:\\\/\\\/www.subaru.es\\\/blog\\\/#\\\/schema\\\/logo\\\/image\\\/\"},\"sameAs\":[\"https:\\\/\\\/www.facebook.com\\\/subaruespana\",\"https:\\\/\\\/www.instagram.com\\\/subarues\\\/\",\"https:\\\/\\\/www.youtube.com\\\/user\\\/subaruespana\"]},{\"@type\":\"Person\",\"@id\":\"https:\\\/\\\/www.subaru.es\\\/blog\\\/#\\\/schema\\\/person\\\/19a90b892230b8e0ec752704ddf4aa10\",\"name\":\"Subaru\",\"url\":\"https:\\\/\\\/www.subaru.es\\\/blog\\\/author\\\/subaria\\\/\"}]}<\/script>\n<!-- \/ Yoast SEO plugin. -->","yoast_head_json":{"title":"Subaru, patrocinador oficial del Venatoria 2011 - Universo Subaru","robots":{"index":"index","follow":"follow","max-snippet":"max-snippet:-1","max-image-preview":"max-image-preview:large","max-video-preview":"max-video-preview:-1"},"canonical":"https:\/\/www.subaru.es\/blog\/subaru-lifestyle\/subaru-patrocinador-oficial-del-venatoria-2011\/","og_locale":"es_ES","og_type":"article","og_title":"Subaru, patrocinador oficial del Venatoria 2011 - Universo Subaru","og_description":"Se acerca marzo y con \u00e9l una de las citas m\u00e1s esperadas por los subaristas: la feria de caza Venatoria. Y, un a\u00f1o m\u00e1s (y ya van seis), Subaru muestra su implicaci\u00f3n con el mundo de la caza (y, ya de paso, con todas las actividades al aire libre) convirti\u00e9ndose en patrocinador oficial de la [&hellip;]","og_url":"https:\/\/www.subaru.es\/blog\/subaru-lifestyle\/subaru-patrocinador-oficial-del-venatoria-2011\/","og_site_name":"Universo Subaru","article_publisher":"https:\/\/www.facebook.com\/subaruespana","article_published_time":"2011-02-18T11:27:39+00:00","article_modified_time":"2020-08-12T09:59:49+00:00","og_image":[{"width":500,"height":280,"url":"https:\/\/www.subaru.es\/blog\/wp-content\/uploads\/2011\/02\/subaru.jpg","type":"image\/jpeg"}],"author":"Subaru","twitter_card":"summary_large_image","twitter_misc":{"Escrito por":"Subaru","Tiempo de lectura":"1 minuto"},"schema":{"@context":"https:\/\/schema.org","@graph":[{"@type":"Article","@id":"https:\/\/www.subaru.es\/blog\/subaru-lifestyle\/subaru-patrocinador-oficial-del-venatoria-2011\/#article","isPartOf":{"@id":"https:\/\/www.subaru.es\/blog\/subaru-lifestyle\/subaru-patrocinador-oficial-del-venatoria-2011\/"},"author":{"name":"Subaru","@id":"https:\/\/www.subaru.es\/blog\/#\/schema\/person\/19a90b892230b8e0ec752704ddf4aa10"},"headline":"Subaru, patrocinador oficial del Venatoria 2011","datePublished":"2011-02-18T11:27:39+00:00","dateModified":"2020-08-12T09:59:49+00:00","mainEntityOfPage":{"@id":"https:\/\/www.subaru.es\/blog\/subaru-lifestyle\/subaru-patrocinador-oficial-del-venatoria-2011\/"},"wordCount":288,"commentCount":0,"publisher":{"@id":"https:\/\/www.subaru.es\/blog\/#organization"},"image":{"@id":"https:\/\/www.subaru.es\/blog\/subaru-lifestyle\/subaru-patrocinador-oficial-del-venatoria-2011\/#primaryimage"},"thumbnailUrl":"https:\/\/www.subaru.es\/blog\/wp-content\/uploads\/2011\/02\/subaru.jpg","keywords":["Caza","Patrocinio","Subaru","subaru forester","subaru outback","VENATORIA SUBARU &amp; FITAC 2011"],"articleSection":["Subaru LifeStyle"],"inLanguage":"es","potentialAction":[{"@type":"CommentAction","name":"Comment","target":["https:\/\/www.subaru.es\/blog\/subaru-lifestyle\/subaru-patrocinador-oficial-del-venatoria-2011\/#respond"]}]},{"@type":"WebPage","@id":"https:\/\/www.subaru.es\/blog\/subaru-lifestyle\/subaru-patrocinador-oficial-del-venatoria-2011\/","url":"https:\/\/www.subaru.es\/blog\/subaru-lifestyle\/subaru-patrocinador-oficial-del-venatoria-2011\/","name":"Subaru, patrocinador oficial del Venatoria 2011 - Universo Subaru","isPartOf":{"@id":"https:\/\/www.subaru.es\/blog\/#website"},"primaryImageOfPage":{"@id":"https:\/\/www.subaru.es\/blog\/subaru-lifestyle\/subaru-patrocinador-oficial-del-venatoria-2011\/#primaryimage"},"image":{"@id":"https:\/\/www.subaru.es\/blog\/subaru-lifestyle\/subaru-patrocinador-oficial-del-venatoria-2011\/#primaryimage"},"thumbnailUrl":"https:\/\/www.subaru.es\/blog\/wp-content\/uploads\/2011\/02\/subaru.jpg","datePublished":"2011-02-18T11:27:39+00:00","dateModified":"2020-08-12T09:59:49+00:00","breadcrumb":{"@id":"https:\/\/www.subaru.es\/blog\/subaru-lifestyle\/subaru-patrocinador-oficial-del-venatoria-2011\/#breadcrumb"},"inLanguage":"es","potentialAction":[{"@type":"ReadAction","target":["https:\/\/www.subaru.es\/blog\/subaru-lifestyle\/subaru-patrocinador-oficial-del-venatoria-2011\/"]}]},{"@type":"ImageObject","inLanguage":"es","@id":"https:\/\/www.subaru.es\/blog\/subaru-lifestyle\/subaru-patrocinador-oficial-del-venatoria-2011\/#primaryimage","url":"https:\/\/www.subaru.es\/blog\/wp-content\/uploads\/2011\/02\/subaru.jpg","contentUrl":"https:\/\/www.subaru.es\/blog\/wp-content\/uploads\/2011\/02\/subaru.jpg","width":500,"height":280,"caption":"Subaru Forester"},{"@type":"BreadcrumbList","@id":"https:\/\/www.subaru.es\/blog\/subaru-lifestyle\/subaru-patrocinador-oficial-del-venatoria-2011\/#breadcrumb","itemListElement":[{"@type":"ListItem","position":1,"name":"Portada","item":"https:\/\/www.subaru.es\/blog\/"},{"@type":"ListItem","position":2,"name":"Subaru, patrocinador oficial del Venatoria 2011"}]},{"@type":"WebSite","@id":"https:\/\/www.subaru.es\/blog\/#website","url":"https:\/\/www.subaru.es\/blog\/","name":"Universo Subaru","description":"Descubre este apasionante espacio de Subaru donde vas a conocer todo sobre nuestros coches y las experiencias que vivimos con ellos. Si est\u00e1s preparado para dejarte seducir por la filosof\u00eda Subaru, qu\u00e9date con nosotros.","publisher":{"@id":"https:\/\/www.subaru.es\/blog\/#organization"},"potentialAction":[{"@type":"SearchAction","target":{"@type":"EntryPoint","urlTemplate":"https:\/\/www.subaru.es\/blog\/?s={search_term_string}"},"query-input":{"@type":"PropertyValueSpecification","valueRequired":true,"valueName":"search_term_string"}}],"inLanguage":"es"},{"@type":"Organization","@id":"https:\/\/www.subaru.es\/blog\/#organization","name":"Subaru Espa\u00f1a S.A.","url":"https:\/\/www.subaru.es\/blog\/","logo":{"@type":"ImageObject","inLanguage":"es","@id":"https:\/\/www.subaru.es\/blog\/#\/schema\/logo\/image\/","url":"https:\/\/www.subaru.es\/blog\/wp-content\/uploads\/2016\/12\/Logo-Subaru-TypeV_C300-scaled.jpg","contentUrl":"https:\/\/www.subaru.es\/blog\/wp-content\/uploads\/2016\/12\/Logo-Subaru-TypeV_C300-scaled.jpg","width":2560,"height":1864,"caption":"Subaru Espa\u00f1a S.A."},"image":{"@id":"https:\/\/www.subaru.es\/blog\/#\/schema\/logo\/image\/"},"sameAs":["https:\/\/www.facebook.com\/subaruespana","https:\/\/www.instagram.com\/subarues\/","https:\/\/www.youtube.com\/user\/subaruespana"]},{"@type":"Person","@id":"https:\/\/www.subaru.es\/blog\/#\/schema\/person\/19a90b892230b8e0ec752704ddf4aa10","name":"Subaru","url":"https:\/\/www.subaru.es\/blog\/author\/subaria\/"}]}},"_links":{"self":[{"href":"https:\/\/www.subaru.es\/blog\/wp-json\/wp\/v2\/posts\/3964","targetHints":{"allow":["GET"]}}],"collection":[{"href":"https:\/\/www.subaru.es\/blog\/wp-json\/wp\/v2\/posts"}],"about":[{"href":"https:\/\/www.subaru.es\/blog\/wp-json\/wp\/v2\/types\/post"}],"author":[{"embeddable":true,"href":"https:\/\/www.subaru.es\/blog\/wp-json\/wp\/v2\/users\/21"}],"replies":[{"embeddable":true,"href":"https:\/\/www.subaru.es\/blog\/wp-json\/wp\/v2\/comments?post=3964"}],"version-history":[{"count":3,"href":"https:\/\/www.subaru.es\/blog\/wp-json\/wp\/v2\/posts\/3964\/revisions"}],"predecessor-version":[{"id":22211,"href":"https:\/\/www.subaru.es\/blog\/wp-json\/wp\/v2\/posts\/3964\/revisions\/22211"}],"wp:featuredmedia":[{"embeddable":true,"href":"https:\/\/www.subaru.es\/blog\/wp-json\/wp\/v2\/media\/3965"}],"wp:attachment":[{"href":"https:\/\/www.subaru.es\/blog\/wp-json\/wp\/v2\/media?parent=3964"}],"wp:term":[{"taxonomy":"category","embeddable":true,"href":"https:\/\/www.subaru.es\/blog\/wp-json\/wp\/v2\/categories?post=3964"},{"taxonomy":"post_tag","embeddable":true,"href":"https:\/\/www.subaru.es\/blog\/wp-json\/wp\/v2\/tags?post=3964"}],"curies":[{"name":"wp","href":"https:\/\/api.w.org\/{rel}","templated":true}]}}