{"id":391,"date":"2007-11-12T14:06:38","date_gmt":"2007-11-12T12:06:38","guid":{"rendered":"http:\/\/subaru.preproduccion.com\/blog\/wp-content\/2007\/11\/12\/subaru-en-el-sema-salon-de-las-vegas\/"},"modified":"2016-10-17T10:48:26","modified_gmt":"2016-10-17T08:48:26","slug":"subaru-en-el-sema-salon-de-las-vegas","status":"publish","type":"post","link":"https:\/\/www.subaru.es\/blog\/nuestra-marca\/subaru-en-el-sema-salon-de-las-vegas\/","title":{"rendered":"Subaru en el SEMA, Sal\u00f3n de Las Vegas"},"content":{"rendered":"<p>El <a href=\"http:\/\/www.semashow.com\/\">SEMA Show <\/a> o <strong>Sal\u00f3n de Las Vegas<\/strong>, dedicado exclusivamente a <strong>profesionales del sector<\/strong>, acoge todo tipo de productos del \u00e1mbito de la automoci\u00f3n, entre los que destacan los componentes o los <strong>servicios de los preparadores<\/strong>. <\/p>\n<p>Este a\u00f1o se ha celebrado del <strong>30 de octubre al 2 de noviembre<\/strong>. En \u00e9l han podido verse un sinf\u00edn de modelos de serie que han sido <strong>evolucionados <\/strong>tanto en su est\u00e9tica como en su mec\u00e1nica o su equipamiento: <strong>m\u00e1s caballos, nuevas tecnolog\u00edas<\/strong>, llantas, decoraciones, componentes de audio\u2026 cada modelo es una <strong>sorpresa<\/strong>, pues puede tener absolutamente todo lo imaginable.<\/p>\n<p><center><img data-src='https:\/\/www.subaru.es\/blog\/wp-content\/uploads\/2007\/11\/booth_booth__mg_4593.JPG' alt='blooth2' src='data:image\/svg+xml;base64,PHN2ZyB3aWR0aD0iMSIgaGVpZ2h0PSIxIiB4bWxucz0iaHR0cDovL3d3dy53My5vcmcvMjAwMC9zdmciPjwvc3ZnPg==' class='lazyload' \/><\/center><\/p>\n<p><a href=\"http:\/\/www.subaru.es\">Subaru<\/a>, como no, ha sido una de las marcas participantes, y el <strong>Impreza<\/strong>, incluso en su nueva versi\u00f3n, ya ha sido objeto de un buen n\u00famero de <strong>evoluciones<\/strong>.<\/p>\n<p>As\u00ed, destaca el <strong>WRX 2008 <\/strong>preparado por <a href=\"http:\/\/www.subaru.com\/microsites\/spt\/main.jsp\">Subaru Performance Tuning<\/a>, con motor potenciado por <strong>AEM <\/strong>hasta los 450 caballos. Incluye gesti\u00f3n electr\u00f3nica variable del mismo, nuevo turbo <strong>Harman Motive <\/strong>y embrague <strong>STi <\/strong>de doble disco. Vaya <strong>fiera<\/strong>. Adem\u00e1s, el interior tambi\u00e9n ha sido retocado con asientos <strong>Recaro <\/strong>y diversos a\u00f1adidos est\u00e9ticos.<\/p>\n<p><center><img data-src='https:\/\/www.subaru.es\/blog\/wp-content\/uploads\/2007\/11\/booth_booth__mg_4597.JPG' alt='blooth3' src='data:image\/svg+xml;base64,PHN2ZyB3aWR0aD0iMSIgaGVpZ2h0PSIxIiB4bWxucz0iaHR0cDovL3d3dy53My5vcmcvMjAwMC9zdmciPjwvc3ZnPg==' class='lazyload' \/><\/center><\/p>\n<p>Por su parte, el equipo<strong> Subaru Rallye Team USA <\/strong>mostr\u00f3, todav\u00eda en estado de prototipo, el WRX de 325 CV con el que <strong>Ken Block <\/strong>tomar\u00e1 parte en el Campeonato Americano de Rallyes.<\/p>\n<p><center><img data-src='https:\/\/www.subaru.es\/blog\/wp-content\/uploads\/2007\/11\/booth__mg_4596.JPG' alt='booth1' src='data:image\/svg+xml;base64,PHN2ZyB3aWR0aD0iMSIgaGVpZ2h0PSIxIiB4bWxucz0iaHR0cDovL3d3dy53My5vcmcvMjAwMC9zdmciPjwvc3ZnPg==' class='lazyload' \/><\/center><\/p>\n<p>Pudo verse tambi\u00e9n un <strong>WRX 2008 <\/strong>sed\u00e1n encargo de la revista <strong>Sport Compact Car Magazine<\/strong>, otro WRX pintado con motivos de Halloween, o incluso un <a href=\"http:\/\/www.subaru-sti.co.jp\/product\/22b\/index.html\">Impreza 22B STi<\/a>, del que solamente se han producido <strong>400<\/strong>, de los que solo 24 han ido fuera de Jap\u00f3n. <\/p>\n","protected":false},"excerpt":{"rendered":"<p>El SEMA Show o Sal\u00f3n de Las Vegas, dedicado exclusivamente a profesionales del sector, acoge todo tipo de productos del \u00e1mbito de la automoci\u00f3n, entre los que destacan los componentes o los servicios de los preparadores. Este a\u00f1o se ha celebrado del 30 de octubre al 2 de noviembre. En \u00e9l han podido verse un [&hellip;]<\/p>\n","protected":false},"author":21,"featured_media":392,"comment_status":"open","ping_status":"open","sticky":false,"template":"","format":"standard","meta":{"_acf_changed":false,"_eb_attr":"","inline_featured_image":false,"footnotes":""},"categories":[4401],"tags":[],"class_list":["post-391","post","type-post","status-publish","format-standard","has-post-thumbnail","hentry","category-nuestra-marca"],"acf":[],"yoast_head":"<!-- This site is optimized with the Yoast SEO plugin v27.3 - https:\/\/yoast.com\/product\/yoast-seo-wordpress\/ -->\n<title>Subaru en el SEMA, Sal\u00f3n de Las Vegas - Universo Subaru<\/title>\n<meta name=\"robots\" content=\"index, follow, max-snippet:-1, max-image-preview:large, max-video-preview:-1\" \/>\n<link rel=\"canonical\" href=\"https:\/\/www.subaru.es\/blog\/nuestra-marca\/subaru-en-el-sema-salon-de-las-vegas\/\" \/>\n<meta property=\"og:locale\" content=\"es_ES\" \/>\n<meta property=\"og:type\" content=\"article\" \/>\n<meta property=\"og:title\" content=\"Subaru en el SEMA, Sal\u00f3n de Las Vegas - Universo Subaru\" \/>\n<meta property=\"og:description\" content=\"El SEMA Show o Sal\u00f3n de Las Vegas, dedicado exclusivamente a profesionales del sector, acoge todo tipo de productos del \u00e1mbito de la automoci\u00f3n, entre los que destacan los componentes o los servicios de los preparadores. Este a\u00f1o se ha celebrado del 30 de octubre al 2 de noviembre. En \u00e9l han podido verse un [&hellip;]\" \/>\n<meta property=\"og:url\" content=\"https:\/\/www.subaru.es\/blog\/nuestra-marca\/subaru-en-el-sema-salon-de-las-vegas\/\" \/>\n<meta property=\"og:site_name\" content=\"Universo Subaru\" \/>\n<meta property=\"article:publisher\" content=\"https:\/\/www.facebook.com\/subaruespana\" \/>\n<meta property=\"article:published_time\" content=\"2007-11-12T12:06:38+00:00\" \/>\n<meta property=\"article:modified_time\" content=\"2016-10-17T08:48:26+00:00\" \/>\n<meta property=\"og:image\" content=\"https:\/\/www.subaru.es\/blog\/wp-content\/uploads\/2007\/11\/booth__mg_4596.JPG\" \/>\n\t<meta property=\"og:image:width\" content=\"350\" \/>\n\t<meta property=\"og:image:height\" content=\"233\" \/>\n\t<meta property=\"og:image:type\" content=\"image\/jpeg\" \/>\n<meta name=\"author\" content=\"Subaru\" \/>\n<meta name=\"twitter:card\" content=\"summary_large_image\" \/>\n<meta name=\"twitter:label1\" content=\"Escrito por\" \/>\n\t<meta name=\"twitter:data1\" content=\"Subaru\" \/>\n\t<meta name=\"twitter:label2\" content=\"Tiempo de lectura\" \/>\n\t<meta name=\"twitter:data2\" content=\"1 minuto\" \/>\n<script type=\"application\/ld+json\" class=\"yoast-schema-graph\">{\"@context\":\"https:\\\/\\\/schema.org\",\"@graph\":[{\"@type\":\"Article\",\"@id\":\"https:\\\/\\\/www.subaru.es\\\/blog\\\/nuestra-marca\\\/subaru-en-el-sema-salon-de-las-vegas\\\/#article\",\"isPartOf\":{\"@id\":\"https:\\\/\\\/www.subaru.es\\\/blog\\\/nuestra-marca\\\/subaru-en-el-sema-salon-de-las-vegas\\\/\"},\"author\":{\"name\":\"Subaru\",\"@id\":\"https:\\\/\\\/www.subaru.es\\\/blog\\\/#\\\/schema\\\/person\\\/19a90b892230b8e0ec752704ddf4aa10\"},\"headline\":\"Subaru en el SEMA, Sal\u00f3n de Las Vegas\",\"datePublished\":\"2007-11-12T12:06:38+00:00\",\"dateModified\":\"2016-10-17T08:48:26+00:00\",\"mainEntityOfPage\":{\"@id\":\"https:\\\/\\\/www.subaru.es\\\/blog\\\/nuestra-marca\\\/subaru-en-el-sema-salon-de-las-vegas\\\/\"},\"wordCount\":274,\"commentCount\":0,\"publisher\":{\"@id\":\"https:\\\/\\\/www.subaru.es\\\/blog\\\/#organization\"},\"image\":{\"@id\":\"https:\\\/\\\/www.subaru.es\\\/blog\\\/nuestra-marca\\\/subaru-en-el-sema-salon-de-las-vegas\\\/#primaryimage\"},\"thumbnailUrl\":\"https:\\\/\\\/www.subaru.es\\\/blog\\\/wp-content\\\/uploads\\\/2007\\\/11\\\/booth__mg_4596.JPG\",\"articleSection\":[\"Nuestra marca\"],\"inLanguage\":\"es\",\"potentialAction\":[{\"@type\":\"CommentAction\",\"name\":\"Comment\",\"target\":[\"https:\\\/\\\/www.subaru.es\\\/blog\\\/nuestra-marca\\\/subaru-en-el-sema-salon-de-las-vegas\\\/#respond\"]}]},{\"@type\":\"WebPage\",\"@id\":\"https:\\\/\\\/www.subaru.es\\\/blog\\\/nuestra-marca\\\/subaru-en-el-sema-salon-de-las-vegas\\\/\",\"url\":\"https:\\\/\\\/www.subaru.es\\\/blog\\\/nuestra-marca\\\/subaru-en-el-sema-salon-de-las-vegas\\\/\",\"name\":\"Subaru en el SEMA, Sal\u00f3n de Las Vegas - Universo Subaru\",\"isPartOf\":{\"@id\":\"https:\\\/\\\/www.subaru.es\\\/blog\\\/#website\"},\"primaryImageOfPage\":{\"@id\":\"https:\\\/\\\/www.subaru.es\\\/blog\\\/nuestra-marca\\\/subaru-en-el-sema-salon-de-las-vegas\\\/#primaryimage\"},\"image\":{\"@id\":\"https:\\\/\\\/www.subaru.es\\\/blog\\\/nuestra-marca\\\/subaru-en-el-sema-salon-de-las-vegas\\\/#primaryimage\"},\"thumbnailUrl\":\"https:\\\/\\\/www.subaru.es\\\/blog\\\/wp-content\\\/uploads\\\/2007\\\/11\\\/booth__mg_4596.JPG\",\"datePublished\":\"2007-11-12T12:06:38+00:00\",\"dateModified\":\"2016-10-17T08:48:26+00:00\",\"breadcrumb\":{\"@id\":\"https:\\\/\\\/www.subaru.es\\\/blog\\\/nuestra-marca\\\/subaru-en-el-sema-salon-de-las-vegas\\\/#breadcrumb\"},\"inLanguage\":\"es\",\"potentialAction\":[{\"@type\":\"ReadAction\",\"target\":[\"https:\\\/\\\/www.subaru.es\\\/blog\\\/nuestra-marca\\\/subaru-en-el-sema-salon-de-las-vegas\\\/\"]}]},{\"@type\":\"ImageObject\",\"inLanguage\":\"es\",\"@id\":\"https:\\\/\\\/www.subaru.es\\\/blog\\\/nuestra-marca\\\/subaru-en-el-sema-salon-de-las-vegas\\\/#primaryimage\",\"url\":\"https:\\\/\\\/www.subaru.es\\\/blog\\\/wp-content\\\/uploads\\\/2007\\\/11\\\/booth__mg_4596.JPG\",\"contentUrl\":\"https:\\\/\\\/www.subaru.es\\\/blog\\\/wp-content\\\/uploads\\\/2007\\\/11\\\/booth__mg_4596.JPG\",\"width\":350,\"height\":233},{\"@type\":\"BreadcrumbList\",\"@id\":\"https:\\\/\\\/www.subaru.es\\\/blog\\\/nuestra-marca\\\/subaru-en-el-sema-salon-de-las-vegas\\\/#breadcrumb\",\"itemListElement\":[{\"@type\":\"ListItem\",\"position\":1,\"name\":\"Portada\",\"item\":\"https:\\\/\\\/www.subaru.es\\\/blog\\\/\"},{\"@type\":\"ListItem\",\"position\":2,\"name\":\"Subaru en el SEMA, Sal\u00f3n de Las Vegas\"}]},{\"@type\":\"WebSite\",\"@id\":\"https:\\\/\\\/www.subaru.es\\\/blog\\\/#website\",\"url\":\"https:\\\/\\\/www.subaru.es\\\/blog\\\/\",\"name\":\"Universo Subaru\",\"description\":\"Descubre este apasionante espacio de Subaru donde vas a conocer todo sobre nuestros coches y las experiencias que vivimos con ellos. Si est\u00e1s preparado para dejarte seducir por la filosof\u00eda Subaru, qu\u00e9date con nosotros.\",\"publisher\":{\"@id\":\"https:\\\/\\\/www.subaru.es\\\/blog\\\/#organization\"},\"potentialAction\":[{\"@type\":\"SearchAction\",\"target\":{\"@type\":\"EntryPoint\",\"urlTemplate\":\"https:\\\/\\\/www.subaru.es\\\/blog\\\/?s={search_term_string}\"},\"query-input\":{\"@type\":\"PropertyValueSpecification\",\"valueRequired\":true,\"valueName\":\"search_term_string\"}}],\"inLanguage\":\"es\"},{\"@type\":\"Organization\",\"@id\":\"https:\\\/\\\/www.subaru.es\\\/blog\\\/#organization\",\"name\":\"Subaru Espa\u00f1a S.A.\",\"url\":\"https:\\\/\\\/www.subaru.es\\\/blog\\\/\",\"logo\":{\"@type\":\"ImageObject\",\"inLanguage\":\"es\",\"@id\":\"https:\\\/\\\/www.subaru.es\\\/blog\\\/#\\\/schema\\\/logo\\\/image\\\/\",\"url\":\"https:\\\/\\\/www.subaru.es\\\/blog\\\/wp-content\\\/uploads\\\/2016\\\/12\\\/Logo-Subaru-TypeV_C300-scaled.jpg\",\"contentUrl\":\"https:\\\/\\\/www.subaru.es\\\/blog\\\/wp-content\\\/uploads\\\/2016\\\/12\\\/Logo-Subaru-TypeV_C300-scaled.jpg\",\"width\":2560,\"height\":1864,\"caption\":\"Subaru Espa\u00f1a S.A.\"},\"image\":{\"@id\":\"https:\\\/\\\/www.subaru.es\\\/blog\\\/#\\\/schema\\\/logo\\\/image\\\/\"},\"sameAs\":[\"https:\\\/\\\/www.facebook.com\\\/subaruespana\",\"https:\\\/\\\/www.instagram.com\\\/subarues\\\/\",\"https:\\\/\\\/www.youtube.com\\\/user\\\/subaruespana\"]},{\"@type\":\"Person\",\"@id\":\"https:\\\/\\\/www.subaru.es\\\/blog\\\/#\\\/schema\\\/person\\\/19a90b892230b8e0ec752704ddf4aa10\",\"name\":\"Subaru\",\"url\":\"https:\\\/\\\/www.subaru.es\\\/blog\\\/author\\\/subaria\\\/\"}]}<\/script>\n<!-- \/ Yoast SEO plugin. -->","yoast_head_json":{"title":"Subaru en el SEMA, Sal\u00f3n de Las Vegas - Universo Subaru","robots":{"index":"index","follow":"follow","max-snippet":"max-snippet:-1","max-image-preview":"max-image-preview:large","max-video-preview":"max-video-preview:-1"},"canonical":"https:\/\/www.subaru.es\/blog\/nuestra-marca\/subaru-en-el-sema-salon-de-las-vegas\/","og_locale":"es_ES","og_type":"article","og_title":"Subaru en el SEMA, Sal\u00f3n de Las Vegas - Universo Subaru","og_description":"El SEMA Show o Sal\u00f3n de Las Vegas, dedicado exclusivamente a profesionales del sector, acoge todo tipo de productos del \u00e1mbito de la automoci\u00f3n, entre los que destacan los componentes o los servicios de los preparadores. Este a\u00f1o se ha celebrado del 30 de octubre al 2 de noviembre. En \u00e9l han podido verse un [&hellip;]","og_url":"https:\/\/www.subaru.es\/blog\/nuestra-marca\/subaru-en-el-sema-salon-de-las-vegas\/","og_site_name":"Universo Subaru","article_publisher":"https:\/\/www.facebook.com\/subaruespana","article_published_time":"2007-11-12T12:06:38+00:00","article_modified_time":"2016-10-17T08:48:26+00:00","og_image":[{"width":350,"height":233,"url":"https:\/\/www.subaru.es\/blog\/wp-content\/uploads\/2007\/11\/booth__mg_4596.JPG","type":"image\/jpeg"}],"author":"Subaru","twitter_card":"summary_large_image","twitter_misc":{"Escrito por":"Subaru","Tiempo de lectura":"1 minuto"},"schema":{"@context":"https:\/\/schema.org","@graph":[{"@type":"Article","@id":"https:\/\/www.subaru.es\/blog\/nuestra-marca\/subaru-en-el-sema-salon-de-las-vegas\/#article","isPartOf":{"@id":"https:\/\/www.subaru.es\/blog\/nuestra-marca\/subaru-en-el-sema-salon-de-las-vegas\/"},"author":{"name":"Subaru","@id":"https:\/\/www.subaru.es\/blog\/#\/schema\/person\/19a90b892230b8e0ec752704ddf4aa10"},"headline":"Subaru en el SEMA, Sal\u00f3n de Las Vegas","datePublished":"2007-11-12T12:06:38+00:00","dateModified":"2016-10-17T08:48:26+00:00","mainEntityOfPage":{"@id":"https:\/\/www.subaru.es\/blog\/nuestra-marca\/subaru-en-el-sema-salon-de-las-vegas\/"},"wordCount":274,"commentCount":0,"publisher":{"@id":"https:\/\/www.subaru.es\/blog\/#organization"},"image":{"@id":"https:\/\/www.subaru.es\/blog\/nuestra-marca\/subaru-en-el-sema-salon-de-las-vegas\/#primaryimage"},"thumbnailUrl":"https:\/\/www.subaru.es\/blog\/wp-content\/uploads\/2007\/11\/booth__mg_4596.JPG","articleSection":["Nuestra marca"],"inLanguage":"es","potentialAction":[{"@type":"CommentAction","name":"Comment","target":["https:\/\/www.subaru.es\/blog\/nuestra-marca\/subaru-en-el-sema-salon-de-las-vegas\/#respond"]}]},{"@type":"WebPage","@id":"https:\/\/www.subaru.es\/blog\/nuestra-marca\/subaru-en-el-sema-salon-de-las-vegas\/","url":"https:\/\/www.subaru.es\/blog\/nuestra-marca\/subaru-en-el-sema-salon-de-las-vegas\/","name":"Subaru en el SEMA, Sal\u00f3n de Las Vegas - Universo Subaru","isPartOf":{"@id":"https:\/\/www.subaru.es\/blog\/#website"},"primaryImageOfPage":{"@id":"https:\/\/www.subaru.es\/blog\/nuestra-marca\/subaru-en-el-sema-salon-de-las-vegas\/#primaryimage"},"image":{"@id":"https:\/\/www.subaru.es\/blog\/nuestra-marca\/subaru-en-el-sema-salon-de-las-vegas\/#primaryimage"},"thumbnailUrl":"https:\/\/www.subaru.es\/blog\/wp-content\/uploads\/2007\/11\/booth__mg_4596.JPG","datePublished":"2007-11-12T12:06:38+00:00","dateModified":"2016-10-17T08:48:26+00:00","breadcrumb":{"@id":"https:\/\/www.subaru.es\/blog\/nuestra-marca\/subaru-en-el-sema-salon-de-las-vegas\/#breadcrumb"},"inLanguage":"es","potentialAction":[{"@type":"ReadAction","target":["https:\/\/www.subaru.es\/blog\/nuestra-marca\/subaru-en-el-sema-salon-de-las-vegas\/"]}]},{"@type":"ImageObject","inLanguage":"es","@id":"https:\/\/www.subaru.es\/blog\/nuestra-marca\/subaru-en-el-sema-salon-de-las-vegas\/#primaryimage","url":"https:\/\/www.subaru.es\/blog\/wp-content\/uploads\/2007\/11\/booth__mg_4596.JPG","contentUrl":"https:\/\/www.subaru.es\/blog\/wp-content\/uploads\/2007\/11\/booth__mg_4596.JPG","width":350,"height":233},{"@type":"BreadcrumbList","@id":"https:\/\/www.subaru.es\/blog\/nuestra-marca\/subaru-en-el-sema-salon-de-las-vegas\/#breadcrumb","itemListElement":[{"@type":"ListItem","position":1,"name":"Portada","item":"https:\/\/www.subaru.es\/blog\/"},{"@type":"ListItem","position":2,"name":"Subaru en el SEMA, Sal\u00f3n de Las Vegas"}]},{"@type":"WebSite","@id":"https:\/\/www.subaru.es\/blog\/#website","url":"https:\/\/www.subaru.es\/blog\/","name":"Universo Subaru","description":"Descubre este apasionante espacio de Subaru donde vas a conocer todo sobre nuestros coches y las experiencias que vivimos con ellos. Si est\u00e1s preparado para dejarte seducir por la filosof\u00eda Subaru, qu\u00e9date con nosotros.","publisher":{"@id":"https:\/\/www.subaru.es\/blog\/#organization"},"potentialAction":[{"@type":"SearchAction","target":{"@type":"EntryPoint","urlTemplate":"https:\/\/www.subaru.es\/blog\/?s={search_term_string}"},"query-input":{"@type":"PropertyValueSpecification","valueRequired":true,"valueName":"search_term_string"}}],"inLanguage":"es"},{"@type":"Organization","@id":"https:\/\/www.subaru.es\/blog\/#organization","name":"Subaru Espa\u00f1a S.A.","url":"https:\/\/www.subaru.es\/blog\/","logo":{"@type":"ImageObject","inLanguage":"es","@id":"https:\/\/www.subaru.es\/blog\/#\/schema\/logo\/image\/","url":"https:\/\/www.subaru.es\/blog\/wp-content\/uploads\/2016\/12\/Logo-Subaru-TypeV_C300-scaled.jpg","contentUrl":"https:\/\/www.subaru.es\/blog\/wp-content\/uploads\/2016\/12\/Logo-Subaru-TypeV_C300-scaled.jpg","width":2560,"height":1864,"caption":"Subaru Espa\u00f1a S.A."},"image":{"@id":"https:\/\/www.subaru.es\/blog\/#\/schema\/logo\/image\/"},"sameAs":["https:\/\/www.facebook.com\/subaruespana","https:\/\/www.instagram.com\/subarues\/","https:\/\/www.youtube.com\/user\/subaruespana"]},{"@type":"Person","@id":"https:\/\/www.subaru.es\/blog\/#\/schema\/person\/19a90b892230b8e0ec752704ddf4aa10","name":"Subaru","url":"https:\/\/www.subaru.es\/blog\/author\/subaria\/"}]}},"_links":{"self":[{"href":"https:\/\/www.subaru.es\/blog\/wp-json\/wp\/v2\/posts\/391","targetHints":{"allow":["GET"]}}],"collection":[{"href":"https:\/\/www.subaru.es\/blog\/wp-json\/wp\/v2\/posts"}],"about":[{"href":"https:\/\/www.subaru.es\/blog\/wp-json\/wp\/v2\/types\/post"}],"author":[{"embeddable":true,"href":"https:\/\/www.subaru.es\/blog\/wp-json\/wp\/v2\/users\/21"}],"replies":[{"embeddable":true,"href":"https:\/\/www.subaru.es\/blog\/wp-json\/wp\/v2\/comments?post=391"}],"version-history":[{"count":0,"href":"https:\/\/www.subaru.es\/blog\/wp-json\/wp\/v2\/posts\/391\/revisions"}],"wp:featuredmedia":[{"embeddable":true,"href":"https:\/\/www.subaru.es\/blog\/wp-json\/wp\/v2\/media\/392"}],"wp:attachment":[{"href":"https:\/\/www.subaru.es\/blog\/wp-json\/wp\/v2\/media?parent=391"}],"wp:term":[{"taxonomy":"category","embeddable":true,"href":"https:\/\/www.subaru.es\/blog\/wp-json\/wp\/v2\/categories?post=391"},{"taxonomy":"post_tag","embeddable":true,"href":"https:\/\/www.subaru.es\/blog\/wp-json\/wp\/v2\/tags?post=391"}],"curies":[{"name":"wp","href":"https:\/\/api.w.org\/{rel}","templated":true}]}}