{"id":3906,"date":"2011-02-05T04:54:38","date_gmt":"2011-02-05T02:54:38","guid":{"rendered":"http:\/\/subaru.preproduccion.com\/blog\/?p=3906"},"modified":"2016-10-17T15:07:33","modified_gmt":"2016-10-17T13:07:33","slug":"alternativas-a-la-subida-del-precio-del-combustible","status":"publish","type":"post","link":"https:\/\/www.subaru.es\/blog\/nuestra-marca\/alternativas-a-la-subida-del-precio-del-combustible\/","title":{"rendered":"Alternativas a la subida del precio del combustible"},"content":{"rendered":"<p style=\"text-align: left;\"><img decoding=\"async\" class=\"size-full wp-image-3907 aligncenter lazyload\" title=\"Combustible\" data-src=\"https:\/\/www.subaru.es\/blog\/wp-content\/uploads\/2011\/02\/4407222554_b1c4d17549_z.jpg\" alt=\"\" width=\"600\" height=\"401\" data-srcset=\"https:\/\/www.subaru.es\/blog\/wp-content\/uploads\/2011\/02\/4407222554_b1c4d17549_z.jpg 600w, https:\/\/www.subaru.es\/blog\/wp-content\/uploads\/2011\/02\/4407222554_b1c4d17549_z-560x374.jpg 560w\" data-sizes=\"(max-width: 600px) 100vw, 600px\" src=\"data:image\/svg+xml;base64,PHN2ZyB3aWR0aD0iMSIgaGVpZ2h0PSIxIiB4bWxucz0iaHR0cDovL3d3dy53My5vcmcvMjAwMC9zdmciPjwvc3ZnPg==\" style=\"--smush-placeholder-width: 600px; --smush-placeholder-aspect-ratio: 600\/401;\" \/><br \/>\nEl<a href=\"http:\/\/www.elpreciodelagasolina.com\/\" target=\"_blank\"> <strong>precio del combustible<\/strong><\/a> est\u00e1 llegando a cotas insospechadas tan solo unos meses atr\u00e1s. Y no porque el coste de la materia prima sea desorbitado sino porque sumamos factores como que el porcentaje de impuestos llega al 50% hablando de gasolina, consideraciones estacionales y que el euro est\u00e1 en depreciaci\u00f3n frente al d\u00f3lar.<\/p>\n<p>Nos encontramos as\u00ed con una subida del 18% si hablamos de diesel y del 10% aproximadamente para gasolina, \u00bfdemencial? En cierta medida s\u00ed, pero como todo en esta vida tiene soluci\u00f3n, es bueno conocer y poner en pr\u00e1ctica algunos <strong>consejos de cara a sobrellevar esta subida de los combustibles<\/strong>.<br \/>\n<!--more--><br \/>\nUna de las primeras cosas que se nos ocurren es <strong>ser m\u00e1s eficientes que nunca<\/strong> en nuestra conducci\u00f3n. Los consejos b\u00e1sicos en esta materia puede que ahora nos suenen a gloria, sobre todo si tenemos en cuenta que <strong>gracias a la conducci\u00f3n eficiente podemos ahorrar hasta un 15%<\/strong> en la factura por dep\u00f3sito. Estamos hablando de ahorrarnos pr\u00e1cticamente lo que ha subido el combustible.<\/p>\n<p>Si habitualmente ya practicas la conducci\u00f3n eficiente no vas a ahorrar m\u00e1s porque todo tiene un l\u00edmite: ya est\u00e1s ahorrando. Si el coche no es una herramienta imprescindible para trabajar, o para tareas que no se puedan desempe\u00f1ar de otra forma, <strong>intentemos reducir tiempo de desplazamiento<\/strong> o compartir el coche para desplazarnos al trabajo. Ser\u00e1 durante un tiempo (esperemos que corto y que bajen un poco los combustibles) y ayudar\u00e1 a nuestra econom\u00eda dom\u00e9stica.<\/p>\n<p>Una soluci\u00f3n m\u00e1s a largo plazo es la de invertir, ahora, en <strong>coches con tecnolog\u00eda h\u00edbrida<\/strong>. Es el futuro junto a la tecnolog\u00eda de <a href=\"http:\/\/es.wikipedia.org\/wiki\/Veh%C3%ADculo_h%C3%ADbrido_el%C3%A9ctrico\" target=\"_blank\">coches el\u00e9ctricos<\/a>, y si bien estos \u00faltimos todav\u00eda est\u00e1n en fase de desarrollo y soluci\u00f3n del tema reportaje, los veh\u00edculos h\u00edbridos re\u00fanen las caracter\u00edsticas deseadas: consumo reducid\u00edsimo en en ciudad.<\/p>\n<p>En todo caso, es la hora de pensar seriamente en el futuro, y \u00e9sta pasa por ser m\u00e1s eficiente y ecol\u00f3gico.<\/p>\n<p>En Subaria | <a href=\"https:\/\/www.subaru.es\/blog\/subaru\/subaru-100-eficiente\/\">Subaru, 100% eficiente<\/a><br \/>\nFoto | <a href=\"http:\/\/www.flickr.com\/photos\/profilerehab\/4407222554\/\">Makdune<\/a><\/p>\n","protected":false},"excerpt":{"rendered":"<p>El precio del combustible est\u00e1 llegando a cotas insospechadas tan solo unos meses atr\u00e1s. Y no porque el coste de la materia prima sea desorbitado sino porque sumamos factores como que el porcentaje de impuestos llega al 50% hablando de gasolina, consideraciones estacionales y que el euro est\u00e1 en depreciaci\u00f3n frente al d\u00f3lar. Nos encontramos [&hellip;]<\/p>\n","protected":false},"author":21,"featured_media":3907,"comment_status":"open","ping_status":"open","sticky":false,"template":"","format":"standard","meta":{"_acf_changed":false,"_eb_attr":"","inline_featured_image":false,"footnotes":""},"categories":[4401],"tags":[1893,2175],"class_list":["post-3906","post","type-post","status-publish","format-standard","has-post-thumbnail","hentry","category-nuestra-marca","tag-combustible","tag-conduccion-eficiente"],"acf":[],"yoast_head":"<!-- This site is optimized with the Yoast SEO plugin v27.3 - https:\/\/yoast.com\/product\/yoast-seo-wordpress\/ -->\n<title>Alternativas a la subida del precio del combustible - Universo Subaru<\/title>\n<meta name=\"robots\" content=\"index, follow, max-snippet:-1, max-image-preview:large, max-video-preview:-1\" \/>\n<link rel=\"canonical\" href=\"https:\/\/www.subaru.es\/blog\/nuestra-marca\/alternativas-a-la-subida-del-precio-del-combustible\/\" \/>\n<meta property=\"og:locale\" content=\"es_ES\" \/>\n<meta property=\"og:type\" content=\"article\" \/>\n<meta property=\"og:title\" content=\"Alternativas a la subida del precio del combustible - Universo Subaru\" \/>\n<meta property=\"og:description\" content=\"El precio del combustible est\u00e1 llegando a cotas insospechadas tan solo unos meses atr\u00e1s. Y no porque el coste de la materia prima sea desorbitado sino porque sumamos factores como que el porcentaje de impuestos llega al 50% hablando de gasolina, consideraciones estacionales y que el euro est\u00e1 en depreciaci\u00f3n frente al d\u00f3lar. Nos encontramos [&hellip;]\" \/>\n<meta property=\"og:url\" content=\"https:\/\/www.subaru.es\/blog\/nuestra-marca\/alternativas-a-la-subida-del-precio-del-combustible\/\" \/>\n<meta property=\"og:site_name\" content=\"Universo Subaru\" \/>\n<meta property=\"article:publisher\" content=\"https:\/\/www.facebook.com\/subaruespana\" \/>\n<meta property=\"article:published_time\" content=\"2011-02-05T02:54:38+00:00\" \/>\n<meta property=\"article:modified_time\" content=\"2016-10-17T13:07:33+00:00\" \/>\n<meta property=\"og:image\" content=\"https:\/\/www.subaru.es\/blog\/wp-content\/uploads\/2011\/02\/4407222554_b1c4d17549_z.jpg\" \/>\n\t<meta property=\"og:image:width\" content=\"600\" \/>\n\t<meta property=\"og:image:height\" content=\"401\" \/>\n\t<meta property=\"og:image:type\" content=\"image\/jpeg\" \/>\n<meta name=\"author\" content=\"Subaru\" \/>\n<meta name=\"twitter:card\" content=\"summary_large_image\" \/>\n<meta name=\"twitter:label1\" content=\"Escrito por\" \/>\n\t<meta name=\"twitter:data1\" content=\"Subaru\" \/>\n\t<meta name=\"twitter:label2\" content=\"Tiempo de lectura\" \/>\n\t<meta name=\"twitter:data2\" content=\"2 minutos\" \/>\n<script type=\"application\/ld+json\" class=\"yoast-schema-graph\">{\"@context\":\"https:\\\/\\\/schema.org\",\"@graph\":[{\"@type\":\"Article\",\"@id\":\"https:\\\/\\\/www.subaru.es\\\/blog\\\/nuestra-marca\\\/alternativas-a-la-subida-del-precio-del-combustible\\\/#article\",\"isPartOf\":{\"@id\":\"https:\\\/\\\/www.subaru.es\\\/blog\\\/nuestra-marca\\\/alternativas-a-la-subida-del-precio-del-combustible\\\/\"},\"author\":{\"name\":\"Subaru\",\"@id\":\"https:\\\/\\\/www.subaru.es\\\/blog\\\/#\\\/schema\\\/person\\\/19a90b892230b8e0ec752704ddf4aa10\"},\"headline\":\"Alternativas a la subida del precio del combustible\",\"datePublished\":\"2011-02-05T02:54:38+00:00\",\"dateModified\":\"2016-10-17T13:07:33+00:00\",\"mainEntityOfPage\":{\"@id\":\"https:\\\/\\\/www.subaru.es\\\/blog\\\/nuestra-marca\\\/alternativas-a-la-subida-del-precio-del-combustible\\\/\"},\"wordCount\":359,\"commentCount\":0,\"publisher\":{\"@id\":\"https:\\\/\\\/www.subaru.es\\\/blog\\\/#organization\"},\"image\":{\"@id\":\"https:\\\/\\\/www.subaru.es\\\/blog\\\/nuestra-marca\\\/alternativas-a-la-subida-del-precio-del-combustible\\\/#primaryimage\"},\"thumbnailUrl\":\"https:\\\/\\\/www.subaru.es\\\/blog\\\/wp-content\\\/uploads\\\/2011\\\/02\\\/4407222554_b1c4d17549_z.jpg\",\"keywords\":[\"combustible\",\"conducci\u00f3n eficiente\"],\"articleSection\":[\"Nuestra marca\"],\"inLanguage\":\"es\",\"potentialAction\":[{\"@type\":\"CommentAction\",\"name\":\"Comment\",\"target\":[\"https:\\\/\\\/www.subaru.es\\\/blog\\\/nuestra-marca\\\/alternativas-a-la-subida-del-precio-del-combustible\\\/#respond\"]}]},{\"@type\":\"WebPage\",\"@id\":\"https:\\\/\\\/www.subaru.es\\\/blog\\\/nuestra-marca\\\/alternativas-a-la-subida-del-precio-del-combustible\\\/\",\"url\":\"https:\\\/\\\/www.subaru.es\\\/blog\\\/nuestra-marca\\\/alternativas-a-la-subida-del-precio-del-combustible\\\/\",\"name\":\"Alternativas a la subida del precio del combustible - Universo Subaru\",\"isPartOf\":{\"@id\":\"https:\\\/\\\/www.subaru.es\\\/blog\\\/#website\"},\"primaryImageOfPage\":{\"@id\":\"https:\\\/\\\/www.subaru.es\\\/blog\\\/nuestra-marca\\\/alternativas-a-la-subida-del-precio-del-combustible\\\/#primaryimage\"},\"image\":{\"@id\":\"https:\\\/\\\/www.subaru.es\\\/blog\\\/nuestra-marca\\\/alternativas-a-la-subida-del-precio-del-combustible\\\/#primaryimage\"},\"thumbnailUrl\":\"https:\\\/\\\/www.subaru.es\\\/blog\\\/wp-content\\\/uploads\\\/2011\\\/02\\\/4407222554_b1c4d17549_z.jpg\",\"datePublished\":\"2011-02-05T02:54:38+00:00\",\"dateModified\":\"2016-10-17T13:07:33+00:00\",\"breadcrumb\":{\"@id\":\"https:\\\/\\\/www.subaru.es\\\/blog\\\/nuestra-marca\\\/alternativas-a-la-subida-del-precio-del-combustible\\\/#breadcrumb\"},\"inLanguage\":\"es\",\"potentialAction\":[{\"@type\":\"ReadAction\",\"target\":[\"https:\\\/\\\/www.subaru.es\\\/blog\\\/nuestra-marca\\\/alternativas-a-la-subida-del-precio-del-combustible\\\/\"]}]},{\"@type\":\"ImageObject\",\"inLanguage\":\"es\",\"@id\":\"https:\\\/\\\/www.subaru.es\\\/blog\\\/nuestra-marca\\\/alternativas-a-la-subida-del-precio-del-combustible\\\/#primaryimage\",\"url\":\"https:\\\/\\\/www.subaru.es\\\/blog\\\/wp-content\\\/uploads\\\/2011\\\/02\\\/4407222554_b1c4d17549_z.jpg\",\"contentUrl\":\"https:\\\/\\\/www.subaru.es\\\/blog\\\/wp-content\\\/uploads\\\/2011\\\/02\\\/4407222554_b1c4d17549_z.jpg\",\"width\":600,\"height\":401},{\"@type\":\"BreadcrumbList\",\"@id\":\"https:\\\/\\\/www.subaru.es\\\/blog\\\/nuestra-marca\\\/alternativas-a-la-subida-del-precio-del-combustible\\\/#breadcrumb\",\"itemListElement\":[{\"@type\":\"ListItem\",\"position\":1,\"name\":\"Portada\",\"item\":\"https:\\\/\\\/www.subaru.es\\\/blog\\\/\"},{\"@type\":\"ListItem\",\"position\":2,\"name\":\"Alternativas a la subida del precio del combustible\"}]},{\"@type\":\"WebSite\",\"@id\":\"https:\\\/\\\/www.subaru.es\\\/blog\\\/#website\",\"url\":\"https:\\\/\\\/www.subaru.es\\\/blog\\\/\",\"name\":\"Universo Subaru\",\"description\":\"Descubre este apasionante espacio de Subaru donde vas a conocer todo sobre nuestros coches y las experiencias que vivimos con ellos. Si est\u00e1s preparado para dejarte seducir por la filosof\u00eda Subaru, qu\u00e9date con nosotros.\",\"publisher\":{\"@id\":\"https:\\\/\\\/www.subaru.es\\\/blog\\\/#organization\"},\"potentialAction\":[{\"@type\":\"SearchAction\",\"target\":{\"@type\":\"EntryPoint\",\"urlTemplate\":\"https:\\\/\\\/www.subaru.es\\\/blog\\\/?s={search_term_string}\"},\"query-input\":{\"@type\":\"PropertyValueSpecification\",\"valueRequired\":true,\"valueName\":\"search_term_string\"}}],\"inLanguage\":\"es\"},{\"@type\":\"Organization\",\"@id\":\"https:\\\/\\\/www.subaru.es\\\/blog\\\/#organization\",\"name\":\"Subaru Espa\u00f1a S.A.\",\"url\":\"https:\\\/\\\/www.subaru.es\\\/blog\\\/\",\"logo\":{\"@type\":\"ImageObject\",\"inLanguage\":\"es\",\"@id\":\"https:\\\/\\\/www.subaru.es\\\/blog\\\/#\\\/schema\\\/logo\\\/image\\\/\",\"url\":\"https:\\\/\\\/www.subaru.es\\\/blog\\\/wp-content\\\/uploads\\\/2016\\\/12\\\/Logo-Subaru-TypeV_C300-scaled.jpg\",\"contentUrl\":\"https:\\\/\\\/www.subaru.es\\\/blog\\\/wp-content\\\/uploads\\\/2016\\\/12\\\/Logo-Subaru-TypeV_C300-scaled.jpg\",\"width\":2560,\"height\":1864,\"caption\":\"Subaru Espa\u00f1a S.A.\"},\"image\":{\"@id\":\"https:\\\/\\\/www.subaru.es\\\/blog\\\/#\\\/schema\\\/logo\\\/image\\\/\"},\"sameAs\":[\"https:\\\/\\\/www.facebook.com\\\/subaruespana\",\"https:\\\/\\\/www.instagram.com\\\/subarues\\\/\",\"https:\\\/\\\/www.youtube.com\\\/user\\\/subaruespana\"]},{\"@type\":\"Person\",\"@id\":\"https:\\\/\\\/www.subaru.es\\\/blog\\\/#\\\/schema\\\/person\\\/19a90b892230b8e0ec752704ddf4aa10\",\"name\":\"Subaru\",\"url\":\"https:\\\/\\\/www.subaru.es\\\/blog\\\/author\\\/subaria\\\/\"}]}<\/script>\n<!-- \/ Yoast SEO plugin. -->","yoast_head_json":{"title":"Alternativas a la subida del precio del combustible - Universo Subaru","robots":{"index":"index","follow":"follow","max-snippet":"max-snippet:-1","max-image-preview":"max-image-preview:large","max-video-preview":"max-video-preview:-1"},"canonical":"https:\/\/www.subaru.es\/blog\/nuestra-marca\/alternativas-a-la-subida-del-precio-del-combustible\/","og_locale":"es_ES","og_type":"article","og_title":"Alternativas a la subida del precio del combustible - Universo Subaru","og_description":"El precio del combustible est\u00e1 llegando a cotas insospechadas tan solo unos meses atr\u00e1s. Y no porque el coste de la materia prima sea desorbitado sino porque sumamos factores como que el porcentaje de impuestos llega al 50% hablando de gasolina, consideraciones estacionales y que el euro est\u00e1 en depreciaci\u00f3n frente al d\u00f3lar. Nos encontramos [&hellip;]","og_url":"https:\/\/www.subaru.es\/blog\/nuestra-marca\/alternativas-a-la-subida-del-precio-del-combustible\/","og_site_name":"Universo Subaru","article_publisher":"https:\/\/www.facebook.com\/subaruespana","article_published_time":"2011-02-05T02:54:38+00:00","article_modified_time":"2016-10-17T13:07:33+00:00","og_image":[{"width":600,"height":401,"url":"https:\/\/www.subaru.es\/blog\/wp-content\/uploads\/2011\/02\/4407222554_b1c4d17549_z.jpg","type":"image\/jpeg"}],"author":"Subaru","twitter_card":"summary_large_image","twitter_misc":{"Escrito por":"Subaru","Tiempo de lectura":"2 minutos"},"schema":{"@context":"https:\/\/schema.org","@graph":[{"@type":"Article","@id":"https:\/\/www.subaru.es\/blog\/nuestra-marca\/alternativas-a-la-subida-del-precio-del-combustible\/#article","isPartOf":{"@id":"https:\/\/www.subaru.es\/blog\/nuestra-marca\/alternativas-a-la-subida-del-precio-del-combustible\/"},"author":{"name":"Subaru","@id":"https:\/\/www.subaru.es\/blog\/#\/schema\/person\/19a90b892230b8e0ec752704ddf4aa10"},"headline":"Alternativas a la subida del precio del combustible","datePublished":"2011-02-05T02:54:38+00:00","dateModified":"2016-10-17T13:07:33+00:00","mainEntityOfPage":{"@id":"https:\/\/www.subaru.es\/blog\/nuestra-marca\/alternativas-a-la-subida-del-precio-del-combustible\/"},"wordCount":359,"commentCount":0,"publisher":{"@id":"https:\/\/www.subaru.es\/blog\/#organization"},"image":{"@id":"https:\/\/www.subaru.es\/blog\/nuestra-marca\/alternativas-a-la-subida-del-precio-del-combustible\/#primaryimage"},"thumbnailUrl":"https:\/\/www.subaru.es\/blog\/wp-content\/uploads\/2011\/02\/4407222554_b1c4d17549_z.jpg","keywords":["combustible","conducci\u00f3n eficiente"],"articleSection":["Nuestra marca"],"inLanguage":"es","potentialAction":[{"@type":"CommentAction","name":"Comment","target":["https:\/\/www.subaru.es\/blog\/nuestra-marca\/alternativas-a-la-subida-del-precio-del-combustible\/#respond"]}]},{"@type":"WebPage","@id":"https:\/\/www.subaru.es\/blog\/nuestra-marca\/alternativas-a-la-subida-del-precio-del-combustible\/","url":"https:\/\/www.subaru.es\/blog\/nuestra-marca\/alternativas-a-la-subida-del-precio-del-combustible\/","name":"Alternativas a la subida del precio del combustible - Universo Subaru","isPartOf":{"@id":"https:\/\/www.subaru.es\/blog\/#website"},"primaryImageOfPage":{"@id":"https:\/\/www.subaru.es\/blog\/nuestra-marca\/alternativas-a-la-subida-del-precio-del-combustible\/#primaryimage"},"image":{"@id":"https:\/\/www.subaru.es\/blog\/nuestra-marca\/alternativas-a-la-subida-del-precio-del-combustible\/#primaryimage"},"thumbnailUrl":"https:\/\/www.subaru.es\/blog\/wp-content\/uploads\/2011\/02\/4407222554_b1c4d17549_z.jpg","datePublished":"2011-02-05T02:54:38+00:00","dateModified":"2016-10-17T13:07:33+00:00","breadcrumb":{"@id":"https:\/\/www.subaru.es\/blog\/nuestra-marca\/alternativas-a-la-subida-del-precio-del-combustible\/#breadcrumb"},"inLanguage":"es","potentialAction":[{"@type":"ReadAction","target":["https:\/\/www.subaru.es\/blog\/nuestra-marca\/alternativas-a-la-subida-del-precio-del-combustible\/"]}]},{"@type":"ImageObject","inLanguage":"es","@id":"https:\/\/www.subaru.es\/blog\/nuestra-marca\/alternativas-a-la-subida-del-precio-del-combustible\/#primaryimage","url":"https:\/\/www.subaru.es\/blog\/wp-content\/uploads\/2011\/02\/4407222554_b1c4d17549_z.jpg","contentUrl":"https:\/\/www.subaru.es\/blog\/wp-content\/uploads\/2011\/02\/4407222554_b1c4d17549_z.jpg","width":600,"height":401},{"@type":"BreadcrumbList","@id":"https:\/\/www.subaru.es\/blog\/nuestra-marca\/alternativas-a-la-subida-del-precio-del-combustible\/#breadcrumb","itemListElement":[{"@type":"ListItem","position":1,"name":"Portada","item":"https:\/\/www.subaru.es\/blog\/"},{"@type":"ListItem","position":2,"name":"Alternativas a la subida del precio del combustible"}]},{"@type":"WebSite","@id":"https:\/\/www.subaru.es\/blog\/#website","url":"https:\/\/www.subaru.es\/blog\/","name":"Universo Subaru","description":"Descubre este apasionante espacio de Subaru donde vas a conocer todo sobre nuestros coches y las experiencias que vivimos con ellos. Si est\u00e1s preparado para dejarte seducir por la filosof\u00eda Subaru, qu\u00e9date con nosotros.","publisher":{"@id":"https:\/\/www.subaru.es\/blog\/#organization"},"potentialAction":[{"@type":"SearchAction","target":{"@type":"EntryPoint","urlTemplate":"https:\/\/www.subaru.es\/blog\/?s={search_term_string}"},"query-input":{"@type":"PropertyValueSpecification","valueRequired":true,"valueName":"search_term_string"}}],"inLanguage":"es"},{"@type":"Organization","@id":"https:\/\/www.subaru.es\/blog\/#organization","name":"Subaru Espa\u00f1a S.A.","url":"https:\/\/www.subaru.es\/blog\/","logo":{"@type":"ImageObject","inLanguage":"es","@id":"https:\/\/www.subaru.es\/blog\/#\/schema\/logo\/image\/","url":"https:\/\/www.subaru.es\/blog\/wp-content\/uploads\/2016\/12\/Logo-Subaru-TypeV_C300-scaled.jpg","contentUrl":"https:\/\/www.subaru.es\/blog\/wp-content\/uploads\/2016\/12\/Logo-Subaru-TypeV_C300-scaled.jpg","width":2560,"height":1864,"caption":"Subaru Espa\u00f1a S.A."},"image":{"@id":"https:\/\/www.subaru.es\/blog\/#\/schema\/logo\/image\/"},"sameAs":["https:\/\/www.facebook.com\/subaruespana","https:\/\/www.instagram.com\/subarues\/","https:\/\/www.youtube.com\/user\/subaruespana"]},{"@type":"Person","@id":"https:\/\/www.subaru.es\/blog\/#\/schema\/person\/19a90b892230b8e0ec752704ddf4aa10","name":"Subaru","url":"https:\/\/www.subaru.es\/blog\/author\/subaria\/"}]}},"_links":{"self":[{"href":"https:\/\/www.subaru.es\/blog\/wp-json\/wp\/v2\/posts\/3906","targetHints":{"allow":["GET"]}}],"collection":[{"href":"https:\/\/www.subaru.es\/blog\/wp-json\/wp\/v2\/posts"}],"about":[{"href":"https:\/\/www.subaru.es\/blog\/wp-json\/wp\/v2\/types\/post"}],"author":[{"embeddable":true,"href":"https:\/\/www.subaru.es\/blog\/wp-json\/wp\/v2\/users\/21"}],"replies":[{"embeddable":true,"href":"https:\/\/www.subaru.es\/blog\/wp-json\/wp\/v2\/comments?post=3906"}],"version-history":[{"count":1,"href":"https:\/\/www.subaru.es\/blog\/wp-json\/wp\/v2\/posts\/3906\/revisions"}],"predecessor-version":[{"id":16155,"href":"https:\/\/www.subaru.es\/blog\/wp-json\/wp\/v2\/posts\/3906\/revisions\/16155"}],"wp:featuredmedia":[{"embeddable":true,"href":"https:\/\/www.subaru.es\/blog\/wp-json\/wp\/v2\/media\/3907"}],"wp:attachment":[{"href":"https:\/\/www.subaru.es\/blog\/wp-json\/wp\/v2\/media?parent=3906"}],"wp:term":[{"taxonomy":"category","embeddable":true,"href":"https:\/\/www.subaru.es\/blog\/wp-json\/wp\/v2\/categories?post=3906"},{"taxonomy":"post_tag","embeddable":true,"href":"https:\/\/www.subaru.es\/blog\/wp-json\/wp\/v2\/tags?post=3906"}],"curies":[{"name":"wp","href":"https:\/\/api.w.org\/{rel}","templated":true}]}}