{"id":388,"date":"2007-11-13T19:07:20","date_gmt":"2007-11-13T17:07:20","guid":{"rendered":"http:\/\/subaru.preproduccion.com\/blog\/wp-content\/2007\/11\/12\/dignisima-representacion-de-eolian-apoyado-por-subaru-en-la-world-solar-challenge-2007\/"},"modified":"2016-10-17T15:09:27","modified_gmt":"2016-10-17T13:09:27","slug":"dignisima-representacion-de-eolian-apoyado-por-subaru-en-la-world-solar-challenge-2007","status":"publish","type":"post","link":"https:\/\/www.subaru.es\/blog\/nuestra-marca\/dignisima-representacion-de-eolian-apoyado-por-subaru-en-la-world-solar-challenge-2007\/","title":{"rendered":"Dign\u00edsima representaci\u00f3n de Eolian, apoyado por Subaru, en la World Solar Challenge 2007"},"content":{"rendered":"<p>Ya advertimos por <a href=\"http:\/\/https:\/\/www.subaru.es\/blog\/2007\/10\/10\/subaru-y-la-universidad-de-chile-directos-a-la-world-solar-challenge-2007\/\">aqu\u00ed<\/a> de la celebraci\u00f3n en <strong>Australia<\/strong> de la vig\u00e9sima edici\u00f3n de la carrera m\u00e1s espectacular de coches propulsados con energ\u00eda solar, la <a href=\"http:\/\/es.motorfull.com\/2007\/10\/21\/world-solar-challenge-la-carrera-del-sol\/\">World Solar Challenge<\/a>. En esta carrera ha participado <strong>Eolian<\/strong>, un proyecto de la <strong>Universidad de Chile, auspiciado por Subaru<\/strong>, que se trataba del primer auto de estas caracter\u00edsticas dise\u00f1ado y construido en Latinoam\u00e9rica.<\/p>\n<p><center><img data-src='https:\/\/www.subaru.es\/blog\/wp-content\/uploads\/2007\/11\/apoyo-eolian.jpg' alt='apoyo-eolian.jpg' src='data:image\/svg+xml;base64,PHN2ZyB3aWR0aD0iMSIgaGVpZ2h0PSIxIiB4bWxucz0iaHR0cDovL3d3dy53My5vcmcvMjAwMC9zdmciPjwvc3ZnPg==' class='lazyload' style='--smush-placeholder-width: 350px; --smush-placeholder-aspect-ratio: 350\/261;' \/><\/center><\/p>\n<p>Pues bien la carrera ya se ha celebrado, 21 a 28 de octubre, y los resultados han sido muy importantes, Eolian en la que era su primera participaci\u00f3n no ha podido alzarse con el triunfo pero se ha demostrado <strong>muy competitivo <\/strong>y ha respondido a los niveles de exigencia marcados desde el departamento de la universidad para gran <a href=\"http:\/\/www.eolian.cl\/index.html\">regocijo de sus autores<\/a>.<\/p>\n<p>Subaru prest\u00f3 apoyo log\u00edstico al equipo t\u00e9cnico de Eolian, proporcion\u00e1ndole los veh\u00edculos que necesitaban y el resultado ha sido muy estimado por todos. Que ya est\u00e1n preparando la cita del pr\u00f3ximo a\u00f1o.<\/p>\n<p><a href=\"http:\/\/www.flickr.com\/photos\/14643338@N03\/\">Aqu\u00ed<\/a> pod\u00e9is ver una serie de im\u00e1genes del desarrollo de la carrera.<\/p>\n","protected":false},"excerpt":{"rendered":"<p>Ya advertimos por aqu\u00ed de la celebraci\u00f3n en Australia de la vig\u00e9sima edici\u00f3n de la carrera m\u00e1s espectacular de coches propulsados con energ\u00eda solar, la World Solar Challenge. En esta carrera ha participado Eolian, un proyecto de la Universidad de Chile, auspiciado por Subaru, que se trataba del primer auto de estas caracter\u00edsticas dise\u00f1ado y [&hellip;]<\/p>\n","protected":false},"author":21,"featured_media":389,"comment_status":"open","ping_status":"open","sticky":false,"template":"","format":"standard","meta":{"_acf_changed":false,"_eb_attr":"","inline_featured_image":false,"footnotes":""},"categories":[4401],"tags":[],"class_list":["post-388","post","type-post","status-publish","format-standard","has-post-thumbnail","hentry","category-nuestra-marca"],"acf":[],"yoast_head":"<!-- This site is optimized with the Yoast SEO plugin v27.3 - https:\/\/yoast.com\/product\/yoast-seo-wordpress\/ -->\n<title>Dign\u00edsima representaci\u00f3n de Eolian, apoyado por Subaru, en la World Solar Challenge 2007 - Universo Subaru<\/title>\n<meta name=\"robots\" content=\"index, follow, max-snippet:-1, max-image-preview:large, max-video-preview:-1\" \/>\n<link rel=\"canonical\" href=\"https:\/\/www.subaru.es\/blog\/nuestra-marca\/dignisima-representacion-de-eolian-apoyado-por-subaru-en-la-world-solar-challenge-2007\/\" \/>\n<meta property=\"og:locale\" content=\"es_ES\" \/>\n<meta property=\"og:type\" content=\"article\" \/>\n<meta property=\"og:title\" content=\"Dign\u00edsima representaci\u00f3n de Eolian, apoyado por Subaru, en la World Solar Challenge 2007 - Universo Subaru\" \/>\n<meta property=\"og:description\" content=\"Ya advertimos por aqu\u00ed de la celebraci\u00f3n en Australia de la vig\u00e9sima edici\u00f3n de la carrera m\u00e1s espectacular de coches propulsados con energ\u00eda solar, la World Solar Challenge. En esta carrera ha participado Eolian, un proyecto de la Universidad de Chile, auspiciado por Subaru, que se trataba del primer auto de estas caracter\u00edsticas dise\u00f1ado y [&hellip;]\" \/>\n<meta property=\"og:url\" content=\"https:\/\/www.subaru.es\/blog\/nuestra-marca\/dignisima-representacion-de-eolian-apoyado-por-subaru-en-la-world-solar-challenge-2007\/\" \/>\n<meta property=\"og:site_name\" content=\"Universo Subaru\" \/>\n<meta property=\"article:publisher\" content=\"https:\/\/www.facebook.com\/subaruespana\" \/>\n<meta property=\"article:published_time\" content=\"2007-11-13T17:07:20+00:00\" \/>\n<meta property=\"article:modified_time\" content=\"2016-10-17T13:09:27+00:00\" \/>\n<meta property=\"og:image\" content=\"https:\/\/www.subaru.es\/blog\/wp-content\/uploads\/2007\/11\/apoyo-eolian.jpg\" \/>\n\t<meta property=\"og:image:width\" content=\"350\" \/>\n\t<meta property=\"og:image:height\" content=\"261\" \/>\n\t<meta property=\"og:image:type\" content=\"image\/jpeg\" \/>\n<meta name=\"author\" content=\"Subaru\" \/>\n<meta name=\"twitter:card\" content=\"summary_large_image\" \/>\n<meta name=\"twitter:label1\" content=\"Escrito por\" \/>\n\t<meta name=\"twitter:data1\" content=\"Subaru\" \/>\n\t<meta name=\"twitter:label2\" content=\"Tiempo de lectura\" \/>\n\t<meta name=\"twitter:data2\" content=\"1 minuto\" \/>\n<script type=\"application\/ld+json\" class=\"yoast-schema-graph\">{\"@context\":\"https:\\\/\\\/schema.org\",\"@graph\":[{\"@type\":\"Article\",\"@id\":\"https:\\\/\\\/www.subaru.es\\\/blog\\\/nuestra-marca\\\/dignisima-representacion-de-eolian-apoyado-por-subaru-en-la-world-solar-challenge-2007\\\/#article\",\"isPartOf\":{\"@id\":\"https:\\\/\\\/www.subaru.es\\\/blog\\\/nuestra-marca\\\/dignisima-representacion-de-eolian-apoyado-por-subaru-en-la-world-solar-challenge-2007\\\/\"},\"author\":{\"name\":\"Subaru\",\"@id\":\"https:\\\/\\\/www.subaru.es\\\/blog\\\/#\\\/schema\\\/person\\\/19a90b892230b8e0ec752704ddf4aa10\"},\"headline\":\"Dign\u00edsima representaci\u00f3n de Eolian, apoyado por Subaru, en la World Solar Challenge 2007\",\"datePublished\":\"2007-11-13T17:07:20+00:00\",\"dateModified\":\"2016-10-17T13:09:27+00:00\",\"mainEntityOfPage\":{\"@id\":\"https:\\\/\\\/www.subaru.es\\\/blog\\\/nuestra-marca\\\/dignisima-representacion-de-eolian-apoyado-por-subaru-en-la-world-solar-challenge-2007\\\/\"},\"wordCount\":194,\"commentCount\":0,\"publisher\":{\"@id\":\"https:\\\/\\\/www.subaru.es\\\/blog\\\/#organization\"},\"image\":{\"@id\":\"https:\\\/\\\/www.subaru.es\\\/blog\\\/nuestra-marca\\\/dignisima-representacion-de-eolian-apoyado-por-subaru-en-la-world-solar-challenge-2007\\\/#primaryimage\"},\"thumbnailUrl\":\"https:\\\/\\\/www.subaru.es\\\/blog\\\/wp-content\\\/uploads\\\/2007\\\/11\\\/apoyo-eolian.jpg\",\"articleSection\":[\"Nuestra marca\"],\"inLanguage\":\"es\",\"potentialAction\":[{\"@type\":\"CommentAction\",\"name\":\"Comment\",\"target\":[\"https:\\\/\\\/www.subaru.es\\\/blog\\\/nuestra-marca\\\/dignisima-representacion-de-eolian-apoyado-por-subaru-en-la-world-solar-challenge-2007\\\/#respond\"]}]},{\"@type\":\"WebPage\",\"@id\":\"https:\\\/\\\/www.subaru.es\\\/blog\\\/nuestra-marca\\\/dignisima-representacion-de-eolian-apoyado-por-subaru-en-la-world-solar-challenge-2007\\\/\",\"url\":\"https:\\\/\\\/www.subaru.es\\\/blog\\\/nuestra-marca\\\/dignisima-representacion-de-eolian-apoyado-por-subaru-en-la-world-solar-challenge-2007\\\/\",\"name\":\"Dign\u00edsima representaci\u00f3n de Eolian, apoyado por Subaru, en la World Solar Challenge 2007 - Universo Subaru\",\"isPartOf\":{\"@id\":\"https:\\\/\\\/www.subaru.es\\\/blog\\\/#website\"},\"primaryImageOfPage\":{\"@id\":\"https:\\\/\\\/www.subaru.es\\\/blog\\\/nuestra-marca\\\/dignisima-representacion-de-eolian-apoyado-por-subaru-en-la-world-solar-challenge-2007\\\/#primaryimage\"},\"image\":{\"@id\":\"https:\\\/\\\/www.subaru.es\\\/blog\\\/nuestra-marca\\\/dignisima-representacion-de-eolian-apoyado-por-subaru-en-la-world-solar-challenge-2007\\\/#primaryimage\"},\"thumbnailUrl\":\"https:\\\/\\\/www.subaru.es\\\/blog\\\/wp-content\\\/uploads\\\/2007\\\/11\\\/apoyo-eolian.jpg\",\"datePublished\":\"2007-11-13T17:07:20+00:00\",\"dateModified\":\"2016-10-17T13:09:27+00:00\",\"breadcrumb\":{\"@id\":\"https:\\\/\\\/www.subaru.es\\\/blog\\\/nuestra-marca\\\/dignisima-representacion-de-eolian-apoyado-por-subaru-en-la-world-solar-challenge-2007\\\/#breadcrumb\"},\"inLanguage\":\"es\",\"potentialAction\":[{\"@type\":\"ReadAction\",\"target\":[\"https:\\\/\\\/www.subaru.es\\\/blog\\\/nuestra-marca\\\/dignisima-representacion-de-eolian-apoyado-por-subaru-en-la-world-solar-challenge-2007\\\/\"]}]},{\"@type\":\"ImageObject\",\"inLanguage\":\"es\",\"@id\":\"https:\\\/\\\/www.subaru.es\\\/blog\\\/nuestra-marca\\\/dignisima-representacion-de-eolian-apoyado-por-subaru-en-la-world-solar-challenge-2007\\\/#primaryimage\",\"url\":\"https:\\\/\\\/www.subaru.es\\\/blog\\\/wp-content\\\/uploads\\\/2007\\\/11\\\/apoyo-eolian.jpg\",\"contentUrl\":\"https:\\\/\\\/www.subaru.es\\\/blog\\\/wp-content\\\/uploads\\\/2007\\\/11\\\/apoyo-eolian.jpg\",\"width\":350,\"height\":261},{\"@type\":\"BreadcrumbList\",\"@id\":\"https:\\\/\\\/www.subaru.es\\\/blog\\\/nuestra-marca\\\/dignisima-representacion-de-eolian-apoyado-por-subaru-en-la-world-solar-challenge-2007\\\/#breadcrumb\",\"itemListElement\":[{\"@type\":\"ListItem\",\"position\":1,\"name\":\"Portada\",\"item\":\"https:\\\/\\\/www.subaru.es\\\/blog\\\/\"},{\"@type\":\"ListItem\",\"position\":2,\"name\":\"Dign\u00edsima representaci\u00f3n de Eolian, apoyado por Subaru, en la World Solar Challenge 2007\"}]},{\"@type\":\"WebSite\",\"@id\":\"https:\\\/\\\/www.subaru.es\\\/blog\\\/#website\",\"url\":\"https:\\\/\\\/www.subaru.es\\\/blog\\\/\",\"name\":\"Universo Subaru\",\"description\":\"Descubre este apasionante espacio de Subaru donde vas a conocer todo sobre nuestros coches y las experiencias que vivimos con ellos. Si est\u00e1s preparado para dejarte seducir por la filosof\u00eda Subaru, qu\u00e9date con nosotros.\",\"publisher\":{\"@id\":\"https:\\\/\\\/www.subaru.es\\\/blog\\\/#organization\"},\"potentialAction\":[{\"@type\":\"SearchAction\",\"target\":{\"@type\":\"EntryPoint\",\"urlTemplate\":\"https:\\\/\\\/www.subaru.es\\\/blog\\\/?s={search_term_string}\"},\"query-input\":{\"@type\":\"PropertyValueSpecification\",\"valueRequired\":true,\"valueName\":\"search_term_string\"}}],\"inLanguage\":\"es\"},{\"@type\":\"Organization\",\"@id\":\"https:\\\/\\\/www.subaru.es\\\/blog\\\/#organization\",\"name\":\"Subaru Espa\u00f1a S.A.\",\"url\":\"https:\\\/\\\/www.subaru.es\\\/blog\\\/\",\"logo\":{\"@type\":\"ImageObject\",\"inLanguage\":\"es\",\"@id\":\"https:\\\/\\\/www.subaru.es\\\/blog\\\/#\\\/schema\\\/logo\\\/image\\\/\",\"url\":\"https:\\\/\\\/www.subaru.es\\\/blog\\\/wp-content\\\/uploads\\\/2016\\\/12\\\/Logo-Subaru-TypeV_C300-scaled.jpg\",\"contentUrl\":\"https:\\\/\\\/www.subaru.es\\\/blog\\\/wp-content\\\/uploads\\\/2016\\\/12\\\/Logo-Subaru-TypeV_C300-scaled.jpg\",\"width\":2560,\"height\":1864,\"caption\":\"Subaru Espa\u00f1a S.A.\"},\"image\":{\"@id\":\"https:\\\/\\\/www.subaru.es\\\/blog\\\/#\\\/schema\\\/logo\\\/image\\\/\"},\"sameAs\":[\"https:\\\/\\\/www.facebook.com\\\/subaruespana\",\"https:\\\/\\\/www.instagram.com\\\/subarues\\\/\",\"https:\\\/\\\/www.youtube.com\\\/user\\\/subaruespana\"]},{\"@type\":\"Person\",\"@id\":\"https:\\\/\\\/www.subaru.es\\\/blog\\\/#\\\/schema\\\/person\\\/19a90b892230b8e0ec752704ddf4aa10\",\"name\":\"Subaru\",\"url\":\"https:\\\/\\\/www.subaru.es\\\/blog\\\/author\\\/subaria\\\/\"}]}<\/script>\n<!-- \/ Yoast SEO plugin. -->","yoast_head_json":{"title":"Dign\u00edsima representaci\u00f3n de Eolian, apoyado por Subaru, en la World Solar Challenge 2007 - Universo Subaru","robots":{"index":"index","follow":"follow","max-snippet":"max-snippet:-1","max-image-preview":"max-image-preview:large","max-video-preview":"max-video-preview:-1"},"canonical":"https:\/\/www.subaru.es\/blog\/nuestra-marca\/dignisima-representacion-de-eolian-apoyado-por-subaru-en-la-world-solar-challenge-2007\/","og_locale":"es_ES","og_type":"article","og_title":"Dign\u00edsima representaci\u00f3n de Eolian, apoyado por Subaru, en la World Solar Challenge 2007 - Universo Subaru","og_description":"Ya advertimos por aqu\u00ed de la celebraci\u00f3n en Australia de la vig\u00e9sima edici\u00f3n de la carrera m\u00e1s espectacular de coches propulsados con energ\u00eda solar, la World Solar Challenge. En esta carrera ha participado Eolian, un proyecto de la Universidad de Chile, auspiciado por Subaru, que se trataba del primer auto de estas caracter\u00edsticas dise\u00f1ado y [&hellip;]","og_url":"https:\/\/www.subaru.es\/blog\/nuestra-marca\/dignisima-representacion-de-eolian-apoyado-por-subaru-en-la-world-solar-challenge-2007\/","og_site_name":"Universo Subaru","article_publisher":"https:\/\/www.facebook.com\/subaruespana","article_published_time":"2007-11-13T17:07:20+00:00","article_modified_time":"2016-10-17T13:09:27+00:00","og_image":[{"width":350,"height":261,"url":"https:\/\/www.subaru.es\/blog\/wp-content\/uploads\/2007\/11\/apoyo-eolian.jpg","type":"image\/jpeg"}],"author":"Subaru","twitter_card":"summary_large_image","twitter_misc":{"Escrito por":"Subaru","Tiempo de lectura":"1 minuto"},"schema":{"@context":"https:\/\/schema.org","@graph":[{"@type":"Article","@id":"https:\/\/www.subaru.es\/blog\/nuestra-marca\/dignisima-representacion-de-eolian-apoyado-por-subaru-en-la-world-solar-challenge-2007\/#article","isPartOf":{"@id":"https:\/\/www.subaru.es\/blog\/nuestra-marca\/dignisima-representacion-de-eolian-apoyado-por-subaru-en-la-world-solar-challenge-2007\/"},"author":{"name":"Subaru","@id":"https:\/\/www.subaru.es\/blog\/#\/schema\/person\/19a90b892230b8e0ec752704ddf4aa10"},"headline":"Dign\u00edsima representaci\u00f3n de Eolian, apoyado por Subaru, en la World Solar Challenge 2007","datePublished":"2007-11-13T17:07:20+00:00","dateModified":"2016-10-17T13:09:27+00:00","mainEntityOfPage":{"@id":"https:\/\/www.subaru.es\/blog\/nuestra-marca\/dignisima-representacion-de-eolian-apoyado-por-subaru-en-la-world-solar-challenge-2007\/"},"wordCount":194,"commentCount":0,"publisher":{"@id":"https:\/\/www.subaru.es\/blog\/#organization"},"image":{"@id":"https:\/\/www.subaru.es\/blog\/nuestra-marca\/dignisima-representacion-de-eolian-apoyado-por-subaru-en-la-world-solar-challenge-2007\/#primaryimage"},"thumbnailUrl":"https:\/\/www.subaru.es\/blog\/wp-content\/uploads\/2007\/11\/apoyo-eolian.jpg","articleSection":["Nuestra marca"],"inLanguage":"es","potentialAction":[{"@type":"CommentAction","name":"Comment","target":["https:\/\/www.subaru.es\/blog\/nuestra-marca\/dignisima-representacion-de-eolian-apoyado-por-subaru-en-la-world-solar-challenge-2007\/#respond"]}]},{"@type":"WebPage","@id":"https:\/\/www.subaru.es\/blog\/nuestra-marca\/dignisima-representacion-de-eolian-apoyado-por-subaru-en-la-world-solar-challenge-2007\/","url":"https:\/\/www.subaru.es\/blog\/nuestra-marca\/dignisima-representacion-de-eolian-apoyado-por-subaru-en-la-world-solar-challenge-2007\/","name":"Dign\u00edsima representaci\u00f3n de Eolian, apoyado por Subaru, en la World Solar Challenge 2007 - Universo Subaru","isPartOf":{"@id":"https:\/\/www.subaru.es\/blog\/#website"},"primaryImageOfPage":{"@id":"https:\/\/www.subaru.es\/blog\/nuestra-marca\/dignisima-representacion-de-eolian-apoyado-por-subaru-en-la-world-solar-challenge-2007\/#primaryimage"},"image":{"@id":"https:\/\/www.subaru.es\/blog\/nuestra-marca\/dignisima-representacion-de-eolian-apoyado-por-subaru-en-la-world-solar-challenge-2007\/#primaryimage"},"thumbnailUrl":"https:\/\/www.subaru.es\/blog\/wp-content\/uploads\/2007\/11\/apoyo-eolian.jpg","datePublished":"2007-11-13T17:07:20+00:00","dateModified":"2016-10-17T13:09:27+00:00","breadcrumb":{"@id":"https:\/\/www.subaru.es\/blog\/nuestra-marca\/dignisima-representacion-de-eolian-apoyado-por-subaru-en-la-world-solar-challenge-2007\/#breadcrumb"},"inLanguage":"es","potentialAction":[{"@type":"ReadAction","target":["https:\/\/www.subaru.es\/blog\/nuestra-marca\/dignisima-representacion-de-eolian-apoyado-por-subaru-en-la-world-solar-challenge-2007\/"]}]},{"@type":"ImageObject","inLanguage":"es","@id":"https:\/\/www.subaru.es\/blog\/nuestra-marca\/dignisima-representacion-de-eolian-apoyado-por-subaru-en-la-world-solar-challenge-2007\/#primaryimage","url":"https:\/\/www.subaru.es\/blog\/wp-content\/uploads\/2007\/11\/apoyo-eolian.jpg","contentUrl":"https:\/\/www.subaru.es\/blog\/wp-content\/uploads\/2007\/11\/apoyo-eolian.jpg","width":350,"height":261},{"@type":"BreadcrumbList","@id":"https:\/\/www.subaru.es\/blog\/nuestra-marca\/dignisima-representacion-de-eolian-apoyado-por-subaru-en-la-world-solar-challenge-2007\/#breadcrumb","itemListElement":[{"@type":"ListItem","position":1,"name":"Portada","item":"https:\/\/www.subaru.es\/blog\/"},{"@type":"ListItem","position":2,"name":"Dign\u00edsima representaci\u00f3n de Eolian, apoyado por Subaru, en la World Solar Challenge 2007"}]},{"@type":"WebSite","@id":"https:\/\/www.subaru.es\/blog\/#website","url":"https:\/\/www.subaru.es\/blog\/","name":"Universo Subaru","description":"Descubre este apasionante espacio de Subaru donde vas a conocer todo sobre nuestros coches y las experiencias que vivimos con ellos. Si est\u00e1s preparado para dejarte seducir por la filosof\u00eda Subaru, qu\u00e9date con nosotros.","publisher":{"@id":"https:\/\/www.subaru.es\/blog\/#organization"},"potentialAction":[{"@type":"SearchAction","target":{"@type":"EntryPoint","urlTemplate":"https:\/\/www.subaru.es\/blog\/?s={search_term_string}"},"query-input":{"@type":"PropertyValueSpecification","valueRequired":true,"valueName":"search_term_string"}}],"inLanguage":"es"},{"@type":"Organization","@id":"https:\/\/www.subaru.es\/blog\/#organization","name":"Subaru Espa\u00f1a S.A.","url":"https:\/\/www.subaru.es\/blog\/","logo":{"@type":"ImageObject","inLanguage":"es","@id":"https:\/\/www.subaru.es\/blog\/#\/schema\/logo\/image\/","url":"https:\/\/www.subaru.es\/blog\/wp-content\/uploads\/2016\/12\/Logo-Subaru-TypeV_C300-scaled.jpg","contentUrl":"https:\/\/www.subaru.es\/blog\/wp-content\/uploads\/2016\/12\/Logo-Subaru-TypeV_C300-scaled.jpg","width":2560,"height":1864,"caption":"Subaru Espa\u00f1a S.A."},"image":{"@id":"https:\/\/www.subaru.es\/blog\/#\/schema\/logo\/image\/"},"sameAs":["https:\/\/www.facebook.com\/subaruespana","https:\/\/www.instagram.com\/subarues\/","https:\/\/www.youtube.com\/user\/subaruespana"]},{"@type":"Person","@id":"https:\/\/www.subaru.es\/blog\/#\/schema\/person\/19a90b892230b8e0ec752704ddf4aa10","name":"Subaru","url":"https:\/\/www.subaru.es\/blog\/author\/subaria\/"}]}},"_links":{"self":[{"href":"https:\/\/www.subaru.es\/blog\/wp-json\/wp\/v2\/posts\/388","targetHints":{"allow":["GET"]}}],"collection":[{"href":"https:\/\/www.subaru.es\/blog\/wp-json\/wp\/v2\/posts"}],"about":[{"href":"https:\/\/www.subaru.es\/blog\/wp-json\/wp\/v2\/types\/post"}],"author":[{"embeddable":true,"href":"https:\/\/www.subaru.es\/blog\/wp-json\/wp\/v2\/users\/21"}],"replies":[{"embeddable":true,"href":"https:\/\/www.subaru.es\/blog\/wp-json\/wp\/v2\/comments?post=388"}],"version-history":[{"count":1,"href":"https:\/\/www.subaru.es\/blog\/wp-json\/wp\/v2\/posts\/388\/revisions"}],"predecessor-version":[{"id":15747,"href":"https:\/\/www.subaru.es\/blog\/wp-json\/wp\/v2\/posts\/388\/revisions\/15747"}],"wp:featuredmedia":[{"embeddable":true,"href":"https:\/\/www.subaru.es\/blog\/wp-json\/wp\/v2\/media\/389"}],"wp:attachment":[{"href":"https:\/\/www.subaru.es\/blog\/wp-json\/wp\/v2\/media?parent=388"}],"wp:term":[{"taxonomy":"category","embeddable":true,"href":"https:\/\/www.subaru.es\/blog\/wp-json\/wp\/v2\/categories?post=388"},{"taxonomy":"post_tag","embeddable":true,"href":"https:\/\/www.subaru.es\/blog\/wp-json\/wp\/v2\/tags?post=388"}],"curies":[{"name":"wp","href":"https:\/\/api.w.org\/{rel}","templated":true}]}}