{"id":3870,"date":"2011-01-27T00:40:00","date_gmt":"2011-01-26T22:40:00","guid":{"rendered":"http:\/\/subaru.preproduccion.com\/blog\/?p=3870"},"modified":"2016-10-17T15:11:08","modified_gmt":"2016-10-17T13:11:08","slug":"subaru-y-sus-circuitos-de-competicion-en-2011","status":"publish","type":"post","link":"https:\/\/www.subaru.es\/blog\/nuestra-marca\/subaru-y-sus-circuitos-de-competicion-en-2011\/","title":{"rendered":"Subaru y sus circuitos de competici\u00f3n en 2011"},"content":{"rendered":"<p><a href=\"https:\/\/www.subaru.es\/blog\/wp-content\/uploads\/2011\/01\/legacy.jpg\"><img decoding=\"async\" class=\"aligncenter size-full wp-image-3871 lazyload\" title=\"Subaru Legacy GT300\" data-src=\"https:\/\/www.subaru.es\/blog\/wp-content\/uploads\/2011\/01\/legacy.jpg\" alt=\"Subaru Legacy GT300\" width=\"500\" height=\"281\" src=\"data:image\/svg+xml;base64,PHN2ZyB3aWR0aD0iMSIgaGVpZ2h0PSIxIiB4bWxucz0iaHR0cDovL3d3dy53My5vcmcvMjAwMC9zdmciPjwvc3ZnPg==\" style=\"--smush-placeholder-width: 500px; --smush-placeholder-aspect-ratio: 500\/281;\" \/><\/a><\/p>\n<p>Empieza un a\u00f1o nuevo y todo se llena de proyectos que nos hacen querer que los d\u00edas pasen m\u00e1s r\u00e1pido. En Subaru, c\u00f3mo no, las cosas no son distintas, y 2011 est\u00e1 plagado de <strong>novedades en lo que respecta a la competici\u00f3n en circuitos<\/strong>. El SUPER GT de Jap\u00f3n, las 24 horas de Nurburgring, y \u00a1mucho m\u00e1s!<\/p>\n<p><!--more-->Empecemos por Jap\u00f3n, donde Subaru y STI apoyar\u00e1n al equipo R&amp;D SPORT durante el<strong> <a href=\"http:\/\/www.motorpasionf1.com\/dtm\/dtm-y-super-gt-podrian-unirse-en-uno-solo\" target=\"_blank\">Campeonato SUPER GT<\/a>, con el Subaru Legacy GT300<\/strong>. Los pilotos del equipo, que participar\u00e1 en las 8 carreras que empiezan en Okayama y acaban en Motegi, ser\u00e1n Tetsuya Yamano y Kouta Sasaki.<\/p>\n<p>El otro proyecto de Subaru en la competici\u00f3n en circuitos ser\u00e1 en las <a href=\"http:\/\/autosportplus.es\/NODE\/4064\" target=\"_blank\"><strong>24 horas de Nurburgring<\/strong> <\/a>que tendr\u00e1n lugar del 23 al 26 de junio, donde el nov\u00edsimo <strong>Subaru WRX STI Sed\u00e1n<\/strong> har\u00e1 su debut en el mundo de la competici\u00f3n en circuitos. El piloto ser\u00e1, por cuarto a\u00f1o consecutivo con un STI, Toshihiro Yoshida.<\/p>\n<p>Hasta ah\u00ed las novedades, pero te recordamos tambi\u00e9n los otros desarrollos deportivos que Subaru ya anunci\u00f3 en diciembre: por segundo a\u00f1o consecutivo, ser\u00e1 una <strong>marca inscrita en el IRC<\/strong>; los S<strong>UBARU Challenge Award<\/strong> (premios en met\u00e1lico para pilotos que participan en el Campeonato del Mundo de los Rallies de Producci\u00f3n); y el <strong>desarrollo de piezas <\/strong>que cumplan con las <a href=\"http:\/\/www.motoradiario.com\/index.php?option=com_content&amp;view=article&amp;id=246:sti-desarrollara-piezas-para-el-grupo-r4-&amp;catid=21:internacional&amp;Itemid=32\" target=\"_blank\">nuevas normativas R4<\/a>.<\/p>\n<p>Lo que te dec\u00edamos. Un a\u00f1o lleno de proyectos y novedades que seguro que va a ser un gran a\u00f1o.<\/p>\n<p>Foto | <a href=\"http:\/\/www.flickr.com\/photos\/kosabe\/4067804291\/\" target=\"_blank\">Flickr<\/a><\/p>\n","protected":false},"excerpt":{"rendered":"<p>Empieza un a\u00f1o nuevo y todo se llena de proyectos que nos hacen querer que los d\u00edas pasen m\u00e1s r\u00e1pido. En Subaru, c\u00f3mo no, las cosas no son distintas, y 2011 est\u00e1 plagado de novedades en lo que respecta a la competici\u00f3n en circuitos. El SUPER GT de Jap\u00f3n, las 24 horas de Nurburgring, y [&hellip;]<\/p>\n","protected":false},"author":21,"featured_media":3871,"comment_status":"open","ping_status":"open","sticky":false,"template":"","format":"standard","meta":{"_acf_changed":false,"_eb_attr":"","inline_featured_image":false,"footnotes":""},"categories":[4401],"tags":[3002,3321,1184,3324,3323,1735,3322],"class_list":["post-3870","post","type-post","status-publish","format-standard","has-post-thumbnail","hentry","category-nuestra-marca","tag-24-horas-de-nurburgring","tag-campeonato-super-gt-japon","tag-irc","tag-normativas-r4","tag-subaru-challenge-award","tag-subaru-wrx-sti","tag-subary-legacy-gt300"],"acf":[],"yoast_head":"<!-- This site is optimized with the Yoast SEO plugin v27.3 - https:\/\/yoast.com\/product\/yoast-seo-wordpress\/ -->\n<title>Subaru y sus circuitos de competici\u00f3n en 2011 - Universo Subaru<\/title>\n<meta name=\"robots\" content=\"index, follow, max-snippet:-1, max-image-preview:large, max-video-preview:-1\" \/>\n<link rel=\"canonical\" href=\"https:\/\/www.subaru.es\/blog\/nuestra-marca\/subaru-y-sus-circuitos-de-competicion-en-2011\/\" \/>\n<meta property=\"og:locale\" content=\"es_ES\" \/>\n<meta property=\"og:type\" content=\"article\" \/>\n<meta property=\"og:title\" content=\"Subaru y sus circuitos de competici\u00f3n en 2011 - Universo Subaru\" \/>\n<meta property=\"og:description\" content=\"Empieza un a\u00f1o nuevo y todo se llena de proyectos que nos hacen querer que los d\u00edas pasen m\u00e1s r\u00e1pido. En Subaru, c\u00f3mo no, las cosas no son distintas, y 2011 est\u00e1 plagado de novedades en lo que respecta a la competici\u00f3n en circuitos. El SUPER GT de Jap\u00f3n, las 24 horas de Nurburgring, y [&hellip;]\" \/>\n<meta property=\"og:url\" content=\"https:\/\/www.subaru.es\/blog\/nuestra-marca\/subaru-y-sus-circuitos-de-competicion-en-2011\/\" \/>\n<meta property=\"og:site_name\" content=\"Universo Subaru\" \/>\n<meta property=\"article:publisher\" content=\"https:\/\/www.facebook.com\/subaruespana\" \/>\n<meta property=\"article:published_time\" content=\"2011-01-26T22:40:00+00:00\" \/>\n<meta property=\"article:modified_time\" content=\"2016-10-17T13:11:08+00:00\" \/>\n<meta property=\"og:image\" content=\"https:\/\/www.subaru.es\/blog\/wp-content\/uploads\/2011\/01\/legacy.jpg\" \/>\n\t<meta property=\"og:image:width\" content=\"500\" \/>\n\t<meta property=\"og:image:height\" content=\"281\" \/>\n\t<meta property=\"og:image:type\" content=\"image\/jpeg\" \/>\n<meta name=\"author\" content=\"Subaru\" \/>\n<meta name=\"twitter:card\" content=\"summary_large_image\" \/>\n<meta name=\"twitter:label1\" content=\"Escrito por\" \/>\n\t<meta name=\"twitter:data1\" content=\"Subaru\" \/>\n\t<meta name=\"twitter:label2\" content=\"Tiempo de lectura\" \/>\n\t<meta name=\"twitter:data2\" content=\"1 minuto\" \/>\n<script type=\"application\/ld+json\" class=\"yoast-schema-graph\">{\"@context\":\"https:\\\/\\\/schema.org\",\"@graph\":[{\"@type\":\"Article\",\"@id\":\"https:\\\/\\\/www.subaru.es\\\/blog\\\/nuestra-marca\\\/subaru-y-sus-circuitos-de-competicion-en-2011\\\/#article\",\"isPartOf\":{\"@id\":\"https:\\\/\\\/www.subaru.es\\\/blog\\\/nuestra-marca\\\/subaru-y-sus-circuitos-de-competicion-en-2011\\\/\"},\"author\":{\"name\":\"Subaru\",\"@id\":\"https:\\\/\\\/www.subaru.es\\\/blog\\\/#\\\/schema\\\/person\\\/19a90b892230b8e0ec752704ddf4aa10\"},\"headline\":\"Subaru y sus circuitos de competici\u00f3n en 2011\",\"datePublished\":\"2011-01-26T22:40:00+00:00\",\"dateModified\":\"2016-10-17T13:11:08+00:00\",\"mainEntityOfPage\":{\"@id\":\"https:\\\/\\\/www.subaru.es\\\/blog\\\/nuestra-marca\\\/subaru-y-sus-circuitos-de-competicion-en-2011\\\/\"},\"wordCount\":271,\"commentCount\":0,\"publisher\":{\"@id\":\"https:\\\/\\\/www.subaru.es\\\/blog\\\/#organization\"},\"image\":{\"@id\":\"https:\\\/\\\/www.subaru.es\\\/blog\\\/nuestra-marca\\\/subaru-y-sus-circuitos-de-competicion-en-2011\\\/#primaryimage\"},\"thumbnailUrl\":\"https:\\\/\\\/www.subaru.es\\\/blog\\\/wp-content\\\/uploads\\\/2011\\\/01\\\/legacy.jpg\",\"keywords\":[\"24 Horas de N\u00fcrburgring\",\"Campeonato Super GT Jap\u00f3n\",\"IRC\",\"normativas R4\",\"Subaru Challenge Award\",\"Subaru WRX STI\",\"Subary Legacy GT300\"],\"articleSection\":[\"Nuestra marca\"],\"inLanguage\":\"es\",\"potentialAction\":[{\"@type\":\"CommentAction\",\"name\":\"Comment\",\"target\":[\"https:\\\/\\\/www.subaru.es\\\/blog\\\/nuestra-marca\\\/subaru-y-sus-circuitos-de-competicion-en-2011\\\/#respond\"]}]},{\"@type\":\"WebPage\",\"@id\":\"https:\\\/\\\/www.subaru.es\\\/blog\\\/nuestra-marca\\\/subaru-y-sus-circuitos-de-competicion-en-2011\\\/\",\"url\":\"https:\\\/\\\/www.subaru.es\\\/blog\\\/nuestra-marca\\\/subaru-y-sus-circuitos-de-competicion-en-2011\\\/\",\"name\":\"Subaru y sus circuitos de competici\u00f3n en 2011 - Universo Subaru\",\"isPartOf\":{\"@id\":\"https:\\\/\\\/www.subaru.es\\\/blog\\\/#website\"},\"primaryImageOfPage\":{\"@id\":\"https:\\\/\\\/www.subaru.es\\\/blog\\\/nuestra-marca\\\/subaru-y-sus-circuitos-de-competicion-en-2011\\\/#primaryimage\"},\"image\":{\"@id\":\"https:\\\/\\\/www.subaru.es\\\/blog\\\/nuestra-marca\\\/subaru-y-sus-circuitos-de-competicion-en-2011\\\/#primaryimage\"},\"thumbnailUrl\":\"https:\\\/\\\/www.subaru.es\\\/blog\\\/wp-content\\\/uploads\\\/2011\\\/01\\\/legacy.jpg\",\"datePublished\":\"2011-01-26T22:40:00+00:00\",\"dateModified\":\"2016-10-17T13:11:08+00:00\",\"breadcrumb\":{\"@id\":\"https:\\\/\\\/www.subaru.es\\\/blog\\\/nuestra-marca\\\/subaru-y-sus-circuitos-de-competicion-en-2011\\\/#breadcrumb\"},\"inLanguage\":\"es\",\"potentialAction\":[{\"@type\":\"ReadAction\",\"target\":[\"https:\\\/\\\/www.subaru.es\\\/blog\\\/nuestra-marca\\\/subaru-y-sus-circuitos-de-competicion-en-2011\\\/\"]}]},{\"@type\":\"ImageObject\",\"inLanguage\":\"es\",\"@id\":\"https:\\\/\\\/www.subaru.es\\\/blog\\\/nuestra-marca\\\/subaru-y-sus-circuitos-de-competicion-en-2011\\\/#primaryimage\",\"url\":\"https:\\\/\\\/www.subaru.es\\\/blog\\\/wp-content\\\/uploads\\\/2011\\\/01\\\/legacy.jpg\",\"contentUrl\":\"https:\\\/\\\/www.subaru.es\\\/blog\\\/wp-content\\\/uploads\\\/2011\\\/01\\\/legacy.jpg\",\"width\":500,\"height\":281,\"caption\":\"Subaru Legacy GT300\"},{\"@type\":\"BreadcrumbList\",\"@id\":\"https:\\\/\\\/www.subaru.es\\\/blog\\\/nuestra-marca\\\/subaru-y-sus-circuitos-de-competicion-en-2011\\\/#breadcrumb\",\"itemListElement\":[{\"@type\":\"ListItem\",\"position\":1,\"name\":\"Portada\",\"item\":\"https:\\\/\\\/www.subaru.es\\\/blog\\\/\"},{\"@type\":\"ListItem\",\"position\":2,\"name\":\"Subaru y sus circuitos de competici\u00f3n en 2011\"}]},{\"@type\":\"WebSite\",\"@id\":\"https:\\\/\\\/www.subaru.es\\\/blog\\\/#website\",\"url\":\"https:\\\/\\\/www.subaru.es\\\/blog\\\/\",\"name\":\"Universo Subaru\",\"description\":\"Descubre este apasionante espacio de Subaru donde vas a conocer todo sobre nuestros coches y las experiencias que vivimos con ellos. Si est\u00e1s preparado para dejarte seducir por la filosof\u00eda Subaru, qu\u00e9date con nosotros.\",\"publisher\":{\"@id\":\"https:\\\/\\\/www.subaru.es\\\/blog\\\/#organization\"},\"potentialAction\":[{\"@type\":\"SearchAction\",\"target\":{\"@type\":\"EntryPoint\",\"urlTemplate\":\"https:\\\/\\\/www.subaru.es\\\/blog\\\/?s={search_term_string}\"},\"query-input\":{\"@type\":\"PropertyValueSpecification\",\"valueRequired\":true,\"valueName\":\"search_term_string\"}}],\"inLanguage\":\"es\"},{\"@type\":\"Organization\",\"@id\":\"https:\\\/\\\/www.subaru.es\\\/blog\\\/#organization\",\"name\":\"Subaru Espa\u00f1a S.A.\",\"url\":\"https:\\\/\\\/www.subaru.es\\\/blog\\\/\",\"logo\":{\"@type\":\"ImageObject\",\"inLanguage\":\"es\",\"@id\":\"https:\\\/\\\/www.subaru.es\\\/blog\\\/#\\\/schema\\\/logo\\\/image\\\/\",\"url\":\"https:\\\/\\\/www.subaru.es\\\/blog\\\/wp-content\\\/uploads\\\/2016\\\/12\\\/Logo-Subaru-TypeV_C300-scaled.jpg\",\"contentUrl\":\"https:\\\/\\\/www.subaru.es\\\/blog\\\/wp-content\\\/uploads\\\/2016\\\/12\\\/Logo-Subaru-TypeV_C300-scaled.jpg\",\"width\":2560,\"height\":1864,\"caption\":\"Subaru Espa\u00f1a S.A.\"},\"image\":{\"@id\":\"https:\\\/\\\/www.subaru.es\\\/blog\\\/#\\\/schema\\\/logo\\\/image\\\/\"},\"sameAs\":[\"https:\\\/\\\/www.facebook.com\\\/subaruespana\",\"https:\\\/\\\/www.instagram.com\\\/subarues\\\/\",\"https:\\\/\\\/www.youtube.com\\\/user\\\/subaruespana\"]},{\"@type\":\"Person\",\"@id\":\"https:\\\/\\\/www.subaru.es\\\/blog\\\/#\\\/schema\\\/person\\\/19a90b892230b8e0ec752704ddf4aa10\",\"name\":\"Subaru\",\"url\":\"https:\\\/\\\/www.subaru.es\\\/blog\\\/author\\\/subaria\\\/\"}]}<\/script>\n<!-- \/ Yoast SEO plugin. -->","yoast_head_json":{"title":"Subaru y sus circuitos de competici\u00f3n en 2011 - Universo Subaru","robots":{"index":"index","follow":"follow","max-snippet":"max-snippet:-1","max-image-preview":"max-image-preview:large","max-video-preview":"max-video-preview:-1"},"canonical":"https:\/\/www.subaru.es\/blog\/nuestra-marca\/subaru-y-sus-circuitos-de-competicion-en-2011\/","og_locale":"es_ES","og_type":"article","og_title":"Subaru y sus circuitos de competici\u00f3n en 2011 - Universo Subaru","og_description":"Empieza un a\u00f1o nuevo y todo se llena de proyectos que nos hacen querer que los d\u00edas pasen m\u00e1s r\u00e1pido. En Subaru, c\u00f3mo no, las cosas no son distintas, y 2011 est\u00e1 plagado de novedades en lo que respecta a la competici\u00f3n en circuitos. El SUPER GT de Jap\u00f3n, las 24 horas de Nurburgring, y [&hellip;]","og_url":"https:\/\/www.subaru.es\/blog\/nuestra-marca\/subaru-y-sus-circuitos-de-competicion-en-2011\/","og_site_name":"Universo Subaru","article_publisher":"https:\/\/www.facebook.com\/subaruespana","article_published_time":"2011-01-26T22:40:00+00:00","article_modified_time":"2016-10-17T13:11:08+00:00","og_image":[{"width":500,"height":281,"url":"https:\/\/www.subaru.es\/blog\/wp-content\/uploads\/2011\/01\/legacy.jpg","type":"image\/jpeg"}],"author":"Subaru","twitter_card":"summary_large_image","twitter_misc":{"Escrito por":"Subaru","Tiempo de lectura":"1 minuto"},"schema":{"@context":"https:\/\/schema.org","@graph":[{"@type":"Article","@id":"https:\/\/www.subaru.es\/blog\/nuestra-marca\/subaru-y-sus-circuitos-de-competicion-en-2011\/#article","isPartOf":{"@id":"https:\/\/www.subaru.es\/blog\/nuestra-marca\/subaru-y-sus-circuitos-de-competicion-en-2011\/"},"author":{"name":"Subaru","@id":"https:\/\/www.subaru.es\/blog\/#\/schema\/person\/19a90b892230b8e0ec752704ddf4aa10"},"headline":"Subaru y sus circuitos de competici\u00f3n en 2011","datePublished":"2011-01-26T22:40:00+00:00","dateModified":"2016-10-17T13:11:08+00:00","mainEntityOfPage":{"@id":"https:\/\/www.subaru.es\/blog\/nuestra-marca\/subaru-y-sus-circuitos-de-competicion-en-2011\/"},"wordCount":271,"commentCount":0,"publisher":{"@id":"https:\/\/www.subaru.es\/blog\/#organization"},"image":{"@id":"https:\/\/www.subaru.es\/blog\/nuestra-marca\/subaru-y-sus-circuitos-de-competicion-en-2011\/#primaryimage"},"thumbnailUrl":"https:\/\/www.subaru.es\/blog\/wp-content\/uploads\/2011\/01\/legacy.jpg","keywords":["24 Horas de N\u00fcrburgring","Campeonato Super GT Jap\u00f3n","IRC","normativas R4","Subaru Challenge Award","Subaru WRX STI","Subary Legacy GT300"],"articleSection":["Nuestra marca"],"inLanguage":"es","potentialAction":[{"@type":"CommentAction","name":"Comment","target":["https:\/\/www.subaru.es\/blog\/nuestra-marca\/subaru-y-sus-circuitos-de-competicion-en-2011\/#respond"]}]},{"@type":"WebPage","@id":"https:\/\/www.subaru.es\/blog\/nuestra-marca\/subaru-y-sus-circuitos-de-competicion-en-2011\/","url":"https:\/\/www.subaru.es\/blog\/nuestra-marca\/subaru-y-sus-circuitos-de-competicion-en-2011\/","name":"Subaru y sus circuitos de competici\u00f3n en 2011 - Universo Subaru","isPartOf":{"@id":"https:\/\/www.subaru.es\/blog\/#website"},"primaryImageOfPage":{"@id":"https:\/\/www.subaru.es\/blog\/nuestra-marca\/subaru-y-sus-circuitos-de-competicion-en-2011\/#primaryimage"},"image":{"@id":"https:\/\/www.subaru.es\/blog\/nuestra-marca\/subaru-y-sus-circuitos-de-competicion-en-2011\/#primaryimage"},"thumbnailUrl":"https:\/\/www.subaru.es\/blog\/wp-content\/uploads\/2011\/01\/legacy.jpg","datePublished":"2011-01-26T22:40:00+00:00","dateModified":"2016-10-17T13:11:08+00:00","breadcrumb":{"@id":"https:\/\/www.subaru.es\/blog\/nuestra-marca\/subaru-y-sus-circuitos-de-competicion-en-2011\/#breadcrumb"},"inLanguage":"es","potentialAction":[{"@type":"ReadAction","target":["https:\/\/www.subaru.es\/blog\/nuestra-marca\/subaru-y-sus-circuitos-de-competicion-en-2011\/"]}]},{"@type":"ImageObject","inLanguage":"es","@id":"https:\/\/www.subaru.es\/blog\/nuestra-marca\/subaru-y-sus-circuitos-de-competicion-en-2011\/#primaryimage","url":"https:\/\/www.subaru.es\/blog\/wp-content\/uploads\/2011\/01\/legacy.jpg","contentUrl":"https:\/\/www.subaru.es\/blog\/wp-content\/uploads\/2011\/01\/legacy.jpg","width":500,"height":281,"caption":"Subaru Legacy GT300"},{"@type":"BreadcrumbList","@id":"https:\/\/www.subaru.es\/blog\/nuestra-marca\/subaru-y-sus-circuitos-de-competicion-en-2011\/#breadcrumb","itemListElement":[{"@type":"ListItem","position":1,"name":"Portada","item":"https:\/\/www.subaru.es\/blog\/"},{"@type":"ListItem","position":2,"name":"Subaru y sus circuitos de competici\u00f3n en 2011"}]},{"@type":"WebSite","@id":"https:\/\/www.subaru.es\/blog\/#website","url":"https:\/\/www.subaru.es\/blog\/","name":"Universo Subaru","description":"Descubre este apasionante espacio de Subaru donde vas a conocer todo sobre nuestros coches y las experiencias que vivimos con ellos. Si est\u00e1s preparado para dejarte seducir por la filosof\u00eda Subaru, qu\u00e9date con nosotros.","publisher":{"@id":"https:\/\/www.subaru.es\/blog\/#organization"},"potentialAction":[{"@type":"SearchAction","target":{"@type":"EntryPoint","urlTemplate":"https:\/\/www.subaru.es\/blog\/?s={search_term_string}"},"query-input":{"@type":"PropertyValueSpecification","valueRequired":true,"valueName":"search_term_string"}}],"inLanguage":"es"},{"@type":"Organization","@id":"https:\/\/www.subaru.es\/blog\/#organization","name":"Subaru Espa\u00f1a S.A.","url":"https:\/\/www.subaru.es\/blog\/","logo":{"@type":"ImageObject","inLanguage":"es","@id":"https:\/\/www.subaru.es\/blog\/#\/schema\/logo\/image\/","url":"https:\/\/www.subaru.es\/blog\/wp-content\/uploads\/2016\/12\/Logo-Subaru-TypeV_C300-scaled.jpg","contentUrl":"https:\/\/www.subaru.es\/blog\/wp-content\/uploads\/2016\/12\/Logo-Subaru-TypeV_C300-scaled.jpg","width":2560,"height":1864,"caption":"Subaru Espa\u00f1a S.A."},"image":{"@id":"https:\/\/www.subaru.es\/blog\/#\/schema\/logo\/image\/"},"sameAs":["https:\/\/www.facebook.com\/subaruespana","https:\/\/www.instagram.com\/subarues\/","https:\/\/www.youtube.com\/user\/subaruespana"]},{"@type":"Person","@id":"https:\/\/www.subaru.es\/blog\/#\/schema\/person\/19a90b892230b8e0ec752704ddf4aa10","name":"Subaru","url":"https:\/\/www.subaru.es\/blog\/author\/subaria\/"}]}},"_links":{"self":[{"href":"https:\/\/www.subaru.es\/blog\/wp-json\/wp\/v2\/posts\/3870","targetHints":{"allow":["GET"]}}],"collection":[{"href":"https:\/\/www.subaru.es\/blog\/wp-json\/wp\/v2\/posts"}],"about":[{"href":"https:\/\/www.subaru.es\/blog\/wp-json\/wp\/v2\/types\/post"}],"author":[{"embeddable":true,"href":"https:\/\/www.subaru.es\/blog\/wp-json\/wp\/v2\/users\/21"}],"replies":[{"embeddable":true,"href":"https:\/\/www.subaru.es\/blog\/wp-json\/wp\/v2\/comments?post=3870"}],"version-history":[{"count":1,"href":"https:\/\/www.subaru.es\/blog\/wp-json\/wp\/v2\/posts\/3870\/revisions"}],"predecessor-version":[{"id":14979,"href":"https:\/\/www.subaru.es\/blog\/wp-json\/wp\/v2\/posts\/3870\/revisions\/14979"}],"wp:featuredmedia":[{"embeddable":true,"href":"https:\/\/www.subaru.es\/blog\/wp-json\/wp\/v2\/media\/3871"}],"wp:attachment":[{"href":"https:\/\/www.subaru.es\/blog\/wp-json\/wp\/v2\/media?parent=3870"}],"wp:term":[{"taxonomy":"category","embeddable":true,"href":"https:\/\/www.subaru.es\/blog\/wp-json\/wp\/v2\/categories?post=3870"},{"taxonomy":"post_tag","embeddable":true,"href":"https:\/\/www.subaru.es\/blog\/wp-json\/wp\/v2\/tags?post=3870"}],"curies":[{"name":"wp","href":"https:\/\/api.w.org\/{rel}","templated":true}]}}