{"id":3857,"date":"2011-01-24T20:34:53","date_gmt":"2011-01-24T18:34:53","guid":{"rendered":"http:\/\/subaru.preproduccion.com\/blog\/?p=3857"},"modified":"2020-08-12T12:00:15","modified_gmt":"2020-08-12T10:00:15","slug":"subaru-forester-raid-t-1-un-superviviente-en-el-desierto","status":"publish","type":"post","link":"https:\/\/www.subaru.es\/blog\/subaru-lifestyle\/subaru-forester-raid-t-1-un-superviviente-en-el-desierto\/","title":{"rendered":"Subaru Forester Raid T1: un superviviente en el desierto"},"content":{"rendered":"<p style=\"text-align: center;\"><a href=\"https:\/\/www.subaru.es\/blog\/wp-content\/uploads\/2011\/01\/forester1.jpg\"><img decoding=\"async\" class=\"size-full wp-image-3859  aligncenter lazyload\" title=\"Subaru Forester Raid T 1\" data-src=\"https:\/\/www.subaru.es\/blog\/wp-content\/uploads\/2011\/01\/forester1.jpg\" alt=\"Subaru Forester Raid T 1\" width=\"500\" height=\"325\" src=\"data:image\/svg+xml;base64,PHN2ZyB3aWR0aD0iMSIgaGVpZ2h0PSIxIiB4bWxucz0iaHR0cDovL3d3dy53My5vcmcvMjAwMC9zdmciPjwvc3ZnPg==\" style=\"--smush-placeholder-width: 500px; --smush-placeholder-aspect-ratio: 500\/325;\"><\/a><\/p>\n<p>El Dakar 2011 ya termin\u00f3, pero todav\u00eda sentimos algunos escalofr\u00edos al recordar sus mejores momentos. Y este a\u00f1o, adem\u00e1s, llegamos al final con el argentino Lucio \u00c1lvarez, que a<strong> bordo de un Subaru Forester Raid T 1 acab\u00f3 el rally en el puesto 15<\/strong> de la clasificaci\u00f3n general. Casi nada, \u00bfeh?<!--more--><\/p>\n<p>A la <a href=\"http:\/\/www.dakar.com\/dakar\/2011\/es\/piloto\/438.html\" target=\"_blank\" rel=\"noopener noreferrer\">destreza de \u00c1lvarez<\/a> como piloto se sum\u00f3 el veh\u00edculo que ten\u00eda entre manos: el <a href=\"http:\/\/www.automovilismoblog.com.ar\/subaru-forester-raid-t1\/\" target=\"_blank\" rel=\"noopener noreferrer\">Subaru Forester Raid T 1<\/a>, que con su motor <strong>Subaru Boxer 2.0 Turbo a Gasolina<\/strong>, con una potencia de 300 PS y 570 Nm, y una capacidad de 2000 cc, ayud\u00f3 mucho a aguantar d\u00eda tras d\u00eda y quedar en una muy buena posici\u00f3n final.<\/p>\n<p>La <a href=\"http:\/\/www.cosasdemotor.es\/la-suspension-del-coche\/\" target=\"_blank\" rel=\"noopener noreferrer\">suspensi\u00f3n<\/a> (RS&amp;SP, con dos etapas progresivas y regulable a cuatro v\u00edas), importante en el tipo de terrenos por los que discurr\u00eda el Dakar 2011, inclu\u00eda <strong>dos amortiguadores por rueda<\/strong> y doble trapecio delante y detr\u00e1s. En cuanto al sistema de frenos, el Forester Raid T 1 funciona con discos ventilados delanteros y traseros de 295 mm de di\u00e1metro, Calipers Brembo y un <strong>sistema de freno de mano hidr\u00e1ulico de dos v\u00edas<\/strong>.<\/p>\n<p>Y si lo que te est\u00e1s preguntando es en realidad c\u00f3mo de grande es el Subaru Forester Raid T 1, tambi\u00e9n tenemos respuesta: <strong>4,19 metros de largo, 1,975 de ancho, y 1,88 de alto<\/strong>, con una distancia entre ejes de 2900. En cuanto a las llantas, son de 7&#215;16 pulgadas.<\/p>\n<p>Ahora seguro que, si te preguntabas c\u00f3mo era posible <a href=\"https:\/\/www.subaru.es\/blog\/subaru\/subaru-en-el-dakar-2011\/\" target=\"_blank\" rel=\"noopener noreferrer\">participar en el Dakar, acabarlo<\/a>, y quedar en una buena posici\u00f3n como es la 15, ya lo tienes m\u00e1s claro. La combinaci\u00f3n perfecta es suficiente: un piloto como Lucio \u00c1lvarez y un veh\u00edculo como el Subaru Forester Raid T 1.<\/p>\n","protected":false},"excerpt":{"rendered":"<p>El Dakar 2011 ya termin\u00f3, pero todav\u00eda sentimos algunos escalofr\u00edos al recordar sus mejores momentos. Y este a\u00f1o, adem\u00e1s, llegamos al final con el argentino Lucio \u00c1lvarez, que a bordo de un Subaru Forester Raid T 1 acab\u00f3 el rally en el puesto 15 de la clasificaci\u00f3n general. Casi nada, \u00bfeh?<\/p>\n","protected":false},"author":21,"featured_media":3858,"comment_status":"open","ping_status":"open","sticky":false,"template":"","format":"standard","meta":{"_acf_changed":false,"_eb_attr":"","inline_featured_image":false,"footnotes":""},"categories":[4520],"tags":[3309,3310,3317],"class_list":["post-3857","post","type-post","status-publish","format-standard","has-post-thumbnail","hentry","category-subaru-lifestyle","tag-dakar-2011","tag-lucio-alvarez","tag-subaru-forester-raid-t-1"],"acf":[],"yoast_head":"<!-- This site is optimized with the Yoast SEO plugin v27.3 - https:\/\/yoast.com\/product\/yoast-seo-wordpress\/ -->\n<title>Subaru Forester Raid T1: un superviviente en el desierto - Universo Subaru<\/title>\n<meta name=\"robots\" content=\"index, follow, max-snippet:-1, max-image-preview:large, max-video-preview:-1\" \/>\n<link rel=\"canonical\" href=\"https:\/\/www.subaru.es\/blog\/subaru-lifestyle\/subaru-forester-raid-t-1-un-superviviente-en-el-desierto\/\" \/>\n<meta property=\"og:locale\" content=\"es_ES\" \/>\n<meta property=\"og:type\" content=\"article\" \/>\n<meta property=\"og:title\" content=\"Subaru Forester Raid T1: un superviviente en el desierto - Universo Subaru\" \/>\n<meta property=\"og:description\" content=\"El Dakar 2011 ya termin\u00f3, pero todav\u00eda sentimos algunos escalofr\u00edos al recordar sus mejores momentos. Y este a\u00f1o, adem\u00e1s, llegamos al final con el argentino Lucio \u00c1lvarez, que a bordo de un Subaru Forester Raid T 1 acab\u00f3 el rally en el puesto 15 de la clasificaci\u00f3n general. Casi nada, \u00bfeh?\" \/>\n<meta property=\"og:url\" content=\"https:\/\/www.subaru.es\/blog\/subaru-lifestyle\/subaru-forester-raid-t-1-un-superviviente-en-el-desierto\/\" \/>\n<meta property=\"og:site_name\" content=\"Universo Subaru\" \/>\n<meta property=\"article:publisher\" content=\"https:\/\/www.facebook.com\/subaruespana\" \/>\n<meta property=\"article:published_time\" content=\"2011-01-24T18:34:53+00:00\" \/>\n<meta property=\"article:modified_time\" content=\"2020-08-12T10:00:15+00:00\" \/>\n<meta property=\"og:image\" content=\"https:\/\/www.subaru.es\/blog\/wp-content\/uploads\/2011\/01\/forester.jpg\" \/>\n\t<meta property=\"og:image:width\" content=\"640\" \/>\n\t<meta property=\"og:image:height\" content=\"416\" \/>\n\t<meta property=\"og:image:type\" content=\"image\/jpeg\" \/>\n<meta name=\"author\" content=\"Subaru\" \/>\n<meta name=\"twitter:card\" content=\"summary_large_image\" \/>\n<meta name=\"twitter:label1\" content=\"Escrito por\" \/>\n\t<meta name=\"twitter:data1\" content=\"Subaru\" \/>\n\t<meta name=\"twitter:label2\" content=\"Tiempo de lectura\" \/>\n\t<meta name=\"twitter:data2\" content=\"1 minuto\" \/>\n<script type=\"application\/ld+json\" class=\"yoast-schema-graph\">{\"@context\":\"https:\\\/\\\/schema.org\",\"@graph\":[{\"@type\":\"Article\",\"@id\":\"https:\\\/\\\/www.subaru.es\\\/blog\\\/subaru-lifestyle\\\/subaru-forester-raid-t-1-un-superviviente-en-el-desierto\\\/#article\",\"isPartOf\":{\"@id\":\"https:\\\/\\\/www.subaru.es\\\/blog\\\/subaru-lifestyle\\\/subaru-forester-raid-t-1-un-superviviente-en-el-desierto\\\/\"},\"author\":{\"name\":\"Subaru\",\"@id\":\"https:\\\/\\\/www.subaru.es\\\/blog\\\/#\\\/schema\\\/person\\\/19a90b892230b8e0ec752704ddf4aa10\"},\"headline\":\"Subaru Forester Raid T1: un superviviente en el desierto\",\"datePublished\":\"2011-01-24T18:34:53+00:00\",\"dateModified\":\"2020-08-12T10:00:15+00:00\",\"mainEntityOfPage\":{\"@id\":\"https:\\\/\\\/www.subaru.es\\\/blog\\\/subaru-lifestyle\\\/subaru-forester-raid-t-1-un-superviviente-en-el-desierto\\\/\"},\"wordCount\":302,\"commentCount\":0,\"publisher\":{\"@id\":\"https:\\\/\\\/www.subaru.es\\\/blog\\\/#organization\"},\"image\":{\"@id\":\"https:\\\/\\\/www.subaru.es\\\/blog\\\/subaru-lifestyle\\\/subaru-forester-raid-t-1-un-superviviente-en-el-desierto\\\/#primaryimage\"},\"thumbnailUrl\":\"https:\\\/\\\/www.subaru.es\\\/blog\\\/wp-content\\\/uploads\\\/2011\\\/01\\\/forester.jpg\",\"keywords\":[\"Dakar 2011\",\"Lucio \u00c1lvarez\",\"Subaru Forester Raid T 1\"],\"articleSection\":[\"Subaru LifeStyle\"],\"inLanguage\":\"es\",\"potentialAction\":[{\"@type\":\"CommentAction\",\"name\":\"Comment\",\"target\":[\"https:\\\/\\\/www.subaru.es\\\/blog\\\/subaru-lifestyle\\\/subaru-forester-raid-t-1-un-superviviente-en-el-desierto\\\/#respond\"]}]},{\"@type\":\"WebPage\",\"@id\":\"https:\\\/\\\/www.subaru.es\\\/blog\\\/subaru-lifestyle\\\/subaru-forester-raid-t-1-un-superviviente-en-el-desierto\\\/\",\"url\":\"https:\\\/\\\/www.subaru.es\\\/blog\\\/subaru-lifestyle\\\/subaru-forester-raid-t-1-un-superviviente-en-el-desierto\\\/\",\"name\":\"Subaru Forester Raid T1: un superviviente en el desierto - Universo Subaru\",\"isPartOf\":{\"@id\":\"https:\\\/\\\/www.subaru.es\\\/blog\\\/#website\"},\"primaryImageOfPage\":{\"@id\":\"https:\\\/\\\/www.subaru.es\\\/blog\\\/subaru-lifestyle\\\/subaru-forester-raid-t-1-un-superviviente-en-el-desierto\\\/#primaryimage\"},\"image\":{\"@id\":\"https:\\\/\\\/www.subaru.es\\\/blog\\\/subaru-lifestyle\\\/subaru-forester-raid-t-1-un-superviviente-en-el-desierto\\\/#primaryimage\"},\"thumbnailUrl\":\"https:\\\/\\\/www.subaru.es\\\/blog\\\/wp-content\\\/uploads\\\/2011\\\/01\\\/forester.jpg\",\"datePublished\":\"2011-01-24T18:34:53+00:00\",\"dateModified\":\"2020-08-12T10:00:15+00:00\",\"breadcrumb\":{\"@id\":\"https:\\\/\\\/www.subaru.es\\\/blog\\\/subaru-lifestyle\\\/subaru-forester-raid-t-1-un-superviviente-en-el-desierto\\\/#breadcrumb\"},\"inLanguage\":\"es\",\"potentialAction\":[{\"@type\":\"ReadAction\",\"target\":[\"https:\\\/\\\/www.subaru.es\\\/blog\\\/subaru-lifestyle\\\/subaru-forester-raid-t-1-un-superviviente-en-el-desierto\\\/\"]}]},{\"@type\":\"ImageObject\",\"inLanguage\":\"es\",\"@id\":\"https:\\\/\\\/www.subaru.es\\\/blog\\\/subaru-lifestyle\\\/subaru-forester-raid-t-1-un-superviviente-en-el-desierto\\\/#primaryimage\",\"url\":\"https:\\\/\\\/www.subaru.es\\\/blog\\\/wp-content\\\/uploads\\\/2011\\\/01\\\/forester.jpg\",\"contentUrl\":\"https:\\\/\\\/www.subaru.es\\\/blog\\\/wp-content\\\/uploads\\\/2011\\\/01\\\/forester.jpg\",\"width\":640,\"height\":416},{\"@type\":\"BreadcrumbList\",\"@id\":\"https:\\\/\\\/www.subaru.es\\\/blog\\\/subaru-lifestyle\\\/subaru-forester-raid-t-1-un-superviviente-en-el-desierto\\\/#breadcrumb\",\"itemListElement\":[{\"@type\":\"ListItem\",\"position\":1,\"name\":\"Portada\",\"item\":\"https:\\\/\\\/www.subaru.es\\\/blog\\\/\"},{\"@type\":\"ListItem\",\"position\":2,\"name\":\"Subaru Forester Raid T1: un superviviente en el desierto\"}]},{\"@type\":\"WebSite\",\"@id\":\"https:\\\/\\\/www.subaru.es\\\/blog\\\/#website\",\"url\":\"https:\\\/\\\/www.subaru.es\\\/blog\\\/\",\"name\":\"Universo Subaru\",\"description\":\"Descubre este apasionante espacio de Subaru donde vas a conocer todo sobre nuestros coches y las experiencias que vivimos con ellos. Si est\u00e1s preparado para dejarte seducir por la filosof\u00eda Subaru, qu\u00e9date con nosotros.\",\"publisher\":{\"@id\":\"https:\\\/\\\/www.subaru.es\\\/blog\\\/#organization\"},\"potentialAction\":[{\"@type\":\"SearchAction\",\"target\":{\"@type\":\"EntryPoint\",\"urlTemplate\":\"https:\\\/\\\/www.subaru.es\\\/blog\\\/?s={search_term_string}\"},\"query-input\":{\"@type\":\"PropertyValueSpecification\",\"valueRequired\":true,\"valueName\":\"search_term_string\"}}],\"inLanguage\":\"es\"},{\"@type\":\"Organization\",\"@id\":\"https:\\\/\\\/www.subaru.es\\\/blog\\\/#organization\",\"name\":\"Subaru Espa\u00f1a S.A.\",\"url\":\"https:\\\/\\\/www.subaru.es\\\/blog\\\/\",\"logo\":{\"@type\":\"ImageObject\",\"inLanguage\":\"es\",\"@id\":\"https:\\\/\\\/www.subaru.es\\\/blog\\\/#\\\/schema\\\/logo\\\/image\\\/\",\"url\":\"https:\\\/\\\/www.subaru.es\\\/blog\\\/wp-content\\\/uploads\\\/2016\\\/12\\\/Logo-Subaru-TypeV_C300-scaled.jpg\",\"contentUrl\":\"https:\\\/\\\/www.subaru.es\\\/blog\\\/wp-content\\\/uploads\\\/2016\\\/12\\\/Logo-Subaru-TypeV_C300-scaled.jpg\",\"width\":2560,\"height\":1864,\"caption\":\"Subaru Espa\u00f1a S.A.\"},\"image\":{\"@id\":\"https:\\\/\\\/www.subaru.es\\\/blog\\\/#\\\/schema\\\/logo\\\/image\\\/\"},\"sameAs\":[\"https:\\\/\\\/www.facebook.com\\\/subaruespana\",\"https:\\\/\\\/www.instagram.com\\\/subarues\\\/\",\"https:\\\/\\\/www.youtube.com\\\/user\\\/subaruespana\"]},{\"@type\":\"Person\",\"@id\":\"https:\\\/\\\/www.subaru.es\\\/blog\\\/#\\\/schema\\\/person\\\/19a90b892230b8e0ec752704ddf4aa10\",\"name\":\"Subaru\",\"url\":\"https:\\\/\\\/www.subaru.es\\\/blog\\\/author\\\/subaria\\\/\"}]}<\/script>\n<!-- \/ Yoast SEO plugin. -->","yoast_head_json":{"title":"Subaru Forester Raid T1: un superviviente en el desierto - Universo Subaru","robots":{"index":"index","follow":"follow","max-snippet":"max-snippet:-1","max-image-preview":"max-image-preview:large","max-video-preview":"max-video-preview:-1"},"canonical":"https:\/\/www.subaru.es\/blog\/subaru-lifestyle\/subaru-forester-raid-t-1-un-superviviente-en-el-desierto\/","og_locale":"es_ES","og_type":"article","og_title":"Subaru Forester Raid T1: un superviviente en el desierto - Universo Subaru","og_description":"El Dakar 2011 ya termin\u00f3, pero todav\u00eda sentimos algunos escalofr\u00edos al recordar sus mejores momentos. Y este a\u00f1o, adem\u00e1s, llegamos al final con el argentino Lucio \u00c1lvarez, que a bordo de un Subaru Forester Raid T 1 acab\u00f3 el rally en el puesto 15 de la clasificaci\u00f3n general. Casi nada, \u00bfeh?","og_url":"https:\/\/www.subaru.es\/blog\/subaru-lifestyle\/subaru-forester-raid-t-1-un-superviviente-en-el-desierto\/","og_site_name":"Universo Subaru","article_publisher":"https:\/\/www.facebook.com\/subaruespana","article_published_time":"2011-01-24T18:34:53+00:00","article_modified_time":"2020-08-12T10:00:15+00:00","og_image":[{"width":640,"height":416,"url":"https:\/\/www.subaru.es\/blog\/wp-content\/uploads\/2011\/01\/forester.jpg","type":"image\/jpeg"}],"author":"Subaru","twitter_card":"summary_large_image","twitter_misc":{"Escrito por":"Subaru","Tiempo de lectura":"1 minuto"},"schema":{"@context":"https:\/\/schema.org","@graph":[{"@type":"Article","@id":"https:\/\/www.subaru.es\/blog\/subaru-lifestyle\/subaru-forester-raid-t-1-un-superviviente-en-el-desierto\/#article","isPartOf":{"@id":"https:\/\/www.subaru.es\/blog\/subaru-lifestyle\/subaru-forester-raid-t-1-un-superviviente-en-el-desierto\/"},"author":{"name":"Subaru","@id":"https:\/\/www.subaru.es\/blog\/#\/schema\/person\/19a90b892230b8e0ec752704ddf4aa10"},"headline":"Subaru Forester Raid T1: un superviviente en el desierto","datePublished":"2011-01-24T18:34:53+00:00","dateModified":"2020-08-12T10:00:15+00:00","mainEntityOfPage":{"@id":"https:\/\/www.subaru.es\/blog\/subaru-lifestyle\/subaru-forester-raid-t-1-un-superviviente-en-el-desierto\/"},"wordCount":302,"commentCount":0,"publisher":{"@id":"https:\/\/www.subaru.es\/blog\/#organization"},"image":{"@id":"https:\/\/www.subaru.es\/blog\/subaru-lifestyle\/subaru-forester-raid-t-1-un-superviviente-en-el-desierto\/#primaryimage"},"thumbnailUrl":"https:\/\/www.subaru.es\/blog\/wp-content\/uploads\/2011\/01\/forester.jpg","keywords":["Dakar 2011","Lucio \u00c1lvarez","Subaru Forester Raid T 1"],"articleSection":["Subaru LifeStyle"],"inLanguage":"es","potentialAction":[{"@type":"CommentAction","name":"Comment","target":["https:\/\/www.subaru.es\/blog\/subaru-lifestyle\/subaru-forester-raid-t-1-un-superviviente-en-el-desierto\/#respond"]}]},{"@type":"WebPage","@id":"https:\/\/www.subaru.es\/blog\/subaru-lifestyle\/subaru-forester-raid-t-1-un-superviviente-en-el-desierto\/","url":"https:\/\/www.subaru.es\/blog\/subaru-lifestyle\/subaru-forester-raid-t-1-un-superviviente-en-el-desierto\/","name":"Subaru Forester Raid T1: un superviviente en el desierto - Universo Subaru","isPartOf":{"@id":"https:\/\/www.subaru.es\/blog\/#website"},"primaryImageOfPage":{"@id":"https:\/\/www.subaru.es\/blog\/subaru-lifestyle\/subaru-forester-raid-t-1-un-superviviente-en-el-desierto\/#primaryimage"},"image":{"@id":"https:\/\/www.subaru.es\/blog\/subaru-lifestyle\/subaru-forester-raid-t-1-un-superviviente-en-el-desierto\/#primaryimage"},"thumbnailUrl":"https:\/\/www.subaru.es\/blog\/wp-content\/uploads\/2011\/01\/forester.jpg","datePublished":"2011-01-24T18:34:53+00:00","dateModified":"2020-08-12T10:00:15+00:00","breadcrumb":{"@id":"https:\/\/www.subaru.es\/blog\/subaru-lifestyle\/subaru-forester-raid-t-1-un-superviviente-en-el-desierto\/#breadcrumb"},"inLanguage":"es","potentialAction":[{"@type":"ReadAction","target":["https:\/\/www.subaru.es\/blog\/subaru-lifestyle\/subaru-forester-raid-t-1-un-superviviente-en-el-desierto\/"]}]},{"@type":"ImageObject","inLanguage":"es","@id":"https:\/\/www.subaru.es\/blog\/subaru-lifestyle\/subaru-forester-raid-t-1-un-superviviente-en-el-desierto\/#primaryimage","url":"https:\/\/www.subaru.es\/blog\/wp-content\/uploads\/2011\/01\/forester.jpg","contentUrl":"https:\/\/www.subaru.es\/blog\/wp-content\/uploads\/2011\/01\/forester.jpg","width":640,"height":416},{"@type":"BreadcrumbList","@id":"https:\/\/www.subaru.es\/blog\/subaru-lifestyle\/subaru-forester-raid-t-1-un-superviviente-en-el-desierto\/#breadcrumb","itemListElement":[{"@type":"ListItem","position":1,"name":"Portada","item":"https:\/\/www.subaru.es\/blog\/"},{"@type":"ListItem","position":2,"name":"Subaru Forester Raid T1: un superviviente en el desierto"}]},{"@type":"WebSite","@id":"https:\/\/www.subaru.es\/blog\/#website","url":"https:\/\/www.subaru.es\/blog\/","name":"Universo Subaru","description":"Descubre este apasionante espacio de Subaru donde vas a conocer todo sobre nuestros coches y las experiencias que vivimos con ellos. Si est\u00e1s preparado para dejarte seducir por la filosof\u00eda Subaru, qu\u00e9date con nosotros.","publisher":{"@id":"https:\/\/www.subaru.es\/blog\/#organization"},"potentialAction":[{"@type":"SearchAction","target":{"@type":"EntryPoint","urlTemplate":"https:\/\/www.subaru.es\/blog\/?s={search_term_string}"},"query-input":{"@type":"PropertyValueSpecification","valueRequired":true,"valueName":"search_term_string"}}],"inLanguage":"es"},{"@type":"Organization","@id":"https:\/\/www.subaru.es\/blog\/#organization","name":"Subaru Espa\u00f1a S.A.","url":"https:\/\/www.subaru.es\/blog\/","logo":{"@type":"ImageObject","inLanguage":"es","@id":"https:\/\/www.subaru.es\/blog\/#\/schema\/logo\/image\/","url":"https:\/\/www.subaru.es\/blog\/wp-content\/uploads\/2016\/12\/Logo-Subaru-TypeV_C300-scaled.jpg","contentUrl":"https:\/\/www.subaru.es\/blog\/wp-content\/uploads\/2016\/12\/Logo-Subaru-TypeV_C300-scaled.jpg","width":2560,"height":1864,"caption":"Subaru Espa\u00f1a S.A."},"image":{"@id":"https:\/\/www.subaru.es\/blog\/#\/schema\/logo\/image\/"},"sameAs":["https:\/\/www.facebook.com\/subaruespana","https:\/\/www.instagram.com\/subarues\/","https:\/\/www.youtube.com\/user\/subaruespana"]},{"@type":"Person","@id":"https:\/\/www.subaru.es\/blog\/#\/schema\/person\/19a90b892230b8e0ec752704ddf4aa10","name":"Subaru","url":"https:\/\/www.subaru.es\/blog\/author\/subaria\/"}]}},"_links":{"self":[{"href":"https:\/\/www.subaru.es\/blog\/wp-json\/wp\/v2\/posts\/3857","targetHints":{"allow":["GET"]}}],"collection":[{"href":"https:\/\/www.subaru.es\/blog\/wp-json\/wp\/v2\/posts"}],"about":[{"href":"https:\/\/www.subaru.es\/blog\/wp-json\/wp\/v2\/types\/post"}],"author":[{"embeddable":true,"href":"https:\/\/www.subaru.es\/blog\/wp-json\/wp\/v2\/users\/21"}],"replies":[{"embeddable":true,"href":"https:\/\/www.subaru.es\/blog\/wp-json\/wp\/v2\/comments?post=3857"}],"version-history":[{"count":3,"href":"https:\/\/www.subaru.es\/blog\/wp-json\/wp\/v2\/posts\/3857\/revisions"}],"predecessor-version":[{"id":22212,"href":"https:\/\/www.subaru.es\/blog\/wp-json\/wp\/v2\/posts\/3857\/revisions\/22212"}],"wp:featuredmedia":[{"embeddable":true,"href":"https:\/\/www.subaru.es\/blog\/wp-json\/wp\/v2\/media\/3858"}],"wp:attachment":[{"href":"https:\/\/www.subaru.es\/blog\/wp-json\/wp\/v2\/media?parent=3857"}],"wp:term":[{"taxonomy":"category","embeddable":true,"href":"https:\/\/www.subaru.es\/blog\/wp-json\/wp\/v2\/categories?post=3857"},{"taxonomy":"post_tag","embeddable":true,"href":"https:\/\/www.subaru.es\/blog\/wp-json\/wp\/v2\/tags?post=3857"}],"curies":[{"name":"wp","href":"https:\/\/api.w.org\/{rel}","templated":true}]}}