{"id":378,"date":"2007-11-08T10:53:12","date_gmt":"2007-11-08T08:53:12","guid":{"rendered":"http:\/\/subaru.preproduccion.com\/blog\/wp-content\/2007\/11\/08\/richard-burns-la-otra-gran-perdida-de-subaru\/"},"modified":"2016-10-17T15:09:27","modified_gmt":"2016-10-17T13:09:27","slug":"richard-burns-la-otra-gran-perdida-de-subaru","status":"publish","type":"post","link":"https:\/\/www.subaru.es\/blog\/nuestra-marca\/richard-burns-la-otra-gran-perdida-de-subaru\/","title":{"rendered":"Richard Burns, la otra gran p\u00e9rdida de Subaru"},"content":{"rendered":"<p>Este a\u00f1o ha sucedido la desgracia de perder a <strong>Colin Mcrae<\/strong>, pero el dolor no es nuevo en la casa <strong>Subaru<\/strong>, ya que la desdicha golpe\u00f3 con fuerza hace ya cas\u00ed dos a\u00f1os, el 25 de noviembre pr\u00f3ximo, cuando <a href=\"http:\/\/es.wikipedia.org\/wiki\/Richard_Burns\">Richard Burns<\/a> <a href=\"http:\/\/www.craksracing.com\/modules.php?name=Forums&#038;file=viewtopic&#038;p=38560\">nos dej\u00f3<\/a>, a la joven edad de 34 a\u00f1os.<\/p>\n<p>El incomprendido y majestuoso piloto brit\u00e1nico, el segundo en coronarse <strong>Campe\u00f3n del Mundo de Rallys<\/strong>, no pudo, a pesar de la valent\u00eda con la que luch\u00f3, sobrevivir a un tumor cerebral que se le diagnostic\u00f3 dos a\u00f1os antes, aun as\u00ed no se retir\u00f3 de la competici\u00f3n hasta 2004, y contra el que luch\u00f3 todo lo indecible hasta el final.<\/p>\n<p>La carrera deportiva de Burns, est\u00e1 muy ligada a la marca subaru, con el <strong>Legacy se alz\u00f3 campe\u00f3n de Rallys en Inglaterra en 1993<\/strong> y con un <strong>Impreza lo fue del mundo en 2001<\/strong>, su gran temporada. Tambi\u00e9n con Impreza fue subcampe\u00f3n en 1999 y 2000 qued\u00e1ndose a las puertas del triunfo, triunfo que no se le resisti\u00f3 un a\u00f1o despu\u00e9s. <strong>Subaru le homenaje\u00f3 en 2006<\/strong> dedic\u00e1ndole un <a href=\"http:\/\/www.motorpasion.com\/2006\/11\/22-subaru-dedica-una-version-del-impreza-a-richard-burns\">modelo \u2013en serie limitada- de Impreza<\/a> que se han convertido en una joya de coleccionistas.<\/p>\n<p>Os dejamos un<strong> video homenaje<\/strong> del Gran Campe\u00f3n<\/p>\n<p><center><object width=\"425\" height=\"355\"><param name=\"movie\" value=\"http:\/\/www.youtube.com\/v\/h49wzfYW2kI\"><\/param><param name=\"wmode\" value=\"transparent\"><\/param><embed src=\"http:\/\/www.youtube.com\/v\/h49wzfYW2kI\" type=\"application\/x-shockwave-flash\" wmode=\"transparent\" width=\"400\" height=\"320\"><\/embed><\/object><\/center><\/p>\n","protected":false},"excerpt":{"rendered":"<p>Este a\u00f1o ha sucedido la desgracia de perder a Colin Mcrae, pero el dolor no es nuevo en la casa Subaru, ya que la desdicha golpe\u00f3 con fuerza hace ya cas\u00ed dos a\u00f1os, el 25 de noviembre pr\u00f3ximo, cuando Richard Burns nos dej\u00f3, a la joven edad de 34 a\u00f1os. El incomprendido y majestuoso piloto [&hellip;]<\/p>\n","protected":false},"author":21,"featured_media":0,"comment_status":"open","ping_status":"open","sticky":false,"template":"","format":"standard","meta":{"_acf_changed":false,"_eb_attr":"","inline_featured_image":false,"footnotes":""},"categories":[4401],"tags":[],"class_list":["post-378","post","type-post","status-publish","format-standard","hentry","category-nuestra-marca"],"acf":[],"yoast_head":"<!-- This site is optimized with the Yoast SEO plugin v27.3 - https:\/\/yoast.com\/product\/yoast-seo-wordpress\/ -->\n<title>Richard Burns, la otra gran p\u00e9rdida de Subaru - Universo Subaru<\/title>\n<meta name=\"robots\" content=\"index, follow, max-snippet:-1, max-image-preview:large, max-video-preview:-1\" \/>\n<link rel=\"canonical\" href=\"https:\/\/www.subaru.es\/blog\/nuestra-marca\/richard-burns-la-otra-gran-perdida-de-subaru\/\" \/>\n<meta property=\"og:locale\" content=\"es_ES\" \/>\n<meta property=\"og:type\" content=\"article\" \/>\n<meta property=\"og:title\" content=\"Richard Burns, la otra gran p\u00e9rdida de Subaru - Universo Subaru\" \/>\n<meta property=\"og:description\" content=\"Este a\u00f1o ha sucedido la desgracia de perder a Colin Mcrae, pero el dolor no es nuevo en la casa Subaru, ya que la desdicha golpe\u00f3 con fuerza hace ya cas\u00ed dos a\u00f1os, el 25 de noviembre pr\u00f3ximo, cuando Richard Burns nos dej\u00f3, a la joven edad de 34 a\u00f1os. El incomprendido y majestuoso piloto [&hellip;]\" \/>\n<meta property=\"og:url\" content=\"https:\/\/www.subaru.es\/blog\/nuestra-marca\/richard-burns-la-otra-gran-perdida-de-subaru\/\" \/>\n<meta property=\"og:site_name\" content=\"Universo Subaru\" \/>\n<meta property=\"article:publisher\" content=\"https:\/\/www.facebook.com\/subaruespana\" \/>\n<meta property=\"article:published_time\" content=\"2007-11-08T08:53:12+00:00\" \/>\n<meta property=\"article:modified_time\" content=\"2016-10-17T13:09:27+00:00\" \/>\n<meta name=\"author\" content=\"Subaru\" \/>\n<meta name=\"twitter:card\" content=\"summary_large_image\" \/>\n<meta name=\"twitter:label1\" content=\"Escrito por\" \/>\n\t<meta name=\"twitter:data1\" content=\"Subaru\" \/>\n\t<meta name=\"twitter:label2\" content=\"Tiempo de lectura\" \/>\n\t<meta name=\"twitter:data2\" content=\"1 minuto\" \/>\n<script type=\"application\/ld+json\" class=\"yoast-schema-graph\">{\"@context\":\"https:\\\/\\\/schema.org\",\"@graph\":[{\"@type\":\"Article\",\"@id\":\"https:\\\/\\\/www.subaru.es\\\/blog\\\/nuestra-marca\\\/richard-burns-la-otra-gran-perdida-de-subaru\\\/#article\",\"isPartOf\":{\"@id\":\"https:\\\/\\\/www.subaru.es\\\/blog\\\/nuestra-marca\\\/richard-burns-la-otra-gran-perdida-de-subaru\\\/\"},\"author\":{\"name\":\"Subaru\",\"@id\":\"https:\\\/\\\/www.subaru.es\\\/blog\\\/#\\\/schema\\\/person\\\/19a90b892230b8e0ec752704ddf4aa10\"},\"headline\":\"Richard Burns, la otra gran p\u00e9rdida de Subaru\",\"datePublished\":\"2007-11-08T08:53:12+00:00\",\"dateModified\":\"2016-10-17T13:09:27+00:00\",\"mainEntityOfPage\":{\"@id\":\"https:\\\/\\\/www.subaru.es\\\/blog\\\/nuestra-marca\\\/richard-burns-la-otra-gran-perdida-de-subaru\\\/\"},\"wordCount\":218,\"commentCount\":1,\"publisher\":{\"@id\":\"https:\\\/\\\/www.subaru.es\\\/blog\\\/#organization\"},\"articleSection\":[\"Nuestra marca\"],\"inLanguage\":\"es\",\"potentialAction\":[{\"@type\":\"CommentAction\",\"name\":\"Comment\",\"target\":[\"https:\\\/\\\/www.subaru.es\\\/blog\\\/nuestra-marca\\\/richard-burns-la-otra-gran-perdida-de-subaru\\\/#respond\"]}]},{\"@type\":\"WebPage\",\"@id\":\"https:\\\/\\\/www.subaru.es\\\/blog\\\/nuestra-marca\\\/richard-burns-la-otra-gran-perdida-de-subaru\\\/\",\"url\":\"https:\\\/\\\/www.subaru.es\\\/blog\\\/nuestra-marca\\\/richard-burns-la-otra-gran-perdida-de-subaru\\\/\",\"name\":\"Richard Burns, la otra gran p\u00e9rdida de Subaru - Universo Subaru\",\"isPartOf\":{\"@id\":\"https:\\\/\\\/www.subaru.es\\\/blog\\\/#website\"},\"datePublished\":\"2007-11-08T08:53:12+00:00\",\"dateModified\":\"2016-10-17T13:09:27+00:00\",\"breadcrumb\":{\"@id\":\"https:\\\/\\\/www.subaru.es\\\/blog\\\/nuestra-marca\\\/richard-burns-la-otra-gran-perdida-de-subaru\\\/#breadcrumb\"},\"inLanguage\":\"es\",\"potentialAction\":[{\"@type\":\"ReadAction\",\"target\":[\"https:\\\/\\\/www.subaru.es\\\/blog\\\/nuestra-marca\\\/richard-burns-la-otra-gran-perdida-de-subaru\\\/\"]}]},{\"@type\":\"BreadcrumbList\",\"@id\":\"https:\\\/\\\/www.subaru.es\\\/blog\\\/nuestra-marca\\\/richard-burns-la-otra-gran-perdida-de-subaru\\\/#breadcrumb\",\"itemListElement\":[{\"@type\":\"ListItem\",\"position\":1,\"name\":\"Portada\",\"item\":\"https:\\\/\\\/www.subaru.es\\\/blog\\\/\"},{\"@type\":\"ListItem\",\"position\":2,\"name\":\"Richard Burns, la otra gran p\u00e9rdida de Subaru\"}]},{\"@type\":\"WebSite\",\"@id\":\"https:\\\/\\\/www.subaru.es\\\/blog\\\/#website\",\"url\":\"https:\\\/\\\/www.subaru.es\\\/blog\\\/\",\"name\":\"Universo Subaru\",\"description\":\"Descubre este apasionante espacio de Subaru donde vas a conocer todo sobre nuestros coches y las experiencias que vivimos con ellos. Si est\u00e1s preparado para dejarte seducir por la filosof\u00eda Subaru, qu\u00e9date con nosotros.\",\"publisher\":{\"@id\":\"https:\\\/\\\/www.subaru.es\\\/blog\\\/#organization\"},\"potentialAction\":[{\"@type\":\"SearchAction\",\"target\":{\"@type\":\"EntryPoint\",\"urlTemplate\":\"https:\\\/\\\/www.subaru.es\\\/blog\\\/?s={search_term_string}\"},\"query-input\":{\"@type\":\"PropertyValueSpecification\",\"valueRequired\":true,\"valueName\":\"search_term_string\"}}],\"inLanguage\":\"es\"},{\"@type\":\"Organization\",\"@id\":\"https:\\\/\\\/www.subaru.es\\\/blog\\\/#organization\",\"name\":\"Subaru Espa\u00f1a S.A.\",\"url\":\"https:\\\/\\\/www.subaru.es\\\/blog\\\/\",\"logo\":{\"@type\":\"ImageObject\",\"inLanguage\":\"es\",\"@id\":\"https:\\\/\\\/www.subaru.es\\\/blog\\\/#\\\/schema\\\/logo\\\/image\\\/\",\"url\":\"https:\\\/\\\/www.subaru.es\\\/blog\\\/wp-content\\\/uploads\\\/2016\\\/12\\\/Logo-Subaru-TypeV_C300-scaled.jpg\",\"contentUrl\":\"https:\\\/\\\/www.subaru.es\\\/blog\\\/wp-content\\\/uploads\\\/2016\\\/12\\\/Logo-Subaru-TypeV_C300-scaled.jpg\",\"width\":2560,\"height\":1864,\"caption\":\"Subaru Espa\u00f1a S.A.\"},\"image\":{\"@id\":\"https:\\\/\\\/www.subaru.es\\\/blog\\\/#\\\/schema\\\/logo\\\/image\\\/\"},\"sameAs\":[\"https:\\\/\\\/www.facebook.com\\\/subaruespana\",\"https:\\\/\\\/www.instagram.com\\\/subarues\\\/\",\"https:\\\/\\\/www.youtube.com\\\/user\\\/subaruespana\"]},{\"@type\":\"Person\",\"@id\":\"https:\\\/\\\/www.subaru.es\\\/blog\\\/#\\\/schema\\\/person\\\/19a90b892230b8e0ec752704ddf4aa10\",\"name\":\"Subaru\",\"url\":\"https:\\\/\\\/www.subaru.es\\\/blog\\\/author\\\/subaria\\\/\"}]}<\/script>\n<!-- \/ Yoast SEO plugin. -->","yoast_head_json":{"title":"Richard Burns, la otra gran p\u00e9rdida de Subaru - Universo Subaru","robots":{"index":"index","follow":"follow","max-snippet":"max-snippet:-1","max-image-preview":"max-image-preview:large","max-video-preview":"max-video-preview:-1"},"canonical":"https:\/\/www.subaru.es\/blog\/nuestra-marca\/richard-burns-la-otra-gran-perdida-de-subaru\/","og_locale":"es_ES","og_type":"article","og_title":"Richard Burns, la otra gran p\u00e9rdida de Subaru - Universo Subaru","og_description":"Este a\u00f1o ha sucedido la desgracia de perder a Colin Mcrae, pero el dolor no es nuevo en la casa Subaru, ya que la desdicha golpe\u00f3 con fuerza hace ya cas\u00ed dos a\u00f1os, el 25 de noviembre pr\u00f3ximo, cuando Richard Burns nos dej\u00f3, a la joven edad de 34 a\u00f1os. El incomprendido y majestuoso piloto [&hellip;]","og_url":"https:\/\/www.subaru.es\/blog\/nuestra-marca\/richard-burns-la-otra-gran-perdida-de-subaru\/","og_site_name":"Universo Subaru","article_publisher":"https:\/\/www.facebook.com\/subaruespana","article_published_time":"2007-11-08T08:53:12+00:00","article_modified_time":"2016-10-17T13:09:27+00:00","author":"Subaru","twitter_card":"summary_large_image","twitter_misc":{"Escrito por":"Subaru","Tiempo de lectura":"1 minuto"},"schema":{"@context":"https:\/\/schema.org","@graph":[{"@type":"Article","@id":"https:\/\/www.subaru.es\/blog\/nuestra-marca\/richard-burns-la-otra-gran-perdida-de-subaru\/#article","isPartOf":{"@id":"https:\/\/www.subaru.es\/blog\/nuestra-marca\/richard-burns-la-otra-gran-perdida-de-subaru\/"},"author":{"name":"Subaru","@id":"https:\/\/www.subaru.es\/blog\/#\/schema\/person\/19a90b892230b8e0ec752704ddf4aa10"},"headline":"Richard Burns, la otra gran p\u00e9rdida de Subaru","datePublished":"2007-11-08T08:53:12+00:00","dateModified":"2016-10-17T13:09:27+00:00","mainEntityOfPage":{"@id":"https:\/\/www.subaru.es\/blog\/nuestra-marca\/richard-burns-la-otra-gran-perdida-de-subaru\/"},"wordCount":218,"commentCount":1,"publisher":{"@id":"https:\/\/www.subaru.es\/blog\/#organization"},"articleSection":["Nuestra marca"],"inLanguage":"es","potentialAction":[{"@type":"CommentAction","name":"Comment","target":["https:\/\/www.subaru.es\/blog\/nuestra-marca\/richard-burns-la-otra-gran-perdida-de-subaru\/#respond"]}]},{"@type":"WebPage","@id":"https:\/\/www.subaru.es\/blog\/nuestra-marca\/richard-burns-la-otra-gran-perdida-de-subaru\/","url":"https:\/\/www.subaru.es\/blog\/nuestra-marca\/richard-burns-la-otra-gran-perdida-de-subaru\/","name":"Richard Burns, la otra gran p\u00e9rdida de Subaru - Universo Subaru","isPartOf":{"@id":"https:\/\/www.subaru.es\/blog\/#website"},"datePublished":"2007-11-08T08:53:12+00:00","dateModified":"2016-10-17T13:09:27+00:00","breadcrumb":{"@id":"https:\/\/www.subaru.es\/blog\/nuestra-marca\/richard-burns-la-otra-gran-perdida-de-subaru\/#breadcrumb"},"inLanguage":"es","potentialAction":[{"@type":"ReadAction","target":["https:\/\/www.subaru.es\/blog\/nuestra-marca\/richard-burns-la-otra-gran-perdida-de-subaru\/"]}]},{"@type":"BreadcrumbList","@id":"https:\/\/www.subaru.es\/blog\/nuestra-marca\/richard-burns-la-otra-gran-perdida-de-subaru\/#breadcrumb","itemListElement":[{"@type":"ListItem","position":1,"name":"Portada","item":"https:\/\/www.subaru.es\/blog\/"},{"@type":"ListItem","position":2,"name":"Richard Burns, la otra gran p\u00e9rdida de Subaru"}]},{"@type":"WebSite","@id":"https:\/\/www.subaru.es\/blog\/#website","url":"https:\/\/www.subaru.es\/blog\/","name":"Universo Subaru","description":"Descubre este apasionante espacio de Subaru donde vas a conocer todo sobre nuestros coches y las experiencias que vivimos con ellos. Si est\u00e1s preparado para dejarte seducir por la filosof\u00eda Subaru, qu\u00e9date con nosotros.","publisher":{"@id":"https:\/\/www.subaru.es\/blog\/#organization"},"potentialAction":[{"@type":"SearchAction","target":{"@type":"EntryPoint","urlTemplate":"https:\/\/www.subaru.es\/blog\/?s={search_term_string}"},"query-input":{"@type":"PropertyValueSpecification","valueRequired":true,"valueName":"search_term_string"}}],"inLanguage":"es"},{"@type":"Organization","@id":"https:\/\/www.subaru.es\/blog\/#organization","name":"Subaru Espa\u00f1a S.A.","url":"https:\/\/www.subaru.es\/blog\/","logo":{"@type":"ImageObject","inLanguage":"es","@id":"https:\/\/www.subaru.es\/blog\/#\/schema\/logo\/image\/","url":"https:\/\/www.subaru.es\/blog\/wp-content\/uploads\/2016\/12\/Logo-Subaru-TypeV_C300-scaled.jpg","contentUrl":"https:\/\/www.subaru.es\/blog\/wp-content\/uploads\/2016\/12\/Logo-Subaru-TypeV_C300-scaled.jpg","width":2560,"height":1864,"caption":"Subaru Espa\u00f1a S.A."},"image":{"@id":"https:\/\/www.subaru.es\/blog\/#\/schema\/logo\/image\/"},"sameAs":["https:\/\/www.facebook.com\/subaruespana","https:\/\/www.instagram.com\/subarues\/","https:\/\/www.youtube.com\/user\/subaruespana"]},{"@type":"Person","@id":"https:\/\/www.subaru.es\/blog\/#\/schema\/person\/19a90b892230b8e0ec752704ddf4aa10","name":"Subaru","url":"https:\/\/www.subaru.es\/blog\/author\/subaria\/"}]}},"_links":{"self":[{"href":"https:\/\/www.subaru.es\/blog\/wp-json\/wp\/v2\/posts\/378","targetHints":{"allow":["GET"]}}],"collection":[{"href":"https:\/\/www.subaru.es\/blog\/wp-json\/wp\/v2\/posts"}],"about":[{"href":"https:\/\/www.subaru.es\/blog\/wp-json\/wp\/v2\/types\/post"}],"author":[{"embeddable":true,"href":"https:\/\/www.subaru.es\/blog\/wp-json\/wp\/v2\/users\/21"}],"replies":[{"embeddable":true,"href":"https:\/\/www.subaru.es\/blog\/wp-json\/wp\/v2\/comments?post=378"}],"version-history":[{"count":1,"href":"https:\/\/www.subaru.es\/blog\/wp-json\/wp\/v2\/posts\/378\/revisions"}],"predecessor-version":[{"id":15750,"href":"https:\/\/www.subaru.es\/blog\/wp-json\/wp\/v2\/posts\/378\/revisions\/15750"}],"wp:attachment":[{"href":"https:\/\/www.subaru.es\/blog\/wp-json\/wp\/v2\/media?parent=378"}],"wp:term":[{"taxonomy":"category","embeddable":true,"href":"https:\/\/www.subaru.es\/blog\/wp-json\/wp\/v2\/categories?post=378"},{"taxonomy":"post_tag","embeddable":true,"href":"https:\/\/www.subaru.es\/blog\/wp-json\/wp\/v2\/tags?post=378"}],"curies":[{"name":"wp","href":"https:\/\/api.w.org\/{rel}","templated":true}]}}