{"id":373,"date":"2007-11-08T10:53:33","date_gmt":"2007-11-08T08:53:33","guid":{"rendered":"http:\/\/subaru.preproduccion.com\/blog\/wp-content\/2007\/11\/08\/subaru-en-discovery-channel-un-documental-que-no-hay-que-perderse\/"},"modified":"2016-10-17T15:09:27","modified_gmt":"2016-10-17T13:09:27","slug":"subaru-en-discovery-channel-un-documental-que-no-hay-que-perderse","status":"publish","type":"post","link":"https:\/\/www.subaru.es\/blog\/nuestra-marca\/subaru-en-discovery-channel-un-documental-que-no-hay-que-perderse\/","title":{"rendered":"Subaru en Discovery Channel un documental que no hay que perderse"},"content":{"rendered":"<p>La temporada 2006 del <strong>Campeonato del Mundo de Rallys<\/strong> cont\u00f3 con testigos de excepci\u00f3n. Fueron las c\u00e1maras y redactores del canal norteamericano <a href=\"http:\/\/www.tudiscovery.com\/_home\/index.shtml\">Discovery Channel<\/a> que se integraron como \u201cuno m\u00e1s\u201d en el equipo <strong>WRC de Subaru<\/strong>.<\/p>\n<p>Las im\u00e1genes y datos que los periodistas recabaron gracias a la <a href=\"http:\/\/rallyfc.mforos.com\/16883\/6216952-el-equipo-subaru-en-discovery-channel\/\">convivencia<\/a> con los miembros de Subaru fue un colosal trabajo que dio sus frutos en forma de una serie de documentales aut\u00e9nticamente espectaculares que no hab\u00edan tenido precedente en ninguna competici\u00f3n de este nivel.<\/p>\n<p>La imagen de proximidad y realidad de lo que se cuece en las tripas de un equipo como el WRC de Subaru fue todo un \u00e9xito del canal norteamericano.<\/p>\n<p><img data-src='https:\/\/www.subaru.es\/blog\/wp-content\/uploads\/2007\/11\/dchannel.jpg' alt='dchannel.jpg' src='data:image\/svg+xml;base64,PHN2ZyB3aWR0aD0iMSIgaGVpZ2h0PSIxIiB4bWxucz0iaHR0cDovL3d3dy53My5vcmcvMjAwMC9zdmciPjwvc3ZnPg==' class='lazyload' style='--smush-placeholder-width: 400px; --smush-placeholder-aspect-ratio: 400\/300;' \/><\/a><\/p>\n<p>La serie de documentales se estructur\u00f3 en <a href=\"http:\/\/www.tudiscovery.com\/guia_autos\/rallymundial\/episodios\/index.shtml\">seis episodios<\/a>: Episodio 1: Montecarlo, Episodio 2: Suecia; Episodio 3: Argentina; Episodio 4: Finlandia y Alemania; Episodio 5: Jap\u00f3n; Episodio 6: Gales.<\/p>\n<p>Todos los cap\u00edtulos son muy interesantes as\u00ed que intenten conseguirlos.<\/p>\n","protected":false},"excerpt":{"rendered":"<p>La temporada 2006 del Campeonato del Mundo de Rallys cont\u00f3 con testigos de excepci\u00f3n. Fueron las c\u00e1maras y redactores del canal norteamericano Discovery Channel que se integraron como \u201cuno m\u00e1s\u201d en el equipo WRC de Subaru. Las im\u00e1genes y datos que los periodistas recabaron gracias a la convivencia con los miembros de Subaru fue un [&hellip;]<\/p>\n","protected":false},"author":21,"featured_media":374,"comment_status":"open","ping_status":"open","sticky":false,"template":"","format":"standard","meta":{"_acf_changed":false,"_eb_attr":"","inline_featured_image":false,"footnotes":""},"categories":[4401],"tags":[],"class_list":["post-373","post","type-post","status-publish","format-standard","has-post-thumbnail","hentry","category-nuestra-marca"],"acf":[],"yoast_head":"<!-- This site is optimized with the Yoast SEO plugin v27.3 - https:\/\/yoast.com\/product\/yoast-seo-wordpress\/ -->\n<title>Subaru en Discovery Channel un documental que no hay que perderse - Universo Subaru<\/title>\n<meta name=\"robots\" content=\"index, follow, max-snippet:-1, max-image-preview:large, max-video-preview:-1\" \/>\n<link rel=\"canonical\" href=\"https:\/\/www.subaru.es\/blog\/nuestra-marca\/subaru-en-discovery-channel-un-documental-que-no-hay-que-perderse\/\" \/>\n<meta property=\"og:locale\" content=\"es_ES\" \/>\n<meta property=\"og:type\" content=\"article\" \/>\n<meta property=\"og:title\" content=\"Subaru en Discovery Channel un documental que no hay que perderse - Universo Subaru\" \/>\n<meta property=\"og:description\" content=\"La temporada 2006 del Campeonato del Mundo de Rallys cont\u00f3 con testigos de excepci\u00f3n. Fueron las c\u00e1maras y redactores del canal norteamericano Discovery Channel que se integraron como \u201cuno m\u00e1s\u201d en el equipo WRC de Subaru. Las im\u00e1genes y datos que los periodistas recabaron gracias a la convivencia con los miembros de Subaru fue un [&hellip;]\" \/>\n<meta property=\"og:url\" content=\"https:\/\/www.subaru.es\/blog\/nuestra-marca\/subaru-en-discovery-channel-un-documental-que-no-hay-que-perderse\/\" \/>\n<meta property=\"og:site_name\" content=\"Universo Subaru\" \/>\n<meta property=\"article:publisher\" content=\"https:\/\/www.facebook.com\/subaruespana\" \/>\n<meta property=\"article:published_time\" content=\"2007-11-08T08:53:33+00:00\" \/>\n<meta property=\"article:modified_time\" content=\"2016-10-17T13:09:27+00:00\" \/>\n<meta property=\"og:image\" content=\"https:\/\/www.subaru.es\/blog\/wp-content\/uploads\/2007\/11\/discovery.gif\" \/>\n\t<meta property=\"og:image:width\" content=\"154\" \/>\n\t<meta property=\"og:image:height\" content=\"71\" \/>\n\t<meta property=\"og:image:type\" content=\"image\/gif\" \/>\n<meta name=\"author\" content=\"Subaru\" \/>\n<meta name=\"twitter:card\" content=\"summary_large_image\" \/>\n<meta name=\"twitter:label1\" content=\"Escrito por\" \/>\n\t<meta name=\"twitter:data1\" content=\"Subaru\" \/>\n\t<meta name=\"twitter:label2\" content=\"Tiempo de lectura\" \/>\n\t<meta name=\"twitter:data2\" content=\"1 minuto\" \/>\n<script type=\"application\/ld+json\" class=\"yoast-schema-graph\">{\"@context\":\"https:\\\/\\\/schema.org\",\"@graph\":[{\"@type\":\"Article\",\"@id\":\"https:\\\/\\\/www.subaru.es\\\/blog\\\/nuestra-marca\\\/subaru-en-discovery-channel-un-documental-que-no-hay-que-perderse\\\/#article\",\"isPartOf\":{\"@id\":\"https:\\\/\\\/www.subaru.es\\\/blog\\\/nuestra-marca\\\/subaru-en-discovery-channel-un-documental-que-no-hay-que-perderse\\\/\"},\"author\":{\"name\":\"Subaru\",\"@id\":\"https:\\\/\\\/www.subaru.es\\\/blog\\\/#\\\/schema\\\/person\\\/19a90b892230b8e0ec752704ddf4aa10\"},\"headline\":\"Subaru en Discovery Channel un documental que no hay que perderse\",\"datePublished\":\"2007-11-08T08:53:33+00:00\",\"dateModified\":\"2016-10-17T13:09:27+00:00\",\"mainEntityOfPage\":{\"@id\":\"https:\\\/\\\/www.subaru.es\\\/blog\\\/nuestra-marca\\\/subaru-en-discovery-channel-un-documental-que-no-hay-que-perderse\\\/\"},\"wordCount\":162,\"commentCount\":0,\"publisher\":{\"@id\":\"https:\\\/\\\/www.subaru.es\\\/blog\\\/#organization\"},\"image\":{\"@id\":\"https:\\\/\\\/www.subaru.es\\\/blog\\\/nuestra-marca\\\/subaru-en-discovery-channel-un-documental-que-no-hay-que-perderse\\\/#primaryimage\"},\"thumbnailUrl\":\"https:\\\/\\\/www.subaru.es\\\/blog\\\/wp-content\\\/uploads\\\/2007\\\/11\\\/discovery.gif\",\"articleSection\":[\"Nuestra marca\"],\"inLanguage\":\"es\",\"potentialAction\":[{\"@type\":\"CommentAction\",\"name\":\"Comment\",\"target\":[\"https:\\\/\\\/www.subaru.es\\\/blog\\\/nuestra-marca\\\/subaru-en-discovery-channel-un-documental-que-no-hay-que-perderse\\\/#respond\"]}]},{\"@type\":\"WebPage\",\"@id\":\"https:\\\/\\\/www.subaru.es\\\/blog\\\/nuestra-marca\\\/subaru-en-discovery-channel-un-documental-que-no-hay-que-perderse\\\/\",\"url\":\"https:\\\/\\\/www.subaru.es\\\/blog\\\/nuestra-marca\\\/subaru-en-discovery-channel-un-documental-que-no-hay-que-perderse\\\/\",\"name\":\"Subaru en Discovery Channel un documental que no hay que perderse - Universo Subaru\",\"isPartOf\":{\"@id\":\"https:\\\/\\\/www.subaru.es\\\/blog\\\/#website\"},\"primaryImageOfPage\":{\"@id\":\"https:\\\/\\\/www.subaru.es\\\/blog\\\/nuestra-marca\\\/subaru-en-discovery-channel-un-documental-que-no-hay-que-perderse\\\/#primaryimage\"},\"image\":{\"@id\":\"https:\\\/\\\/www.subaru.es\\\/blog\\\/nuestra-marca\\\/subaru-en-discovery-channel-un-documental-que-no-hay-que-perderse\\\/#primaryimage\"},\"thumbnailUrl\":\"https:\\\/\\\/www.subaru.es\\\/blog\\\/wp-content\\\/uploads\\\/2007\\\/11\\\/discovery.gif\",\"datePublished\":\"2007-11-08T08:53:33+00:00\",\"dateModified\":\"2016-10-17T13:09:27+00:00\",\"breadcrumb\":{\"@id\":\"https:\\\/\\\/www.subaru.es\\\/blog\\\/nuestra-marca\\\/subaru-en-discovery-channel-un-documental-que-no-hay-que-perderse\\\/#breadcrumb\"},\"inLanguage\":\"es\",\"potentialAction\":[{\"@type\":\"ReadAction\",\"target\":[\"https:\\\/\\\/www.subaru.es\\\/blog\\\/nuestra-marca\\\/subaru-en-discovery-channel-un-documental-que-no-hay-que-perderse\\\/\"]}]},{\"@type\":\"ImageObject\",\"inLanguage\":\"es\",\"@id\":\"https:\\\/\\\/www.subaru.es\\\/blog\\\/nuestra-marca\\\/subaru-en-discovery-channel-un-documental-que-no-hay-que-perderse\\\/#primaryimage\",\"url\":\"https:\\\/\\\/www.subaru.es\\\/blog\\\/wp-content\\\/uploads\\\/2007\\\/11\\\/discovery.gif\",\"contentUrl\":\"https:\\\/\\\/www.subaru.es\\\/blog\\\/wp-content\\\/uploads\\\/2007\\\/11\\\/discovery.gif\",\"width\":154,\"height\":71},{\"@type\":\"BreadcrumbList\",\"@id\":\"https:\\\/\\\/www.subaru.es\\\/blog\\\/nuestra-marca\\\/subaru-en-discovery-channel-un-documental-que-no-hay-que-perderse\\\/#breadcrumb\",\"itemListElement\":[{\"@type\":\"ListItem\",\"position\":1,\"name\":\"Portada\",\"item\":\"https:\\\/\\\/www.subaru.es\\\/blog\\\/\"},{\"@type\":\"ListItem\",\"position\":2,\"name\":\"Subaru en Discovery Channel un documental que no hay que perderse\"}]},{\"@type\":\"WebSite\",\"@id\":\"https:\\\/\\\/www.subaru.es\\\/blog\\\/#website\",\"url\":\"https:\\\/\\\/www.subaru.es\\\/blog\\\/\",\"name\":\"Universo Subaru\",\"description\":\"Descubre este apasionante espacio de Subaru donde vas a conocer todo sobre nuestros coches y las experiencias que vivimos con ellos. Si est\u00e1s preparado para dejarte seducir por la filosof\u00eda Subaru, qu\u00e9date con nosotros.\",\"publisher\":{\"@id\":\"https:\\\/\\\/www.subaru.es\\\/blog\\\/#organization\"},\"potentialAction\":[{\"@type\":\"SearchAction\",\"target\":{\"@type\":\"EntryPoint\",\"urlTemplate\":\"https:\\\/\\\/www.subaru.es\\\/blog\\\/?s={search_term_string}\"},\"query-input\":{\"@type\":\"PropertyValueSpecification\",\"valueRequired\":true,\"valueName\":\"search_term_string\"}}],\"inLanguage\":\"es\"},{\"@type\":\"Organization\",\"@id\":\"https:\\\/\\\/www.subaru.es\\\/blog\\\/#organization\",\"name\":\"Subaru Espa\u00f1a S.A.\",\"url\":\"https:\\\/\\\/www.subaru.es\\\/blog\\\/\",\"logo\":{\"@type\":\"ImageObject\",\"inLanguage\":\"es\",\"@id\":\"https:\\\/\\\/www.subaru.es\\\/blog\\\/#\\\/schema\\\/logo\\\/image\\\/\",\"url\":\"https:\\\/\\\/www.subaru.es\\\/blog\\\/wp-content\\\/uploads\\\/2016\\\/12\\\/Logo-Subaru-TypeV_C300-scaled.jpg\",\"contentUrl\":\"https:\\\/\\\/www.subaru.es\\\/blog\\\/wp-content\\\/uploads\\\/2016\\\/12\\\/Logo-Subaru-TypeV_C300-scaled.jpg\",\"width\":2560,\"height\":1864,\"caption\":\"Subaru Espa\u00f1a S.A.\"},\"image\":{\"@id\":\"https:\\\/\\\/www.subaru.es\\\/blog\\\/#\\\/schema\\\/logo\\\/image\\\/\"},\"sameAs\":[\"https:\\\/\\\/www.facebook.com\\\/subaruespana\",\"https:\\\/\\\/www.instagram.com\\\/subarues\\\/\",\"https:\\\/\\\/www.youtube.com\\\/user\\\/subaruespana\"]},{\"@type\":\"Person\",\"@id\":\"https:\\\/\\\/www.subaru.es\\\/blog\\\/#\\\/schema\\\/person\\\/19a90b892230b8e0ec752704ddf4aa10\",\"name\":\"Subaru\",\"url\":\"https:\\\/\\\/www.subaru.es\\\/blog\\\/author\\\/subaria\\\/\"}]}<\/script>\n<!-- \/ Yoast SEO plugin. -->","yoast_head_json":{"title":"Subaru en Discovery Channel un documental que no hay que perderse - Universo Subaru","robots":{"index":"index","follow":"follow","max-snippet":"max-snippet:-1","max-image-preview":"max-image-preview:large","max-video-preview":"max-video-preview:-1"},"canonical":"https:\/\/www.subaru.es\/blog\/nuestra-marca\/subaru-en-discovery-channel-un-documental-que-no-hay-que-perderse\/","og_locale":"es_ES","og_type":"article","og_title":"Subaru en Discovery Channel un documental que no hay que perderse - Universo Subaru","og_description":"La temporada 2006 del Campeonato del Mundo de Rallys cont\u00f3 con testigos de excepci\u00f3n. Fueron las c\u00e1maras y redactores del canal norteamericano Discovery Channel que se integraron como \u201cuno m\u00e1s\u201d en el equipo WRC de Subaru. Las im\u00e1genes y datos que los periodistas recabaron gracias a la convivencia con los miembros de Subaru fue un [&hellip;]","og_url":"https:\/\/www.subaru.es\/blog\/nuestra-marca\/subaru-en-discovery-channel-un-documental-que-no-hay-que-perderse\/","og_site_name":"Universo Subaru","article_publisher":"https:\/\/www.facebook.com\/subaruespana","article_published_time":"2007-11-08T08:53:33+00:00","article_modified_time":"2016-10-17T13:09:27+00:00","og_image":[{"width":154,"height":71,"url":"https:\/\/www.subaru.es\/blog\/wp-content\/uploads\/2007\/11\/discovery.gif","type":"image\/gif"}],"author":"Subaru","twitter_card":"summary_large_image","twitter_misc":{"Escrito por":"Subaru","Tiempo de lectura":"1 minuto"},"schema":{"@context":"https:\/\/schema.org","@graph":[{"@type":"Article","@id":"https:\/\/www.subaru.es\/blog\/nuestra-marca\/subaru-en-discovery-channel-un-documental-que-no-hay-que-perderse\/#article","isPartOf":{"@id":"https:\/\/www.subaru.es\/blog\/nuestra-marca\/subaru-en-discovery-channel-un-documental-que-no-hay-que-perderse\/"},"author":{"name":"Subaru","@id":"https:\/\/www.subaru.es\/blog\/#\/schema\/person\/19a90b892230b8e0ec752704ddf4aa10"},"headline":"Subaru en Discovery Channel un documental que no hay que perderse","datePublished":"2007-11-08T08:53:33+00:00","dateModified":"2016-10-17T13:09:27+00:00","mainEntityOfPage":{"@id":"https:\/\/www.subaru.es\/blog\/nuestra-marca\/subaru-en-discovery-channel-un-documental-que-no-hay-que-perderse\/"},"wordCount":162,"commentCount":0,"publisher":{"@id":"https:\/\/www.subaru.es\/blog\/#organization"},"image":{"@id":"https:\/\/www.subaru.es\/blog\/nuestra-marca\/subaru-en-discovery-channel-un-documental-que-no-hay-que-perderse\/#primaryimage"},"thumbnailUrl":"https:\/\/www.subaru.es\/blog\/wp-content\/uploads\/2007\/11\/discovery.gif","articleSection":["Nuestra marca"],"inLanguage":"es","potentialAction":[{"@type":"CommentAction","name":"Comment","target":["https:\/\/www.subaru.es\/blog\/nuestra-marca\/subaru-en-discovery-channel-un-documental-que-no-hay-que-perderse\/#respond"]}]},{"@type":"WebPage","@id":"https:\/\/www.subaru.es\/blog\/nuestra-marca\/subaru-en-discovery-channel-un-documental-que-no-hay-que-perderse\/","url":"https:\/\/www.subaru.es\/blog\/nuestra-marca\/subaru-en-discovery-channel-un-documental-que-no-hay-que-perderse\/","name":"Subaru en Discovery Channel un documental que no hay que perderse - Universo Subaru","isPartOf":{"@id":"https:\/\/www.subaru.es\/blog\/#website"},"primaryImageOfPage":{"@id":"https:\/\/www.subaru.es\/blog\/nuestra-marca\/subaru-en-discovery-channel-un-documental-que-no-hay-que-perderse\/#primaryimage"},"image":{"@id":"https:\/\/www.subaru.es\/blog\/nuestra-marca\/subaru-en-discovery-channel-un-documental-que-no-hay-que-perderse\/#primaryimage"},"thumbnailUrl":"https:\/\/www.subaru.es\/blog\/wp-content\/uploads\/2007\/11\/discovery.gif","datePublished":"2007-11-08T08:53:33+00:00","dateModified":"2016-10-17T13:09:27+00:00","breadcrumb":{"@id":"https:\/\/www.subaru.es\/blog\/nuestra-marca\/subaru-en-discovery-channel-un-documental-que-no-hay-que-perderse\/#breadcrumb"},"inLanguage":"es","potentialAction":[{"@type":"ReadAction","target":["https:\/\/www.subaru.es\/blog\/nuestra-marca\/subaru-en-discovery-channel-un-documental-que-no-hay-que-perderse\/"]}]},{"@type":"ImageObject","inLanguage":"es","@id":"https:\/\/www.subaru.es\/blog\/nuestra-marca\/subaru-en-discovery-channel-un-documental-que-no-hay-que-perderse\/#primaryimage","url":"https:\/\/www.subaru.es\/blog\/wp-content\/uploads\/2007\/11\/discovery.gif","contentUrl":"https:\/\/www.subaru.es\/blog\/wp-content\/uploads\/2007\/11\/discovery.gif","width":154,"height":71},{"@type":"BreadcrumbList","@id":"https:\/\/www.subaru.es\/blog\/nuestra-marca\/subaru-en-discovery-channel-un-documental-que-no-hay-que-perderse\/#breadcrumb","itemListElement":[{"@type":"ListItem","position":1,"name":"Portada","item":"https:\/\/www.subaru.es\/blog\/"},{"@type":"ListItem","position":2,"name":"Subaru en Discovery Channel un documental que no hay que perderse"}]},{"@type":"WebSite","@id":"https:\/\/www.subaru.es\/blog\/#website","url":"https:\/\/www.subaru.es\/blog\/","name":"Universo Subaru","description":"Descubre este apasionante espacio de Subaru donde vas a conocer todo sobre nuestros coches y las experiencias que vivimos con ellos. Si est\u00e1s preparado para dejarte seducir por la filosof\u00eda Subaru, qu\u00e9date con nosotros.","publisher":{"@id":"https:\/\/www.subaru.es\/blog\/#organization"},"potentialAction":[{"@type":"SearchAction","target":{"@type":"EntryPoint","urlTemplate":"https:\/\/www.subaru.es\/blog\/?s={search_term_string}"},"query-input":{"@type":"PropertyValueSpecification","valueRequired":true,"valueName":"search_term_string"}}],"inLanguage":"es"},{"@type":"Organization","@id":"https:\/\/www.subaru.es\/blog\/#organization","name":"Subaru Espa\u00f1a S.A.","url":"https:\/\/www.subaru.es\/blog\/","logo":{"@type":"ImageObject","inLanguage":"es","@id":"https:\/\/www.subaru.es\/blog\/#\/schema\/logo\/image\/","url":"https:\/\/www.subaru.es\/blog\/wp-content\/uploads\/2016\/12\/Logo-Subaru-TypeV_C300-scaled.jpg","contentUrl":"https:\/\/www.subaru.es\/blog\/wp-content\/uploads\/2016\/12\/Logo-Subaru-TypeV_C300-scaled.jpg","width":2560,"height":1864,"caption":"Subaru Espa\u00f1a S.A."},"image":{"@id":"https:\/\/www.subaru.es\/blog\/#\/schema\/logo\/image\/"},"sameAs":["https:\/\/www.facebook.com\/subaruespana","https:\/\/www.instagram.com\/subarues\/","https:\/\/www.youtube.com\/user\/subaruespana"]},{"@type":"Person","@id":"https:\/\/www.subaru.es\/blog\/#\/schema\/person\/19a90b892230b8e0ec752704ddf4aa10","name":"Subaru","url":"https:\/\/www.subaru.es\/blog\/author\/subaria\/"}]}},"_links":{"self":[{"href":"https:\/\/www.subaru.es\/blog\/wp-json\/wp\/v2\/posts\/373","targetHints":{"allow":["GET"]}}],"collection":[{"href":"https:\/\/www.subaru.es\/blog\/wp-json\/wp\/v2\/posts"}],"about":[{"href":"https:\/\/www.subaru.es\/blog\/wp-json\/wp\/v2\/types\/post"}],"author":[{"embeddable":true,"href":"https:\/\/www.subaru.es\/blog\/wp-json\/wp\/v2\/users\/21"}],"replies":[{"embeddable":true,"href":"https:\/\/www.subaru.es\/blog\/wp-json\/wp\/v2\/comments?post=373"}],"version-history":[{"count":1,"href":"https:\/\/www.subaru.es\/blog\/wp-json\/wp\/v2\/posts\/373\/revisions"}],"predecessor-version":[{"id":15749,"href":"https:\/\/www.subaru.es\/blog\/wp-json\/wp\/v2\/posts\/373\/revisions\/15749"}],"wp:featuredmedia":[{"embeddable":true,"href":"https:\/\/www.subaru.es\/blog\/wp-json\/wp\/v2\/media\/374"}],"wp:attachment":[{"href":"https:\/\/www.subaru.es\/blog\/wp-json\/wp\/v2\/media?parent=373"}],"wp:term":[{"taxonomy":"category","embeddable":true,"href":"https:\/\/www.subaru.es\/blog\/wp-json\/wp\/v2\/categories?post=373"},{"taxonomy":"post_tag","embeddable":true,"href":"https:\/\/www.subaru.es\/blog\/wp-json\/wp\/v2\/tags?post=373"}],"curies":[{"name":"wp","href":"https:\/\/api.w.org\/{rel}","templated":true}]}}