{"id":356,"date":"2007-10-29T10:59:59","date_gmt":"2007-10-29T08:59:59","guid":{"rendered":"http:\/\/subaru.preproduccion.com\/blog\/wp-content\/2007\/10\/29\/xevi-pons-racc-debuta-en-el-rally-de-japon\/"},"modified":"2016-10-17T15:11:39","modified_gmt":"2016-10-17T13:11:39","slug":"xevi-pons-racc-debuta-en-el-rally-de-japon","status":"publish","type":"post","link":"https:\/\/www.subaru.es\/blog\/nuestra-marca\/xevi-pons-racc-debuta-en-el-rally-de-japon\/","title":{"rendered":"Xevi Pons (RACC) debuta en el Rally de Jap\u00f3n"},"content":{"rendered":"<p><center><img data-src='https:\/\/www.subaru.es\/blog\/wp-content\/uploads\/2007\/10\/subaru-pons-jp.jpg' alt='subaru-pons-jp' src='data:image\/svg+xml;base64,PHN2ZyB3aWR0aD0iMSIgaGVpZ2h0PSIxIiB4bWxucz0iaHR0cDovL3d3dy53My5vcmcvMjAwMC9zdmciPjwvc3ZnPg==' class='lazyload' style='--smush-placeholder-width: 364px; --smush-placeholder-aspect-ratio: 364\/237;' \/><\/center><\/p>\n<p><strong>Obishiro (Hokkaido, Jap\u00f3n), 24 de octubre de 2007.\u2013<\/strong> <a href=\"http:\/\/www.xevipons.com\/\">Xevi Pons<\/a> no se cansaba de repetir que, aunque ten\u00eda puestas grandes esperanzas en la prueba de <strong>C\u00f3rcega<\/strong>, \u201cconseguir 1 punto tras los problemas de la tercera etapa no deja de <strong>ser algo muy positivo<\/strong>\u201d, al tiempo que admit\u00eda que \u201clo importante es que nuestro <strong>Impreza no tuvo ning\u00fan problema t\u00e9cnico <\/strong>grave en C\u00f3rcega y que funcion\u00f3 por lo general de una forma correcta, lo que ahora est\u00e1 pasando es que estamos <strong>adaptando nuestro estilo al coche <\/strong>y a veces es mejor no cambiar excesivas cosas para que este <strong>acoplamiento <\/strong>se efect\u00faa de la <strong>forma m\u00e1s progresiva posible<\/strong>\u201d. <\/p>\n<p>En el <a href=\"http:\/\/www.swrt.com\/\">Subaru WRT<\/a> est\u00e1n <strong>contentos <\/strong>con el rendimiento de Xevi Pons ya que al final de los dos <strong>rallies <\/strong>sobre asfalto sus tiempos se asemejan cada vez m\u00e1s a los de sus compa\u00f1eros de equipo: que los tres Impreza finalizar\u00e1n en C\u00f3rcega en la zona de puntos es <strong>una buena se\u00f1al <\/strong>de mejora.<\/p>\n<p>Las <strong>especiales del Rally de Jap\u00f3n <\/strong>son por lo general bastante complicadas. Estrechas y reviradas en determinados sectores y con mucha vegetaci\u00f3n que dificulta la visi\u00f3n, no son las del Jap\u00f3n aquellas pistas donde los pilotos generosos al volante acaban por destacar. Aqu\u00ed, un error o un <strong>derrapaje m\u00e1s largo del necesario <\/strong>puede acabar con un toque. Para este a\u00f1o est\u00e1 anunciado fr\u00edo, lo que significa que el terreno puede estar duro, a diferencia de <strong>a\u00f1os anteriores<\/strong>.<\/p>\n<p>Para ser la <strong>primera visita de Xevi a Jap\u00f3n<\/strong>, estos proleg\u00f3menos no es que sean muy <strong>halag\u00fce\u00f1os<\/strong>, pero en todo caso su objetivo sigue siendo el mismo: intentar puntuar. Por correr en casa, el Subaru WRT desea m\u00e1s que nunca un buen resultado, algo muy importante para todos los miembros de la escuder\u00eda anglojaponesa, que se emplear\u00e1 a fondo. Tanto <strong>Richard Taylor <\/strong>como <strong>Paul Howarth<\/strong>, m\u00e1ximos responsables del <a href=\"http:\/\/www.swrt.com\/\">Subaru WRT<\/a>, han comentado que \u201cXevi deber\u00e1 ante todo ganar el m\u00e1ximo de experiencia en su primera participaci\u00f3n en Jap\u00f3n. Este rally es largo y exigente en el que s\u00f3lo obtienen buenos resultados aquellos pilotos capaces de mantener una <strong>concentraci\u00f3n total<\/strong>, incluso durante los largos tramos de enlace\u201d.<\/p>\n<p>Para el <strong>debutante espa\u00f1ol en Jap\u00f3n<\/strong>, su \u00fanica experiencia en este terreno se circunscribe pues al que obtenga en los reconocimientos. El de Jap\u00f3n es <strong>un recorrido largo<\/strong>, con muchas especiales:<\/p>\n<blockquote><p>No he competido nunca antes en Jap\u00f3n, as\u00ed que no estoy del todo seguro qu\u00e9 nos espera. Las etapas son largas y en muchas especiales prima ante todo una <strong>conducci\u00f3n <\/strong>muy espec\u00edfica, ya que son muy t\u00e9cnicas, as\u00ed que ser\u00e1 duro destacar aqu\u00ed. No hay que olvidar de todos modos que es un <strong>rally importante <\/strong>para el equipo, as\u00ed que tirar\u00e9 lo m\u00e1s fuerte que pueda <strong>sin cometer errores<\/strong>. Es importante para nosotros finalizar el rally y aprender lo m\u00e1ximo posible.<\/p><\/blockquote>\n<p>Informaci\u00f3n sobre el <a href=\"www.rallyracc.com\">Rally de Jap\u00f3n<\/a><br \/>\nInformaci\u00f3n sobre <a href=\"www.racc.es\">Xevi Pons<\/a><br \/>\nFotograf\u00edas en carrera de <a href=\"www.jas.es\">Xevi Pons<\/a><\/p>\n","protected":false},"excerpt":{"rendered":"<p>Obishiro (Hokkaido, Jap\u00f3n), 24 de octubre de 2007.\u2013 Xevi Pons no se cansaba de repetir que, aunque ten\u00eda puestas grandes esperanzas en la prueba de C\u00f3rcega, \u201cconseguir 1 punto tras los problemas de la tercera etapa no deja de ser algo muy positivo\u201d, al tiempo que admit\u00eda que \u201clo importante es que nuestro Impreza no [&hellip;]<\/p>\n","protected":false},"author":21,"featured_media":357,"comment_status":"open","ping_status":"open","sticky":false,"template":"","format":"standard","meta":{"_acf_changed":false,"_eb_attr":"","inline_featured_image":false,"footnotes":""},"categories":[4401],"tags":[],"class_list":["post-356","post","type-post","status-publish","format-standard","has-post-thumbnail","hentry","category-nuestra-marca"],"acf":[],"yoast_head":"<!-- This site is optimized with the Yoast SEO plugin v27.3 - https:\/\/yoast.com\/product\/yoast-seo-wordpress\/ -->\n<title>Xevi Pons (RACC) debuta en el Rally de Jap\u00f3n - Universo Subaru<\/title>\n<meta name=\"robots\" content=\"index, follow, max-snippet:-1, max-image-preview:large, max-video-preview:-1\" \/>\n<link rel=\"canonical\" href=\"https:\/\/www.subaru.es\/blog\/nuestra-marca\/xevi-pons-racc-debuta-en-el-rally-de-japon\/\" \/>\n<meta property=\"og:locale\" content=\"es_ES\" \/>\n<meta property=\"og:type\" content=\"article\" \/>\n<meta property=\"og:title\" content=\"Xevi Pons (RACC) debuta en el Rally de Jap\u00f3n - Universo Subaru\" \/>\n<meta property=\"og:description\" content=\"Obishiro (Hokkaido, Jap\u00f3n), 24 de octubre de 2007.\u2013 Xevi Pons no se cansaba de repetir que, aunque ten\u00eda puestas grandes esperanzas en la prueba de C\u00f3rcega, \u201cconseguir 1 punto tras los problemas de la tercera etapa no deja de ser algo muy positivo\u201d, al tiempo que admit\u00eda que \u201clo importante es que nuestro Impreza no [&hellip;]\" \/>\n<meta property=\"og:url\" content=\"https:\/\/www.subaru.es\/blog\/nuestra-marca\/xevi-pons-racc-debuta-en-el-rally-de-japon\/\" \/>\n<meta property=\"og:site_name\" content=\"Universo Subaru\" \/>\n<meta property=\"article:publisher\" content=\"https:\/\/www.facebook.com\/subaruespana\" \/>\n<meta property=\"article:published_time\" content=\"2007-10-29T08:59:59+00:00\" \/>\n<meta property=\"article:modified_time\" content=\"2016-10-17T13:11:39+00:00\" \/>\n<meta property=\"og:image\" content=\"https:\/\/www.subaru.es\/blog\/wp-content\/uploads\/2007\/10\/subaru-pons-jp.jpg\" \/>\n\t<meta property=\"og:image:width\" content=\"364\" \/>\n\t<meta property=\"og:image:height\" content=\"237\" \/>\n\t<meta property=\"og:image:type\" content=\"image\/jpeg\" \/>\n<meta name=\"author\" content=\"Subaru\" \/>\n<meta name=\"twitter:card\" content=\"summary_large_image\" \/>\n<meta name=\"twitter:label1\" content=\"Escrito por\" \/>\n\t<meta name=\"twitter:data1\" content=\"Subaru\" \/>\n\t<meta name=\"twitter:label2\" content=\"Tiempo de lectura\" \/>\n\t<meta name=\"twitter:data2\" content=\"3 minutos\" \/>\n<script type=\"application\/ld+json\" class=\"yoast-schema-graph\">{\"@context\":\"https:\\\/\\\/schema.org\",\"@graph\":[{\"@type\":\"Article\",\"@id\":\"https:\\\/\\\/www.subaru.es\\\/blog\\\/nuestra-marca\\\/xevi-pons-racc-debuta-en-el-rally-de-japon\\\/#article\",\"isPartOf\":{\"@id\":\"https:\\\/\\\/www.subaru.es\\\/blog\\\/nuestra-marca\\\/xevi-pons-racc-debuta-en-el-rally-de-japon\\\/\"},\"author\":{\"name\":\"Subaru\",\"@id\":\"https:\\\/\\\/www.subaru.es\\\/blog\\\/#\\\/schema\\\/person\\\/19a90b892230b8e0ec752704ddf4aa10\"},\"headline\":\"Xevi Pons (RACC) debuta en el Rally de Jap\u00f3n\",\"datePublished\":\"2007-10-29T08:59:59+00:00\",\"dateModified\":\"2016-10-17T13:11:39+00:00\",\"mainEntityOfPage\":{\"@id\":\"https:\\\/\\\/www.subaru.es\\\/blog\\\/nuestra-marca\\\/xevi-pons-racc-debuta-en-el-rally-de-japon\\\/\"},\"wordCount\":536,\"commentCount\":0,\"publisher\":{\"@id\":\"https:\\\/\\\/www.subaru.es\\\/blog\\\/#organization\"},\"image\":{\"@id\":\"https:\\\/\\\/www.subaru.es\\\/blog\\\/nuestra-marca\\\/xevi-pons-racc-debuta-en-el-rally-de-japon\\\/#primaryimage\"},\"thumbnailUrl\":\"https:\\\/\\\/www.subaru.es\\\/blog\\\/wp-content\\\/uploads\\\/2007\\\/10\\\/subaru-pons-jp.jpg\",\"articleSection\":[\"Nuestra marca\"],\"inLanguage\":\"es\",\"potentialAction\":[{\"@type\":\"CommentAction\",\"name\":\"Comment\",\"target\":[\"https:\\\/\\\/www.subaru.es\\\/blog\\\/nuestra-marca\\\/xevi-pons-racc-debuta-en-el-rally-de-japon\\\/#respond\"]}]},{\"@type\":\"WebPage\",\"@id\":\"https:\\\/\\\/www.subaru.es\\\/blog\\\/nuestra-marca\\\/xevi-pons-racc-debuta-en-el-rally-de-japon\\\/\",\"url\":\"https:\\\/\\\/www.subaru.es\\\/blog\\\/nuestra-marca\\\/xevi-pons-racc-debuta-en-el-rally-de-japon\\\/\",\"name\":\"Xevi Pons (RACC) debuta en el Rally de Jap\u00f3n - Universo Subaru\",\"isPartOf\":{\"@id\":\"https:\\\/\\\/www.subaru.es\\\/blog\\\/#website\"},\"primaryImageOfPage\":{\"@id\":\"https:\\\/\\\/www.subaru.es\\\/blog\\\/nuestra-marca\\\/xevi-pons-racc-debuta-en-el-rally-de-japon\\\/#primaryimage\"},\"image\":{\"@id\":\"https:\\\/\\\/www.subaru.es\\\/blog\\\/nuestra-marca\\\/xevi-pons-racc-debuta-en-el-rally-de-japon\\\/#primaryimage\"},\"thumbnailUrl\":\"https:\\\/\\\/www.subaru.es\\\/blog\\\/wp-content\\\/uploads\\\/2007\\\/10\\\/subaru-pons-jp.jpg\",\"datePublished\":\"2007-10-29T08:59:59+00:00\",\"dateModified\":\"2016-10-17T13:11:39+00:00\",\"breadcrumb\":{\"@id\":\"https:\\\/\\\/www.subaru.es\\\/blog\\\/nuestra-marca\\\/xevi-pons-racc-debuta-en-el-rally-de-japon\\\/#breadcrumb\"},\"inLanguage\":\"es\",\"potentialAction\":[{\"@type\":\"ReadAction\",\"target\":[\"https:\\\/\\\/www.subaru.es\\\/blog\\\/nuestra-marca\\\/xevi-pons-racc-debuta-en-el-rally-de-japon\\\/\"]}]},{\"@type\":\"ImageObject\",\"inLanguage\":\"es\",\"@id\":\"https:\\\/\\\/www.subaru.es\\\/blog\\\/nuestra-marca\\\/xevi-pons-racc-debuta-en-el-rally-de-japon\\\/#primaryimage\",\"url\":\"https:\\\/\\\/www.subaru.es\\\/blog\\\/wp-content\\\/uploads\\\/2007\\\/10\\\/subaru-pons-jp.jpg\",\"contentUrl\":\"https:\\\/\\\/www.subaru.es\\\/blog\\\/wp-content\\\/uploads\\\/2007\\\/10\\\/subaru-pons-jp.jpg\",\"width\":364,\"height\":237},{\"@type\":\"BreadcrumbList\",\"@id\":\"https:\\\/\\\/www.subaru.es\\\/blog\\\/nuestra-marca\\\/xevi-pons-racc-debuta-en-el-rally-de-japon\\\/#breadcrumb\",\"itemListElement\":[{\"@type\":\"ListItem\",\"position\":1,\"name\":\"Portada\",\"item\":\"https:\\\/\\\/www.subaru.es\\\/blog\\\/\"},{\"@type\":\"ListItem\",\"position\":2,\"name\":\"Xevi Pons (RACC) debuta en el Rally de Jap\u00f3n\"}]},{\"@type\":\"WebSite\",\"@id\":\"https:\\\/\\\/www.subaru.es\\\/blog\\\/#website\",\"url\":\"https:\\\/\\\/www.subaru.es\\\/blog\\\/\",\"name\":\"Universo Subaru\",\"description\":\"Descubre este apasionante espacio de Subaru donde vas a conocer todo sobre nuestros coches y las experiencias que vivimos con ellos. Si est\u00e1s preparado para dejarte seducir por la filosof\u00eda Subaru, qu\u00e9date con nosotros.\",\"publisher\":{\"@id\":\"https:\\\/\\\/www.subaru.es\\\/blog\\\/#organization\"},\"potentialAction\":[{\"@type\":\"SearchAction\",\"target\":{\"@type\":\"EntryPoint\",\"urlTemplate\":\"https:\\\/\\\/www.subaru.es\\\/blog\\\/?s={search_term_string}\"},\"query-input\":{\"@type\":\"PropertyValueSpecification\",\"valueRequired\":true,\"valueName\":\"search_term_string\"}}],\"inLanguage\":\"es\"},{\"@type\":\"Organization\",\"@id\":\"https:\\\/\\\/www.subaru.es\\\/blog\\\/#organization\",\"name\":\"Subaru Espa\u00f1a S.A.\",\"url\":\"https:\\\/\\\/www.subaru.es\\\/blog\\\/\",\"logo\":{\"@type\":\"ImageObject\",\"inLanguage\":\"es\",\"@id\":\"https:\\\/\\\/www.subaru.es\\\/blog\\\/#\\\/schema\\\/logo\\\/image\\\/\",\"url\":\"https:\\\/\\\/www.subaru.es\\\/blog\\\/wp-content\\\/uploads\\\/2016\\\/12\\\/Logo-Subaru-TypeV_C300-scaled.jpg\",\"contentUrl\":\"https:\\\/\\\/www.subaru.es\\\/blog\\\/wp-content\\\/uploads\\\/2016\\\/12\\\/Logo-Subaru-TypeV_C300-scaled.jpg\",\"width\":2560,\"height\":1864,\"caption\":\"Subaru Espa\u00f1a S.A.\"},\"image\":{\"@id\":\"https:\\\/\\\/www.subaru.es\\\/blog\\\/#\\\/schema\\\/logo\\\/image\\\/\"},\"sameAs\":[\"https:\\\/\\\/www.facebook.com\\\/subaruespana\",\"https:\\\/\\\/www.instagram.com\\\/subarues\\\/\",\"https:\\\/\\\/www.youtube.com\\\/user\\\/subaruespana\"]},{\"@type\":\"Person\",\"@id\":\"https:\\\/\\\/www.subaru.es\\\/blog\\\/#\\\/schema\\\/person\\\/19a90b892230b8e0ec752704ddf4aa10\",\"name\":\"Subaru\",\"url\":\"https:\\\/\\\/www.subaru.es\\\/blog\\\/author\\\/subaria\\\/\"}]}<\/script>\n<!-- \/ Yoast SEO plugin. -->","yoast_head_json":{"title":"Xevi Pons (RACC) debuta en el Rally de Jap\u00f3n - Universo Subaru","robots":{"index":"index","follow":"follow","max-snippet":"max-snippet:-1","max-image-preview":"max-image-preview:large","max-video-preview":"max-video-preview:-1"},"canonical":"https:\/\/www.subaru.es\/blog\/nuestra-marca\/xevi-pons-racc-debuta-en-el-rally-de-japon\/","og_locale":"es_ES","og_type":"article","og_title":"Xevi Pons (RACC) debuta en el Rally de Jap\u00f3n - Universo Subaru","og_description":"Obishiro (Hokkaido, Jap\u00f3n), 24 de octubre de 2007.\u2013 Xevi Pons no se cansaba de repetir que, aunque ten\u00eda puestas grandes esperanzas en la prueba de C\u00f3rcega, \u201cconseguir 1 punto tras los problemas de la tercera etapa no deja de ser algo muy positivo\u201d, al tiempo que admit\u00eda que \u201clo importante es que nuestro Impreza no [&hellip;]","og_url":"https:\/\/www.subaru.es\/blog\/nuestra-marca\/xevi-pons-racc-debuta-en-el-rally-de-japon\/","og_site_name":"Universo Subaru","article_publisher":"https:\/\/www.facebook.com\/subaruespana","article_published_time":"2007-10-29T08:59:59+00:00","article_modified_time":"2016-10-17T13:11:39+00:00","og_image":[{"width":364,"height":237,"url":"https:\/\/www.subaru.es\/blog\/wp-content\/uploads\/2007\/10\/subaru-pons-jp.jpg","type":"image\/jpeg"}],"author":"Subaru","twitter_card":"summary_large_image","twitter_misc":{"Escrito por":"Subaru","Tiempo de lectura":"3 minutos"},"schema":{"@context":"https:\/\/schema.org","@graph":[{"@type":"Article","@id":"https:\/\/www.subaru.es\/blog\/nuestra-marca\/xevi-pons-racc-debuta-en-el-rally-de-japon\/#article","isPartOf":{"@id":"https:\/\/www.subaru.es\/blog\/nuestra-marca\/xevi-pons-racc-debuta-en-el-rally-de-japon\/"},"author":{"name":"Subaru","@id":"https:\/\/www.subaru.es\/blog\/#\/schema\/person\/19a90b892230b8e0ec752704ddf4aa10"},"headline":"Xevi Pons (RACC) debuta en el Rally de Jap\u00f3n","datePublished":"2007-10-29T08:59:59+00:00","dateModified":"2016-10-17T13:11:39+00:00","mainEntityOfPage":{"@id":"https:\/\/www.subaru.es\/blog\/nuestra-marca\/xevi-pons-racc-debuta-en-el-rally-de-japon\/"},"wordCount":536,"commentCount":0,"publisher":{"@id":"https:\/\/www.subaru.es\/blog\/#organization"},"image":{"@id":"https:\/\/www.subaru.es\/blog\/nuestra-marca\/xevi-pons-racc-debuta-en-el-rally-de-japon\/#primaryimage"},"thumbnailUrl":"https:\/\/www.subaru.es\/blog\/wp-content\/uploads\/2007\/10\/subaru-pons-jp.jpg","articleSection":["Nuestra marca"],"inLanguage":"es","potentialAction":[{"@type":"CommentAction","name":"Comment","target":["https:\/\/www.subaru.es\/blog\/nuestra-marca\/xevi-pons-racc-debuta-en-el-rally-de-japon\/#respond"]}]},{"@type":"WebPage","@id":"https:\/\/www.subaru.es\/blog\/nuestra-marca\/xevi-pons-racc-debuta-en-el-rally-de-japon\/","url":"https:\/\/www.subaru.es\/blog\/nuestra-marca\/xevi-pons-racc-debuta-en-el-rally-de-japon\/","name":"Xevi Pons (RACC) debuta en el Rally de Jap\u00f3n - Universo Subaru","isPartOf":{"@id":"https:\/\/www.subaru.es\/blog\/#website"},"primaryImageOfPage":{"@id":"https:\/\/www.subaru.es\/blog\/nuestra-marca\/xevi-pons-racc-debuta-en-el-rally-de-japon\/#primaryimage"},"image":{"@id":"https:\/\/www.subaru.es\/blog\/nuestra-marca\/xevi-pons-racc-debuta-en-el-rally-de-japon\/#primaryimage"},"thumbnailUrl":"https:\/\/www.subaru.es\/blog\/wp-content\/uploads\/2007\/10\/subaru-pons-jp.jpg","datePublished":"2007-10-29T08:59:59+00:00","dateModified":"2016-10-17T13:11:39+00:00","breadcrumb":{"@id":"https:\/\/www.subaru.es\/blog\/nuestra-marca\/xevi-pons-racc-debuta-en-el-rally-de-japon\/#breadcrumb"},"inLanguage":"es","potentialAction":[{"@type":"ReadAction","target":["https:\/\/www.subaru.es\/blog\/nuestra-marca\/xevi-pons-racc-debuta-en-el-rally-de-japon\/"]}]},{"@type":"ImageObject","inLanguage":"es","@id":"https:\/\/www.subaru.es\/blog\/nuestra-marca\/xevi-pons-racc-debuta-en-el-rally-de-japon\/#primaryimage","url":"https:\/\/www.subaru.es\/blog\/wp-content\/uploads\/2007\/10\/subaru-pons-jp.jpg","contentUrl":"https:\/\/www.subaru.es\/blog\/wp-content\/uploads\/2007\/10\/subaru-pons-jp.jpg","width":364,"height":237},{"@type":"BreadcrumbList","@id":"https:\/\/www.subaru.es\/blog\/nuestra-marca\/xevi-pons-racc-debuta-en-el-rally-de-japon\/#breadcrumb","itemListElement":[{"@type":"ListItem","position":1,"name":"Portada","item":"https:\/\/www.subaru.es\/blog\/"},{"@type":"ListItem","position":2,"name":"Xevi Pons (RACC) debuta en el Rally de Jap\u00f3n"}]},{"@type":"WebSite","@id":"https:\/\/www.subaru.es\/blog\/#website","url":"https:\/\/www.subaru.es\/blog\/","name":"Universo Subaru","description":"Descubre este apasionante espacio de Subaru donde vas a conocer todo sobre nuestros coches y las experiencias que vivimos con ellos. Si est\u00e1s preparado para dejarte seducir por la filosof\u00eda Subaru, qu\u00e9date con nosotros.","publisher":{"@id":"https:\/\/www.subaru.es\/blog\/#organization"},"potentialAction":[{"@type":"SearchAction","target":{"@type":"EntryPoint","urlTemplate":"https:\/\/www.subaru.es\/blog\/?s={search_term_string}"},"query-input":{"@type":"PropertyValueSpecification","valueRequired":true,"valueName":"search_term_string"}}],"inLanguage":"es"},{"@type":"Organization","@id":"https:\/\/www.subaru.es\/blog\/#organization","name":"Subaru Espa\u00f1a S.A.","url":"https:\/\/www.subaru.es\/blog\/","logo":{"@type":"ImageObject","inLanguage":"es","@id":"https:\/\/www.subaru.es\/blog\/#\/schema\/logo\/image\/","url":"https:\/\/www.subaru.es\/blog\/wp-content\/uploads\/2016\/12\/Logo-Subaru-TypeV_C300-scaled.jpg","contentUrl":"https:\/\/www.subaru.es\/blog\/wp-content\/uploads\/2016\/12\/Logo-Subaru-TypeV_C300-scaled.jpg","width":2560,"height":1864,"caption":"Subaru Espa\u00f1a S.A."},"image":{"@id":"https:\/\/www.subaru.es\/blog\/#\/schema\/logo\/image\/"},"sameAs":["https:\/\/www.facebook.com\/subaruespana","https:\/\/www.instagram.com\/subarues\/","https:\/\/www.youtube.com\/user\/subaruespana"]},{"@type":"Person","@id":"https:\/\/www.subaru.es\/blog\/#\/schema\/person\/19a90b892230b8e0ec752704ddf4aa10","name":"Subaru","url":"https:\/\/www.subaru.es\/blog\/author\/subaria\/"}]}},"_links":{"self":[{"href":"https:\/\/www.subaru.es\/blog\/wp-json\/wp\/v2\/posts\/356","targetHints":{"allow":["GET"]}}],"collection":[{"href":"https:\/\/www.subaru.es\/blog\/wp-json\/wp\/v2\/posts"}],"about":[{"href":"https:\/\/www.subaru.es\/blog\/wp-json\/wp\/v2\/types\/post"}],"author":[{"embeddable":true,"href":"https:\/\/www.subaru.es\/blog\/wp-json\/wp\/v2\/users\/21"}],"replies":[{"embeddable":true,"href":"https:\/\/www.subaru.es\/blog\/wp-json\/wp\/v2\/comments?post=356"}],"version-history":[{"count":1,"href":"https:\/\/www.subaru.es\/blog\/wp-json\/wp\/v2\/posts\/356\/revisions"}],"predecessor-version":[{"id":15759,"href":"https:\/\/www.subaru.es\/blog\/wp-json\/wp\/v2\/posts\/356\/revisions\/15759"}],"wp:featuredmedia":[{"embeddable":true,"href":"https:\/\/www.subaru.es\/blog\/wp-json\/wp\/v2\/media\/357"}],"wp:attachment":[{"href":"https:\/\/www.subaru.es\/blog\/wp-json\/wp\/v2\/media?parent=356"}],"wp:term":[{"taxonomy":"category","embeddable":true,"href":"https:\/\/www.subaru.es\/blog\/wp-json\/wp\/v2\/categories?post=356"},{"taxonomy":"post_tag","embeddable":true,"href":"https:\/\/www.subaru.es\/blog\/wp-json\/wp\/v2\/tags?post=356"}],"curies":[{"name":"wp","href":"https:\/\/api.w.org\/{rel}","templated":true}]}}